{"id":5144,"date":"2020-12-15T09:32:43","date_gmt":"2020-12-15T12:32:43","guid":{"rendered":"https:\/\/sitsesp.org.br\/novo\/?p=5144"},"modified":"2020-12-15T09:32:43","modified_gmt":"2020-12-15T12:32:43","slug":"greve-do-sistema-socioeducativo-completa-uma-semana-categoria-aguarda-proposta-da-fundacao","status":"publish","type":"post","link":"https:\/\/www.sitsesp.org.br\/novo\/greve-do-sistema-socioeducativo-completa-uma-semana-categoria-aguarda-proposta-da-fundacao\/","title":{"rendered":"GREVE DO SISTEMA SOCIOEDUCATIVO COMPLETA UMA SEMANA | CATEGORIA AGUARDA PROPOSTA DA FUNDA\u00c7\u00c3O"},"content":{"rendered":"<p><!-- VideographyWP Plugin Message: Automatic video embedding prevented by plugin options. --><br \/>\nH\u00e1 7 dias em greve o sistema socioeducativo mostra a sua for\u00e7a, mobilizando mais de 100 unidades da Funda\u00e7\u00e3o CASA no estado de S\u00e3o Paulo reivindicando medidas urgentes para conter a covid-19 nas frentes de trabalho e tamb\u00e9m por seguran\u00e7a para evitar que servidores e servidoras sejam v\u00edtimas de rebeli\u00f5es.<\/p>\n<p>A greve colocou em pauta a sa\u00fade e a seguran\u00e7a e tamb\u00e9m denunciou o descaso do governo estadual e da executiva da Funda\u00e7\u00e3o para com os servidores respons\u00e1veis pelas medidas socioeducativas, falta de concurso p\u00fablico, falta de reajuste salarial, falta de uma jornada de trabalho adequada, aumento abusivo do conv\u00eanio m\u00e9dico assim como m\u00e1s decis\u00f5es da Funda\u00e7\u00e3o CASA, que fechou centros, extinguiu o grupo de apoio e estimulou a volta do grupo de risco ao trabalho presencial em plena pandemia.<\/p>\n<p>A greve \u00e9 motivo de orgulho para toda a categoria e para a gest\u00e3o do SITSESP, Reconstru\u00e7\u00e3o e Luta. A greve do sistema socioeducativo ocupou as manchetes dos principais meios de comunica\u00e7\u00e3o do estado, contou com o apoio de diversos sindicatos, deputados estaduais e vereadores.<\/p>\n<p>A categoria aguarda propostas que a Funda\u00e7\u00e3o CASA apresentar\u00e1 na reuni\u00e3o de concilia\u00e7\u00e3o no TRT em 15 de dezembro \u00e0s 16h para que em assembleia virtual a ser realizada \u00e0s 20h do dia 15 a categoria decida os pr\u00f3ximos passos do movimento paredista.<\/p>\n","protected":false},"excerpt":{"rendered":"<p>H\u00e1 7 dias em greve o sistema socioeducativo mostra a sua for\u00e7a, mobilizando mais de 100 unidades da Funda\u00e7\u00e3o CASA no&hellip;<\/p>\n","protected":false},"author":5,"featured_media":5145,"comment_status":"open","ping_status":"open","sticky":false,"template":"","format":"standard","meta":{"cybocfi_hide_featured_image":"","footnotes":""},"categories":[27,22],"tags":[38,41,40,37,39],"yoast_head":"<!-- This site is optimized with the Yoast SEO plugin v22.8 - https:\/\/yoast.com\/wordpress\/plugins\/seo\/ -->\n<title>GREVE DO SISTEMA SOCIOEDUCATIVO COMPLETA UMA SEMANA | CATEGORIA AGUARDA PROPOSTA DA FUNDA\u00c7\u00c3O - SITSESP<\/title>\n<meta name=\"robots\" content=\"index, follow, max-snippet:-1, max-image-preview:large, max-video-preview:-1\" \/>\n<link rel=\"canonical\" href=\"https:\/\/www.sitsesp.org.br\/novo\/greve-do-sistema-socioeducativo-completa-uma-semana-categoria-aguarda-proposta-da-fundacao\/\" \/>\n<meta property=\"og:locale\" content=\"pt_BR\" \/>\n<meta property=\"og:type\" content=\"article\" \/>\n<meta property=\"og:title\" content=\"GREVE DO SISTEMA SOCIOEDUCATIVO COMPLETA UMA SEMANA | CATEGORIA AGUARDA PROPOSTA DA FUNDA\u00c7\u00c3O - SITSESP\" \/>\n<meta property=\"og:description\" content=\"H\u00e1 7 dias em greve o sistema socioeducativo mostra a sua for\u00e7a, mobilizando mais de 100 unidades da Funda\u00e7\u00e3o CASA no&hellip;\" \/>\n<meta property=\"og:url\" content=\"https:\/\/www.sitsesp.org.br\/novo\/greve-do-sistema-socioeducativo-completa-uma-semana-categoria-aguarda-proposta-da-fundacao\/\" \/>\n<meta property=\"og:site_name\" content=\"SITSESP\" \/>\n<meta property=\"article:published_time\" content=\"2020-12-15T12:32:43+00:00\" \/>\n<meta property=\"og:image\" content=\"https:\/\/www.sitsesp.org.br\/novo\/wp-content\/uploads\/2020\/12\/7-DIAS-EM-GREVE.jpg\" \/>\n\t<meta property=\"og:image:width\" content=\"800\" \/>\n\t<meta property=\"og:image:height\" content=\"800\" \/>\n\t<meta property=\"og:image:type\" content=\"image\/jpeg\" \/>\n<meta name=\"author\" content=\"imprensa\" \/>\n<meta name=\"twitter:card\" content=\"summary_large_image\" \/>\n<meta name=\"twitter:label1\" content=\"Escrito por\" \/>\n\t<meta name=\"twitter:data1\" content=\"imprensa\" \/>\n\t<meta name=\"twitter:label2\" content=\"Est. tempo de leitura\" \/>\n\t<meta name=\"twitter:data2\" content=\"1 minuto\" \/>\n<script type=\"application\/ld+json\" class=\"yoast-schema-graph\">{\"@context\":\"https:\/\/schema.org\",\"@graph\":[{\"@type\":\"Article\",\"@id\":\"https:\/\/www.sitsesp.org.br\/novo\/greve-do-sistema-socioeducativo-completa-uma-semana-categoria-aguarda-proposta-da-fundacao\/#article\",\"isPartOf\":{\"@id\":\"https:\/\/www.sitsesp.org.br\/novo\/greve-do-sistema-socioeducativo-completa-uma-semana-categoria-aguarda-proposta-da-fundacao\/\"},\"author\":{\"name\":\"imprensa\",\"@id\":\"https:\/\/www.sitsesp.org.br\/novo\/#\/schema\/person\/28e42eec160f373e81d0183b3643edbf\"},\"headline\":\"GREVE DO SISTEMA SOCIOEDUCATIVO COMPLETA UMA SEMANA | CATEGORIA AGUARDA PROPOSTA DA FUNDA\u00c7\u00c3O\",\"datePublished\":\"2020-12-15T12:32:43+00:00\",\"dateModified\":\"2020-12-15T12:32:43+00:00\",\"mainEntityOfPage\":{\"@id\":\"https:\/\/www.sitsesp.org.br\/novo\/greve-do-sistema-socioeducativo-completa-uma-semana-categoria-aguarda-proposta-da-fundacao\/\"},\"wordCount\":251,\"commentCount\":0,\"publisher\":{\"@id\":\"https:\/\/www.sitsesp.org.br\/novo\/#organization\"},\"image\":{\"@id\":\"https:\/\/www.sitsesp.org.br\/novo\/greve-do-sistema-socioeducativo-completa-uma-semana-categoria-aguarda-proposta-da-fundacao\/#primaryimage\"},\"thumbnailUrl\":\"https:\/\/www.sitsesp.org.br\/novo\/wp-content\/uploads\/2020\/12\/7-DIAS-EM-GREVE.jpg\",\"keywords\":[\"Funda\u00e7\u00e3o CASA\",\"GREVE\",\"SINDICATO\",\"SITSESP\",\"SOCIOEDUCA\u00c7\u00c3O\"],\"articleSection\":[\"Destaque\",\"Noticias\"],\"inLanguage\":\"pt-BR\",\"potentialAction\":[{\"@type\":\"CommentAction\",\"name\":\"Comment\",\"target\":[\"https:\/\/www.sitsesp.org.br\/novo\/greve-do-sistema-socioeducativo-completa-uma-semana-categoria-aguarda-proposta-da-fundacao\/#respond\"]}]},{\"@type\":\"WebPage\",\"@id\":\"https:\/\/www.sitsesp.org.br\/novo\/greve-do-sistema-socioeducativo-completa-uma-semana-categoria-aguarda-proposta-da-fundacao\/\",\"url\":\"https:\/\/www.sitsesp.org.br\/novo\/greve-do-sistema-socioeducativo-completa-uma-semana-categoria-aguarda-proposta-da-fundacao\/\",\"name\":\"GREVE DO SISTEMA SOCIOEDUCATIVO COMPLETA UMA SEMANA | CATEGORIA AGUARDA PROPOSTA DA FUNDA\u00c7\u00c3O - SITSESP\",\"isPartOf\":{\"@id\":\"https:\/\/www.sitsesp.org.br\/novo\/#website\"},\"primaryImageOfPage\":{\"@id\":\"https:\/\/www.sitsesp.org.br\/novo\/greve-do-sistema-socioeducativo-completa-uma-semana-categoria-aguarda-proposta-da-fundacao\/#primaryimage\"},\"image\":{\"@id\":\"https:\/\/www.sitsesp.org.br\/novo\/greve-do-sistema-socioeducativo-completa-uma-semana-categoria-aguarda-proposta-da-fundacao\/#primaryimage\"},\"thumbnailUrl\":\"https:\/\/www.sitsesp.org.br\/novo\/wp-content\/uploads\/2020\/12\/7-DIAS-EM-GREVE.jpg\",\"datePublished\":\"2020-12-15T12:32:43+00:00\",\"dateModified\":\"2020-12-15T12:32:43+00:00\",\"breadcrumb\":{\"@id\":\"https:\/\/www.sitsesp.org.br\/novo\/greve-do-sistema-socioeducativo-completa-uma-semana-categoria-aguarda-proposta-da-fundacao\/#breadcrumb\"},\"inLanguage\":\"pt-BR\",\"potentialAction\":[{\"@type\":\"ReadAction\",\"target\":[\"https:\/\/www.sitsesp.org.br\/novo\/greve-do-sistema-socioeducativo-completa-uma-semana-categoria-aguarda-proposta-da-fundacao\/\"]}]},{\"@type\":\"ImageObject\",\"inLanguage\":\"pt-BR\",\"@id\":\"https:\/\/www.sitsesp.org.br\/novo\/greve-do-sistema-socioeducativo-completa-uma-semana-categoria-aguarda-proposta-da-fundacao\/#primaryimage\",\"url\":\"https:\/\/www.sitsesp.org.br\/novo\/wp-content\/uploads\/2020\/12\/7-DIAS-EM-GREVE.jpg\",\"contentUrl\":\"https:\/\/www.sitsesp.org.br\/novo\/wp-content\/uploads\/2020\/12\/7-DIAS-EM-GREVE.jpg\",\"width\":800,\"height\":800},{\"@type\":\"BreadcrumbList\",\"@id\":\"https:\/\/www.sitsesp.org.br\/novo\/greve-do-sistema-socioeducativo-completa-uma-semana-categoria-aguarda-proposta-da-fundacao\/#breadcrumb\",\"itemListElement\":[{\"@type\":\"ListItem\",\"position\":1,\"name\":\"In\u00edcio\",\"item\":\"https:\/\/www.sitsesp.org.br\/novo\/\"},{\"@type\":\"ListItem\",\"position\":2,\"name\":\"GREVE DO SISTEMA SOCIOEDUCATIVO COMPLETA UMA SEMANA | CATEGORIA AGUARDA PROPOSTA DA FUNDA\u00c7\u00c3O\"}]},{\"@type\":\"WebSite\",\"@id\":\"https:\/\/www.sitsesp.org.br\/novo\/#website\",\"url\":\"https:\/\/www.sitsesp.org.br\/novo\/\",\"name\":\"Sitsesp\",\"description\":\"SIndicato da Socioeduca\u00e7\u00e3o do Estado de S\u00e3o Paulo\",\"publisher\":{\"@id\":\"https:\/\/www.sitsesp.org.br\/novo\/#organization\"},\"potentialAction\":[{\"@type\":\"SearchAction\",\"target\":{\"@type\":\"EntryPoint\",\"urlTemplate\":\"https:\/\/www.sitsesp.org.br\/novo\/?s={search_term_string}\"},\"query-input\":\"required name=search_term_string\"}],\"inLanguage\":\"pt-BR\"},{\"@type\":\"Organization\",\"@id\":\"https:\/\/www.sitsesp.org.br\/novo\/#organization\",\"name\":\"Sitsesp\",\"url\":\"https:\/\/www.sitsesp.org.br\/novo\/\",\"logo\":{\"@type\":\"ImageObject\",\"inLanguage\":\"pt-BR\",\"@id\":\"https:\/\/www.sitsesp.org.br\/novo\/#\/schema\/logo\/image\/\",\"url\":\"https:\/\/www.sitsesp.org.br\/novo\/wp-content\/uploads\/2020\/09\/Design-sem-nome-1.jpg\",\"contentUrl\":\"https:\/\/www.sitsesp.org.br\/novo\/wp-content\/uploads\/2020\/09\/Design-sem-nome-1.jpg\",\"width\":300,\"height\":300,\"caption\":\"Sitsesp\"},\"image\":{\"@id\":\"https:\/\/www.sitsesp.org.br\/novo\/#\/schema\/logo\/image\/\"}},{\"@type\":\"Person\",\"@id\":\"https:\/\/www.sitsesp.org.br\/novo\/#\/schema\/person\/28e42eec160f373e81d0183b3643edbf\",\"name\":\"imprensa\",\"image\":{\"@type\":\"ImageObject\",\"inLanguage\":\"pt-BR\",\"@id\":\"https:\/\/www.sitsesp.org.br\/novo\/#\/schema\/person\/image\/\",\"url\":\"https:\/\/secure.gravatar.com\/avatar\/8d6ccd8d7d52b8959f34154e87d3fa29?s=96&d=mm&r=g\",\"contentUrl\":\"https:\/\/secure.gravatar.com\/avatar\/8d6ccd8d7d52b8959f34154e87d3fa29?s=96&d=mm&r=g\",\"caption\":\"imprensa\"}}]}<\/script>\n<!-- \/ Yoast SEO plugin. -->","yoast_head_json":{"title":"GREVE DO SISTEMA SOCIOEDUCATIVO COMPLETA UMA SEMANA | CATEGORIA AGUARDA PROPOSTA DA FUNDA\u00c7\u00c3O - SITSESP","robots":{"index":"index","follow":"follow","max-snippet":"max-snippet:-1","max-image-preview":"max-image-preview:large","max-video-preview":"max-video-preview:-1"},"canonical":"https:\/\/www.sitsesp.org.br\/novo\/greve-do-sistema-socioeducativo-completa-uma-semana-categoria-aguarda-proposta-da-fundacao\/","og_locale":"pt_BR","og_type":"article","og_title":"GREVE DO SISTEMA SOCIOEDUCATIVO COMPLETA UMA SEMANA | CATEGORIA AGUARDA PROPOSTA DA FUNDA\u00c7\u00c3O - SITSESP","og_description":"H\u00e1 7 dias em greve o sistema socioeducativo mostra a sua for\u00e7a, mobilizando mais de 100 unidades da Funda\u00e7\u00e3o CASA no&hellip;","og_url":"https:\/\/www.sitsesp.org.br\/novo\/greve-do-sistema-socioeducativo-completa-uma-semana-categoria-aguarda-proposta-da-fundacao\/","og_site_name":"SITSESP","article_published_time":"2020-12-15T12:32:43+00:00","og_image":[{"width":800,"height":800,"url":"https:\/\/www.sitsesp.org.br\/novo\/wp-content\/uploads\/2020\/12\/7-DIAS-EM-GREVE.jpg","type":"image\/jpeg"}],"author":"imprensa","twitter_card":"summary_large_image","twitter_misc":{"Escrito por":"imprensa","Est. tempo de leitura":"1 minuto"},"schema":{"@context":"https:\/\/schema.org","@graph":[{"@type":"Article","@id":"https:\/\/www.sitsesp.org.br\/novo\/greve-do-sistema-socioeducativo-completa-uma-semana-categoria-aguarda-proposta-da-fundacao\/#article","isPartOf":{"@id":"https:\/\/www.sitsesp.org.br\/novo\/greve-do-sistema-socioeducativo-completa-uma-semana-categoria-aguarda-proposta-da-fundacao\/"},"author":{"name":"imprensa","@id":"https:\/\/www.sitsesp.org.br\/novo\/#\/schema\/person\/28e42eec160f373e81d0183b3643edbf"},"headline":"GREVE DO SISTEMA SOCIOEDUCATIVO COMPLETA UMA SEMANA | CATEGORIA AGUARDA PROPOSTA DA FUNDA\u00c7\u00c3O","datePublished":"2020-12-15T12:32:43+00:00","dateModified":"2020-12-15T12:32:43+00:00","mainEntityOfPage":{"@id":"https:\/\/www.sitsesp.org.br\/novo\/greve-do-sistema-socioeducativo-completa-uma-semana-categoria-aguarda-proposta-da-fundacao\/"},"wordCount":251,"commentCount":0,"publisher":{"@id":"https:\/\/www.sitsesp.org.br\/novo\/#organization"},"image":{"@id":"https:\/\/www.sitsesp.org.br\/novo\/greve-do-sistema-socioeducativo-completa-uma-semana-categoria-aguarda-proposta-da-fundacao\/#primaryimage"},"thumbnailUrl":"https:\/\/www.sitsesp.org.br\/novo\/wp-content\/uploads\/2020\/12\/7-DIAS-EM-GREVE.jpg","keywords":["Funda\u00e7\u00e3o CASA","GREVE","SINDICATO","SITSESP","SOCIOEDUCA\u00c7\u00c3O"],"articleSection":["Destaque","Noticias"],"inLanguage":"pt-BR","potentialAction":[{"@type":"CommentAction","name":"Comment","target":["https:\/\/www.sitsesp.org.br\/novo\/greve-do-sistema-socioeducativo-completa-uma-semana-categoria-aguarda-proposta-da-fundacao\/#respond"]}]},{"@type":"WebPage","@id":"https:\/\/www.sitsesp.org.br\/novo\/greve-do-sistema-socioeducativo-completa-uma-semana-categoria-aguarda-proposta-da-fundacao\/","url":"https:\/\/www.sitsesp.org.br\/novo\/greve-do-sistema-socioeducativo-completa-uma-semana-categoria-aguarda-proposta-da-fundacao\/","name":"GREVE DO SISTEMA SOCIOEDUCATIVO COMPLETA UMA SEMANA | CATEGORIA AGUARDA PROPOSTA DA FUNDA\u00c7\u00c3O - SITSESP","isPartOf":{"@id":"https:\/\/www.sitsesp.org.br\/novo\/#website"},"primaryImageOfPage":{"@id":"https:\/\/www.sitsesp.org.br\/novo\/greve-do-sistema-socioeducativo-completa-uma-semana-categoria-aguarda-proposta-da-fundacao\/#primaryimage"},"image":{"@id":"https:\/\/www.sitsesp.org.br\/novo\/greve-do-sistema-socioeducativo-completa-uma-semana-categoria-aguarda-proposta-da-fundacao\/#primaryimage"},"thumbnailUrl":"https:\/\/www.sitsesp.org.br\/novo\/wp-content\/uploads\/2020\/12\/7-DIAS-EM-GREVE.jpg","datePublished":"2020-12-15T12:32:43+00:00","dateModified":"2020-12-15T12:32:43+00:00","breadcrumb":{"@id":"https:\/\/www.sitsesp.org.br\/novo\/greve-do-sistema-socioeducativo-completa-uma-semana-categoria-aguarda-proposta-da-fundacao\/#breadcrumb"},"inLanguage":"pt-BR","potentialAction":[{"@type":"ReadAction","target":["https:\/\/www.sitsesp.org.br\/novo\/greve-do-sistema-socioeducativo-completa-uma-semana-categoria-aguarda-proposta-da-fundacao\/"]}]},{"@type":"ImageObject","inLanguage":"pt-BR","@id":"https:\/\/www.sitsesp.org.br\/novo\/greve-do-sistema-socioeducativo-completa-uma-semana-categoria-aguarda-proposta-da-fundacao\/#primaryimage","url":"https:\/\/www.sitsesp.org.br\/novo\/wp-content\/uploads\/2020\/12\/7-DIAS-EM-GREVE.jpg","contentUrl":"https:\/\/www.sitsesp.org.br\/novo\/wp-content\/uploads\/2020\/12\/7-DIAS-EM-GREVE.jpg","width":800,"height":800},{"@type":"BreadcrumbList","@id":"https:\/\/www.sitsesp.org.br\/novo\/greve-do-sistema-socioeducativo-completa-uma-semana-categoria-aguarda-proposta-da-fundacao\/#breadcrumb","itemListElement":[{"@type":"ListItem","position":1,"name":"In\u00edcio","item":"https:\/\/www.sitsesp.org.br\/novo\/"},{"@type":"ListItem","position":2,"name":"GREVE DO SISTEMA SOCIOEDUCATIVO COMPLETA UMA SEMANA | CATEGORIA AGUARDA PROPOSTA DA FUNDA\u00c7\u00c3O"}]},{"@type":"WebSite","@id":"https:\/\/www.sitsesp.org.br\/novo\/#website","url":"https:\/\/www.sitsesp.org.br\/novo\/","name":"Sitsesp","description":"SIndicato da Socioeduca\u00e7\u00e3o do Estado de S\u00e3o Paulo","publisher":{"@id":"https:\/\/www.sitsesp.org.br\/novo\/#organization"},"potentialAction":[{"@type":"SearchAction","target":{"@type":"EntryPoint","urlTemplate":"https:\/\/www.sitsesp.org.br\/novo\/?s={search_term_string}"},"query-input":"required name=search_term_string"}],"inLanguage":"pt-BR"},{"@type":"Organization","@id":"https:\/\/www.sitsesp.org.br\/novo\/#organization","name":"Sitsesp","url":"https:\/\/www.sitsesp.org.br\/novo\/","logo":{"@type":"ImageObject","inLanguage":"pt-BR","@id":"https:\/\/www.sitsesp.org.br\/novo\/#\/schema\/logo\/image\/","url":"https:\/\/www.sitsesp.org.br\/novo\/wp-content\/uploads\/2020\/09\/Design-sem-nome-1.jpg","contentUrl":"https:\/\/www.sitsesp.org.br\/novo\/wp-content\/uploads\/2020\/09\/Design-sem-nome-1.jpg","width":300,"height":300,"caption":"Sitsesp"},"image":{"@id":"https:\/\/www.sitsesp.org.br\/novo\/#\/schema\/logo\/image\/"}},{"@type":"Person","@id":"https:\/\/www.sitsesp.org.br\/novo\/#\/schema\/person\/28e42eec160f373e81d0183b3643edbf","name":"imprensa","image":{"@type":"ImageObject","inLanguage":"pt-BR","@id":"https:\/\/www.sitsesp.org.br\/novo\/#\/schema\/person\/image\/","url":"https:\/\/secure.gravatar.com\/avatar\/8d6ccd8d7d52b8959f34154e87d3fa29?s=96&d=mm&r=g","contentUrl":"https:\/\/secure.gravatar.com\/avatar\/8d6ccd8d7d52b8959f34154e87d3fa29?s=96&d=mm&r=g","caption":"imprensa"}}]}},"_links":{"self":[{"href":"https:\/\/www.sitsesp.org.br\/novo\/wp-json\/wp\/v2\/posts\/5144"}],"collection":[{"href":"https:\/\/www.sitsesp.org.br\/novo\/wp-json\/wp\/v2\/posts"}],"about":[{"href":"https:\/\/www.sitsesp.org.br\/novo\/wp-json\/wp\/v2\/types\/post"}],"author":[{"embeddable":true,"href":"https:\/\/www.sitsesp.org.br\/novo\/wp-json\/wp\/v2\/users\/5"}],"replies":[{"embeddable":true,"href":"https:\/\/www.sitsesp.org.br\/novo\/wp-json\/wp\/v2\/comments?post=5144"}],"version-history":[{"count":1,"href":"https:\/\/www.sitsesp.org.br\/novo\/wp-json\/wp\/v2\/posts\/5144\/revisions"}],"predecessor-version":[{"id":5146,"href":"https:\/\/www.sitsesp.org.br\/novo\/wp-json\/wp\/v2\/posts\/5144\/revisions\/5146"}],"wp:featuredmedia":[{"embeddable":true,"href":"https:\/\/www.sitsesp.org.br\/novo\/wp-json\/wp\/v2\/media\/5145"}],"wp:attachment":[{"href":"https:\/\/www.sitsesp.org.br\/novo\/wp-json\/wp\/v2\/media?parent=5144"}],"wp:term":[{"taxonomy":"category","embeddable":true,"href":"https:\/\/www.sitsesp.org.br\/novo\/wp-json\/wp\/v2\/categories?post=5144"},{"taxonomy":"post_tag","embeddable":true,"href":"https:\/\/www.sitsesp.org.br\/novo\/wp-json\/wp\/v2\/tags?post=5144"}],"curies":[{"name":"wp","href":"https:\/\/api.w.org\/{rel}","templated":true}]}}