{"id":5173,"date":"2020-12-18T13:54:12","date_gmt":"2020-12-18T16:54:12","guid":{"rendered":"https:\/\/sitsesp.org.br\/novo\/?p=5173"},"modified":"2020-12-18T14:52:06","modified_gmt":"2020-12-18T17:52:06","slug":"greve-do-sistema-socioeducativo-recebe-relatoria-favoravel-do-mpt","status":"publish","type":"post","link":"https:\/\/www.sitsesp.org.br\/novo\/greve-do-sistema-socioeducativo-recebe-relatoria-favoravel-do-mpt\/","title":{"rendered":"GREVE DO SISTEMA SOCIOEDUCATIVO RECEBE RELATORIA FAVOR\u00c1VEL\u00a0DO MPT"},"content":{"rendered":"<p><!-- VideographyWP Plugin Message: Automatic video embedding prevented by plugin options. --><br \/>\nEm 17 de dezembro de 2020 os procuradores TATIANA LIMA CAMPELO e ROBERTO RANGEL MARCONDES emitiram parecer favor\u00e1vel\u00a0 sobre o movimento grevista.<\/p>\n<p>A relatoria deu parecer favor\u00e1vel ao movimento grevista, considerando-o legal, tendo sua legitimidade fundamentada na intransig\u00eancia da Funda\u00e7\u00e3o CASA em negociar.\u00a0\u00a0Citamos, <em>&#8220;Considerando, ainda, que a greve somente foi deflagrada ap\u00f3s meses de negocia\u00e7\u00e3o, sem que a FUNDA\u00c7\u00c3O CASA tenha demonstrado qualquer disponibilidade para atendimento dos pleitos econ\u00f4micos dos empregados. Dessa forma, entende-se que n\u00e3o h\u00e1 porque penalizar os trabalhadores com o desconto dos dias parados, ou determinar a sua compensa\u00e7\u00e3o, com impactos na sa\u00fade f\u00edsica e mental dos empregados.&#8221;<\/em> Em outra passagem da relatoria podemos ler, <em>&#8220;Diante dos fatos ocorridos, \u00e9 ineg\u00e1vel que a categoria conta com substrato material suficiente para a deflagra\u00e7\u00e3o da greve. Pretender que os empregados se calem diante desse grave quadro e permane\u00e7am trabalhando, como se nada de errado houvesse, beira ao irreal&#8221;<\/em>.<\/p>\n<p>Os procuradores tamb\u00e9m esclarecem sobre a crise sanit\u00e1ria e as justas demandas da categoria, &#8220;conv\u00e9m mencionar que j\u00e1 foram instaurados diversos inqu\u00e9ritos civis em face do suscitante, que objetivam verificar o cumprimento das normas de<br \/>\nsa\u00fade e seguran\u00e7a durante a pandemia. Neste momento, o Minist\u00e9rio P\u00fablico do Trabalho junta aos autos Parecer T\u00e9cnico emitido por perito da Procuradoria Regional do Trabalho da 2\u00aa Regi\u00e3o, no qual se confirma que ainda n\u00e3o houve atendimento integral \u00e0s normas sanit\u00e1rias e que, agravada pelo afastamento dos trabalhadores do grupo de risco e dos trabalhadores em afastamento de sa\u00fade, aumenta a sobrecarga de trabalho dos empregados em atividade.&#8221;<\/p>\n<p>O Minist\u00e9rio P\u00fablico do Trabalho conclui &#8220;<em>pela proced\u00eancia das reivindica\u00e7\u00f5es formuladas, com a declara\u00e7\u00e3o de n\u00e3o abusividade da greve, pagamento dos dias parados, cumprimento das demais obriga\u00e7\u00f5es trabalhistas, acrescidas de juros e corre\u00e7\u00e3o monet\u00e1ria, bem como concess\u00e3o de estabilidade de 90 dias aos empregados, nos termos do Precedente Normativo 36 desse E. Tribunal, e manuten\u00e7\u00e3o de todas as cl\u00e1usulas sociais existentes no instrumento coletivo anterior e atualiza\u00e7\u00e3o monet\u00e1ria das cl\u00e1usulas econ\u00f4micas.<\/em>&#8221;<\/p>\n<p><strong>ATEN\u00c7\u00c3O CATEGORIA <\/strong><\/p>\n<p>J\u00e1 temos parecer favor\u00e1vel do Minist\u00e9rio P\u00fablico dizendo que a greve n\u00e3o \u00e9 abusiva e que n\u00e3o haver\u00e1 descontos dos dias parados. A greve segue com for\u00e7a, determina\u00e7\u00e3o e responsabilidade at\u00e9 segunda-feira, 21 de dezembro, quando ser\u00e1 julgado o diss\u00eddio coletivo \u00e0s 13h em reuni\u00e3o no Tribunal Regional do Trabalho 2\u00aa Regi\u00e3o.<\/p>\n<p>Em breve ser\u00e1 disponibilizado o link de inscri\u00e7\u00e3o para participa\u00e7\u00e3o na assembleia do sistema socioeducativo em 21 dezembro \u00e0s 20h.<br \/>\nNa assembleia geral do sistema socioeducativo ser\u00e1 exposto o resultado do julgamento e a categoria ir\u00e1 deliberar os rumos da greve.<\/p>\n<div id=\"penci-post-gallery__6675\" class=\"penci-post-gallery-container justified column-2\" data-height=\"150\" data-margin=\"3\"><a class=\"item-gallery-justified\" href=\"https:\/\/www.sitsesp.org.br\/novo\/wp-content\/uploads\/2020\/12\/GREVEHISTORICAb.jpg\" data-cap=\"GREVE HIST\u00d3RICA\"><img decoding=\"async\" src=\"https:\/\/www.sitsesp.org.br\/novo\/wp-content\/uploads\/2020\/12\/GREVEHISTORICAb-585x585.jpg\" alt=\"\" title=\"GREVE HIST\u00d3RICA\"><div class=\"caption\">GREVE HIST\u00d3RICA<\/div><\/a><a class=\"item-gallery-justified\" href=\"https:\/\/www.sitsesp.org.br\/novo\/wp-content\/uploads\/2020\/12\/filiese.jpg\" data-cap=\"SISTEMA SOCIOEDUCATIVO DE SP\nFILIE-SE\nFORTALE\u00c7A O SINDICATO DE LUTA!\"><img decoding=\"async\" src=\"https:\/\/www.sitsesp.org.br\/novo\/wp-content\/uploads\/2020\/12\/filiese-585x585.jpg\" alt=\"\" title=\"FILIE-SE\"><div class=\"caption\">SISTEMA SOCIOEDUCATIVO DE SP\nFILIE-SE\nFORTALE\u00c7A O SINDICATO DE LUTA!<\/div><\/a><\/div>\n<p><strong>Confira a relatoria do Diss\u00eddio Coletivo<\/strong><\/p>\n<a href=\"https:\/\/sitsesp.org.br\/novo\/wp-content\/uploads\/2020\/12\/1006166-54.2020.5.02.0000-PArecer-MPT-e-Despacho.pdf\" class=\"pdfemb-viewer\" style=\"\" data-width=\"max\" data-height=\"max\" data-toolbar=\"bottom\" data-toolbar-fixed=\"off\">1006166-54.2020.5.02.0000 PArecer MPT e Despacho<\/a>\n","protected":false},"excerpt":{"rendered":"<p>Em 17 de dezembro de 2020 os procuradores TATIANA LIMA CAMPELO e ROBERTO RANGEL MARCONDES emitiram parecer favor\u00e1vel\u00a0 sobre o movimento&hellip;<\/p>\n","protected":false},"author":5,"featured_media":5179,"comment_status":"open","ping_status":"open","sticky":false,"template":"","format":"standard","meta":{"cybocfi_hide_featured_image":"","footnotes":""},"categories":[28,22],"tags":[38,41,40,37,39],"yoast_head":"<!-- This site is optimized with the Yoast SEO plugin v22.8 - https:\/\/yoast.com\/wordpress\/plugins\/seo\/ -->\n<title>GREVE DO SISTEMA SOCIOEDUCATIVO RECEBE RELATORIA FAVOR\u00c1VEL\u00a0DO MPT - SITSESP<\/title>\n<meta name=\"robots\" content=\"index, follow, max-snippet:-1, max-image-preview:large, max-video-preview:-1\" \/>\n<link rel=\"canonical\" href=\"https:\/\/www.sitsesp.org.br\/novo\/greve-do-sistema-socioeducativo-recebe-relatoria-favoravel-do-mpt\/\" \/>\n<meta property=\"og:locale\" content=\"pt_BR\" \/>\n<meta property=\"og:type\" content=\"article\" \/>\n<meta property=\"og:title\" content=\"GREVE DO SISTEMA SOCIOEDUCATIVO RECEBE RELATORIA FAVOR\u00c1VEL\u00a0DO MPT - SITSESP\" \/>\n<meta property=\"og:description\" content=\"Em 17 de dezembro de 2020 os procuradores TATIANA LIMA CAMPELO e ROBERTO RANGEL MARCONDES emitiram parecer favor\u00e1vel\u00a0 sobre o movimento&hellip;\" \/>\n<meta property=\"og:url\" content=\"https:\/\/www.sitsesp.org.br\/novo\/greve-do-sistema-socioeducativo-recebe-relatoria-favoravel-do-mpt\/\" \/>\n<meta property=\"og:site_name\" content=\"SITSESP\" \/>\n<meta property=\"article:published_time\" content=\"2020-12-18T16:54:12+00:00\" \/>\n<meta property=\"article:modified_time\" content=\"2020-12-18T17:52:06+00:00\" \/>\n<meta property=\"og:image\" content=\"https:\/\/www.sitsesp.org.br\/novo\/wp-content\/uploads\/2020\/12\/atencao-1.png\" \/>\n\t<meta property=\"og:image:width\" content=\"566\" \/>\n\t<meta property=\"og:image:height\" content=\"800\" \/>\n\t<meta property=\"og:image:type\" content=\"image\/png\" \/>\n<meta name=\"author\" content=\"imprensa\" \/>\n<meta name=\"twitter:card\" content=\"summary_large_image\" \/>\n<meta name=\"twitter:label1\" content=\"Escrito por\" \/>\n\t<meta name=\"twitter:data1\" content=\"imprensa\" \/>\n\t<meta name=\"twitter:label2\" content=\"Est. tempo de leitura\" \/>\n\t<meta name=\"twitter:data2\" content=\"2 minutos\" \/>\n<script type=\"application\/ld+json\" class=\"yoast-schema-graph\">{\"@context\":\"https:\/\/schema.org\",\"@graph\":[{\"@type\":\"Article\",\"@id\":\"https:\/\/www.sitsesp.org.br\/novo\/greve-do-sistema-socioeducativo-recebe-relatoria-favoravel-do-mpt\/#article\",\"isPartOf\":{\"@id\":\"https:\/\/www.sitsesp.org.br\/novo\/greve-do-sistema-socioeducativo-recebe-relatoria-favoravel-do-mpt\/\"},\"author\":{\"name\":\"imprensa\",\"@id\":\"https:\/\/www.sitsesp.org.br\/novo\/#\/schema\/person\/28e42eec160f373e81d0183b3643edbf\"},\"headline\":\"GREVE DO SISTEMA SOCIOEDUCATIVO RECEBE RELATORIA FAVOR\u00c1VEL\u00a0DO MPT\",\"datePublished\":\"2020-12-18T16:54:12+00:00\",\"dateModified\":\"2020-12-18T17:52:06+00:00\",\"mainEntityOfPage\":{\"@id\":\"https:\/\/www.sitsesp.org.br\/novo\/greve-do-sistema-socioeducativo-recebe-relatoria-favoravel-do-mpt\/\"},\"wordCount\":507,\"commentCount\":0,\"publisher\":{\"@id\":\"https:\/\/www.sitsesp.org.br\/novo\/#organization\"},\"image\":{\"@id\":\"https:\/\/www.sitsesp.org.br\/novo\/greve-do-sistema-socioeducativo-recebe-relatoria-favoravel-do-mpt\/#primaryimage\"},\"thumbnailUrl\":\"https:\/\/www.sitsesp.org.br\/novo\/wp-content\/uploads\/2020\/12\/atencao-1.png\",\"keywords\":[\"Funda\u00e7\u00e3o CASA\",\"GREVE\",\"SINDICATO\",\"SITSESP\",\"SOCIOEDUCA\u00c7\u00c3O\"],\"articleSection\":[\"Destaque Lateral\",\"Noticias\"],\"inLanguage\":\"pt-BR\",\"potentialAction\":[{\"@type\":\"CommentAction\",\"name\":\"Comment\",\"target\":[\"https:\/\/www.sitsesp.org.br\/novo\/greve-do-sistema-socioeducativo-recebe-relatoria-favoravel-do-mpt\/#respond\"]}]},{\"@type\":\"WebPage\",\"@id\":\"https:\/\/www.sitsesp.org.br\/novo\/greve-do-sistema-socioeducativo-recebe-relatoria-favoravel-do-mpt\/\",\"url\":\"https:\/\/www.sitsesp.org.br\/novo\/greve-do-sistema-socioeducativo-recebe-relatoria-favoravel-do-mpt\/\",\"name\":\"GREVE DO SISTEMA SOCIOEDUCATIVO RECEBE RELATORIA FAVOR\u00c1VEL\u00a0DO MPT - SITSESP\",\"isPartOf\":{\"@id\":\"https:\/\/www.sitsesp.org.br\/novo\/#website\"},\"primaryImageOfPage\":{\"@id\":\"https:\/\/www.sitsesp.org.br\/novo\/greve-do-sistema-socioeducativo-recebe-relatoria-favoravel-do-mpt\/#primaryimage\"},\"image\":{\"@id\":\"https:\/\/www.sitsesp.org.br\/novo\/greve-do-sistema-socioeducativo-recebe-relatoria-favoravel-do-mpt\/#primaryimage\"},\"thumbnailUrl\":\"https:\/\/www.sitsesp.org.br\/novo\/wp-content\/uploads\/2020\/12\/atencao-1.png\",\"datePublished\":\"2020-12-18T16:54:12+00:00\",\"dateModified\":\"2020-12-18T17:52:06+00:00\",\"breadcrumb\":{\"@id\":\"https:\/\/www.sitsesp.org.br\/novo\/greve-do-sistema-socioeducativo-recebe-relatoria-favoravel-do-mpt\/#breadcrumb\"},\"inLanguage\":\"pt-BR\",\"potentialAction\":[{\"@type\":\"ReadAction\",\"target\":[\"https:\/\/www.sitsesp.org.br\/novo\/greve-do-sistema-socioeducativo-recebe-relatoria-favoravel-do-mpt\/\"]}]},{\"@type\":\"ImageObject\",\"inLanguage\":\"pt-BR\",\"@id\":\"https:\/\/www.sitsesp.org.br\/novo\/greve-do-sistema-socioeducativo-recebe-relatoria-favoravel-do-mpt\/#primaryimage\",\"url\":\"https:\/\/www.sitsesp.org.br\/novo\/wp-content\/uploads\/2020\/12\/atencao-1.png\",\"contentUrl\":\"https:\/\/www.sitsesp.org.br\/novo\/wp-content\/uploads\/2020\/12\/atencao-1.png\",\"width\":566,\"height\":800},{\"@type\":\"BreadcrumbList\",\"@id\":\"https:\/\/www.sitsesp.org.br\/novo\/greve-do-sistema-socioeducativo-recebe-relatoria-favoravel-do-mpt\/#breadcrumb\",\"itemListElement\":[{\"@type\":\"ListItem\",\"position\":1,\"name\":\"In\u00edcio\",\"item\":\"https:\/\/www.sitsesp.org.br\/novo\/\"},{\"@type\":\"ListItem\",\"position\":2,\"name\":\"GREVE DO SISTEMA SOCIOEDUCATIVO RECEBE RELATORIA FAVOR\u00c1VEL\u00a0DO MPT\"}]},{\"@type\":\"WebSite\",\"@id\":\"https:\/\/www.sitsesp.org.br\/novo\/#website\",\"url\":\"https:\/\/www.sitsesp.org.br\/novo\/\",\"name\":\"Sitsesp\",\"description\":\"SIndicato da Socioeduca\u00e7\u00e3o do Estado de S\u00e3o Paulo\",\"publisher\":{\"@id\":\"https:\/\/www.sitsesp.org.br\/novo\/#organization\"},\"potentialAction\":[{\"@type\":\"SearchAction\",\"target\":{\"@type\":\"EntryPoint\",\"urlTemplate\":\"https:\/\/www.sitsesp.org.br\/novo\/?s={search_term_string}\"},\"query-input\":\"required name=search_term_string\"}],\"inLanguage\":\"pt-BR\"},{\"@type\":\"Organization\",\"@id\":\"https:\/\/www.sitsesp.org.br\/novo\/#organization\",\"name\":\"Sitsesp\",\"url\":\"https:\/\/www.sitsesp.org.br\/novo\/\",\"logo\":{\"@type\":\"ImageObject\",\"inLanguage\":\"pt-BR\",\"@id\":\"https:\/\/www.sitsesp.org.br\/novo\/#\/schema\/logo\/image\/\",\"url\":\"https:\/\/www.sitsesp.org.br\/novo\/wp-content\/uploads\/2020\/09\/Design-sem-nome-1.jpg\",\"contentUrl\":\"https:\/\/www.sitsesp.org.br\/novo\/wp-content\/uploads\/2020\/09\/Design-sem-nome-1.jpg\",\"width\":300,\"height\":300,\"caption\":\"Sitsesp\"},\"image\":{\"@id\":\"https:\/\/www.sitsesp.org.br\/novo\/#\/schema\/logo\/image\/\"}},{\"@type\":\"Person\",\"@id\":\"https:\/\/www.sitsesp.org.br\/novo\/#\/schema\/person\/28e42eec160f373e81d0183b3643edbf\",\"name\":\"imprensa\",\"image\":{\"@type\":\"ImageObject\",\"inLanguage\":\"pt-BR\",\"@id\":\"https:\/\/www.sitsesp.org.br\/novo\/#\/schema\/person\/image\/\",\"url\":\"https:\/\/secure.gravatar.com\/avatar\/8d6ccd8d7d52b8959f34154e87d3fa29?s=96&d=mm&r=g\",\"contentUrl\":\"https:\/\/secure.gravatar.com\/avatar\/8d6ccd8d7d52b8959f34154e87d3fa29?s=96&d=mm&r=g\",\"caption\":\"imprensa\"}}]}<\/script>\n<!-- \/ Yoast SEO plugin. -->","yoast_head_json":{"title":"GREVE DO SISTEMA SOCIOEDUCATIVO RECEBE RELATORIA FAVOR\u00c1VEL\u00a0DO MPT - SITSESP","robots":{"index":"index","follow":"follow","max-snippet":"max-snippet:-1","max-image-preview":"max-image-preview:large","max-video-preview":"max-video-preview:-1"},"canonical":"https:\/\/www.sitsesp.org.br\/novo\/greve-do-sistema-socioeducativo-recebe-relatoria-favoravel-do-mpt\/","og_locale":"pt_BR","og_type":"article","og_title":"GREVE DO SISTEMA SOCIOEDUCATIVO RECEBE RELATORIA FAVOR\u00c1VEL\u00a0DO MPT - SITSESP","og_description":"Em 17 de dezembro de 2020 os procuradores TATIANA LIMA CAMPELO e ROBERTO RANGEL MARCONDES emitiram parecer favor\u00e1vel\u00a0 sobre o movimento&hellip;","og_url":"https:\/\/www.sitsesp.org.br\/novo\/greve-do-sistema-socioeducativo-recebe-relatoria-favoravel-do-mpt\/","og_site_name":"SITSESP","article_published_time":"2020-12-18T16:54:12+00:00","article_modified_time":"2020-12-18T17:52:06+00:00","og_image":[{"width":566,"height":800,"url":"https:\/\/www.sitsesp.org.br\/novo\/wp-content\/uploads\/2020\/12\/atencao-1.png","type":"image\/png"}],"author":"imprensa","twitter_card":"summary_large_image","twitter_misc":{"Escrito por":"imprensa","Est. tempo de leitura":"2 minutos"},"schema":{"@context":"https:\/\/schema.org","@graph":[{"@type":"Article","@id":"https:\/\/www.sitsesp.org.br\/novo\/greve-do-sistema-socioeducativo-recebe-relatoria-favoravel-do-mpt\/#article","isPartOf":{"@id":"https:\/\/www.sitsesp.org.br\/novo\/greve-do-sistema-socioeducativo-recebe-relatoria-favoravel-do-mpt\/"},"author":{"name":"imprensa","@id":"https:\/\/www.sitsesp.org.br\/novo\/#\/schema\/person\/28e42eec160f373e81d0183b3643edbf"},"headline":"GREVE DO SISTEMA SOCIOEDUCATIVO RECEBE RELATORIA FAVOR\u00c1VEL\u00a0DO MPT","datePublished":"2020-12-18T16:54:12+00:00","dateModified":"2020-12-18T17:52:06+00:00","mainEntityOfPage":{"@id":"https:\/\/www.sitsesp.org.br\/novo\/greve-do-sistema-socioeducativo-recebe-relatoria-favoravel-do-mpt\/"},"wordCount":507,"commentCount":0,"publisher":{"@id":"https:\/\/www.sitsesp.org.br\/novo\/#organization"},"image":{"@id":"https:\/\/www.sitsesp.org.br\/novo\/greve-do-sistema-socioeducativo-recebe-relatoria-favoravel-do-mpt\/#primaryimage"},"thumbnailUrl":"https:\/\/www.sitsesp.org.br\/novo\/wp-content\/uploads\/2020\/12\/atencao-1.png","keywords":["Funda\u00e7\u00e3o CASA","GREVE","SINDICATO","SITSESP","SOCIOEDUCA\u00c7\u00c3O"],"articleSection":["Destaque Lateral","Noticias"],"inLanguage":"pt-BR","potentialAction":[{"@type":"CommentAction","name":"Comment","target":["https:\/\/www.sitsesp.org.br\/novo\/greve-do-sistema-socioeducativo-recebe-relatoria-favoravel-do-mpt\/#respond"]}]},{"@type":"WebPage","@id":"https:\/\/www.sitsesp.org.br\/novo\/greve-do-sistema-socioeducativo-recebe-relatoria-favoravel-do-mpt\/","url":"https:\/\/www.sitsesp.org.br\/novo\/greve-do-sistema-socioeducativo-recebe-relatoria-favoravel-do-mpt\/","name":"GREVE DO SISTEMA SOCIOEDUCATIVO RECEBE RELATORIA FAVOR\u00c1VEL\u00a0DO MPT - SITSESP","isPartOf":{"@id":"https:\/\/www.sitsesp.org.br\/novo\/#website"},"primaryImageOfPage":{"@id":"https:\/\/www.sitsesp.org.br\/novo\/greve-do-sistema-socioeducativo-recebe-relatoria-favoravel-do-mpt\/#primaryimage"},"image":{"@id":"https:\/\/www.sitsesp.org.br\/novo\/greve-do-sistema-socioeducativo-recebe-relatoria-favoravel-do-mpt\/#primaryimage"},"thumbnailUrl":"https:\/\/www.sitsesp.org.br\/novo\/wp-content\/uploads\/2020\/12\/atencao-1.png","datePublished":"2020-12-18T16:54:12+00:00","dateModified":"2020-12-18T17:52:06+00:00","breadcrumb":{"@id":"https:\/\/www.sitsesp.org.br\/novo\/greve-do-sistema-socioeducativo-recebe-relatoria-favoravel-do-mpt\/#breadcrumb"},"inLanguage":"pt-BR","potentialAction":[{"@type":"ReadAction","target":["https:\/\/www.sitsesp.org.br\/novo\/greve-do-sistema-socioeducativo-recebe-relatoria-favoravel-do-mpt\/"]}]},{"@type":"ImageObject","inLanguage":"pt-BR","@id":"https:\/\/www.sitsesp.org.br\/novo\/greve-do-sistema-socioeducativo-recebe-relatoria-favoravel-do-mpt\/#primaryimage","url":"https:\/\/www.sitsesp.org.br\/novo\/wp-content\/uploads\/2020\/12\/atencao-1.png","contentUrl":"https:\/\/www.sitsesp.org.br\/novo\/wp-content\/uploads\/2020\/12\/atencao-1.png","width":566,"height":800},{"@type":"BreadcrumbList","@id":"https:\/\/www.sitsesp.org.br\/novo\/greve-do-sistema-socioeducativo-recebe-relatoria-favoravel-do-mpt\/#breadcrumb","itemListElement":[{"@type":"ListItem","position":1,"name":"In\u00edcio","item":"https:\/\/www.sitsesp.org.br\/novo\/"},{"@type":"ListItem","position":2,"name":"GREVE DO SISTEMA SOCIOEDUCATIVO RECEBE RELATORIA FAVOR\u00c1VEL\u00a0DO MPT"}]},{"@type":"WebSite","@id":"https:\/\/www.sitsesp.org.br\/novo\/#website","url":"https:\/\/www.sitsesp.org.br\/novo\/","name":"Sitsesp","description":"SIndicato da Socioeduca\u00e7\u00e3o do Estado de S\u00e3o Paulo","publisher":{"@id":"https:\/\/www.sitsesp.org.br\/novo\/#organization"},"potentialAction":[{"@type":"SearchAction","target":{"@type":"EntryPoint","urlTemplate":"https:\/\/www.sitsesp.org.br\/novo\/?s={search_term_string}"},"query-input":"required name=search_term_string"}],"inLanguage":"pt-BR"},{"@type":"Organization","@id":"https:\/\/www.sitsesp.org.br\/novo\/#organization","name":"Sitsesp","url":"https:\/\/www.sitsesp.org.br\/novo\/","logo":{"@type":"ImageObject","inLanguage":"pt-BR","@id":"https:\/\/www.sitsesp.org.br\/novo\/#\/schema\/logo\/image\/","url":"https:\/\/www.sitsesp.org.br\/novo\/wp-content\/uploads\/2020\/09\/Design-sem-nome-1.jpg","contentUrl":"https:\/\/www.sitsesp.org.br\/novo\/wp-content\/uploads\/2020\/09\/Design-sem-nome-1.jpg","width":300,"height":300,"caption":"Sitsesp"},"image":{"@id":"https:\/\/www.sitsesp.org.br\/novo\/#\/schema\/logo\/image\/"}},{"@type":"Person","@id":"https:\/\/www.sitsesp.org.br\/novo\/#\/schema\/person\/28e42eec160f373e81d0183b3643edbf","name":"imprensa","image":{"@type":"ImageObject","inLanguage":"pt-BR","@id":"https:\/\/www.sitsesp.org.br\/novo\/#\/schema\/person\/image\/","url":"https:\/\/secure.gravatar.com\/avatar\/8d6ccd8d7d52b8959f34154e87d3fa29?s=96&d=mm&r=g","contentUrl":"https:\/\/secure.gravatar.com\/avatar\/8d6ccd8d7d52b8959f34154e87d3fa29?s=96&d=mm&r=g","caption":"imprensa"}}]}},"_links":{"self":[{"href":"https:\/\/www.sitsesp.org.br\/novo\/wp-json\/wp\/v2\/posts\/5173"}],"collection":[{"href":"https:\/\/www.sitsesp.org.br\/novo\/wp-json\/wp\/v2\/posts"}],"about":[{"href":"https:\/\/www.sitsesp.org.br\/novo\/wp-json\/wp\/v2\/types\/post"}],"author":[{"embeddable":true,"href":"https:\/\/www.sitsesp.org.br\/novo\/wp-json\/wp\/v2\/users\/5"}],"replies":[{"embeddable":true,"href":"https:\/\/www.sitsesp.org.br\/novo\/wp-json\/wp\/v2\/comments?post=5173"}],"version-history":[{"count":4,"href":"https:\/\/www.sitsesp.org.br\/novo\/wp-json\/wp\/v2\/posts\/5173\/revisions"}],"predecessor-version":[{"id":5181,"href":"https:\/\/www.sitsesp.org.br\/novo\/wp-json\/wp\/v2\/posts\/5173\/revisions\/5181"}],"wp:featuredmedia":[{"embeddable":true,"href":"https:\/\/www.sitsesp.org.br\/novo\/wp-json\/wp\/v2\/media\/5179"}],"wp:attachment":[{"href":"https:\/\/www.sitsesp.org.br\/novo\/wp-json\/wp\/v2\/media?parent=5173"}],"wp:term":[{"taxonomy":"category","embeddable":true,"href":"https:\/\/www.sitsesp.org.br\/novo\/wp-json\/wp\/v2\/categories?post=5173"},{"taxonomy":"post_tag","embeddable":true,"href":"https:\/\/www.sitsesp.org.br\/novo\/wp-json\/wp\/v2\/tags?post=5173"}],"curies":[{"name":"wp","href":"https:\/\/api.w.org\/{rel}","templated":true}]}}