{"id":5281,"date":"2021-01-05T09:47:50","date_gmt":"2021-01-05T12:47:50","guid":{"rendered":"https:\/\/sitsesp.org.br\/novo\/?p=5281"},"modified":"2021-01-05T09:47:50","modified_gmt":"2021-01-05T12:47:50","slug":"campanha-janeiro-branco-sem-saude-mental-nao-ha-saude","status":"publish","type":"post","link":"https:\/\/www.sitsesp.org.br\/novo\/campanha-janeiro-branco-sem-saude-mental-nao-ha-saude\/","title":{"rendered":"CAMPANHA JANEIRO BRANCO | SEM SA\u00daDE MENTAL, N\u00c3O H\u00c1 SA\u00daDE"},"content":{"rendered":"<p><!-- VideographyWP Plugin Message: Automatic video embedding prevented by plugin options. --><br \/>\nGest\u00e3o Reconstru\u00e7\u00e3o e Luta &#8211; SITSESP, soma na campanha JANEIRO BRANCO buscando que a categoria neste come\u00e7o de ano possa refletir sobre a import\u00e2ncia da sa\u00fade mental, onde possamos identificar situa\u00e7\u00f5es dentro dos locais de trabalho que prejudicam nossa sa\u00fade mental, e, possamos reverter esse quadro que tanto dano causa na vida de servidores (as) e familiares.<\/p>\n<p>#janeirobranco<\/p>\n<p>Saiba mais sobre a campanha: <a href=\"https:\/\/janeirobranco.com.br\/\">Janeiro Branco \u2013 Campanha sobre sa\u00fade mental<\/a><\/p>\n","protected":false},"excerpt":{"rendered":"<p>Gest\u00e3o Reconstru\u00e7\u00e3o e Luta &#8211; SITSESP, soma na campanha JANEIRO BRANCO buscando que a categoria neste come\u00e7o de ano possa refletir&hellip;<\/p>\n","protected":false},"author":5,"featured_media":5282,"comment_status":"open","ping_status":"open","sticky":false,"template":"","format":"standard","meta":{"cybocfi_hide_featured_image":"","footnotes":""},"categories":[27,22],"tags":[38,46,40,37,39],"yoast_head":"<!-- This site is optimized with the Yoast SEO plugin v22.8 - https:\/\/yoast.com\/wordpress\/plugins\/seo\/ -->\n<title>CAMPANHA JANEIRO BRANCO | SEM SA\u00daDE MENTAL, N\u00c3O H\u00c1 SA\u00daDE - SITSESP<\/title>\n<meta name=\"robots\" content=\"index, follow, max-snippet:-1, max-image-preview:large, max-video-preview:-1\" \/>\n<link rel=\"canonical\" href=\"https:\/\/www.sitsesp.org.br\/novo\/campanha-janeiro-branco-sem-saude-mental-nao-ha-saude\/\" \/>\n<meta property=\"og:locale\" content=\"pt_BR\" \/>\n<meta property=\"og:type\" content=\"article\" \/>\n<meta property=\"og:title\" content=\"CAMPANHA JANEIRO BRANCO | SEM SA\u00daDE MENTAL, N\u00c3O H\u00c1 SA\u00daDE - SITSESP\" \/>\n<meta property=\"og:description\" content=\"Gest\u00e3o Reconstru\u00e7\u00e3o e Luta &#8211; SITSESP, soma na campanha JANEIRO BRANCO buscando que a categoria neste come\u00e7o de ano possa refletir&hellip;\" \/>\n<meta property=\"og:url\" content=\"https:\/\/www.sitsesp.org.br\/novo\/campanha-janeiro-branco-sem-saude-mental-nao-ha-saude\/\" \/>\n<meta property=\"og:site_name\" content=\"SITSESP\" \/>\n<meta property=\"article:published_time\" content=\"2021-01-05T12:47:50+00:00\" \/>\n<meta property=\"og:image\" content=\"https:\/\/www.sitsesp.org.br\/novo\/wp-content\/uploads\/2021\/01\/janierobrancob.jpg\" \/>\n\t<meta property=\"og:image:width\" content=\"800\" \/>\n\t<meta property=\"og:image:height\" content=\"800\" \/>\n\t<meta property=\"og:image:type\" content=\"image\/jpeg\" \/>\n<meta name=\"author\" content=\"imprensa\" \/>\n<meta name=\"twitter:card\" content=\"summary_large_image\" \/>\n<meta name=\"twitter:label1\" content=\"Escrito por\" \/>\n\t<meta name=\"twitter:data1\" content=\"imprensa\" \/>\n<script type=\"application\/ld+json\" class=\"yoast-schema-graph\">{\"@context\":\"https:\/\/schema.org\",\"@graph\":[{\"@type\":\"Article\",\"@id\":\"https:\/\/www.sitsesp.org.br\/novo\/campanha-janeiro-branco-sem-saude-mental-nao-ha-saude\/#article\",\"isPartOf\":{\"@id\":\"https:\/\/www.sitsesp.org.br\/novo\/campanha-janeiro-branco-sem-saude-mental-nao-ha-saude\/\"},\"author\":{\"name\":\"imprensa\",\"@id\":\"https:\/\/www.sitsesp.org.br\/novo\/#\/schema\/person\/28e42eec160f373e81d0183b3643edbf\"},\"headline\":\"CAMPANHA JANEIRO BRANCO | SEM SA\u00daDE MENTAL, N\u00c3O H\u00c1 SA\u00daDE\",\"datePublished\":\"2021-01-05T12:47:50+00:00\",\"dateModified\":\"2021-01-05T12:47:50+00:00\",\"mainEntityOfPage\":{\"@id\":\"https:\/\/www.sitsesp.org.br\/novo\/campanha-janeiro-branco-sem-saude-mental-nao-ha-saude\/\"},\"wordCount\":89,\"commentCount\":0,\"publisher\":{\"@id\":\"https:\/\/www.sitsesp.org.br\/novo\/#organization\"},\"image\":{\"@id\":\"https:\/\/www.sitsesp.org.br\/novo\/campanha-janeiro-branco-sem-saude-mental-nao-ha-saude\/#primaryimage\"},\"thumbnailUrl\":\"https:\/\/www.sitsesp.org.br\/novo\/wp-content\/uploads\/2021\/01\/janierobrancob.jpg\",\"keywords\":[\"Funda\u00e7\u00e3o CASA\",\"SA\u00daDE MENTAL\",\"SINDICATO\",\"SITSESP\",\"SOCIOEDUCA\u00c7\u00c3O\"],\"articleSection\":[\"Destaque\",\"Noticias\"],\"inLanguage\":\"pt-BR\",\"potentialAction\":[{\"@type\":\"CommentAction\",\"name\":\"Comment\",\"target\":[\"https:\/\/www.sitsesp.org.br\/novo\/campanha-janeiro-branco-sem-saude-mental-nao-ha-saude\/#respond\"]}]},{\"@type\":\"WebPage\",\"@id\":\"https:\/\/www.sitsesp.org.br\/novo\/campanha-janeiro-branco-sem-saude-mental-nao-ha-saude\/\",\"url\":\"https:\/\/www.sitsesp.org.br\/novo\/campanha-janeiro-branco-sem-saude-mental-nao-ha-saude\/\",\"name\":\"CAMPANHA JANEIRO BRANCO | SEM SA\u00daDE MENTAL, N\u00c3O H\u00c1 SA\u00daDE - SITSESP\",\"isPartOf\":{\"@id\":\"https:\/\/www.sitsesp.org.br\/novo\/#website\"},\"primaryImageOfPage\":{\"@id\":\"https:\/\/www.sitsesp.org.br\/novo\/campanha-janeiro-branco-sem-saude-mental-nao-ha-saude\/#primaryimage\"},\"image\":{\"@id\":\"https:\/\/www.sitsesp.org.br\/novo\/campanha-janeiro-branco-sem-saude-mental-nao-ha-saude\/#primaryimage\"},\"thumbnailUrl\":\"https:\/\/www.sitsesp.org.br\/novo\/wp-content\/uploads\/2021\/01\/janierobrancob.jpg\",\"datePublished\":\"2021-01-05T12:47:50+00:00\",\"dateModified\":\"2021-01-05T12:47:50+00:00\",\"breadcrumb\":{\"@id\":\"https:\/\/www.sitsesp.org.br\/novo\/campanha-janeiro-branco-sem-saude-mental-nao-ha-saude\/#breadcrumb\"},\"inLanguage\":\"pt-BR\",\"potentialAction\":[{\"@type\":\"ReadAction\",\"target\":[\"https:\/\/www.sitsesp.org.br\/novo\/campanha-janeiro-branco-sem-saude-mental-nao-ha-saude\/\"]}]},{\"@type\":\"ImageObject\",\"inLanguage\":\"pt-BR\",\"@id\":\"https:\/\/www.sitsesp.org.br\/novo\/campanha-janeiro-branco-sem-saude-mental-nao-ha-saude\/#primaryimage\",\"url\":\"https:\/\/www.sitsesp.org.br\/novo\/wp-content\/uploads\/2021\/01\/janierobrancob.jpg\",\"contentUrl\":\"https:\/\/www.sitsesp.org.br\/novo\/wp-content\/uploads\/2021\/01\/janierobrancob.jpg\",\"width\":800,\"height\":800},{\"@type\":\"BreadcrumbList\",\"@id\":\"https:\/\/www.sitsesp.org.br\/novo\/campanha-janeiro-branco-sem-saude-mental-nao-ha-saude\/#breadcrumb\",\"itemListElement\":[{\"@type\":\"ListItem\",\"position\":1,\"name\":\"In\u00edcio\",\"item\":\"https:\/\/www.sitsesp.org.br\/novo\/\"},{\"@type\":\"ListItem\",\"position\":2,\"name\":\"CAMPANHA JANEIRO BRANCO | SEM SA\u00daDE MENTAL, N\u00c3O H\u00c1 SA\u00daDE\"}]},{\"@type\":\"WebSite\",\"@id\":\"https:\/\/www.sitsesp.org.br\/novo\/#website\",\"url\":\"https:\/\/www.sitsesp.org.br\/novo\/\",\"name\":\"Sitsesp\",\"description\":\"SIndicato da Socioeduca\u00e7\u00e3o do Estado de S\u00e3o Paulo\",\"publisher\":{\"@id\":\"https:\/\/www.sitsesp.org.br\/novo\/#organization\"},\"potentialAction\":[{\"@type\":\"SearchAction\",\"target\":{\"@type\":\"EntryPoint\",\"urlTemplate\":\"https:\/\/www.sitsesp.org.br\/novo\/?s={search_term_string}\"},\"query-input\":\"required name=search_term_string\"}],\"inLanguage\":\"pt-BR\"},{\"@type\":\"Organization\",\"@id\":\"https:\/\/www.sitsesp.org.br\/novo\/#organization\",\"name\":\"Sitsesp\",\"url\":\"https:\/\/www.sitsesp.org.br\/novo\/\",\"logo\":{\"@type\":\"ImageObject\",\"inLanguage\":\"pt-BR\",\"@id\":\"https:\/\/www.sitsesp.org.br\/novo\/#\/schema\/logo\/image\/\",\"url\":\"https:\/\/www.sitsesp.org.br\/novo\/wp-content\/uploads\/2020\/09\/Design-sem-nome-1.jpg\",\"contentUrl\":\"https:\/\/www.sitsesp.org.br\/novo\/wp-content\/uploads\/2020\/09\/Design-sem-nome-1.jpg\",\"width\":300,\"height\":300,\"caption\":\"Sitsesp\"},\"image\":{\"@id\":\"https:\/\/www.sitsesp.org.br\/novo\/#\/schema\/logo\/image\/\"}},{\"@type\":\"Person\",\"@id\":\"https:\/\/www.sitsesp.org.br\/novo\/#\/schema\/person\/28e42eec160f373e81d0183b3643edbf\",\"name\":\"imprensa\",\"image\":{\"@type\":\"ImageObject\",\"inLanguage\":\"pt-BR\",\"@id\":\"https:\/\/www.sitsesp.org.br\/novo\/#\/schema\/person\/image\/\",\"url\":\"https:\/\/secure.gravatar.com\/avatar\/8d6ccd8d7d52b8959f34154e87d3fa29?s=96&d=mm&r=g\",\"contentUrl\":\"https:\/\/secure.gravatar.com\/avatar\/8d6ccd8d7d52b8959f34154e87d3fa29?s=96&d=mm&r=g\",\"caption\":\"imprensa\"}}]}<\/script>\n<!-- \/ Yoast SEO plugin. -->","yoast_head_json":{"title":"CAMPANHA JANEIRO BRANCO | SEM SA\u00daDE MENTAL, N\u00c3O H\u00c1 SA\u00daDE - SITSESP","robots":{"index":"index","follow":"follow","max-snippet":"max-snippet:-1","max-image-preview":"max-image-preview:large","max-video-preview":"max-video-preview:-1"},"canonical":"https:\/\/www.sitsesp.org.br\/novo\/campanha-janeiro-branco-sem-saude-mental-nao-ha-saude\/","og_locale":"pt_BR","og_type":"article","og_title":"CAMPANHA JANEIRO BRANCO | SEM SA\u00daDE MENTAL, N\u00c3O H\u00c1 SA\u00daDE - SITSESP","og_description":"Gest\u00e3o Reconstru\u00e7\u00e3o e Luta &#8211; SITSESP, soma na campanha JANEIRO BRANCO buscando que a categoria neste come\u00e7o de ano possa refletir&hellip;","og_url":"https:\/\/www.sitsesp.org.br\/novo\/campanha-janeiro-branco-sem-saude-mental-nao-ha-saude\/","og_site_name":"SITSESP","article_published_time":"2021-01-05T12:47:50+00:00","og_image":[{"width":800,"height":800,"url":"https:\/\/www.sitsesp.org.br\/novo\/wp-content\/uploads\/2021\/01\/janierobrancob.jpg","type":"image\/jpeg"}],"author":"imprensa","twitter_card":"summary_large_image","twitter_misc":{"Escrito por":"imprensa"},"schema":{"@context":"https:\/\/schema.org","@graph":[{"@type":"Article","@id":"https:\/\/www.sitsesp.org.br\/novo\/campanha-janeiro-branco-sem-saude-mental-nao-ha-saude\/#article","isPartOf":{"@id":"https:\/\/www.sitsesp.org.br\/novo\/campanha-janeiro-branco-sem-saude-mental-nao-ha-saude\/"},"author":{"name":"imprensa","@id":"https:\/\/www.sitsesp.org.br\/novo\/#\/schema\/person\/28e42eec160f373e81d0183b3643edbf"},"headline":"CAMPANHA JANEIRO BRANCO | SEM SA\u00daDE MENTAL, N\u00c3O H\u00c1 SA\u00daDE","datePublished":"2021-01-05T12:47:50+00:00","dateModified":"2021-01-05T12:47:50+00:00","mainEntityOfPage":{"@id":"https:\/\/www.sitsesp.org.br\/novo\/campanha-janeiro-branco-sem-saude-mental-nao-ha-saude\/"},"wordCount":89,"commentCount":0,"publisher":{"@id":"https:\/\/www.sitsesp.org.br\/novo\/#organization"},"image":{"@id":"https:\/\/www.sitsesp.org.br\/novo\/campanha-janeiro-branco-sem-saude-mental-nao-ha-saude\/#primaryimage"},"thumbnailUrl":"https:\/\/www.sitsesp.org.br\/novo\/wp-content\/uploads\/2021\/01\/janierobrancob.jpg","keywords":["Funda\u00e7\u00e3o CASA","SA\u00daDE MENTAL","SINDICATO","SITSESP","SOCIOEDUCA\u00c7\u00c3O"],"articleSection":["Destaque","Noticias"],"inLanguage":"pt-BR","potentialAction":[{"@type":"CommentAction","name":"Comment","target":["https:\/\/www.sitsesp.org.br\/novo\/campanha-janeiro-branco-sem-saude-mental-nao-ha-saude\/#respond"]}]},{"@type":"WebPage","@id":"https:\/\/www.sitsesp.org.br\/novo\/campanha-janeiro-branco-sem-saude-mental-nao-ha-saude\/","url":"https:\/\/www.sitsesp.org.br\/novo\/campanha-janeiro-branco-sem-saude-mental-nao-ha-saude\/","name":"CAMPANHA JANEIRO BRANCO | SEM SA\u00daDE MENTAL, N\u00c3O H\u00c1 SA\u00daDE - SITSESP","isPartOf":{"@id":"https:\/\/www.sitsesp.org.br\/novo\/#website"},"primaryImageOfPage":{"@id":"https:\/\/www.sitsesp.org.br\/novo\/campanha-janeiro-branco-sem-saude-mental-nao-ha-saude\/#primaryimage"},"image":{"@id":"https:\/\/www.sitsesp.org.br\/novo\/campanha-janeiro-branco-sem-saude-mental-nao-ha-saude\/#primaryimage"},"thumbnailUrl":"https:\/\/www.sitsesp.org.br\/novo\/wp-content\/uploads\/2021\/01\/janierobrancob.jpg","datePublished":"2021-01-05T12:47:50+00:00","dateModified":"2021-01-05T12:47:50+00:00","breadcrumb":{"@id":"https:\/\/www.sitsesp.org.br\/novo\/campanha-janeiro-branco-sem-saude-mental-nao-ha-saude\/#breadcrumb"},"inLanguage":"pt-BR","potentialAction":[{"@type":"ReadAction","target":["https:\/\/www.sitsesp.org.br\/novo\/campanha-janeiro-branco-sem-saude-mental-nao-ha-saude\/"]}]},{"@type":"ImageObject","inLanguage":"pt-BR","@id":"https:\/\/www.sitsesp.org.br\/novo\/campanha-janeiro-branco-sem-saude-mental-nao-ha-saude\/#primaryimage","url":"https:\/\/www.sitsesp.org.br\/novo\/wp-content\/uploads\/2021\/01\/janierobrancob.jpg","contentUrl":"https:\/\/www.sitsesp.org.br\/novo\/wp-content\/uploads\/2021\/01\/janierobrancob.jpg","width":800,"height":800},{"@type":"BreadcrumbList","@id":"https:\/\/www.sitsesp.org.br\/novo\/campanha-janeiro-branco-sem-saude-mental-nao-ha-saude\/#breadcrumb","itemListElement":[{"@type":"ListItem","position":1,"name":"In\u00edcio","item":"https:\/\/www.sitsesp.org.br\/novo\/"},{"@type":"ListItem","position":2,"name":"CAMPANHA JANEIRO BRANCO | SEM SA\u00daDE MENTAL, N\u00c3O H\u00c1 SA\u00daDE"}]},{"@type":"WebSite","@id":"https:\/\/www.sitsesp.org.br\/novo\/#website","url":"https:\/\/www.sitsesp.org.br\/novo\/","name":"Sitsesp","description":"SIndicato da Socioeduca\u00e7\u00e3o do Estado de S\u00e3o Paulo","publisher":{"@id":"https:\/\/www.sitsesp.org.br\/novo\/#organization"},"potentialAction":[{"@type":"SearchAction","target":{"@type":"EntryPoint","urlTemplate":"https:\/\/www.sitsesp.org.br\/novo\/?s={search_term_string}"},"query-input":"required name=search_term_string"}],"inLanguage":"pt-BR"},{"@type":"Organization","@id":"https:\/\/www.sitsesp.org.br\/novo\/#organization","name":"Sitsesp","url":"https:\/\/www.sitsesp.org.br\/novo\/","logo":{"@type":"ImageObject","inLanguage":"pt-BR","@id":"https:\/\/www.sitsesp.org.br\/novo\/#\/schema\/logo\/image\/","url":"https:\/\/www.sitsesp.org.br\/novo\/wp-content\/uploads\/2020\/09\/Design-sem-nome-1.jpg","contentUrl":"https:\/\/www.sitsesp.org.br\/novo\/wp-content\/uploads\/2020\/09\/Design-sem-nome-1.jpg","width":300,"height":300,"caption":"Sitsesp"},"image":{"@id":"https:\/\/www.sitsesp.org.br\/novo\/#\/schema\/logo\/image\/"}},{"@type":"Person","@id":"https:\/\/www.sitsesp.org.br\/novo\/#\/schema\/person\/28e42eec160f373e81d0183b3643edbf","name":"imprensa","image":{"@type":"ImageObject","inLanguage":"pt-BR","@id":"https:\/\/www.sitsesp.org.br\/novo\/#\/schema\/person\/image\/","url":"https:\/\/secure.gravatar.com\/avatar\/8d6ccd8d7d52b8959f34154e87d3fa29?s=96&d=mm&r=g","contentUrl":"https:\/\/secure.gravatar.com\/avatar\/8d6ccd8d7d52b8959f34154e87d3fa29?s=96&d=mm&r=g","caption":"imprensa"}}]}},"_links":{"self":[{"href":"https:\/\/www.sitsesp.org.br\/novo\/wp-json\/wp\/v2\/posts\/5281"}],"collection":[{"href":"https:\/\/www.sitsesp.org.br\/novo\/wp-json\/wp\/v2\/posts"}],"about":[{"href":"https:\/\/www.sitsesp.org.br\/novo\/wp-json\/wp\/v2\/types\/post"}],"author":[{"embeddable":true,"href":"https:\/\/www.sitsesp.org.br\/novo\/wp-json\/wp\/v2\/users\/5"}],"replies":[{"embeddable":true,"href":"https:\/\/www.sitsesp.org.br\/novo\/wp-json\/wp\/v2\/comments?post=5281"}],"version-history":[{"count":1,"href":"https:\/\/www.sitsesp.org.br\/novo\/wp-json\/wp\/v2\/posts\/5281\/revisions"}],"predecessor-version":[{"id":5283,"href":"https:\/\/www.sitsesp.org.br\/novo\/wp-json\/wp\/v2\/posts\/5281\/revisions\/5283"}],"wp:featuredmedia":[{"embeddable":true,"href":"https:\/\/www.sitsesp.org.br\/novo\/wp-json\/wp\/v2\/media\/5282"}],"wp:attachment":[{"href":"https:\/\/www.sitsesp.org.br\/novo\/wp-json\/wp\/v2\/media?parent=5281"}],"wp:term":[{"taxonomy":"category","embeddable":true,"href":"https:\/\/www.sitsesp.org.br\/novo\/wp-json\/wp\/v2\/categories?post=5281"},{"taxonomy":"post_tag","embeddable":true,"href":"https:\/\/www.sitsesp.org.br\/novo\/wp-json\/wp\/v2\/tags?post=5281"}],"curies":[{"name":"wp","href":"https:\/\/api.w.org\/{rel}","templated":true}]}}