{"id":5288,"date":"2021-01-08T11:54:05","date_gmt":"2021-01-08T14:54:05","guid":{"rendered":"https:\/\/sitsesp.org.br\/novo\/?p=5288"},"modified":"2021-01-08T11:55:19","modified_gmt":"2021-01-08T14:55:19","slug":"mais-uma-vez-a-fundacao-casa-brinca-com-a-saude-dos-trabalhadores-e-de-seus-tutelados","status":"publish","type":"post","link":"https:\/\/www.sitsesp.org.br\/novo\/mais-uma-vez-a-fundacao-casa-brinca-com-a-saude-dos-trabalhadores-e-de-seus-tutelados\/","title":{"rendered":"MAIS UMA VEZ A FUNDA\u00c7\u00c3O CASA BRINCA COM A SA\u00daDE DOS TRABALHADORES E DE SEUS TUTELADOS"},"content":{"rendered":"<p><!-- VideographyWP Plugin Message: Automatic video embedding prevented by plugin options. --><br \/>\nEm 06 de dezembro a Funda\u00e7\u00e3o CASA publicou a ORDEM DE SERVI\u00c7O GP N\u00ba 001\/2021, que estipula o &#8220;retorno de visitas presenciais aos adolescentes, bem como as atividades do Programa de Assist\u00eancia Religiosa &#8211; PAR a partir do dia15\/01\/2020.&#8221;<\/p>\n<p>A ordem de servi\u00e7o foi publicada no mesmo dia em que o governador Jo\u00e3o Doria declarou &#8220;Tenho que fazer um alerta e um apelo. Alerta \u00e9 a circunst\u00e2ncia de segunda onda da covid-19, que chegou ao Brasil&#8221;. Discurso feito para ingl\u00eas ver, porque a realidade \u00e9 que servidores(as) p\u00fablicos(as) do sistema socioeducativo est\u00e3o totalmente expostos ao v\u00edrus, como j\u00e1 denunciamos em reiteradas oportunidades. Ainda, em 17 de dezembro, o parecer dos procuradores frente \u00e0s demandas da categoria em greve informou: &#8220;Neste momento, o Minist\u00e9rio P\u00fablico do Trabalho junta aos autos Parecer T\u00e9cnico emitido por perito da Procuradoria Regional do Trabalho da 2\u00aa Regi\u00e3o, no qual se confirma que ainda n\u00e3o houve atendimento integral \u00e0s normas sanit\u00e1rias&#8221;.<\/p>\n<p>Os servidores e principalmente os da seguran\u00e7a j\u00e1 sofrem demais com o descaso em seus locais de trabalho, os servidores j\u00e1 expuseram suas vidas para essa doen\u00e7a que veio para acabar com fam\u00edlias e agora vem uma nova Ordem de Servi\u00e7o para expor ainda mais a categoria.<\/p>\n<p>CONFIRA A ORDEM DE SERVI\u00c7O GP N\u00ba 001\/202<br \/>\n<a href=\"https:\/\/sitsesp.org.br\/novo\/wp-content\/uploads\/2021\/01\/Ordem-de-Servico-OS-GP-001-2021-Retomada-da-Visitas-de-familiares-e-PAR-em-decorrencia-do-avanco-a-FASE-AMARELA-instituida-em-22-12-20-pelo-Governo-de-Estado.pdf\" class=\"pdfemb-viewer\" style=\"\" data-width=\"max\" data-height=\"max\" data-toolbar=\"bottom\" data-toolbar-fixed=\"off\">Ordem de Servi\u00e7o OS GP 001-2021 - Retomada da Visitas de familiares e PAR em decorr\u00eancia do avan\u00e7o \u00e0 FASE AMARELA institu\u00edda em 22-12-20 pelo Governo de Estado<\/a><\/p>\n","protected":false},"excerpt":{"rendered":"<p>Em 06 de dezembro a Funda\u00e7\u00e3o CASA publicou a ORDEM DE SERVI\u00c7O GP N\u00ba 001\/2021, que estipula o &#8220;retorno de visitas&hellip;<\/p>\n","protected":false},"author":5,"featured_media":5289,"comment_status":"open","ping_status":"open","sticky":false,"template":"","format":"standard","meta":{"cybocfi_hide_featured_image":"","footnotes":""},"categories":[27,22],"tags":[47,38,48,49,40,37,39],"yoast_head":"<!-- This site is optimized with the Yoast SEO plugin v22.8 - https:\/\/yoast.com\/wordpress\/plugins\/seo\/ -->\n<title>MAIS UMA VEZ A FUNDA\u00c7\u00c3O CASA BRINCA COM A SA\u00daDE DOS TRABALHADORES E DE SEUS TUTELADOS - SITSESP<\/title>\n<meta name=\"robots\" content=\"index, follow, max-snippet:-1, max-image-preview:large, max-video-preview:-1\" \/>\n<link rel=\"canonical\" href=\"https:\/\/www.sitsesp.org.br\/novo\/mais-uma-vez-a-fundacao-casa-brinca-com-a-saude-dos-trabalhadores-e-de-seus-tutelados\/\" \/>\n<meta property=\"og:locale\" content=\"pt_BR\" \/>\n<meta property=\"og:type\" content=\"article\" \/>\n<meta property=\"og:title\" content=\"MAIS UMA VEZ A FUNDA\u00c7\u00c3O CASA BRINCA COM A SA\u00daDE DOS TRABALHADORES E DE SEUS TUTELADOS - SITSESP\" \/>\n<meta property=\"og:description\" content=\"Em 06 de dezembro a Funda\u00e7\u00e3o CASA publicou a ORDEM DE SERVI\u00c7O GP N\u00ba 001\/2021, que estipula o &#8220;retorno de visitas&hellip;\" \/>\n<meta property=\"og:url\" content=\"https:\/\/www.sitsesp.org.br\/novo\/mais-uma-vez-a-fundacao-casa-brinca-com-a-saude-dos-trabalhadores-e-de-seus-tutelados\/\" \/>\n<meta property=\"og:site_name\" content=\"SITSESP\" \/>\n<meta property=\"article:published_time\" content=\"2021-01-08T14:54:05+00:00\" \/>\n<meta property=\"article:modified_time\" content=\"2021-01-08T14:55:19+00:00\" \/>\n<meta property=\"og:image\" content=\"https:\/\/www.sitsesp.org.br\/novo\/wp-content\/uploads\/2021\/01\/08.10.png\" \/>\n\t<meta property=\"og:image:width\" content=\"800\" \/>\n\t<meta property=\"og:image:height\" content=\"800\" \/>\n\t<meta property=\"og:image:type\" content=\"image\/png\" \/>\n<meta name=\"author\" content=\"imprensa\" \/>\n<meta name=\"twitter:card\" content=\"summary_large_image\" \/>\n<meta name=\"twitter:label1\" content=\"Escrito por\" \/>\n\t<meta name=\"twitter:data1\" content=\"imprensa\" \/>\n\t<meta name=\"twitter:label2\" content=\"Est. tempo de leitura\" \/>\n\t<meta name=\"twitter:data2\" content=\"1 minuto\" \/>\n<script type=\"application\/ld+json\" class=\"yoast-schema-graph\">{\"@context\":\"https:\/\/schema.org\",\"@graph\":[{\"@type\":\"Article\",\"@id\":\"https:\/\/www.sitsesp.org.br\/novo\/mais-uma-vez-a-fundacao-casa-brinca-com-a-saude-dos-trabalhadores-e-de-seus-tutelados\/#article\",\"isPartOf\":{\"@id\":\"https:\/\/www.sitsesp.org.br\/novo\/mais-uma-vez-a-fundacao-casa-brinca-com-a-saude-dos-trabalhadores-e-de-seus-tutelados\/\"},\"author\":{\"name\":\"imprensa\",\"@id\":\"https:\/\/www.sitsesp.org.br\/novo\/#\/schema\/person\/28e42eec160f373e81d0183b3643edbf\"},\"headline\":\"MAIS UMA VEZ A FUNDA\u00c7\u00c3O CASA BRINCA COM A SA\u00daDE DOS TRABALHADORES E DE SEUS TUTELADOS\",\"datePublished\":\"2021-01-08T14:54:05+00:00\",\"dateModified\":\"2021-01-08T14:55:19+00:00\",\"mainEntityOfPage\":{\"@id\":\"https:\/\/www.sitsesp.org.br\/novo\/mais-uma-vez-a-fundacao-casa-brinca-com-a-saude-dos-trabalhadores-e-de-seus-tutelados\/\"},\"wordCount\":293,\"commentCount\":0,\"publisher\":{\"@id\":\"https:\/\/www.sitsesp.org.br\/novo\/#organization\"},\"image\":{\"@id\":\"https:\/\/www.sitsesp.org.br\/novo\/mais-uma-vez-a-fundacao-casa-brinca-com-a-saude-dos-trabalhadores-e-de-seus-tutelados\/#primaryimage\"},\"thumbnailUrl\":\"https:\/\/www.sitsesp.org.br\/novo\/wp-content\/uploads\/2021\/01\/08.10.png\",\"keywords\":[\"covid19\",\"Funda\u00e7\u00e3o CASA\",\"pandemia\",\"sa\u00fade\",\"SINDICATO\",\"SITSESP\",\"SOCIOEDUCA\u00c7\u00c3O\"],\"articleSection\":[\"Destaque\",\"Noticias\"],\"inLanguage\":\"pt-BR\",\"potentialAction\":[{\"@type\":\"CommentAction\",\"name\":\"Comment\",\"target\":[\"https:\/\/www.sitsesp.org.br\/novo\/mais-uma-vez-a-fundacao-casa-brinca-com-a-saude-dos-trabalhadores-e-de-seus-tutelados\/#respond\"]}]},{\"@type\":\"WebPage\",\"@id\":\"https:\/\/www.sitsesp.org.br\/novo\/mais-uma-vez-a-fundacao-casa-brinca-com-a-saude-dos-trabalhadores-e-de-seus-tutelados\/\",\"url\":\"https:\/\/www.sitsesp.org.br\/novo\/mais-uma-vez-a-fundacao-casa-brinca-com-a-saude-dos-trabalhadores-e-de-seus-tutelados\/\",\"name\":\"MAIS UMA VEZ A FUNDA\u00c7\u00c3O CASA BRINCA COM A SA\u00daDE DOS TRABALHADORES E DE SEUS TUTELADOS - SITSESP\",\"isPartOf\":{\"@id\":\"https:\/\/www.sitsesp.org.br\/novo\/#website\"},\"primaryImageOfPage\":{\"@id\":\"https:\/\/www.sitsesp.org.br\/novo\/mais-uma-vez-a-fundacao-casa-brinca-com-a-saude-dos-trabalhadores-e-de-seus-tutelados\/#primaryimage\"},\"image\":{\"@id\":\"https:\/\/www.sitsesp.org.br\/novo\/mais-uma-vez-a-fundacao-casa-brinca-com-a-saude-dos-trabalhadores-e-de-seus-tutelados\/#primaryimage\"},\"thumbnailUrl\":\"https:\/\/www.sitsesp.org.br\/novo\/wp-content\/uploads\/2021\/01\/08.10.png\",\"datePublished\":\"2021-01-08T14:54:05+00:00\",\"dateModified\":\"2021-01-08T14:55:19+00:00\",\"breadcrumb\":{\"@id\":\"https:\/\/www.sitsesp.org.br\/novo\/mais-uma-vez-a-fundacao-casa-brinca-com-a-saude-dos-trabalhadores-e-de-seus-tutelados\/#breadcrumb\"},\"inLanguage\":\"pt-BR\",\"potentialAction\":[{\"@type\":\"ReadAction\",\"target\":[\"https:\/\/www.sitsesp.org.br\/novo\/mais-uma-vez-a-fundacao-casa-brinca-com-a-saude-dos-trabalhadores-e-de-seus-tutelados\/\"]}]},{\"@type\":\"ImageObject\",\"inLanguage\":\"pt-BR\",\"@id\":\"https:\/\/www.sitsesp.org.br\/novo\/mais-uma-vez-a-fundacao-casa-brinca-com-a-saude-dos-trabalhadores-e-de-seus-tutelados\/#primaryimage\",\"url\":\"https:\/\/www.sitsesp.org.br\/novo\/wp-content\/uploads\/2021\/01\/08.10.png\",\"contentUrl\":\"https:\/\/www.sitsesp.org.br\/novo\/wp-content\/uploads\/2021\/01\/08.10.png\",\"width\":800,\"height\":800},{\"@type\":\"BreadcrumbList\",\"@id\":\"https:\/\/www.sitsesp.org.br\/novo\/mais-uma-vez-a-fundacao-casa-brinca-com-a-saude-dos-trabalhadores-e-de-seus-tutelados\/#breadcrumb\",\"itemListElement\":[{\"@type\":\"ListItem\",\"position\":1,\"name\":\"In\u00edcio\",\"item\":\"https:\/\/www.sitsesp.org.br\/novo\/\"},{\"@type\":\"ListItem\",\"position\":2,\"name\":\"MAIS UMA VEZ A FUNDA\u00c7\u00c3O CASA BRINCA COM A SA\u00daDE DOS TRABALHADORES E DE SEUS TUTELADOS\"}]},{\"@type\":\"WebSite\",\"@id\":\"https:\/\/www.sitsesp.org.br\/novo\/#website\",\"url\":\"https:\/\/www.sitsesp.org.br\/novo\/\",\"name\":\"Sitsesp\",\"description\":\"SIndicato da Socioeduca\u00e7\u00e3o do Estado de S\u00e3o Paulo\",\"publisher\":{\"@id\":\"https:\/\/www.sitsesp.org.br\/novo\/#organization\"},\"potentialAction\":[{\"@type\":\"SearchAction\",\"target\":{\"@type\":\"EntryPoint\",\"urlTemplate\":\"https:\/\/www.sitsesp.org.br\/novo\/?s={search_term_string}\"},\"query-input\":\"required name=search_term_string\"}],\"inLanguage\":\"pt-BR\"},{\"@type\":\"Organization\",\"@id\":\"https:\/\/www.sitsesp.org.br\/novo\/#organization\",\"name\":\"Sitsesp\",\"url\":\"https:\/\/www.sitsesp.org.br\/novo\/\",\"logo\":{\"@type\":\"ImageObject\",\"inLanguage\":\"pt-BR\",\"@id\":\"https:\/\/www.sitsesp.org.br\/novo\/#\/schema\/logo\/image\/\",\"url\":\"https:\/\/www.sitsesp.org.br\/novo\/wp-content\/uploads\/2020\/09\/Design-sem-nome-1.jpg\",\"contentUrl\":\"https:\/\/www.sitsesp.org.br\/novo\/wp-content\/uploads\/2020\/09\/Design-sem-nome-1.jpg\",\"width\":300,\"height\":300,\"caption\":\"Sitsesp\"},\"image\":{\"@id\":\"https:\/\/www.sitsesp.org.br\/novo\/#\/schema\/logo\/image\/\"}},{\"@type\":\"Person\",\"@id\":\"https:\/\/www.sitsesp.org.br\/novo\/#\/schema\/person\/28e42eec160f373e81d0183b3643edbf\",\"name\":\"imprensa\",\"image\":{\"@type\":\"ImageObject\",\"inLanguage\":\"pt-BR\",\"@id\":\"https:\/\/www.sitsesp.org.br\/novo\/#\/schema\/person\/image\/\",\"url\":\"https:\/\/secure.gravatar.com\/avatar\/8d6ccd8d7d52b8959f34154e87d3fa29?s=96&d=mm&r=g\",\"contentUrl\":\"https:\/\/secure.gravatar.com\/avatar\/8d6ccd8d7d52b8959f34154e87d3fa29?s=96&d=mm&r=g\",\"caption\":\"imprensa\"}}]}<\/script>\n<!-- \/ Yoast SEO plugin. -->","yoast_head_json":{"title":"MAIS UMA VEZ A FUNDA\u00c7\u00c3O CASA BRINCA COM A SA\u00daDE DOS TRABALHADORES E DE SEUS TUTELADOS - SITSESP","robots":{"index":"index","follow":"follow","max-snippet":"max-snippet:-1","max-image-preview":"max-image-preview:large","max-video-preview":"max-video-preview:-1"},"canonical":"https:\/\/www.sitsesp.org.br\/novo\/mais-uma-vez-a-fundacao-casa-brinca-com-a-saude-dos-trabalhadores-e-de-seus-tutelados\/","og_locale":"pt_BR","og_type":"article","og_title":"MAIS UMA VEZ A FUNDA\u00c7\u00c3O CASA BRINCA COM A SA\u00daDE DOS TRABALHADORES E DE SEUS TUTELADOS - SITSESP","og_description":"Em 06 de dezembro a Funda\u00e7\u00e3o CASA publicou a ORDEM DE SERVI\u00c7O GP N\u00ba 001\/2021, que estipula o &#8220;retorno de visitas&hellip;","og_url":"https:\/\/www.sitsesp.org.br\/novo\/mais-uma-vez-a-fundacao-casa-brinca-com-a-saude-dos-trabalhadores-e-de-seus-tutelados\/","og_site_name":"SITSESP","article_published_time":"2021-01-08T14:54:05+00:00","article_modified_time":"2021-01-08T14:55:19+00:00","og_image":[{"width":800,"height":800,"url":"https:\/\/www.sitsesp.org.br\/novo\/wp-content\/uploads\/2021\/01\/08.10.png","type":"image\/png"}],"author":"imprensa","twitter_card":"summary_large_image","twitter_misc":{"Escrito por":"imprensa","Est. tempo de leitura":"1 minuto"},"schema":{"@context":"https:\/\/schema.org","@graph":[{"@type":"Article","@id":"https:\/\/www.sitsesp.org.br\/novo\/mais-uma-vez-a-fundacao-casa-brinca-com-a-saude-dos-trabalhadores-e-de-seus-tutelados\/#article","isPartOf":{"@id":"https:\/\/www.sitsesp.org.br\/novo\/mais-uma-vez-a-fundacao-casa-brinca-com-a-saude-dos-trabalhadores-e-de-seus-tutelados\/"},"author":{"name":"imprensa","@id":"https:\/\/www.sitsesp.org.br\/novo\/#\/schema\/person\/28e42eec160f373e81d0183b3643edbf"},"headline":"MAIS UMA VEZ A FUNDA\u00c7\u00c3O CASA BRINCA COM A SA\u00daDE DOS TRABALHADORES E DE SEUS TUTELADOS","datePublished":"2021-01-08T14:54:05+00:00","dateModified":"2021-01-08T14:55:19+00:00","mainEntityOfPage":{"@id":"https:\/\/www.sitsesp.org.br\/novo\/mais-uma-vez-a-fundacao-casa-brinca-com-a-saude-dos-trabalhadores-e-de-seus-tutelados\/"},"wordCount":293,"commentCount":0,"publisher":{"@id":"https:\/\/www.sitsesp.org.br\/novo\/#organization"},"image":{"@id":"https:\/\/www.sitsesp.org.br\/novo\/mais-uma-vez-a-fundacao-casa-brinca-com-a-saude-dos-trabalhadores-e-de-seus-tutelados\/#primaryimage"},"thumbnailUrl":"https:\/\/www.sitsesp.org.br\/novo\/wp-content\/uploads\/2021\/01\/08.10.png","keywords":["covid19","Funda\u00e7\u00e3o CASA","pandemia","sa\u00fade","SINDICATO","SITSESP","SOCIOEDUCA\u00c7\u00c3O"],"articleSection":["Destaque","Noticias"],"inLanguage":"pt-BR","potentialAction":[{"@type":"CommentAction","name":"Comment","target":["https:\/\/www.sitsesp.org.br\/novo\/mais-uma-vez-a-fundacao-casa-brinca-com-a-saude-dos-trabalhadores-e-de-seus-tutelados\/#respond"]}]},{"@type":"WebPage","@id":"https:\/\/www.sitsesp.org.br\/novo\/mais-uma-vez-a-fundacao-casa-brinca-com-a-saude-dos-trabalhadores-e-de-seus-tutelados\/","url":"https:\/\/www.sitsesp.org.br\/novo\/mais-uma-vez-a-fundacao-casa-brinca-com-a-saude-dos-trabalhadores-e-de-seus-tutelados\/","name":"MAIS UMA VEZ A FUNDA\u00c7\u00c3O CASA BRINCA COM A SA\u00daDE DOS TRABALHADORES E DE SEUS TUTELADOS - SITSESP","isPartOf":{"@id":"https:\/\/www.sitsesp.org.br\/novo\/#website"},"primaryImageOfPage":{"@id":"https:\/\/www.sitsesp.org.br\/novo\/mais-uma-vez-a-fundacao-casa-brinca-com-a-saude-dos-trabalhadores-e-de-seus-tutelados\/#primaryimage"},"image":{"@id":"https:\/\/www.sitsesp.org.br\/novo\/mais-uma-vez-a-fundacao-casa-brinca-com-a-saude-dos-trabalhadores-e-de-seus-tutelados\/#primaryimage"},"thumbnailUrl":"https:\/\/www.sitsesp.org.br\/novo\/wp-content\/uploads\/2021\/01\/08.10.png","datePublished":"2021-01-08T14:54:05+00:00","dateModified":"2021-01-08T14:55:19+00:00","breadcrumb":{"@id":"https:\/\/www.sitsesp.org.br\/novo\/mais-uma-vez-a-fundacao-casa-brinca-com-a-saude-dos-trabalhadores-e-de-seus-tutelados\/#breadcrumb"},"inLanguage":"pt-BR","potentialAction":[{"@type":"ReadAction","target":["https:\/\/www.sitsesp.org.br\/novo\/mais-uma-vez-a-fundacao-casa-brinca-com-a-saude-dos-trabalhadores-e-de-seus-tutelados\/"]}]},{"@type":"ImageObject","inLanguage":"pt-BR","@id":"https:\/\/www.sitsesp.org.br\/novo\/mais-uma-vez-a-fundacao-casa-brinca-com-a-saude-dos-trabalhadores-e-de-seus-tutelados\/#primaryimage","url":"https:\/\/www.sitsesp.org.br\/novo\/wp-content\/uploads\/2021\/01\/08.10.png","contentUrl":"https:\/\/www.sitsesp.org.br\/novo\/wp-content\/uploads\/2021\/01\/08.10.png","width":800,"height":800},{"@type":"BreadcrumbList","@id":"https:\/\/www.sitsesp.org.br\/novo\/mais-uma-vez-a-fundacao-casa-brinca-com-a-saude-dos-trabalhadores-e-de-seus-tutelados\/#breadcrumb","itemListElement":[{"@type":"ListItem","position":1,"name":"In\u00edcio","item":"https:\/\/www.sitsesp.org.br\/novo\/"},{"@type":"ListItem","position":2,"name":"MAIS UMA VEZ A FUNDA\u00c7\u00c3O CASA BRINCA COM A SA\u00daDE DOS TRABALHADORES E DE SEUS TUTELADOS"}]},{"@type":"WebSite","@id":"https:\/\/www.sitsesp.org.br\/novo\/#website","url":"https:\/\/www.sitsesp.org.br\/novo\/","name":"Sitsesp","description":"SIndicato da Socioeduca\u00e7\u00e3o do Estado de S\u00e3o Paulo","publisher":{"@id":"https:\/\/www.sitsesp.org.br\/novo\/#organization"},"potentialAction":[{"@type":"SearchAction","target":{"@type":"EntryPoint","urlTemplate":"https:\/\/www.sitsesp.org.br\/novo\/?s={search_term_string}"},"query-input":"required name=search_term_string"}],"inLanguage":"pt-BR"},{"@type":"Organization","@id":"https:\/\/www.sitsesp.org.br\/novo\/#organization","name":"Sitsesp","url":"https:\/\/www.sitsesp.org.br\/novo\/","logo":{"@type":"ImageObject","inLanguage":"pt-BR","@id":"https:\/\/www.sitsesp.org.br\/novo\/#\/schema\/logo\/image\/","url":"https:\/\/www.sitsesp.org.br\/novo\/wp-content\/uploads\/2020\/09\/Design-sem-nome-1.jpg","contentUrl":"https:\/\/www.sitsesp.org.br\/novo\/wp-content\/uploads\/2020\/09\/Design-sem-nome-1.jpg","width":300,"height":300,"caption":"Sitsesp"},"image":{"@id":"https:\/\/www.sitsesp.org.br\/novo\/#\/schema\/logo\/image\/"}},{"@type":"Person","@id":"https:\/\/www.sitsesp.org.br\/novo\/#\/schema\/person\/28e42eec160f373e81d0183b3643edbf","name":"imprensa","image":{"@type":"ImageObject","inLanguage":"pt-BR","@id":"https:\/\/www.sitsesp.org.br\/novo\/#\/schema\/person\/image\/","url":"https:\/\/secure.gravatar.com\/avatar\/8d6ccd8d7d52b8959f34154e87d3fa29?s=96&d=mm&r=g","contentUrl":"https:\/\/secure.gravatar.com\/avatar\/8d6ccd8d7d52b8959f34154e87d3fa29?s=96&d=mm&r=g","caption":"imprensa"}}]}},"_links":{"self":[{"href":"https:\/\/www.sitsesp.org.br\/novo\/wp-json\/wp\/v2\/posts\/5288"}],"collection":[{"href":"https:\/\/www.sitsesp.org.br\/novo\/wp-json\/wp\/v2\/posts"}],"about":[{"href":"https:\/\/www.sitsesp.org.br\/novo\/wp-json\/wp\/v2\/types\/post"}],"author":[{"embeddable":true,"href":"https:\/\/www.sitsesp.org.br\/novo\/wp-json\/wp\/v2\/users\/5"}],"replies":[{"embeddable":true,"href":"https:\/\/www.sitsesp.org.br\/novo\/wp-json\/wp\/v2\/comments?post=5288"}],"version-history":[{"count":3,"href":"https:\/\/www.sitsesp.org.br\/novo\/wp-json\/wp\/v2\/posts\/5288\/revisions"}],"predecessor-version":[{"id":5293,"href":"https:\/\/www.sitsesp.org.br\/novo\/wp-json\/wp\/v2\/posts\/5288\/revisions\/5293"}],"wp:featuredmedia":[{"embeddable":true,"href":"https:\/\/www.sitsesp.org.br\/novo\/wp-json\/wp\/v2\/media\/5289"}],"wp:attachment":[{"href":"https:\/\/www.sitsesp.org.br\/novo\/wp-json\/wp\/v2\/media?parent=5288"}],"wp:term":[{"taxonomy":"category","embeddable":true,"href":"https:\/\/www.sitsesp.org.br\/novo\/wp-json\/wp\/v2\/categories?post=5288"},{"taxonomy":"post_tag","embeddable":true,"href":"https:\/\/www.sitsesp.org.br\/novo\/wp-json\/wp\/v2\/tags?post=5288"}],"curies":[{"name":"wp","href":"https:\/\/api.w.org\/{rel}","templated":true}]}}