{"id":5396,"date":"2021-01-27T20:53:31","date_gmt":"2021-01-27T23:53:31","guid":{"rendered":"https:\/\/sitsesp.org.br\/novo\/?p=5396"},"modified":"2021-01-27T20:53:31","modified_gmt":"2021-01-27T23:53:31","slug":"fundacao-casa-pagou-para-ver-e-ai-esta-a-situacao-caotica-entre-servidores-e-adolescentes","status":"publish","type":"post","link":"https:\/\/www.sitsesp.org.br\/novo\/fundacao-casa-pagou-para-ver-e-ai-esta-a-situacao-caotica-entre-servidores-e-adolescentes\/","title":{"rendered":"Funda\u00e7\u00e3o CASA pagou para ver, e a\u00ed est\u00e1 a situa\u00e7\u00e3o ca\u00f3tica entre servidores e adolescentes"},"content":{"rendered":"<p><!-- VideographyWP Plugin Message: Automatic video embedding prevented by plugin options. --><br \/>\nAtendendo den\u00fancias realizadas por servidores do Centro CASA Sert\u00e3ozinho alegando o alto n\u00famero de COVID-19 entre adolescentes e servidores, o Diretor de imprensa Israel Leal esteve visitando e conversando com servidores para saber a real situa\u00e7\u00e3o que os Centros vem sendo acometidos por esta terr\u00edvel doen\u00e7a.<\/p>\n<p>Destaque para o Centro CASA Sert\u00e3ozinho, Centro este, de lota\u00e7\u00e3o do Diretor de imprensa que encontra-se com cinco (5) adolescentes isolados j\u00e1 confirmados positivo e outros cinco (5) aguardando respostas dos resultados.<\/p>\n<p>Entre os servidores, nove (9) est\u00e3o afastados, sendo um (1) testado positivo e oito (8) aguardando resposta dos exames.<\/p>\n<p>Em visita ao complexo Ribeir\u00e3o e DRN, n\u00e3o obtive maiores informa\u00e7\u00f5es sobre outros Centros, mas a servidora que prontamente me atendeu (j\u00e1 que o Diretor Regional est\u00e1 de f\u00e9rias e o substituto n\u00e3o havia chegado at\u00e9 o hor\u00e1rio da visita) confirmou o problema em Sert\u00e3ozinho e disse-me que todos cuidados est\u00e3o sendo tomados e informados aos departamentos respons\u00e1veis.<\/p>\n<p>Outra den\u00fancia que se refere ao Centro Sert\u00e3ozinho, \u00e9 o n\u00famero de agentes que est\u00e3o realizando seus plant\u00f5es, haja vista que, at\u00e9 data de hoje, os afastados s\u00e3o do setor de seguran\u00e7a.<\/p>\n<p>Trabalhando em n\u00fameros reduzidos chegando a seis (6) servidores durante o dia para um contingente de mais de 50 adolescentes e quatro (4) a noite, sendo necess\u00e1rio a convoca\u00e7\u00e3o do grupo de apoio.<\/p>\n<p>Tudo isso seria desnecess\u00e1rio se a Funda\u00e7\u00e3o CASA, com toda sua irresponsabilidade e falta de coer\u00eancia, n\u00e3o publicasse a OSGP 001\/2021 de 06 de janeiro de 2021, assinada pelo Sr. Presidente interino Fernando Jos\u00e9 da Costa, autorizando as visitas a partir do dia 15 de janeiro de 2021, ou seja, 20 dias ap\u00f3s o Natal e 15 dias ap\u00f3s a passagem de ano, onde familiares de adolescentes se aglomeraram nas festividades e dentro do per\u00edodo incubat\u00f3rio da doen\u00e7a, foram visitar os adolescentes, levando para dentro dos Centros para os adolescentes e servidores o grande aumento da doen\u00e7a.<\/p>\n<p>Por todo estado, s\u00e3o in\u00fameros o aumento da COVID-19 entre adolescentes e servidores depois dessa melanc\u00f3lica autoriza\u00e7\u00e3o para visitas a partir do dia 15 de janeiro, bem como a total e magnitude irresponsabilidade dessa gest\u00e3o que n\u00e3o tem nenhum compromisso com o servidor e agora, provou seu total desprezo para com os adolescentes.<\/p>\n<p>A gest\u00e3o Reconstru\u00e7\u00e3o e Luta -SITSESP, depois de v\u00e1rias tentativas de barrar aquela OSGP 001\/2021, vem repudiar veementemente a atitude da Funda\u00e7\u00e3o CASA, e qualquer forma de comunica\u00e7\u00e3o dessa institui\u00e7\u00e3o que venha colocar em risco a vida dos servidores, seus familiares e adolescentes na tutela do Estado cumprindo sua medida socioeducativa.<\/p>\n","protected":false},"excerpt":{"rendered":"<p>Atendendo den\u00fancias realizadas por servidores do Centro CASA Sert\u00e3ozinho alegando o alto n\u00famero de COVID-19 entre adolescentes e servidores, o Diretor&hellip;<\/p>\n","protected":false},"author":5,"featured_media":5397,"comment_status":"open","ping_status":"open","sticky":false,"template":"","format":"standard","meta":{"cybocfi_hide_featured_image":"","footnotes":""},"categories":[27,22],"tags":[47,38,46,40,37,39],"yoast_head":"<!-- This site is optimized with the Yoast SEO plugin v22.8 - https:\/\/yoast.com\/wordpress\/plugins\/seo\/ -->\n<title>Funda\u00e7\u00e3o CASA pagou para ver, e a\u00ed est\u00e1 a situa\u00e7\u00e3o ca\u00f3tica entre servidores e adolescentes - SITSESP<\/title>\n<meta name=\"robots\" content=\"index, follow, max-snippet:-1, max-image-preview:large, max-video-preview:-1\" \/>\n<link rel=\"canonical\" href=\"https:\/\/www.sitsesp.org.br\/novo\/fundacao-casa-pagou-para-ver-e-ai-esta-a-situacao-caotica-entre-servidores-e-adolescentes\/\" \/>\n<meta property=\"og:locale\" content=\"pt_BR\" \/>\n<meta property=\"og:type\" content=\"article\" \/>\n<meta property=\"og:title\" content=\"Funda\u00e7\u00e3o CASA pagou para ver, e a\u00ed est\u00e1 a situa\u00e7\u00e3o ca\u00f3tica entre servidores e adolescentes - SITSESP\" \/>\n<meta property=\"og:description\" content=\"Atendendo den\u00fancias realizadas por servidores do Centro CASA Sert\u00e3ozinho alegando o alto n\u00famero de COVID-19 entre adolescentes e servidores, o Diretor&hellip;\" \/>\n<meta property=\"og:url\" content=\"https:\/\/www.sitsesp.org.br\/novo\/fundacao-casa-pagou-para-ver-e-ai-esta-a-situacao-caotica-entre-servidores-e-adolescentes\/\" \/>\n<meta property=\"og:site_name\" content=\"SITSESP\" \/>\n<meta property=\"article:published_time\" content=\"2021-01-27T23:53:31+00:00\" \/>\n<meta property=\"og:image\" content=\"https:\/\/www.sitsesp.org.br\/novo\/wp-content\/uploads\/2021\/01\/2701.png\" \/>\n\t<meta property=\"og:image:width\" content=\"640\" \/>\n\t<meta property=\"og:image:height\" content=\"800\" \/>\n\t<meta property=\"og:image:type\" content=\"image\/png\" \/>\n<meta name=\"author\" content=\"imprensa\" \/>\n<meta name=\"twitter:card\" content=\"summary_large_image\" \/>\n<meta name=\"twitter:label1\" content=\"Escrito por\" \/>\n\t<meta name=\"twitter:data1\" content=\"imprensa\" \/>\n\t<meta name=\"twitter:label2\" content=\"Est. tempo de leitura\" \/>\n\t<meta name=\"twitter:data2\" content=\"2 minutos\" \/>\n<script type=\"application\/ld+json\" class=\"yoast-schema-graph\">{\"@context\":\"https:\/\/schema.org\",\"@graph\":[{\"@type\":\"Article\",\"@id\":\"https:\/\/www.sitsesp.org.br\/novo\/fundacao-casa-pagou-para-ver-e-ai-esta-a-situacao-caotica-entre-servidores-e-adolescentes\/#article\",\"isPartOf\":{\"@id\":\"https:\/\/www.sitsesp.org.br\/novo\/fundacao-casa-pagou-para-ver-e-ai-esta-a-situacao-caotica-entre-servidores-e-adolescentes\/\"},\"author\":{\"name\":\"imprensa\",\"@id\":\"https:\/\/www.sitsesp.org.br\/novo\/#\/schema\/person\/28e42eec160f373e81d0183b3643edbf\"},\"headline\":\"Funda\u00e7\u00e3o CASA pagou para ver, e a\u00ed est\u00e1 a situa\u00e7\u00e3o ca\u00f3tica entre servidores e adolescentes\",\"datePublished\":\"2021-01-27T23:53:31+00:00\",\"dateModified\":\"2021-01-27T23:53:31+00:00\",\"mainEntityOfPage\":{\"@id\":\"https:\/\/www.sitsesp.org.br\/novo\/fundacao-casa-pagou-para-ver-e-ai-esta-a-situacao-caotica-entre-servidores-e-adolescentes\/\"},\"wordCount\":471,\"commentCount\":0,\"publisher\":{\"@id\":\"https:\/\/www.sitsesp.org.br\/novo\/#organization\"},\"image\":{\"@id\":\"https:\/\/www.sitsesp.org.br\/novo\/fundacao-casa-pagou-para-ver-e-ai-esta-a-situacao-caotica-entre-servidores-e-adolescentes\/#primaryimage\"},\"thumbnailUrl\":\"https:\/\/www.sitsesp.org.br\/novo\/wp-content\/uploads\/2021\/01\/2701.png\",\"keywords\":[\"covid19\",\"Funda\u00e7\u00e3o CASA\",\"SA\u00daDE MENTAL\",\"SINDICATO\",\"SITSESP\",\"SOCIOEDUCA\u00c7\u00c3O\"],\"articleSection\":[\"Destaque\",\"Noticias\"],\"inLanguage\":\"pt-BR\",\"potentialAction\":[{\"@type\":\"CommentAction\",\"name\":\"Comment\",\"target\":[\"https:\/\/www.sitsesp.org.br\/novo\/fundacao-casa-pagou-para-ver-e-ai-esta-a-situacao-caotica-entre-servidores-e-adolescentes\/#respond\"]}]},{\"@type\":\"WebPage\",\"@id\":\"https:\/\/www.sitsesp.org.br\/novo\/fundacao-casa-pagou-para-ver-e-ai-esta-a-situacao-caotica-entre-servidores-e-adolescentes\/\",\"url\":\"https:\/\/www.sitsesp.org.br\/novo\/fundacao-casa-pagou-para-ver-e-ai-esta-a-situacao-caotica-entre-servidores-e-adolescentes\/\",\"name\":\"Funda\u00e7\u00e3o CASA pagou para ver, e a\u00ed est\u00e1 a situa\u00e7\u00e3o ca\u00f3tica entre servidores e adolescentes - SITSESP\",\"isPartOf\":{\"@id\":\"https:\/\/www.sitsesp.org.br\/novo\/#website\"},\"primaryImageOfPage\":{\"@id\":\"https:\/\/www.sitsesp.org.br\/novo\/fundacao-casa-pagou-para-ver-e-ai-esta-a-situacao-caotica-entre-servidores-e-adolescentes\/#primaryimage\"},\"image\":{\"@id\":\"https:\/\/www.sitsesp.org.br\/novo\/fundacao-casa-pagou-para-ver-e-ai-esta-a-situacao-caotica-entre-servidores-e-adolescentes\/#primaryimage\"},\"thumbnailUrl\":\"https:\/\/www.sitsesp.org.br\/novo\/wp-content\/uploads\/2021\/01\/2701.png\",\"datePublished\":\"2021-01-27T23:53:31+00:00\",\"dateModified\":\"2021-01-27T23:53:31+00:00\",\"breadcrumb\":{\"@id\":\"https:\/\/www.sitsesp.org.br\/novo\/fundacao-casa-pagou-para-ver-e-ai-esta-a-situacao-caotica-entre-servidores-e-adolescentes\/#breadcrumb\"},\"inLanguage\":\"pt-BR\",\"potentialAction\":[{\"@type\":\"ReadAction\",\"target\":[\"https:\/\/www.sitsesp.org.br\/novo\/fundacao-casa-pagou-para-ver-e-ai-esta-a-situacao-caotica-entre-servidores-e-adolescentes\/\"]}]},{\"@type\":\"ImageObject\",\"inLanguage\":\"pt-BR\",\"@id\":\"https:\/\/www.sitsesp.org.br\/novo\/fundacao-casa-pagou-para-ver-e-ai-esta-a-situacao-caotica-entre-servidores-e-adolescentes\/#primaryimage\",\"url\":\"https:\/\/www.sitsesp.org.br\/novo\/wp-content\/uploads\/2021\/01\/2701.png\",\"contentUrl\":\"https:\/\/www.sitsesp.org.br\/novo\/wp-content\/uploads\/2021\/01\/2701.png\",\"width\":640,\"height\":800},{\"@type\":\"BreadcrumbList\",\"@id\":\"https:\/\/www.sitsesp.org.br\/novo\/fundacao-casa-pagou-para-ver-e-ai-esta-a-situacao-caotica-entre-servidores-e-adolescentes\/#breadcrumb\",\"itemListElement\":[{\"@type\":\"ListItem\",\"position\":1,\"name\":\"In\u00edcio\",\"item\":\"https:\/\/www.sitsesp.org.br\/novo\/\"},{\"@type\":\"ListItem\",\"position\":2,\"name\":\"Funda\u00e7\u00e3o CASA pagou para ver, e a\u00ed est\u00e1 a situa\u00e7\u00e3o ca\u00f3tica entre servidores e adolescentes\"}]},{\"@type\":\"WebSite\",\"@id\":\"https:\/\/www.sitsesp.org.br\/novo\/#website\",\"url\":\"https:\/\/www.sitsesp.org.br\/novo\/\",\"name\":\"Sitsesp\",\"description\":\"SIndicato da Socioeduca\u00e7\u00e3o do Estado de S\u00e3o Paulo\",\"publisher\":{\"@id\":\"https:\/\/www.sitsesp.org.br\/novo\/#organization\"},\"potentialAction\":[{\"@type\":\"SearchAction\",\"target\":{\"@type\":\"EntryPoint\",\"urlTemplate\":\"https:\/\/www.sitsesp.org.br\/novo\/?s={search_term_string}\"},\"query-input\":\"required name=search_term_string\"}],\"inLanguage\":\"pt-BR\"},{\"@type\":\"Organization\",\"@id\":\"https:\/\/www.sitsesp.org.br\/novo\/#organization\",\"name\":\"Sitsesp\",\"url\":\"https:\/\/www.sitsesp.org.br\/novo\/\",\"logo\":{\"@type\":\"ImageObject\",\"inLanguage\":\"pt-BR\",\"@id\":\"https:\/\/www.sitsesp.org.br\/novo\/#\/schema\/logo\/image\/\",\"url\":\"https:\/\/www.sitsesp.org.br\/novo\/wp-content\/uploads\/2020\/09\/Design-sem-nome-1.jpg\",\"contentUrl\":\"https:\/\/www.sitsesp.org.br\/novo\/wp-content\/uploads\/2020\/09\/Design-sem-nome-1.jpg\",\"width\":300,\"height\":300,\"caption\":\"Sitsesp\"},\"image\":{\"@id\":\"https:\/\/www.sitsesp.org.br\/novo\/#\/schema\/logo\/image\/\"}},{\"@type\":\"Person\",\"@id\":\"https:\/\/www.sitsesp.org.br\/novo\/#\/schema\/person\/28e42eec160f373e81d0183b3643edbf\",\"name\":\"imprensa\",\"image\":{\"@type\":\"ImageObject\",\"inLanguage\":\"pt-BR\",\"@id\":\"https:\/\/www.sitsesp.org.br\/novo\/#\/schema\/person\/image\/\",\"url\":\"https:\/\/secure.gravatar.com\/avatar\/8d6ccd8d7d52b8959f34154e87d3fa29?s=96&d=mm&r=g\",\"contentUrl\":\"https:\/\/secure.gravatar.com\/avatar\/8d6ccd8d7d52b8959f34154e87d3fa29?s=96&d=mm&r=g\",\"caption\":\"imprensa\"}}]}<\/script>\n<!-- \/ Yoast SEO plugin. -->","yoast_head_json":{"title":"Funda\u00e7\u00e3o CASA pagou para ver, e a\u00ed est\u00e1 a situa\u00e7\u00e3o ca\u00f3tica entre servidores e adolescentes - SITSESP","robots":{"index":"index","follow":"follow","max-snippet":"max-snippet:-1","max-image-preview":"max-image-preview:large","max-video-preview":"max-video-preview:-1"},"canonical":"https:\/\/www.sitsesp.org.br\/novo\/fundacao-casa-pagou-para-ver-e-ai-esta-a-situacao-caotica-entre-servidores-e-adolescentes\/","og_locale":"pt_BR","og_type":"article","og_title":"Funda\u00e7\u00e3o CASA pagou para ver, e a\u00ed est\u00e1 a situa\u00e7\u00e3o ca\u00f3tica entre servidores e adolescentes - SITSESP","og_description":"Atendendo den\u00fancias realizadas por servidores do Centro CASA Sert\u00e3ozinho alegando o alto n\u00famero de COVID-19 entre adolescentes e servidores, o Diretor&hellip;","og_url":"https:\/\/www.sitsesp.org.br\/novo\/fundacao-casa-pagou-para-ver-e-ai-esta-a-situacao-caotica-entre-servidores-e-adolescentes\/","og_site_name":"SITSESP","article_published_time":"2021-01-27T23:53:31+00:00","og_image":[{"width":640,"height":800,"url":"https:\/\/www.sitsesp.org.br\/novo\/wp-content\/uploads\/2021\/01\/2701.png","type":"image\/png"}],"author":"imprensa","twitter_card":"summary_large_image","twitter_misc":{"Escrito por":"imprensa","Est. tempo de leitura":"2 minutos"},"schema":{"@context":"https:\/\/schema.org","@graph":[{"@type":"Article","@id":"https:\/\/www.sitsesp.org.br\/novo\/fundacao-casa-pagou-para-ver-e-ai-esta-a-situacao-caotica-entre-servidores-e-adolescentes\/#article","isPartOf":{"@id":"https:\/\/www.sitsesp.org.br\/novo\/fundacao-casa-pagou-para-ver-e-ai-esta-a-situacao-caotica-entre-servidores-e-adolescentes\/"},"author":{"name":"imprensa","@id":"https:\/\/www.sitsesp.org.br\/novo\/#\/schema\/person\/28e42eec160f373e81d0183b3643edbf"},"headline":"Funda\u00e7\u00e3o CASA pagou para ver, e a\u00ed est\u00e1 a situa\u00e7\u00e3o ca\u00f3tica entre servidores e adolescentes","datePublished":"2021-01-27T23:53:31+00:00","dateModified":"2021-01-27T23:53:31+00:00","mainEntityOfPage":{"@id":"https:\/\/www.sitsesp.org.br\/novo\/fundacao-casa-pagou-para-ver-e-ai-esta-a-situacao-caotica-entre-servidores-e-adolescentes\/"},"wordCount":471,"commentCount":0,"publisher":{"@id":"https:\/\/www.sitsesp.org.br\/novo\/#organization"},"image":{"@id":"https:\/\/www.sitsesp.org.br\/novo\/fundacao-casa-pagou-para-ver-e-ai-esta-a-situacao-caotica-entre-servidores-e-adolescentes\/#primaryimage"},"thumbnailUrl":"https:\/\/www.sitsesp.org.br\/novo\/wp-content\/uploads\/2021\/01\/2701.png","keywords":["covid19","Funda\u00e7\u00e3o CASA","SA\u00daDE MENTAL","SINDICATO","SITSESP","SOCIOEDUCA\u00c7\u00c3O"],"articleSection":["Destaque","Noticias"],"inLanguage":"pt-BR","potentialAction":[{"@type":"CommentAction","name":"Comment","target":["https:\/\/www.sitsesp.org.br\/novo\/fundacao-casa-pagou-para-ver-e-ai-esta-a-situacao-caotica-entre-servidores-e-adolescentes\/#respond"]}]},{"@type":"WebPage","@id":"https:\/\/www.sitsesp.org.br\/novo\/fundacao-casa-pagou-para-ver-e-ai-esta-a-situacao-caotica-entre-servidores-e-adolescentes\/","url":"https:\/\/www.sitsesp.org.br\/novo\/fundacao-casa-pagou-para-ver-e-ai-esta-a-situacao-caotica-entre-servidores-e-adolescentes\/","name":"Funda\u00e7\u00e3o CASA pagou para ver, e a\u00ed est\u00e1 a situa\u00e7\u00e3o ca\u00f3tica entre servidores e adolescentes - SITSESP","isPartOf":{"@id":"https:\/\/www.sitsesp.org.br\/novo\/#website"},"primaryImageOfPage":{"@id":"https:\/\/www.sitsesp.org.br\/novo\/fundacao-casa-pagou-para-ver-e-ai-esta-a-situacao-caotica-entre-servidores-e-adolescentes\/#primaryimage"},"image":{"@id":"https:\/\/www.sitsesp.org.br\/novo\/fundacao-casa-pagou-para-ver-e-ai-esta-a-situacao-caotica-entre-servidores-e-adolescentes\/#primaryimage"},"thumbnailUrl":"https:\/\/www.sitsesp.org.br\/novo\/wp-content\/uploads\/2021\/01\/2701.png","datePublished":"2021-01-27T23:53:31+00:00","dateModified":"2021-01-27T23:53:31+00:00","breadcrumb":{"@id":"https:\/\/www.sitsesp.org.br\/novo\/fundacao-casa-pagou-para-ver-e-ai-esta-a-situacao-caotica-entre-servidores-e-adolescentes\/#breadcrumb"},"inLanguage":"pt-BR","potentialAction":[{"@type":"ReadAction","target":["https:\/\/www.sitsesp.org.br\/novo\/fundacao-casa-pagou-para-ver-e-ai-esta-a-situacao-caotica-entre-servidores-e-adolescentes\/"]}]},{"@type":"ImageObject","inLanguage":"pt-BR","@id":"https:\/\/www.sitsesp.org.br\/novo\/fundacao-casa-pagou-para-ver-e-ai-esta-a-situacao-caotica-entre-servidores-e-adolescentes\/#primaryimage","url":"https:\/\/www.sitsesp.org.br\/novo\/wp-content\/uploads\/2021\/01\/2701.png","contentUrl":"https:\/\/www.sitsesp.org.br\/novo\/wp-content\/uploads\/2021\/01\/2701.png","width":640,"height":800},{"@type":"BreadcrumbList","@id":"https:\/\/www.sitsesp.org.br\/novo\/fundacao-casa-pagou-para-ver-e-ai-esta-a-situacao-caotica-entre-servidores-e-adolescentes\/#breadcrumb","itemListElement":[{"@type":"ListItem","position":1,"name":"In\u00edcio","item":"https:\/\/www.sitsesp.org.br\/novo\/"},{"@type":"ListItem","position":2,"name":"Funda\u00e7\u00e3o CASA pagou para ver, e a\u00ed est\u00e1 a situa\u00e7\u00e3o ca\u00f3tica entre servidores e adolescentes"}]},{"@type":"WebSite","@id":"https:\/\/www.sitsesp.org.br\/novo\/#website","url":"https:\/\/www.sitsesp.org.br\/novo\/","name":"Sitsesp","description":"SIndicato da Socioeduca\u00e7\u00e3o do Estado de S\u00e3o Paulo","publisher":{"@id":"https:\/\/www.sitsesp.org.br\/novo\/#organization"},"potentialAction":[{"@type":"SearchAction","target":{"@type":"EntryPoint","urlTemplate":"https:\/\/www.sitsesp.org.br\/novo\/?s={search_term_string}"},"query-input":"required name=search_term_string"}],"inLanguage":"pt-BR"},{"@type":"Organization","@id":"https:\/\/www.sitsesp.org.br\/novo\/#organization","name":"Sitsesp","url":"https:\/\/www.sitsesp.org.br\/novo\/","logo":{"@type":"ImageObject","inLanguage":"pt-BR","@id":"https:\/\/www.sitsesp.org.br\/novo\/#\/schema\/logo\/image\/","url":"https:\/\/www.sitsesp.org.br\/novo\/wp-content\/uploads\/2020\/09\/Design-sem-nome-1.jpg","contentUrl":"https:\/\/www.sitsesp.org.br\/novo\/wp-content\/uploads\/2020\/09\/Design-sem-nome-1.jpg","width":300,"height":300,"caption":"Sitsesp"},"image":{"@id":"https:\/\/www.sitsesp.org.br\/novo\/#\/schema\/logo\/image\/"}},{"@type":"Person","@id":"https:\/\/www.sitsesp.org.br\/novo\/#\/schema\/person\/28e42eec160f373e81d0183b3643edbf","name":"imprensa","image":{"@type":"ImageObject","inLanguage":"pt-BR","@id":"https:\/\/www.sitsesp.org.br\/novo\/#\/schema\/person\/image\/","url":"https:\/\/secure.gravatar.com\/avatar\/8d6ccd8d7d52b8959f34154e87d3fa29?s=96&d=mm&r=g","contentUrl":"https:\/\/secure.gravatar.com\/avatar\/8d6ccd8d7d52b8959f34154e87d3fa29?s=96&d=mm&r=g","caption":"imprensa"}}]}},"_links":{"self":[{"href":"https:\/\/www.sitsesp.org.br\/novo\/wp-json\/wp\/v2\/posts\/5396"}],"collection":[{"href":"https:\/\/www.sitsesp.org.br\/novo\/wp-json\/wp\/v2\/posts"}],"about":[{"href":"https:\/\/www.sitsesp.org.br\/novo\/wp-json\/wp\/v2\/types\/post"}],"author":[{"embeddable":true,"href":"https:\/\/www.sitsesp.org.br\/novo\/wp-json\/wp\/v2\/users\/5"}],"replies":[{"embeddable":true,"href":"https:\/\/www.sitsesp.org.br\/novo\/wp-json\/wp\/v2\/comments?post=5396"}],"version-history":[{"count":1,"href":"https:\/\/www.sitsesp.org.br\/novo\/wp-json\/wp\/v2\/posts\/5396\/revisions"}],"predecessor-version":[{"id":5398,"href":"https:\/\/www.sitsesp.org.br\/novo\/wp-json\/wp\/v2\/posts\/5396\/revisions\/5398"}],"wp:featuredmedia":[{"embeddable":true,"href":"https:\/\/www.sitsesp.org.br\/novo\/wp-json\/wp\/v2\/media\/5397"}],"wp:attachment":[{"href":"https:\/\/www.sitsesp.org.br\/novo\/wp-json\/wp\/v2\/media?parent=5396"}],"wp:term":[{"taxonomy":"category","embeddable":true,"href":"https:\/\/www.sitsesp.org.br\/novo\/wp-json\/wp\/v2\/categories?post=5396"},{"taxonomy":"post_tag","embeddable":true,"href":"https:\/\/www.sitsesp.org.br\/novo\/wp-json\/wp\/v2\/tags?post=5396"}],"curies":[{"name":"wp","href":"https:\/\/api.w.org\/{rel}","templated":true}]}}