{"id":5447,"date":"2021-02-10T09:46:14","date_gmt":"2021-02-10T12:46:14","guid":{"rendered":"https:\/\/sitsesp.org.br\/novo\/?p=5447"},"modified":"2021-02-10T09:46:14","modified_gmt":"2021-02-10T12:46:14","slug":"suspensao-de-atividades-dos-casas-nelson-mandela-rio-negro-guaianases-i-e-ii","status":"publish","type":"post","link":"https:\/\/www.sitsesp.org.br\/novo\/suspensao-de-atividades-dos-casas-nelson-mandela-rio-negro-guaianases-i-e-ii\/","title":{"rendered":"Suspens\u00e3o de atividades dos Casas Nelson Mandela, Rio Negro, Guaianases I e II"},"content":{"rendered":"<p><!-- VideographyWP Plugin Message: Automatic video embedding prevented by plugin options. --><br \/>\nA gest\u00e3o Reconstru\u00e7\u00e3o e Luta, assim como os servidores que trabalham nos Casas Nelson Mandela, Rio Negro, Guaianases I e II, tomam com surpresa o fechamento tempor\u00e1rio dessas unidades visto que a Funda\u00e7\u00e3o CASA n\u00e3o informou com anteced\u00eancia os servidores dessas unidades nem a entidade sindical que representa e protege os direitos da categoria. A gest\u00e3o Reconstru\u00e7\u00e3o e Luta considera esse fato grave, pois ao inv\u00e9s de prevenir conflitos entre entidade sindical e funda\u00e7\u00e3o, acabam provocando-os.<\/p>\n<p>Em 14 de janeiro, o SITSESP encaminhou o of\u00edcio 10\/2021 requerendo informa\u00e7\u00f5es sobre o fechamento do Casa Nelson Mandela: a) se a suspens\u00e3o \u00e9 provis\u00f3ria ou definitiva; b) se provis\u00f3ria, qual previs\u00e3o de reabertura.<\/p>\n<p>Em 22 de janeiro a Funda\u00e7\u00e3o encaminhou o of\u00edcio 043\/2021, esclarecendo a \u201csuspens\u00e3o tempor\u00e1ria das atividades do CASA Nelson Mandela\u201d devido a \u201crescis\u00e3o do Termo de Colabora\u00e7\u00e3o com a OSC que compartilhava a gest\u00e3o\u201d e dizendo que os \u201cfuncion\u00e1rios da Funda\u00e7\u00e3o CASA foram remanejados temporariamente para o CASA Bauru e CASA Botucatu, n\u00e3o havendo qualquer preju\u00edzo quanto a realoca\u00e7\u00e3o, vez que foi providenciado transporte aos servidores\u201d. A Funda\u00e7\u00e3o condiciona a reabertura do Casa Nelson Mandela com a \u201cformaliza\u00e7\u00e3o de contratos de alimenta\u00e7\u00e3o, transporte, g\u00e1s e outros insumos; inclusive do preenchimento do quadro de pessoal\u201d, pois o Centro n\u00e3o conta com uma equipe integral de servidores p\u00fablicos.<\/p>\n<p>Em visita dos diretores do SITSESP ao Casa Rio Negro em Franco da Rocha, unidade que tamb\u00e9m ser\u00e1 fechada at\u00e9 o 08 de mar\u00e7o, &#8220;coletamos depoimentos dos servidores, os quais relatam que esse fechamento se d\u00e1 pela resist\u00eancia dos trabalhadores para n\u00e3o serem transferidos \u00e0 cidade de Campinas, j\u00e1 que essa unidade conta com baixo efetivo de funcion\u00e1rios&#8221;, informa, Emerson Feitosa.<\/p>\n<p>A gest\u00e3o Reconstru\u00e7\u00e3o e Luta, al\u00e9m de refor\u00e7ar a necessidade de concursos p\u00fablicos para o funcionamento adequado dos centros de atendimento socioeducativo, est\u00e1 preparando uma a\u00e7\u00e3o jur\u00eddica buscando o impedimento da suspens\u00e3o de atividades destes Centros.<\/p>\n<p><strong>FA\u00c7A VALER A LUTA, N\u00c3O ESPERE QUE OUTROS FA\u00c7AM POR VOC\u00ca!<\/strong><br \/>\n<strong>O SITSESP \u00c9 DE TODOS, PARA TODOS, LUTANDO COM TODOS!<\/strong><br \/>\n<strong>FILIE-SE AO NOVO SITSESP<\/strong><\/p>\n","protected":false},"excerpt":{"rendered":"<p>A gest\u00e3o Reconstru\u00e7\u00e3o e Luta, assim como os servidores que trabalham nos Casas Nelson Mandela, Rio Negro, Guaianases I e II,&hellip;<\/p>\n","protected":false},"author":5,"featured_media":5448,"comment_status":"open","ping_status":"open","sticky":false,"template":"","format":"standard","meta":{"cybocfi_hide_featured_image":"","footnotes":""},"categories":[27,22],"tags":[45,38,50,48,40,37],"yoast_head":"<!-- This site is optimized with the Yoast SEO plugin v22.8 - https:\/\/yoast.com\/wordpress\/plugins\/seo\/ -->\n<title>Suspens\u00e3o de atividades dos Casas Nelson Mandela, Rio Negro, Guaianases I e II - SITSESP<\/title>\n<meta name=\"robots\" content=\"index, follow, max-snippet:-1, max-image-preview:large, max-video-preview:-1\" \/>\n<link rel=\"canonical\" href=\"https:\/\/www.sitsesp.org.br\/novo\/suspensao-de-atividades-dos-casas-nelson-mandela-rio-negro-guaianases-i-e-ii\/\" \/>\n<meta property=\"og:locale\" content=\"pt_BR\" \/>\n<meta property=\"og:type\" content=\"article\" \/>\n<meta property=\"og:title\" content=\"Suspens\u00e3o de atividades dos Casas Nelson Mandela, Rio Negro, Guaianases I e II - SITSESP\" \/>\n<meta property=\"og:description\" content=\"A gest\u00e3o Reconstru\u00e7\u00e3o e Luta, assim como os servidores que trabalham nos Casas Nelson Mandela, Rio Negro, Guaianases I e II,&hellip;\" \/>\n<meta property=\"og:url\" content=\"https:\/\/www.sitsesp.org.br\/novo\/suspensao-de-atividades-dos-casas-nelson-mandela-rio-negro-guaianases-i-e-ii\/\" \/>\n<meta property=\"og:site_name\" content=\"SITSESP\" \/>\n<meta property=\"article:published_time\" content=\"2021-02-10T12:46:14+00:00\" \/>\n<meta property=\"og:image\" content=\"https:\/\/www.sitsesp.org.br\/novo\/wp-content\/uploads\/2021\/02\/1002.png\" \/>\n\t<meta property=\"og:image:width\" content=\"566\" \/>\n\t<meta property=\"og:image:height\" content=\"800\" \/>\n\t<meta property=\"og:image:type\" content=\"image\/png\" \/>\n<meta name=\"author\" content=\"imprensa\" \/>\n<meta name=\"twitter:card\" content=\"summary_large_image\" \/>\n<meta name=\"twitter:label1\" content=\"Escrito por\" \/>\n\t<meta name=\"twitter:data1\" content=\"imprensa\" \/>\n\t<meta name=\"twitter:label2\" content=\"Est. tempo de leitura\" \/>\n\t<meta name=\"twitter:data2\" content=\"2 minutos\" \/>\n<script type=\"application\/ld+json\" class=\"yoast-schema-graph\">{\"@context\":\"https:\/\/schema.org\",\"@graph\":[{\"@type\":\"Article\",\"@id\":\"https:\/\/www.sitsesp.org.br\/novo\/suspensao-de-atividades-dos-casas-nelson-mandela-rio-negro-guaianases-i-e-ii\/#article\",\"isPartOf\":{\"@id\":\"https:\/\/www.sitsesp.org.br\/novo\/suspensao-de-atividades-dos-casas-nelson-mandela-rio-negro-guaianases-i-e-ii\/\"},\"author\":{\"name\":\"imprensa\",\"@id\":\"https:\/\/www.sitsesp.org.br\/novo\/#\/schema\/person\/28e42eec160f373e81d0183b3643edbf\"},\"headline\":\"Suspens\u00e3o de atividades dos Casas Nelson Mandela, Rio Negro, Guaianases I e II\",\"datePublished\":\"2021-02-10T12:46:14+00:00\",\"dateModified\":\"2021-02-10T12:46:14+00:00\",\"mainEntityOfPage\":{\"@id\":\"https:\/\/www.sitsesp.org.br\/novo\/suspensao-de-atividades-dos-casas-nelson-mandela-rio-negro-guaianases-i-e-ii\/\"},\"wordCount\":394,\"commentCount\":0,\"publisher\":{\"@id\":\"https:\/\/www.sitsesp.org.br\/novo\/#organization\"},\"image\":{\"@id\":\"https:\/\/www.sitsesp.org.br\/novo\/suspensao-de-atividades-dos-casas-nelson-mandela-rio-negro-guaianases-i-e-ii\/#primaryimage\"},\"thumbnailUrl\":\"https:\/\/www.sitsesp.org.br\/novo\/wp-content\/uploads\/2021\/02\/1002.png\",\"keywords\":[\"2021\",\"Funda\u00e7\u00e3o CASA\",\"JUR\u00cdDICO\",\"pandemia\",\"SINDICATO\",\"SITSESP\"],\"articleSection\":[\"Destaque\",\"Noticias\"],\"inLanguage\":\"pt-BR\",\"potentialAction\":[{\"@type\":\"CommentAction\",\"name\":\"Comment\",\"target\":[\"https:\/\/www.sitsesp.org.br\/novo\/suspensao-de-atividades-dos-casas-nelson-mandela-rio-negro-guaianases-i-e-ii\/#respond\"]}]},{\"@type\":\"WebPage\",\"@id\":\"https:\/\/www.sitsesp.org.br\/novo\/suspensao-de-atividades-dos-casas-nelson-mandela-rio-negro-guaianases-i-e-ii\/\",\"url\":\"https:\/\/www.sitsesp.org.br\/novo\/suspensao-de-atividades-dos-casas-nelson-mandela-rio-negro-guaianases-i-e-ii\/\",\"name\":\"Suspens\u00e3o de atividades dos Casas Nelson Mandela, Rio Negro, Guaianases I e II - SITSESP\",\"isPartOf\":{\"@id\":\"https:\/\/www.sitsesp.org.br\/novo\/#website\"},\"primaryImageOfPage\":{\"@id\":\"https:\/\/www.sitsesp.org.br\/novo\/suspensao-de-atividades-dos-casas-nelson-mandela-rio-negro-guaianases-i-e-ii\/#primaryimage\"},\"image\":{\"@id\":\"https:\/\/www.sitsesp.org.br\/novo\/suspensao-de-atividades-dos-casas-nelson-mandela-rio-negro-guaianases-i-e-ii\/#primaryimage\"},\"thumbnailUrl\":\"https:\/\/www.sitsesp.org.br\/novo\/wp-content\/uploads\/2021\/02\/1002.png\",\"datePublished\":\"2021-02-10T12:46:14+00:00\",\"dateModified\":\"2021-02-10T12:46:14+00:00\",\"breadcrumb\":{\"@id\":\"https:\/\/www.sitsesp.org.br\/novo\/suspensao-de-atividades-dos-casas-nelson-mandela-rio-negro-guaianases-i-e-ii\/#breadcrumb\"},\"inLanguage\":\"pt-BR\",\"potentialAction\":[{\"@type\":\"ReadAction\",\"target\":[\"https:\/\/www.sitsesp.org.br\/novo\/suspensao-de-atividades-dos-casas-nelson-mandela-rio-negro-guaianases-i-e-ii\/\"]}]},{\"@type\":\"ImageObject\",\"inLanguage\":\"pt-BR\",\"@id\":\"https:\/\/www.sitsesp.org.br\/novo\/suspensao-de-atividades-dos-casas-nelson-mandela-rio-negro-guaianases-i-e-ii\/#primaryimage\",\"url\":\"https:\/\/www.sitsesp.org.br\/novo\/wp-content\/uploads\/2021\/02\/1002.png\",\"contentUrl\":\"https:\/\/www.sitsesp.org.br\/novo\/wp-content\/uploads\/2021\/02\/1002.png\",\"width\":566,\"height\":800},{\"@type\":\"BreadcrumbList\",\"@id\":\"https:\/\/www.sitsesp.org.br\/novo\/suspensao-de-atividades-dos-casas-nelson-mandela-rio-negro-guaianases-i-e-ii\/#breadcrumb\",\"itemListElement\":[{\"@type\":\"ListItem\",\"position\":1,\"name\":\"In\u00edcio\",\"item\":\"https:\/\/www.sitsesp.org.br\/novo\/\"},{\"@type\":\"ListItem\",\"position\":2,\"name\":\"Suspens\u00e3o de atividades dos Casas Nelson Mandela, Rio Negro, Guaianases I e II\"}]},{\"@type\":\"WebSite\",\"@id\":\"https:\/\/www.sitsesp.org.br\/novo\/#website\",\"url\":\"https:\/\/www.sitsesp.org.br\/novo\/\",\"name\":\"Sitsesp\",\"description\":\"SIndicato da Socioeduca\u00e7\u00e3o do Estado de S\u00e3o Paulo\",\"publisher\":{\"@id\":\"https:\/\/www.sitsesp.org.br\/novo\/#organization\"},\"potentialAction\":[{\"@type\":\"SearchAction\",\"target\":{\"@type\":\"EntryPoint\",\"urlTemplate\":\"https:\/\/www.sitsesp.org.br\/novo\/?s={search_term_string}\"},\"query-input\":\"required name=search_term_string\"}],\"inLanguage\":\"pt-BR\"},{\"@type\":\"Organization\",\"@id\":\"https:\/\/www.sitsesp.org.br\/novo\/#organization\",\"name\":\"Sitsesp\",\"url\":\"https:\/\/www.sitsesp.org.br\/novo\/\",\"logo\":{\"@type\":\"ImageObject\",\"inLanguage\":\"pt-BR\",\"@id\":\"https:\/\/www.sitsesp.org.br\/novo\/#\/schema\/logo\/image\/\",\"url\":\"https:\/\/www.sitsesp.org.br\/novo\/wp-content\/uploads\/2020\/09\/Design-sem-nome-1.jpg\",\"contentUrl\":\"https:\/\/www.sitsesp.org.br\/novo\/wp-content\/uploads\/2020\/09\/Design-sem-nome-1.jpg\",\"width\":300,\"height\":300,\"caption\":\"Sitsesp\"},\"image\":{\"@id\":\"https:\/\/www.sitsesp.org.br\/novo\/#\/schema\/logo\/image\/\"}},{\"@type\":\"Person\",\"@id\":\"https:\/\/www.sitsesp.org.br\/novo\/#\/schema\/person\/28e42eec160f373e81d0183b3643edbf\",\"name\":\"imprensa\",\"image\":{\"@type\":\"ImageObject\",\"inLanguage\":\"pt-BR\",\"@id\":\"https:\/\/www.sitsesp.org.br\/novo\/#\/schema\/person\/image\/\",\"url\":\"https:\/\/secure.gravatar.com\/avatar\/8d6ccd8d7d52b8959f34154e87d3fa29?s=96&d=mm&r=g\",\"contentUrl\":\"https:\/\/secure.gravatar.com\/avatar\/8d6ccd8d7d52b8959f34154e87d3fa29?s=96&d=mm&r=g\",\"caption\":\"imprensa\"}}]}<\/script>\n<!-- \/ Yoast SEO plugin. -->","yoast_head_json":{"title":"Suspens\u00e3o de atividades dos Casas Nelson Mandela, Rio Negro, Guaianases I e II - SITSESP","robots":{"index":"index","follow":"follow","max-snippet":"max-snippet:-1","max-image-preview":"max-image-preview:large","max-video-preview":"max-video-preview:-1"},"canonical":"https:\/\/www.sitsesp.org.br\/novo\/suspensao-de-atividades-dos-casas-nelson-mandela-rio-negro-guaianases-i-e-ii\/","og_locale":"pt_BR","og_type":"article","og_title":"Suspens\u00e3o de atividades dos Casas Nelson Mandela, Rio Negro, Guaianases I e II - SITSESP","og_description":"A gest\u00e3o Reconstru\u00e7\u00e3o e Luta, assim como os servidores que trabalham nos Casas Nelson Mandela, Rio Negro, Guaianases I e II,&hellip;","og_url":"https:\/\/www.sitsesp.org.br\/novo\/suspensao-de-atividades-dos-casas-nelson-mandela-rio-negro-guaianases-i-e-ii\/","og_site_name":"SITSESP","article_published_time":"2021-02-10T12:46:14+00:00","og_image":[{"width":566,"height":800,"url":"https:\/\/www.sitsesp.org.br\/novo\/wp-content\/uploads\/2021\/02\/1002.png","type":"image\/png"}],"author":"imprensa","twitter_card":"summary_large_image","twitter_misc":{"Escrito por":"imprensa","Est. tempo de leitura":"2 minutos"},"schema":{"@context":"https:\/\/schema.org","@graph":[{"@type":"Article","@id":"https:\/\/www.sitsesp.org.br\/novo\/suspensao-de-atividades-dos-casas-nelson-mandela-rio-negro-guaianases-i-e-ii\/#article","isPartOf":{"@id":"https:\/\/www.sitsesp.org.br\/novo\/suspensao-de-atividades-dos-casas-nelson-mandela-rio-negro-guaianases-i-e-ii\/"},"author":{"name":"imprensa","@id":"https:\/\/www.sitsesp.org.br\/novo\/#\/schema\/person\/28e42eec160f373e81d0183b3643edbf"},"headline":"Suspens\u00e3o de atividades dos Casas Nelson Mandela, Rio Negro, Guaianases I e II","datePublished":"2021-02-10T12:46:14+00:00","dateModified":"2021-02-10T12:46:14+00:00","mainEntityOfPage":{"@id":"https:\/\/www.sitsesp.org.br\/novo\/suspensao-de-atividades-dos-casas-nelson-mandela-rio-negro-guaianases-i-e-ii\/"},"wordCount":394,"commentCount":0,"publisher":{"@id":"https:\/\/www.sitsesp.org.br\/novo\/#organization"},"image":{"@id":"https:\/\/www.sitsesp.org.br\/novo\/suspensao-de-atividades-dos-casas-nelson-mandela-rio-negro-guaianases-i-e-ii\/#primaryimage"},"thumbnailUrl":"https:\/\/www.sitsesp.org.br\/novo\/wp-content\/uploads\/2021\/02\/1002.png","keywords":["2021","Funda\u00e7\u00e3o CASA","JUR\u00cdDICO","pandemia","SINDICATO","SITSESP"],"articleSection":["Destaque","Noticias"],"inLanguage":"pt-BR","potentialAction":[{"@type":"CommentAction","name":"Comment","target":["https:\/\/www.sitsesp.org.br\/novo\/suspensao-de-atividades-dos-casas-nelson-mandela-rio-negro-guaianases-i-e-ii\/#respond"]}]},{"@type":"WebPage","@id":"https:\/\/www.sitsesp.org.br\/novo\/suspensao-de-atividades-dos-casas-nelson-mandela-rio-negro-guaianases-i-e-ii\/","url":"https:\/\/www.sitsesp.org.br\/novo\/suspensao-de-atividades-dos-casas-nelson-mandela-rio-negro-guaianases-i-e-ii\/","name":"Suspens\u00e3o de atividades dos Casas Nelson Mandela, Rio Negro, Guaianases I e II - SITSESP","isPartOf":{"@id":"https:\/\/www.sitsesp.org.br\/novo\/#website"},"primaryImageOfPage":{"@id":"https:\/\/www.sitsesp.org.br\/novo\/suspensao-de-atividades-dos-casas-nelson-mandela-rio-negro-guaianases-i-e-ii\/#primaryimage"},"image":{"@id":"https:\/\/www.sitsesp.org.br\/novo\/suspensao-de-atividades-dos-casas-nelson-mandela-rio-negro-guaianases-i-e-ii\/#primaryimage"},"thumbnailUrl":"https:\/\/www.sitsesp.org.br\/novo\/wp-content\/uploads\/2021\/02\/1002.png","datePublished":"2021-02-10T12:46:14+00:00","dateModified":"2021-02-10T12:46:14+00:00","breadcrumb":{"@id":"https:\/\/www.sitsesp.org.br\/novo\/suspensao-de-atividades-dos-casas-nelson-mandela-rio-negro-guaianases-i-e-ii\/#breadcrumb"},"inLanguage":"pt-BR","potentialAction":[{"@type":"ReadAction","target":["https:\/\/www.sitsesp.org.br\/novo\/suspensao-de-atividades-dos-casas-nelson-mandela-rio-negro-guaianases-i-e-ii\/"]}]},{"@type":"ImageObject","inLanguage":"pt-BR","@id":"https:\/\/www.sitsesp.org.br\/novo\/suspensao-de-atividades-dos-casas-nelson-mandela-rio-negro-guaianases-i-e-ii\/#primaryimage","url":"https:\/\/www.sitsesp.org.br\/novo\/wp-content\/uploads\/2021\/02\/1002.png","contentUrl":"https:\/\/www.sitsesp.org.br\/novo\/wp-content\/uploads\/2021\/02\/1002.png","width":566,"height":800},{"@type":"BreadcrumbList","@id":"https:\/\/www.sitsesp.org.br\/novo\/suspensao-de-atividades-dos-casas-nelson-mandela-rio-negro-guaianases-i-e-ii\/#breadcrumb","itemListElement":[{"@type":"ListItem","position":1,"name":"In\u00edcio","item":"https:\/\/www.sitsesp.org.br\/novo\/"},{"@type":"ListItem","position":2,"name":"Suspens\u00e3o de atividades dos Casas Nelson Mandela, Rio Negro, Guaianases I e II"}]},{"@type":"WebSite","@id":"https:\/\/www.sitsesp.org.br\/novo\/#website","url":"https:\/\/www.sitsesp.org.br\/novo\/","name":"Sitsesp","description":"SIndicato da Socioeduca\u00e7\u00e3o do Estado de S\u00e3o Paulo","publisher":{"@id":"https:\/\/www.sitsesp.org.br\/novo\/#organization"},"potentialAction":[{"@type":"SearchAction","target":{"@type":"EntryPoint","urlTemplate":"https:\/\/www.sitsesp.org.br\/novo\/?s={search_term_string}"},"query-input":"required name=search_term_string"}],"inLanguage":"pt-BR"},{"@type":"Organization","@id":"https:\/\/www.sitsesp.org.br\/novo\/#organization","name":"Sitsesp","url":"https:\/\/www.sitsesp.org.br\/novo\/","logo":{"@type":"ImageObject","inLanguage":"pt-BR","@id":"https:\/\/www.sitsesp.org.br\/novo\/#\/schema\/logo\/image\/","url":"https:\/\/www.sitsesp.org.br\/novo\/wp-content\/uploads\/2020\/09\/Design-sem-nome-1.jpg","contentUrl":"https:\/\/www.sitsesp.org.br\/novo\/wp-content\/uploads\/2020\/09\/Design-sem-nome-1.jpg","width":300,"height":300,"caption":"Sitsesp"},"image":{"@id":"https:\/\/www.sitsesp.org.br\/novo\/#\/schema\/logo\/image\/"}},{"@type":"Person","@id":"https:\/\/www.sitsesp.org.br\/novo\/#\/schema\/person\/28e42eec160f373e81d0183b3643edbf","name":"imprensa","image":{"@type":"ImageObject","inLanguage":"pt-BR","@id":"https:\/\/www.sitsesp.org.br\/novo\/#\/schema\/person\/image\/","url":"https:\/\/secure.gravatar.com\/avatar\/8d6ccd8d7d52b8959f34154e87d3fa29?s=96&d=mm&r=g","contentUrl":"https:\/\/secure.gravatar.com\/avatar\/8d6ccd8d7d52b8959f34154e87d3fa29?s=96&d=mm&r=g","caption":"imprensa"}}]}},"_links":{"self":[{"href":"https:\/\/www.sitsesp.org.br\/novo\/wp-json\/wp\/v2\/posts\/5447"}],"collection":[{"href":"https:\/\/www.sitsesp.org.br\/novo\/wp-json\/wp\/v2\/posts"}],"about":[{"href":"https:\/\/www.sitsesp.org.br\/novo\/wp-json\/wp\/v2\/types\/post"}],"author":[{"embeddable":true,"href":"https:\/\/www.sitsesp.org.br\/novo\/wp-json\/wp\/v2\/users\/5"}],"replies":[{"embeddable":true,"href":"https:\/\/www.sitsesp.org.br\/novo\/wp-json\/wp\/v2\/comments?post=5447"}],"version-history":[{"count":1,"href":"https:\/\/www.sitsesp.org.br\/novo\/wp-json\/wp\/v2\/posts\/5447\/revisions"}],"predecessor-version":[{"id":5449,"href":"https:\/\/www.sitsesp.org.br\/novo\/wp-json\/wp\/v2\/posts\/5447\/revisions\/5449"}],"wp:featuredmedia":[{"embeddable":true,"href":"https:\/\/www.sitsesp.org.br\/novo\/wp-json\/wp\/v2\/media\/5448"}],"wp:attachment":[{"href":"https:\/\/www.sitsesp.org.br\/novo\/wp-json\/wp\/v2\/media?parent=5447"}],"wp:term":[{"taxonomy":"category","embeddable":true,"href":"https:\/\/www.sitsesp.org.br\/novo\/wp-json\/wp\/v2\/categories?post=5447"},{"taxonomy":"post_tag","embeddable":true,"href":"https:\/\/www.sitsesp.org.br\/novo\/wp-json\/wp\/v2\/tags?post=5447"}],"curies":[{"name":"wp","href":"https:\/\/api.w.org\/{rel}","templated":true}]}}