{"id":5487,"date":"2021-02-18T13:04:59","date_gmt":"2021-02-18T16:04:59","guid":{"rendered":"https:\/\/sitsesp.org.br\/novo\/?p=5487"},"modified":"2021-02-18T13:04:59","modified_gmt":"2021-02-18T16:04:59","slug":"17-de-fevereiro-de-2021-16-anos-da-demissao-dos-1751-trabalhadores-e-trabalhadoras","status":"publish","type":"post","link":"https:\/\/www.sitsesp.org.br\/novo\/17-de-fevereiro-de-2021-16-anos-da-demissao-dos-1751-trabalhadores-e-trabalhadoras\/","title":{"rendered":"17 de fevereiro de 2021: 16 anos da demiss\u00e3o dos 1751 trabalhadores e trabalhadoras"},"content":{"rendered":"<p><!-- VideographyWP Plugin Message: Automatic video embedding prevented by plugin options. --><br \/>\n17 de fevereiro de 2021: 16 anos da demiss\u00e3o dos 1751 trabalhadores e trabalhadoras.<br \/>\nPor Aline Salvador<\/p>\n<p>Fomos recebidos pelo CHOQUE da PM, tratados como bandidos.<br \/>\nFelizmente retornamos ao trabalho, por\u00e9m, h\u00e1 muitas sequelas daquele tempo, do que ocorreu.<br \/>\nN\u00e3o d\u00e1 para esquecer essa data, muito se perdeu, companheiros se mataram, perderam suas casas, vivenciamos situa\u00e7\u00f5es que nenhum trabalhador merece.<\/p>\n<p>De acordo com o relato de um agente, <strong>era madrugada quando os policiais se posicionaram na porta da funda\u00e7\u00e3o para impedir a entrada dos empregados que chegavam, enquanto outros, dentro da unidade, expulsavam os que j\u00e1 haviam iniciado as atividades, retendo seus pertences<\/strong>. Em raz\u00e3o da publicidade dos fatos, ele afirmou ter sofrido ofensas verbais da vizinhan\u00e7a e de colegas, al\u00e9m de ter sido inclu\u00eddo no Servi\u00e7o de Prote\u00e7\u00e3o ao Cr\u00e9dito (SPC) e Serasa, em raz\u00e3o da demora de receber os valores de sua rescis\u00e3o trabalhista.<\/p>\n<p>O filme volta como um pesadelo.<br \/>\nParece que n\u00e3o aprendemos nada, a Funda\u00e7\u00e3o CASA continua da mesma forma.<br \/>\nPerdemos o foco, perdemos a garra, perdemos a ra\u00e7a, perdemos a coragem de lutar.<br \/>\nEstamos amedrontados, acovardados.<br \/>\nTudo acontecendo e n\u00e3o aprendemos com o passado.<\/p>\n<p>Queremos nosso emprego, prestamos concurso, n\u00e3o ca\u00edmos de paraquedas.<\/p>\n<p>Relembrar esse epis\u00f3dio, deve trazer for\u00e7a para os novos embates, garantir nosso emprego e nossos direitos conquistados.<\/p>\n<p><strong>FA\u00c7A VALER A LUTA, N\u00c3O ESPERE QUE OUTROS FA\u00c7AM POR VOC\u00ca!<\/strong><br \/>\n<strong>O SITSESP \u00c9 DE TODOS, PARA TODOS, LUTANDO COM TODOS!<\/strong><br \/>\n<strong>FILIE-SE AO NOVO SITSESP<\/strong>\u270a<\/p>\n","protected":false},"excerpt":{"rendered":"<p>17 de fevereiro de 2021: 16 anos da demiss\u00e3o dos 1751 trabalhadores e trabalhadoras. Por Aline Salvador Fomos recebidos pelo CHOQUE&hellip;<\/p>\n","protected":false},"author":5,"featured_media":5488,"comment_status":"open","ping_status":"open","sticky":false,"template":"","format":"standard","meta":{"cybocfi_hide_featured_image":"","footnotes":""},"categories":[27,22],"tags":[38,37,39],"yoast_head":"<!-- This site is optimized with the Yoast SEO plugin v22.8 - https:\/\/yoast.com\/wordpress\/plugins\/seo\/ -->\n<title>17 de fevereiro de 2021: 16 anos da demiss\u00e3o dos 1751 trabalhadores e trabalhadoras - SITSESP<\/title>\n<meta name=\"robots\" content=\"index, follow, max-snippet:-1, max-image-preview:large, max-video-preview:-1\" \/>\n<link rel=\"canonical\" href=\"https:\/\/www.sitsesp.org.br\/novo\/17-de-fevereiro-de-2021-16-anos-da-demissao-dos-1751-trabalhadores-e-trabalhadoras\/\" \/>\n<meta property=\"og:locale\" content=\"pt_BR\" \/>\n<meta property=\"og:type\" content=\"article\" \/>\n<meta property=\"og:title\" content=\"17 de fevereiro de 2021: 16 anos da demiss\u00e3o dos 1751 trabalhadores e trabalhadoras - SITSESP\" \/>\n<meta property=\"og:description\" content=\"17 de fevereiro de 2021: 16 anos da demiss\u00e3o dos 1751 trabalhadores e trabalhadoras. Por Aline Salvador Fomos recebidos pelo CHOQUE&hellip;\" \/>\n<meta property=\"og:url\" content=\"https:\/\/www.sitsesp.org.br\/novo\/17-de-fevereiro-de-2021-16-anos-da-demissao-dos-1751-trabalhadores-e-trabalhadoras\/\" \/>\n<meta property=\"og:site_name\" content=\"SITSESP\" \/>\n<meta property=\"article:published_time\" content=\"2021-02-18T16:04:59+00:00\" \/>\n<meta property=\"og:image\" content=\"https:\/\/www.sitsesp.org.br\/novo\/wp-content\/uploads\/2021\/02\/1702.png\" \/>\n\t<meta property=\"og:image:width\" content=\"566\" \/>\n\t<meta property=\"og:image:height\" content=\"800\" \/>\n\t<meta property=\"og:image:type\" content=\"image\/png\" \/>\n<meta name=\"author\" content=\"imprensa\" \/>\n<meta name=\"twitter:card\" content=\"summary_large_image\" \/>\n<meta name=\"twitter:label1\" content=\"Escrito por\" \/>\n\t<meta name=\"twitter:data1\" content=\"imprensa\" \/>\n\t<meta name=\"twitter:label2\" content=\"Est. tempo de leitura\" \/>\n\t<meta name=\"twitter:data2\" content=\"1 minuto\" \/>\n<script type=\"application\/ld+json\" class=\"yoast-schema-graph\">{\"@context\":\"https:\/\/schema.org\",\"@graph\":[{\"@type\":\"Article\",\"@id\":\"https:\/\/www.sitsesp.org.br\/novo\/17-de-fevereiro-de-2021-16-anos-da-demissao-dos-1751-trabalhadores-e-trabalhadoras\/#article\",\"isPartOf\":{\"@id\":\"https:\/\/www.sitsesp.org.br\/novo\/17-de-fevereiro-de-2021-16-anos-da-demissao-dos-1751-trabalhadores-e-trabalhadoras\/\"},\"author\":{\"name\":\"imprensa\",\"@id\":\"https:\/\/www.sitsesp.org.br\/novo\/#\/schema\/person\/28e42eec160f373e81d0183b3643edbf\"},\"headline\":\"17 de fevereiro de 2021: 16 anos da demiss\u00e3o dos 1751 trabalhadores e trabalhadoras\",\"datePublished\":\"2021-02-18T16:04:59+00:00\",\"dateModified\":\"2021-02-18T16:04:59+00:00\",\"mainEntityOfPage\":{\"@id\":\"https:\/\/www.sitsesp.org.br\/novo\/17-de-fevereiro-de-2021-16-anos-da-demissao-dos-1751-trabalhadores-e-trabalhadoras\/\"},\"wordCount\":271,\"commentCount\":0,\"publisher\":{\"@id\":\"https:\/\/www.sitsesp.org.br\/novo\/#organization\"},\"image\":{\"@id\":\"https:\/\/www.sitsesp.org.br\/novo\/17-de-fevereiro-de-2021-16-anos-da-demissao-dos-1751-trabalhadores-e-trabalhadoras\/#primaryimage\"},\"thumbnailUrl\":\"https:\/\/www.sitsesp.org.br\/novo\/wp-content\/uploads\/2021\/02\/1702.png\",\"keywords\":[\"Funda\u00e7\u00e3o CASA\",\"SITSESP\",\"SOCIOEDUCA\u00c7\u00c3O\"],\"articleSection\":[\"Destaque\",\"Noticias\"],\"inLanguage\":\"pt-BR\",\"potentialAction\":[{\"@type\":\"CommentAction\",\"name\":\"Comment\",\"target\":[\"https:\/\/www.sitsesp.org.br\/novo\/17-de-fevereiro-de-2021-16-anos-da-demissao-dos-1751-trabalhadores-e-trabalhadoras\/#respond\"]}]},{\"@type\":\"WebPage\",\"@id\":\"https:\/\/www.sitsesp.org.br\/novo\/17-de-fevereiro-de-2021-16-anos-da-demissao-dos-1751-trabalhadores-e-trabalhadoras\/\",\"url\":\"https:\/\/www.sitsesp.org.br\/novo\/17-de-fevereiro-de-2021-16-anos-da-demissao-dos-1751-trabalhadores-e-trabalhadoras\/\",\"name\":\"17 de fevereiro de 2021: 16 anos da demiss\u00e3o dos 1751 trabalhadores e trabalhadoras - SITSESP\",\"isPartOf\":{\"@id\":\"https:\/\/www.sitsesp.org.br\/novo\/#website\"},\"primaryImageOfPage\":{\"@id\":\"https:\/\/www.sitsesp.org.br\/novo\/17-de-fevereiro-de-2021-16-anos-da-demissao-dos-1751-trabalhadores-e-trabalhadoras\/#primaryimage\"},\"image\":{\"@id\":\"https:\/\/www.sitsesp.org.br\/novo\/17-de-fevereiro-de-2021-16-anos-da-demissao-dos-1751-trabalhadores-e-trabalhadoras\/#primaryimage\"},\"thumbnailUrl\":\"https:\/\/www.sitsesp.org.br\/novo\/wp-content\/uploads\/2021\/02\/1702.png\",\"datePublished\":\"2021-02-18T16:04:59+00:00\",\"dateModified\":\"2021-02-18T16:04:59+00:00\",\"breadcrumb\":{\"@id\":\"https:\/\/www.sitsesp.org.br\/novo\/17-de-fevereiro-de-2021-16-anos-da-demissao-dos-1751-trabalhadores-e-trabalhadoras\/#breadcrumb\"},\"inLanguage\":\"pt-BR\",\"potentialAction\":[{\"@type\":\"ReadAction\",\"target\":[\"https:\/\/www.sitsesp.org.br\/novo\/17-de-fevereiro-de-2021-16-anos-da-demissao-dos-1751-trabalhadores-e-trabalhadoras\/\"]}]},{\"@type\":\"ImageObject\",\"inLanguage\":\"pt-BR\",\"@id\":\"https:\/\/www.sitsesp.org.br\/novo\/17-de-fevereiro-de-2021-16-anos-da-demissao-dos-1751-trabalhadores-e-trabalhadoras\/#primaryimage\",\"url\":\"https:\/\/www.sitsesp.org.br\/novo\/wp-content\/uploads\/2021\/02\/1702.png\",\"contentUrl\":\"https:\/\/www.sitsesp.org.br\/novo\/wp-content\/uploads\/2021\/02\/1702.png\",\"width\":566,\"height\":800},{\"@type\":\"BreadcrumbList\",\"@id\":\"https:\/\/www.sitsesp.org.br\/novo\/17-de-fevereiro-de-2021-16-anos-da-demissao-dos-1751-trabalhadores-e-trabalhadoras\/#breadcrumb\",\"itemListElement\":[{\"@type\":\"ListItem\",\"position\":1,\"name\":\"In\u00edcio\",\"item\":\"https:\/\/www.sitsesp.org.br\/novo\/\"},{\"@type\":\"ListItem\",\"position\":2,\"name\":\"17 de fevereiro de 2021: 16 anos da demiss\u00e3o dos 1751 trabalhadores e trabalhadoras\"}]},{\"@type\":\"WebSite\",\"@id\":\"https:\/\/www.sitsesp.org.br\/novo\/#website\",\"url\":\"https:\/\/www.sitsesp.org.br\/novo\/\",\"name\":\"Sitsesp\",\"description\":\"SIndicato da Socioeduca\u00e7\u00e3o do Estado de S\u00e3o Paulo\",\"publisher\":{\"@id\":\"https:\/\/www.sitsesp.org.br\/novo\/#organization\"},\"potentialAction\":[{\"@type\":\"SearchAction\",\"target\":{\"@type\":\"EntryPoint\",\"urlTemplate\":\"https:\/\/www.sitsesp.org.br\/novo\/?s={search_term_string}\"},\"query-input\":\"required name=search_term_string\"}],\"inLanguage\":\"pt-BR\"},{\"@type\":\"Organization\",\"@id\":\"https:\/\/www.sitsesp.org.br\/novo\/#organization\",\"name\":\"Sitsesp\",\"url\":\"https:\/\/www.sitsesp.org.br\/novo\/\",\"logo\":{\"@type\":\"ImageObject\",\"inLanguage\":\"pt-BR\",\"@id\":\"https:\/\/www.sitsesp.org.br\/novo\/#\/schema\/logo\/image\/\",\"url\":\"https:\/\/www.sitsesp.org.br\/novo\/wp-content\/uploads\/2020\/09\/Design-sem-nome-1.jpg\",\"contentUrl\":\"https:\/\/www.sitsesp.org.br\/novo\/wp-content\/uploads\/2020\/09\/Design-sem-nome-1.jpg\",\"width\":300,\"height\":300,\"caption\":\"Sitsesp\"},\"image\":{\"@id\":\"https:\/\/www.sitsesp.org.br\/novo\/#\/schema\/logo\/image\/\"}},{\"@type\":\"Person\",\"@id\":\"https:\/\/www.sitsesp.org.br\/novo\/#\/schema\/person\/28e42eec160f373e81d0183b3643edbf\",\"name\":\"imprensa\",\"image\":{\"@type\":\"ImageObject\",\"inLanguage\":\"pt-BR\",\"@id\":\"https:\/\/www.sitsesp.org.br\/novo\/#\/schema\/person\/image\/\",\"url\":\"https:\/\/secure.gravatar.com\/avatar\/8d6ccd8d7d52b8959f34154e87d3fa29?s=96&d=mm&r=g\",\"contentUrl\":\"https:\/\/secure.gravatar.com\/avatar\/8d6ccd8d7d52b8959f34154e87d3fa29?s=96&d=mm&r=g\",\"caption\":\"imprensa\"}}]}<\/script>\n<!-- \/ Yoast SEO plugin. -->","yoast_head_json":{"title":"17 de fevereiro de 2021: 16 anos da demiss\u00e3o dos 1751 trabalhadores e trabalhadoras - SITSESP","robots":{"index":"index","follow":"follow","max-snippet":"max-snippet:-1","max-image-preview":"max-image-preview:large","max-video-preview":"max-video-preview:-1"},"canonical":"https:\/\/www.sitsesp.org.br\/novo\/17-de-fevereiro-de-2021-16-anos-da-demissao-dos-1751-trabalhadores-e-trabalhadoras\/","og_locale":"pt_BR","og_type":"article","og_title":"17 de fevereiro de 2021: 16 anos da demiss\u00e3o dos 1751 trabalhadores e trabalhadoras - SITSESP","og_description":"17 de fevereiro de 2021: 16 anos da demiss\u00e3o dos 1751 trabalhadores e trabalhadoras. Por Aline Salvador Fomos recebidos pelo CHOQUE&hellip;","og_url":"https:\/\/www.sitsesp.org.br\/novo\/17-de-fevereiro-de-2021-16-anos-da-demissao-dos-1751-trabalhadores-e-trabalhadoras\/","og_site_name":"SITSESP","article_published_time":"2021-02-18T16:04:59+00:00","og_image":[{"width":566,"height":800,"url":"https:\/\/www.sitsesp.org.br\/novo\/wp-content\/uploads\/2021\/02\/1702.png","type":"image\/png"}],"author":"imprensa","twitter_card":"summary_large_image","twitter_misc":{"Escrito por":"imprensa","Est. tempo de leitura":"1 minuto"},"schema":{"@context":"https:\/\/schema.org","@graph":[{"@type":"Article","@id":"https:\/\/www.sitsesp.org.br\/novo\/17-de-fevereiro-de-2021-16-anos-da-demissao-dos-1751-trabalhadores-e-trabalhadoras\/#article","isPartOf":{"@id":"https:\/\/www.sitsesp.org.br\/novo\/17-de-fevereiro-de-2021-16-anos-da-demissao-dos-1751-trabalhadores-e-trabalhadoras\/"},"author":{"name":"imprensa","@id":"https:\/\/www.sitsesp.org.br\/novo\/#\/schema\/person\/28e42eec160f373e81d0183b3643edbf"},"headline":"17 de fevereiro de 2021: 16 anos da demiss\u00e3o dos 1751 trabalhadores e trabalhadoras","datePublished":"2021-02-18T16:04:59+00:00","dateModified":"2021-02-18T16:04:59+00:00","mainEntityOfPage":{"@id":"https:\/\/www.sitsesp.org.br\/novo\/17-de-fevereiro-de-2021-16-anos-da-demissao-dos-1751-trabalhadores-e-trabalhadoras\/"},"wordCount":271,"commentCount":0,"publisher":{"@id":"https:\/\/www.sitsesp.org.br\/novo\/#organization"},"image":{"@id":"https:\/\/www.sitsesp.org.br\/novo\/17-de-fevereiro-de-2021-16-anos-da-demissao-dos-1751-trabalhadores-e-trabalhadoras\/#primaryimage"},"thumbnailUrl":"https:\/\/www.sitsesp.org.br\/novo\/wp-content\/uploads\/2021\/02\/1702.png","keywords":["Funda\u00e7\u00e3o CASA","SITSESP","SOCIOEDUCA\u00c7\u00c3O"],"articleSection":["Destaque","Noticias"],"inLanguage":"pt-BR","potentialAction":[{"@type":"CommentAction","name":"Comment","target":["https:\/\/www.sitsesp.org.br\/novo\/17-de-fevereiro-de-2021-16-anos-da-demissao-dos-1751-trabalhadores-e-trabalhadoras\/#respond"]}]},{"@type":"WebPage","@id":"https:\/\/www.sitsesp.org.br\/novo\/17-de-fevereiro-de-2021-16-anos-da-demissao-dos-1751-trabalhadores-e-trabalhadoras\/","url":"https:\/\/www.sitsesp.org.br\/novo\/17-de-fevereiro-de-2021-16-anos-da-demissao-dos-1751-trabalhadores-e-trabalhadoras\/","name":"17 de fevereiro de 2021: 16 anos da demiss\u00e3o dos 1751 trabalhadores e trabalhadoras - SITSESP","isPartOf":{"@id":"https:\/\/www.sitsesp.org.br\/novo\/#website"},"primaryImageOfPage":{"@id":"https:\/\/www.sitsesp.org.br\/novo\/17-de-fevereiro-de-2021-16-anos-da-demissao-dos-1751-trabalhadores-e-trabalhadoras\/#primaryimage"},"image":{"@id":"https:\/\/www.sitsesp.org.br\/novo\/17-de-fevereiro-de-2021-16-anos-da-demissao-dos-1751-trabalhadores-e-trabalhadoras\/#primaryimage"},"thumbnailUrl":"https:\/\/www.sitsesp.org.br\/novo\/wp-content\/uploads\/2021\/02\/1702.png","datePublished":"2021-02-18T16:04:59+00:00","dateModified":"2021-02-18T16:04:59+00:00","breadcrumb":{"@id":"https:\/\/www.sitsesp.org.br\/novo\/17-de-fevereiro-de-2021-16-anos-da-demissao-dos-1751-trabalhadores-e-trabalhadoras\/#breadcrumb"},"inLanguage":"pt-BR","potentialAction":[{"@type":"ReadAction","target":["https:\/\/www.sitsesp.org.br\/novo\/17-de-fevereiro-de-2021-16-anos-da-demissao-dos-1751-trabalhadores-e-trabalhadoras\/"]}]},{"@type":"ImageObject","inLanguage":"pt-BR","@id":"https:\/\/www.sitsesp.org.br\/novo\/17-de-fevereiro-de-2021-16-anos-da-demissao-dos-1751-trabalhadores-e-trabalhadoras\/#primaryimage","url":"https:\/\/www.sitsesp.org.br\/novo\/wp-content\/uploads\/2021\/02\/1702.png","contentUrl":"https:\/\/www.sitsesp.org.br\/novo\/wp-content\/uploads\/2021\/02\/1702.png","width":566,"height":800},{"@type":"BreadcrumbList","@id":"https:\/\/www.sitsesp.org.br\/novo\/17-de-fevereiro-de-2021-16-anos-da-demissao-dos-1751-trabalhadores-e-trabalhadoras\/#breadcrumb","itemListElement":[{"@type":"ListItem","position":1,"name":"In\u00edcio","item":"https:\/\/www.sitsesp.org.br\/novo\/"},{"@type":"ListItem","position":2,"name":"17 de fevereiro de 2021: 16 anos da demiss\u00e3o dos 1751 trabalhadores e trabalhadoras"}]},{"@type":"WebSite","@id":"https:\/\/www.sitsesp.org.br\/novo\/#website","url":"https:\/\/www.sitsesp.org.br\/novo\/","name":"Sitsesp","description":"SIndicato da Socioeduca\u00e7\u00e3o do Estado de S\u00e3o Paulo","publisher":{"@id":"https:\/\/www.sitsesp.org.br\/novo\/#organization"},"potentialAction":[{"@type":"SearchAction","target":{"@type":"EntryPoint","urlTemplate":"https:\/\/www.sitsesp.org.br\/novo\/?s={search_term_string}"},"query-input":"required name=search_term_string"}],"inLanguage":"pt-BR"},{"@type":"Organization","@id":"https:\/\/www.sitsesp.org.br\/novo\/#organization","name":"Sitsesp","url":"https:\/\/www.sitsesp.org.br\/novo\/","logo":{"@type":"ImageObject","inLanguage":"pt-BR","@id":"https:\/\/www.sitsesp.org.br\/novo\/#\/schema\/logo\/image\/","url":"https:\/\/www.sitsesp.org.br\/novo\/wp-content\/uploads\/2020\/09\/Design-sem-nome-1.jpg","contentUrl":"https:\/\/www.sitsesp.org.br\/novo\/wp-content\/uploads\/2020\/09\/Design-sem-nome-1.jpg","width":300,"height":300,"caption":"Sitsesp"},"image":{"@id":"https:\/\/www.sitsesp.org.br\/novo\/#\/schema\/logo\/image\/"}},{"@type":"Person","@id":"https:\/\/www.sitsesp.org.br\/novo\/#\/schema\/person\/28e42eec160f373e81d0183b3643edbf","name":"imprensa","image":{"@type":"ImageObject","inLanguage":"pt-BR","@id":"https:\/\/www.sitsesp.org.br\/novo\/#\/schema\/person\/image\/","url":"https:\/\/secure.gravatar.com\/avatar\/8d6ccd8d7d52b8959f34154e87d3fa29?s=96&d=mm&r=g","contentUrl":"https:\/\/secure.gravatar.com\/avatar\/8d6ccd8d7d52b8959f34154e87d3fa29?s=96&d=mm&r=g","caption":"imprensa"}}]}},"_links":{"self":[{"href":"https:\/\/www.sitsesp.org.br\/novo\/wp-json\/wp\/v2\/posts\/5487"}],"collection":[{"href":"https:\/\/www.sitsesp.org.br\/novo\/wp-json\/wp\/v2\/posts"}],"about":[{"href":"https:\/\/www.sitsesp.org.br\/novo\/wp-json\/wp\/v2\/types\/post"}],"author":[{"embeddable":true,"href":"https:\/\/www.sitsesp.org.br\/novo\/wp-json\/wp\/v2\/users\/5"}],"replies":[{"embeddable":true,"href":"https:\/\/www.sitsesp.org.br\/novo\/wp-json\/wp\/v2\/comments?post=5487"}],"version-history":[{"count":2,"href":"https:\/\/www.sitsesp.org.br\/novo\/wp-json\/wp\/v2\/posts\/5487\/revisions"}],"predecessor-version":[{"id":5490,"href":"https:\/\/www.sitsesp.org.br\/novo\/wp-json\/wp\/v2\/posts\/5487\/revisions\/5490"}],"wp:featuredmedia":[{"embeddable":true,"href":"https:\/\/www.sitsesp.org.br\/novo\/wp-json\/wp\/v2\/media\/5488"}],"wp:attachment":[{"href":"https:\/\/www.sitsesp.org.br\/novo\/wp-json\/wp\/v2\/media?parent=5487"}],"wp:term":[{"taxonomy":"category","embeddable":true,"href":"https:\/\/www.sitsesp.org.br\/novo\/wp-json\/wp\/v2\/categories?post=5487"},{"taxonomy":"post_tag","embeddable":true,"href":"https:\/\/www.sitsesp.org.br\/novo\/wp-json\/wp\/v2\/tags?post=5487"}],"curies":[{"name":"wp","href":"https:\/\/api.w.org\/{rel}","templated":true}]}}