{"id":5491,"date":"2021-02-23T17:21:56","date_gmt":"2021-02-23T20:21:56","guid":{"rendered":"https:\/\/sitsesp.org.br\/novo\/?p=5491"},"modified":"2021-02-23T17:21:56","modified_gmt":"2021-02-23T20:21:56","slug":"reuniao-do-sitsesp-com-o-deputado-estadual-emidio-de-souza","status":"publish","type":"post","link":"https:\/\/www.sitsesp.org.br\/novo\/reuniao-do-sitsesp-com-o-deputado-estadual-emidio-de-souza\/","title":{"rendered":"Reuni\u00e3o do SITSESP com o deputado estadual Em\u00eddio de Souza"},"content":{"rendered":"<p><!-- VideographyWP Plugin Message: Automatic video embedding prevented by plugin options. --><br \/>\nHoje, 23 de fevereiro o SITSESP, alguns membros da Afcesp e trabalhadores estiveram em reuni\u00e3o com o Deputado Estadual Em\u00eddio de Souza, autor do projeto que prev\u00ea gratuidade nos transportes p\u00fablicos para os servidores da Funda\u00e7\u00e3o CASA.<\/p>\n<p>A dire\u00e7\u00e3o do SITSESP aproveitou a reuni\u00e3o para discutir a constru\u00e7\u00e3o dentro da assembleia legislativa de um plano de cargos e sal\u00e1rios, uma vez que a Funda\u00e7\u00e3o CASA e o governo do estado de S\u00e3o Paulo n\u00e3o implementam o plano, provocando fortes desigualdades entre os servidores que exercem a mesma fun\u00e7\u00e3o dentro da institui\u00e7\u00e3o. O SITSESP argumentou ser poss\u00edvel essa constru\u00e7\u00e3o, tendo em vista que a lei de diretrizes or\u00e7ament\u00e1rias \u00e9 votada em julho, e uma vez votada a c\u00fapula da Funda\u00e7\u00e3o ter\u00e1 que cumprir.<\/p>\n<p>O SITSESP tamb\u00e9m aproveitou para falar de outras demandas da categoria que est\u00e3o na ALESP, como a mudan\u00e7a de nomenclatura. Esse dialogo se faz necess\u00e1rio para ampliarmos o leque de apoio que essa dire\u00e7\u00e3o do SITSESP vem buscando construir.<\/p>\n","protected":false},"excerpt":{"rendered":"<p>Hoje, 23 de fevereiro o SITSESP, alguns membros da Afcesp e trabalhadores estiveram em reuni\u00e3o com o Deputado Estadual Em\u00eddio de&hellip;<\/p>\n","protected":false},"author":5,"featured_media":5494,"comment_status":"open","ping_status":"open","sticky":false,"template":"","format":"standard","meta":{"cybocfi_hide_featured_image":"","footnotes":""},"categories":[27,22],"tags":[45,38,40,37,39],"yoast_head":"<!-- This site is optimized with the Yoast SEO plugin v22.8 - https:\/\/yoast.com\/wordpress\/plugins\/seo\/ -->\n<title>Reuni\u00e3o do SITSESP com o deputado estadual Em\u00eddio de Souza - SITSESP<\/title>\n<meta name=\"robots\" content=\"index, follow, max-snippet:-1, max-image-preview:large, max-video-preview:-1\" \/>\n<link rel=\"canonical\" href=\"https:\/\/www.sitsesp.org.br\/novo\/reuniao-do-sitsesp-com-o-deputado-estadual-emidio-de-souza\/\" \/>\n<meta property=\"og:locale\" content=\"pt_BR\" \/>\n<meta property=\"og:type\" content=\"article\" \/>\n<meta property=\"og:title\" content=\"Reuni\u00e3o do SITSESP com o deputado estadual Em\u00eddio de Souza - SITSESP\" \/>\n<meta property=\"og:description\" content=\"Hoje, 23 de fevereiro o SITSESP, alguns membros da Afcesp e trabalhadores estiveram em reuni\u00e3o com o Deputado Estadual Em\u00eddio de&hellip;\" \/>\n<meta property=\"og:url\" content=\"https:\/\/www.sitsesp.org.br\/novo\/reuniao-do-sitsesp-com-o-deputado-estadual-emidio-de-souza\/\" \/>\n<meta property=\"og:site_name\" content=\"SITSESP\" \/>\n<meta property=\"article:published_time\" content=\"2021-02-23T20:21:56+00:00\" \/>\n<meta property=\"og:image\" content=\"https:\/\/www.sitsesp.org.br\/novo\/wp-content\/uploads\/2021\/02\/2302-2.png\" \/>\n\t<meta property=\"og:image:width\" content=\"800\" \/>\n\t<meta property=\"og:image:height\" content=\"800\" \/>\n\t<meta property=\"og:image:type\" content=\"image\/png\" \/>\n<meta name=\"author\" content=\"imprensa\" \/>\n<meta name=\"twitter:card\" content=\"summary_large_image\" \/>\n<meta name=\"twitter:label1\" content=\"Escrito por\" \/>\n\t<meta name=\"twitter:data1\" content=\"imprensa\" \/>\n\t<meta name=\"twitter:label2\" content=\"Est. tempo de leitura\" \/>\n\t<meta name=\"twitter:data2\" content=\"1 minuto\" \/>\n<script type=\"application\/ld+json\" class=\"yoast-schema-graph\">{\"@context\":\"https:\/\/schema.org\",\"@graph\":[{\"@type\":\"Article\",\"@id\":\"https:\/\/www.sitsesp.org.br\/novo\/reuniao-do-sitsesp-com-o-deputado-estadual-emidio-de-souza\/#article\",\"isPartOf\":{\"@id\":\"https:\/\/www.sitsesp.org.br\/novo\/reuniao-do-sitsesp-com-o-deputado-estadual-emidio-de-souza\/\"},\"author\":{\"name\":\"imprensa\",\"@id\":\"https:\/\/www.sitsesp.org.br\/novo\/#\/schema\/person\/28e42eec160f373e81d0183b3643edbf\"},\"headline\":\"Reuni\u00e3o do SITSESP com o deputado estadual Em\u00eddio de Souza\",\"datePublished\":\"2021-02-23T20:21:56+00:00\",\"dateModified\":\"2021-02-23T20:21:56+00:00\",\"mainEntityOfPage\":{\"@id\":\"https:\/\/www.sitsesp.org.br\/novo\/reuniao-do-sitsesp-com-o-deputado-estadual-emidio-de-souza\/\"},\"wordCount\":195,\"commentCount\":0,\"publisher\":{\"@id\":\"https:\/\/www.sitsesp.org.br\/novo\/#organization\"},\"image\":{\"@id\":\"https:\/\/www.sitsesp.org.br\/novo\/reuniao-do-sitsesp-com-o-deputado-estadual-emidio-de-souza\/#primaryimage\"},\"thumbnailUrl\":\"https:\/\/www.sitsesp.org.br\/novo\/wp-content\/uploads\/2021\/02\/2302-2.png\",\"keywords\":[\"2021\",\"Funda\u00e7\u00e3o CASA\",\"SINDICATO\",\"SITSESP\",\"SOCIOEDUCA\u00c7\u00c3O\"],\"articleSection\":[\"Destaque\",\"Noticias\"],\"inLanguage\":\"pt-BR\",\"potentialAction\":[{\"@type\":\"CommentAction\",\"name\":\"Comment\",\"target\":[\"https:\/\/www.sitsesp.org.br\/novo\/reuniao-do-sitsesp-com-o-deputado-estadual-emidio-de-souza\/#respond\"]}]},{\"@type\":\"WebPage\",\"@id\":\"https:\/\/www.sitsesp.org.br\/novo\/reuniao-do-sitsesp-com-o-deputado-estadual-emidio-de-souza\/\",\"url\":\"https:\/\/www.sitsesp.org.br\/novo\/reuniao-do-sitsesp-com-o-deputado-estadual-emidio-de-souza\/\",\"name\":\"Reuni\u00e3o do SITSESP com o deputado estadual Em\u00eddio de Souza - SITSESP\",\"isPartOf\":{\"@id\":\"https:\/\/www.sitsesp.org.br\/novo\/#website\"},\"primaryImageOfPage\":{\"@id\":\"https:\/\/www.sitsesp.org.br\/novo\/reuniao-do-sitsesp-com-o-deputado-estadual-emidio-de-souza\/#primaryimage\"},\"image\":{\"@id\":\"https:\/\/www.sitsesp.org.br\/novo\/reuniao-do-sitsesp-com-o-deputado-estadual-emidio-de-souza\/#primaryimage\"},\"thumbnailUrl\":\"https:\/\/www.sitsesp.org.br\/novo\/wp-content\/uploads\/2021\/02\/2302-2.png\",\"datePublished\":\"2021-02-23T20:21:56+00:00\",\"dateModified\":\"2021-02-23T20:21:56+00:00\",\"breadcrumb\":{\"@id\":\"https:\/\/www.sitsesp.org.br\/novo\/reuniao-do-sitsesp-com-o-deputado-estadual-emidio-de-souza\/#breadcrumb\"},\"inLanguage\":\"pt-BR\",\"potentialAction\":[{\"@type\":\"ReadAction\",\"target\":[\"https:\/\/www.sitsesp.org.br\/novo\/reuniao-do-sitsesp-com-o-deputado-estadual-emidio-de-souza\/\"]}]},{\"@type\":\"ImageObject\",\"inLanguage\":\"pt-BR\",\"@id\":\"https:\/\/www.sitsesp.org.br\/novo\/reuniao-do-sitsesp-com-o-deputado-estadual-emidio-de-souza\/#primaryimage\",\"url\":\"https:\/\/www.sitsesp.org.br\/novo\/wp-content\/uploads\/2021\/02\/2302-2.png\",\"contentUrl\":\"https:\/\/www.sitsesp.org.br\/novo\/wp-content\/uploads\/2021\/02\/2302-2.png\",\"width\":800,\"height\":800},{\"@type\":\"BreadcrumbList\",\"@id\":\"https:\/\/www.sitsesp.org.br\/novo\/reuniao-do-sitsesp-com-o-deputado-estadual-emidio-de-souza\/#breadcrumb\",\"itemListElement\":[{\"@type\":\"ListItem\",\"position\":1,\"name\":\"In\u00edcio\",\"item\":\"https:\/\/www.sitsesp.org.br\/novo\/\"},{\"@type\":\"ListItem\",\"position\":2,\"name\":\"Reuni\u00e3o do SITSESP com o deputado estadual Em\u00eddio de Souza\"}]},{\"@type\":\"WebSite\",\"@id\":\"https:\/\/www.sitsesp.org.br\/novo\/#website\",\"url\":\"https:\/\/www.sitsesp.org.br\/novo\/\",\"name\":\"Sitsesp\",\"description\":\"SIndicato da Socioeduca\u00e7\u00e3o do Estado de S\u00e3o Paulo\",\"publisher\":{\"@id\":\"https:\/\/www.sitsesp.org.br\/novo\/#organization\"},\"potentialAction\":[{\"@type\":\"SearchAction\",\"target\":{\"@type\":\"EntryPoint\",\"urlTemplate\":\"https:\/\/www.sitsesp.org.br\/novo\/?s={search_term_string}\"},\"query-input\":\"required name=search_term_string\"}],\"inLanguage\":\"pt-BR\"},{\"@type\":\"Organization\",\"@id\":\"https:\/\/www.sitsesp.org.br\/novo\/#organization\",\"name\":\"Sitsesp\",\"url\":\"https:\/\/www.sitsesp.org.br\/novo\/\",\"logo\":{\"@type\":\"ImageObject\",\"inLanguage\":\"pt-BR\",\"@id\":\"https:\/\/www.sitsesp.org.br\/novo\/#\/schema\/logo\/image\/\",\"url\":\"https:\/\/www.sitsesp.org.br\/novo\/wp-content\/uploads\/2020\/09\/Design-sem-nome-1.jpg\",\"contentUrl\":\"https:\/\/www.sitsesp.org.br\/novo\/wp-content\/uploads\/2020\/09\/Design-sem-nome-1.jpg\",\"width\":300,\"height\":300,\"caption\":\"Sitsesp\"},\"image\":{\"@id\":\"https:\/\/www.sitsesp.org.br\/novo\/#\/schema\/logo\/image\/\"}},{\"@type\":\"Person\",\"@id\":\"https:\/\/www.sitsesp.org.br\/novo\/#\/schema\/person\/28e42eec160f373e81d0183b3643edbf\",\"name\":\"imprensa\",\"image\":{\"@type\":\"ImageObject\",\"inLanguage\":\"pt-BR\",\"@id\":\"https:\/\/www.sitsesp.org.br\/novo\/#\/schema\/person\/image\/\",\"url\":\"https:\/\/secure.gravatar.com\/avatar\/8d6ccd8d7d52b8959f34154e87d3fa29?s=96&d=mm&r=g\",\"contentUrl\":\"https:\/\/secure.gravatar.com\/avatar\/8d6ccd8d7d52b8959f34154e87d3fa29?s=96&d=mm&r=g\",\"caption\":\"imprensa\"}}]}<\/script>\n<!-- \/ Yoast SEO plugin. -->","yoast_head_json":{"title":"Reuni\u00e3o do SITSESP com o deputado estadual Em\u00eddio de Souza - SITSESP","robots":{"index":"index","follow":"follow","max-snippet":"max-snippet:-1","max-image-preview":"max-image-preview:large","max-video-preview":"max-video-preview:-1"},"canonical":"https:\/\/www.sitsesp.org.br\/novo\/reuniao-do-sitsesp-com-o-deputado-estadual-emidio-de-souza\/","og_locale":"pt_BR","og_type":"article","og_title":"Reuni\u00e3o do SITSESP com o deputado estadual Em\u00eddio de Souza - SITSESP","og_description":"Hoje, 23 de fevereiro o SITSESP, alguns membros da Afcesp e trabalhadores estiveram em reuni\u00e3o com o Deputado Estadual Em\u00eddio de&hellip;","og_url":"https:\/\/www.sitsesp.org.br\/novo\/reuniao-do-sitsesp-com-o-deputado-estadual-emidio-de-souza\/","og_site_name":"SITSESP","article_published_time":"2021-02-23T20:21:56+00:00","og_image":[{"width":800,"height":800,"url":"https:\/\/www.sitsesp.org.br\/novo\/wp-content\/uploads\/2021\/02\/2302-2.png","type":"image\/png"}],"author":"imprensa","twitter_card":"summary_large_image","twitter_misc":{"Escrito por":"imprensa","Est. tempo de leitura":"1 minuto"},"schema":{"@context":"https:\/\/schema.org","@graph":[{"@type":"Article","@id":"https:\/\/www.sitsesp.org.br\/novo\/reuniao-do-sitsesp-com-o-deputado-estadual-emidio-de-souza\/#article","isPartOf":{"@id":"https:\/\/www.sitsesp.org.br\/novo\/reuniao-do-sitsesp-com-o-deputado-estadual-emidio-de-souza\/"},"author":{"name":"imprensa","@id":"https:\/\/www.sitsesp.org.br\/novo\/#\/schema\/person\/28e42eec160f373e81d0183b3643edbf"},"headline":"Reuni\u00e3o do SITSESP com o deputado estadual Em\u00eddio de Souza","datePublished":"2021-02-23T20:21:56+00:00","dateModified":"2021-02-23T20:21:56+00:00","mainEntityOfPage":{"@id":"https:\/\/www.sitsesp.org.br\/novo\/reuniao-do-sitsesp-com-o-deputado-estadual-emidio-de-souza\/"},"wordCount":195,"commentCount":0,"publisher":{"@id":"https:\/\/www.sitsesp.org.br\/novo\/#organization"},"image":{"@id":"https:\/\/www.sitsesp.org.br\/novo\/reuniao-do-sitsesp-com-o-deputado-estadual-emidio-de-souza\/#primaryimage"},"thumbnailUrl":"https:\/\/www.sitsesp.org.br\/novo\/wp-content\/uploads\/2021\/02\/2302-2.png","keywords":["2021","Funda\u00e7\u00e3o CASA","SINDICATO","SITSESP","SOCIOEDUCA\u00c7\u00c3O"],"articleSection":["Destaque","Noticias"],"inLanguage":"pt-BR","potentialAction":[{"@type":"CommentAction","name":"Comment","target":["https:\/\/www.sitsesp.org.br\/novo\/reuniao-do-sitsesp-com-o-deputado-estadual-emidio-de-souza\/#respond"]}]},{"@type":"WebPage","@id":"https:\/\/www.sitsesp.org.br\/novo\/reuniao-do-sitsesp-com-o-deputado-estadual-emidio-de-souza\/","url":"https:\/\/www.sitsesp.org.br\/novo\/reuniao-do-sitsesp-com-o-deputado-estadual-emidio-de-souza\/","name":"Reuni\u00e3o do SITSESP com o deputado estadual Em\u00eddio de Souza - SITSESP","isPartOf":{"@id":"https:\/\/www.sitsesp.org.br\/novo\/#website"},"primaryImageOfPage":{"@id":"https:\/\/www.sitsesp.org.br\/novo\/reuniao-do-sitsesp-com-o-deputado-estadual-emidio-de-souza\/#primaryimage"},"image":{"@id":"https:\/\/www.sitsesp.org.br\/novo\/reuniao-do-sitsesp-com-o-deputado-estadual-emidio-de-souza\/#primaryimage"},"thumbnailUrl":"https:\/\/www.sitsesp.org.br\/novo\/wp-content\/uploads\/2021\/02\/2302-2.png","datePublished":"2021-02-23T20:21:56+00:00","dateModified":"2021-02-23T20:21:56+00:00","breadcrumb":{"@id":"https:\/\/www.sitsesp.org.br\/novo\/reuniao-do-sitsesp-com-o-deputado-estadual-emidio-de-souza\/#breadcrumb"},"inLanguage":"pt-BR","potentialAction":[{"@type":"ReadAction","target":["https:\/\/www.sitsesp.org.br\/novo\/reuniao-do-sitsesp-com-o-deputado-estadual-emidio-de-souza\/"]}]},{"@type":"ImageObject","inLanguage":"pt-BR","@id":"https:\/\/www.sitsesp.org.br\/novo\/reuniao-do-sitsesp-com-o-deputado-estadual-emidio-de-souza\/#primaryimage","url":"https:\/\/www.sitsesp.org.br\/novo\/wp-content\/uploads\/2021\/02\/2302-2.png","contentUrl":"https:\/\/www.sitsesp.org.br\/novo\/wp-content\/uploads\/2021\/02\/2302-2.png","width":800,"height":800},{"@type":"BreadcrumbList","@id":"https:\/\/www.sitsesp.org.br\/novo\/reuniao-do-sitsesp-com-o-deputado-estadual-emidio-de-souza\/#breadcrumb","itemListElement":[{"@type":"ListItem","position":1,"name":"In\u00edcio","item":"https:\/\/www.sitsesp.org.br\/novo\/"},{"@type":"ListItem","position":2,"name":"Reuni\u00e3o do SITSESP com o deputado estadual Em\u00eddio de Souza"}]},{"@type":"WebSite","@id":"https:\/\/www.sitsesp.org.br\/novo\/#website","url":"https:\/\/www.sitsesp.org.br\/novo\/","name":"Sitsesp","description":"SIndicato da Socioeduca\u00e7\u00e3o do Estado de S\u00e3o Paulo","publisher":{"@id":"https:\/\/www.sitsesp.org.br\/novo\/#organization"},"potentialAction":[{"@type":"SearchAction","target":{"@type":"EntryPoint","urlTemplate":"https:\/\/www.sitsesp.org.br\/novo\/?s={search_term_string}"},"query-input":"required name=search_term_string"}],"inLanguage":"pt-BR"},{"@type":"Organization","@id":"https:\/\/www.sitsesp.org.br\/novo\/#organization","name":"Sitsesp","url":"https:\/\/www.sitsesp.org.br\/novo\/","logo":{"@type":"ImageObject","inLanguage":"pt-BR","@id":"https:\/\/www.sitsesp.org.br\/novo\/#\/schema\/logo\/image\/","url":"https:\/\/www.sitsesp.org.br\/novo\/wp-content\/uploads\/2020\/09\/Design-sem-nome-1.jpg","contentUrl":"https:\/\/www.sitsesp.org.br\/novo\/wp-content\/uploads\/2020\/09\/Design-sem-nome-1.jpg","width":300,"height":300,"caption":"Sitsesp"},"image":{"@id":"https:\/\/www.sitsesp.org.br\/novo\/#\/schema\/logo\/image\/"}},{"@type":"Person","@id":"https:\/\/www.sitsesp.org.br\/novo\/#\/schema\/person\/28e42eec160f373e81d0183b3643edbf","name":"imprensa","image":{"@type":"ImageObject","inLanguage":"pt-BR","@id":"https:\/\/www.sitsesp.org.br\/novo\/#\/schema\/person\/image\/","url":"https:\/\/secure.gravatar.com\/avatar\/8d6ccd8d7d52b8959f34154e87d3fa29?s=96&d=mm&r=g","contentUrl":"https:\/\/secure.gravatar.com\/avatar\/8d6ccd8d7d52b8959f34154e87d3fa29?s=96&d=mm&r=g","caption":"imprensa"}}]}},"_links":{"self":[{"href":"https:\/\/www.sitsesp.org.br\/novo\/wp-json\/wp\/v2\/posts\/5491"}],"collection":[{"href":"https:\/\/www.sitsesp.org.br\/novo\/wp-json\/wp\/v2\/posts"}],"about":[{"href":"https:\/\/www.sitsesp.org.br\/novo\/wp-json\/wp\/v2\/types\/post"}],"author":[{"embeddable":true,"href":"https:\/\/www.sitsesp.org.br\/novo\/wp-json\/wp\/v2\/users\/5"}],"replies":[{"embeddable":true,"href":"https:\/\/www.sitsesp.org.br\/novo\/wp-json\/wp\/v2\/comments?post=5491"}],"version-history":[{"count":1,"href":"https:\/\/www.sitsesp.org.br\/novo\/wp-json\/wp\/v2\/posts\/5491\/revisions"}],"predecessor-version":[{"id":5495,"href":"https:\/\/www.sitsesp.org.br\/novo\/wp-json\/wp\/v2\/posts\/5491\/revisions\/5495"}],"wp:featuredmedia":[{"embeddable":true,"href":"https:\/\/www.sitsesp.org.br\/novo\/wp-json\/wp\/v2\/media\/5494"}],"wp:attachment":[{"href":"https:\/\/www.sitsesp.org.br\/novo\/wp-json\/wp\/v2\/media?parent=5491"}],"wp:term":[{"taxonomy":"category","embeddable":true,"href":"https:\/\/www.sitsesp.org.br\/novo\/wp-json\/wp\/v2\/categories?post=5491"},{"taxonomy":"post_tag","embeddable":true,"href":"https:\/\/www.sitsesp.org.br\/novo\/wp-json\/wp\/v2\/tags?post=5491"}],"curies":[{"name":"wp","href":"https:\/\/api.w.org\/{rel}","templated":true}]}}