{"id":5512,"date":"2021-02-25T08:41:14","date_gmt":"2021-02-25T11:41:14","guid":{"rendered":"https:\/\/sitsesp.org.br\/novo\/?p=5512"},"modified":"2021-02-25T08:41:14","modified_gmt":"2021-02-25T11:41:14","slug":"informe-juridico-a-competencia-da-justica-do-trabalho-para-julgar-as-acoes-judiciais-movidas-pelas-servidoras-e-pelos-servidores-da-fundacao-casa","status":"publish","type":"post","link":"https:\/\/www.sitsesp.org.br\/novo\/informe-juridico-a-competencia-da-justica-do-trabalho-para-julgar-as-acoes-judiciais-movidas-pelas-servidoras-e-pelos-servidores-da-fundacao-casa\/","title":{"rendered":"Informe Jur\u00eddico | A COMPET\u00caNCIA DA JUSTI\u00c7A DO TRABALHO PARA JULGAR AS A\u00c7\u00d5ES JUDICIAIS MOVIDAS PELAS SERVIDORAS E PELOS SERVIDORES DA FUNDA\u00c7\u00c3O CASA"},"content":{"rendered":"<p><!-- VideographyWP Plugin Message: Automatic video embedding prevented by plugin options. --><\/p>\n<p style=\"text-align: center;\"><strong>A COMPET\u00caNCIA DA JUSTI\u00c7A DO TRABALHO PARA JULGAR AS A\u00c7\u00d5ES JUDICIAIS MOVIDAS PELAS SERVIDORAS E PELOS SERVIDORES DA FUNDA\u00c7\u00c3O CASA<\/strong><\/p>\n<p>O Departamento Jur\u00eddico do SITSESP esclarece a todos os integrantes da categoria profissional que as a\u00e7\u00f5es judiciais movidas pelas servidoras e pelos servidores da Funda\u00e7\u00e3o Casa, que visam pagamentos e cumprimento de obriga\u00e7\u00f5es decorrentes da rela\u00e7\u00e3o de emprego, devem ser analisadas e julgadas pela Justi\u00e7a do Trabalho.<\/p>\n<p>Isto porque, o Governo do Estado de S\u00e3o Paulo, no dia 22 de dezembro de 2.006, promulgou a Lei Estadual n. 12.469 que alterou o nome da Funda\u00e7\u00e3o Estadual do Bem-Estar do Menor &#8211; FEBEM-SP, para se denominar Funda\u00e7\u00e3o Centro de Atendimento Socioeducativo ao Adolescente &#8211; Funda\u00e7\u00e3o CASA-SP.<\/p>\n<p>A Funda\u00e7\u00e3o CASA-SP se constitui como funda\u00e7\u00e3o p\u00fablica e, portanto, integra a Administra\u00e7\u00e3o P\u00fablica Indireta, nos termos do Artigo 4\u00ba, II, \u201cd\u201d, do Decreto n. 200\/1.967.<\/p>\n<p>Como integrante da Administra\u00e7\u00e3o Indireta, a Funda\u00e7\u00e3o CASA-SP est\u00e1 vinculada aos princ\u00edpios administrativos inseridos na cabe\u00e7a do Artigo 37 da Constitui\u00e7\u00e3o Federal, sendo que os seus servidores somente podem ser contratados mediante pr\u00e9via aprova\u00e7\u00e3o em concurso p\u00fablico (Artigo 37, II, Constitui\u00e7\u00e3o Federal).<\/p>\n<p>Os direitos das servidoras e servidores relativos ao contrato de trabalho est\u00e3o previstos na Constitui\u00e7\u00e3o do Estado de S\u00e3o Paulo, na Consolida\u00e7\u00e3o das Leis do Trabalho, nas normas internas da Funda\u00e7\u00e3o CASA-SP e demais legisla\u00e7\u00f5es federal e estadual.<\/p>\n<p>Sabe-se que a Funda\u00e7\u00e3o CASA-SP contrata os seus servidores pelo regime da CLT (Consolida\u00e7\u00e3o das Leis do Trabalho).<\/p>\n<p>O Artigo 114, I, da Constitui\u00e7\u00e3o Federal prev\u00ea a compet\u00eancia da Justi\u00e7a do Trabalho para processar e julgar as a\u00e7\u00f5es oriundas da rela\u00e7\u00e3o de trabalho, abrangidos os entes da administra\u00e7\u00e3o p\u00fablica indireta dos Estados.<\/p>\n<p>Como exemplo, lembramos que, no ano de 2.020, a pr\u00f3pria Funda\u00e7\u00e3o CASA-SP ingressou com pedido de tutela, no curso da greve, perante o Tribunal Regional do Trabalho da 2\u00aa Regi\u00e3o.<\/p>\n<p>Assim, se a Funda\u00e7\u00e3o CASA-SP contrata os seus servidores pelo regime da CLT, por \u00f3bvio, quando descumpri com as suas obriga\u00e7\u00f5es decorrentes da rela\u00e7\u00e3o de emprego, os servidores devem ingressar com as a\u00e7\u00f5es trabalhistas perante a Justi\u00e7a do Trabalho.<\/p>\n<p>\u00c9 certo que, por vezes, h\u00e1 decis\u00f5es conflituosas com o alcance do Artigo 114, I, da Constitui\u00e7\u00e3o Federal, mas referidas decis\u00f5es n\u00e3o alteram o \u201candar da carruagem\u201d quanto a compet\u00eancia da Justi\u00e7a do Trabalho para julgar as quest\u00f5es derivadas das rela\u00e7\u00f5es de emprego entre as\/os servidoras\/es e a Funda\u00e7\u00e3o CASA-SP.<\/p>\n<p>O Departamento Jur\u00eddico do SITSESP est\u00e1 \u00e0 disposi\u00e7\u00e3o de todos os integrantes da categoria, para promover as a\u00e7\u00f5es trabalhistas quando necess\u00e1rio.<\/p>\n","protected":false},"excerpt":{"rendered":"<p>A COMPET\u00caNCIA DA JUSTI\u00c7A DO TRABALHO PARA JULGAR AS A\u00c7\u00d5ES JUDICIAIS MOVIDAS PELAS SERVIDORAS E PELOS SERVIDORES DA FUNDA\u00c7\u00c3O CASA O&hellip;<\/p>\n","protected":false},"author":5,"featured_media":5513,"comment_status":"open","ping_status":"open","sticky":false,"template":"","format":"standard","meta":{"cybocfi_hide_featured_image":"","footnotes":""},"categories":[27,22],"tags":[45,38,50,37,39],"yoast_head":"<!-- This site is optimized with the Yoast SEO plugin v22.8 - https:\/\/yoast.com\/wordpress\/plugins\/seo\/ -->\n<title>Informe Jur\u00eddico | A COMPET\u00caNCIA DA JUSTI\u00c7A DO TRABALHO PARA JULGAR AS A\u00c7\u00d5ES JUDICIAIS MOVIDAS PELAS SERVIDORAS E PELOS SERVIDORES DA FUNDA\u00c7\u00c3O CASA - SITSESP<\/title>\n<meta name=\"robots\" content=\"index, follow, max-snippet:-1, max-image-preview:large, max-video-preview:-1\" \/>\n<link rel=\"canonical\" href=\"https:\/\/www.sitsesp.org.br\/novo\/informe-juridico-a-competencia-da-justica-do-trabalho-para-julgar-as-acoes-judiciais-movidas-pelas-servidoras-e-pelos-servidores-da-fundacao-casa\/\" \/>\n<meta property=\"og:locale\" content=\"pt_BR\" \/>\n<meta property=\"og:type\" content=\"article\" \/>\n<meta property=\"og:title\" content=\"Informe Jur\u00eddico | A COMPET\u00caNCIA DA JUSTI\u00c7A DO TRABALHO PARA JULGAR AS A\u00c7\u00d5ES JUDICIAIS MOVIDAS PELAS SERVIDORAS E PELOS SERVIDORES DA FUNDA\u00c7\u00c3O CASA - SITSESP\" \/>\n<meta property=\"og:description\" content=\"A COMPET\u00caNCIA DA JUSTI\u00c7A DO TRABALHO PARA JULGAR AS A\u00c7\u00d5ES JUDICIAIS MOVIDAS PELAS SERVIDORAS E PELOS SERVIDORES DA FUNDA\u00c7\u00c3O CASA O&hellip;\" \/>\n<meta property=\"og:url\" content=\"https:\/\/www.sitsesp.org.br\/novo\/informe-juridico-a-competencia-da-justica-do-trabalho-para-julgar-as-acoes-judiciais-movidas-pelas-servidoras-e-pelos-servidores-da-fundacao-casa\/\" \/>\n<meta property=\"og:site_name\" content=\"SITSESP\" \/>\n<meta property=\"article:published_time\" content=\"2021-02-25T11:41:14+00:00\" \/>\n<meta property=\"og:image\" content=\"https:\/\/www.sitsesp.org.br\/novo\/wp-content\/uploads\/2021\/02\/2502.png\" \/>\n\t<meta property=\"og:image:width\" content=\"800\" \/>\n\t<meta property=\"og:image:height\" content=\"800\" \/>\n\t<meta property=\"og:image:type\" content=\"image\/png\" \/>\n<meta name=\"author\" content=\"imprensa\" \/>\n<meta name=\"twitter:card\" content=\"summary_large_image\" \/>\n<meta name=\"twitter:label1\" content=\"Escrito por\" \/>\n\t<meta name=\"twitter:data1\" content=\"imprensa\" \/>\n\t<meta name=\"twitter:label2\" content=\"Est. tempo de leitura\" \/>\n\t<meta name=\"twitter:data2\" content=\"2 minutos\" \/>\n<script type=\"application\/ld+json\" class=\"yoast-schema-graph\">{\"@context\":\"https:\/\/schema.org\",\"@graph\":[{\"@type\":\"Article\",\"@id\":\"https:\/\/www.sitsesp.org.br\/novo\/informe-juridico-a-competencia-da-justica-do-trabalho-para-julgar-as-acoes-judiciais-movidas-pelas-servidoras-e-pelos-servidores-da-fundacao-casa\/#article\",\"isPartOf\":{\"@id\":\"https:\/\/www.sitsesp.org.br\/novo\/informe-juridico-a-competencia-da-justica-do-trabalho-para-julgar-as-acoes-judiciais-movidas-pelas-servidoras-e-pelos-servidores-da-fundacao-casa\/\"},\"author\":{\"name\":\"imprensa\",\"@id\":\"https:\/\/www.sitsesp.org.br\/novo\/#\/schema\/person\/28e42eec160f373e81d0183b3643edbf\"},\"headline\":\"Informe Jur\u00eddico | A COMPET\u00caNCIA DA JUSTI\u00c7A DO TRABALHO PARA JULGAR AS A\u00c7\u00d5ES JUDICIAIS MOVIDAS PELAS SERVIDORAS E PELOS SERVIDORES DA FUNDA\u00c7\u00c3O CASA\",\"datePublished\":\"2021-02-25T11:41:14+00:00\",\"dateModified\":\"2021-02-25T11:41:14+00:00\",\"mainEntityOfPage\":{\"@id\":\"https:\/\/www.sitsesp.org.br\/novo\/informe-juridico-a-competencia-da-justica-do-trabalho-para-julgar-as-acoes-judiciais-movidas-pelas-servidoras-e-pelos-servidores-da-fundacao-casa\/\"},\"wordCount\":493,\"commentCount\":0,\"publisher\":{\"@id\":\"https:\/\/www.sitsesp.org.br\/novo\/#organization\"},\"image\":{\"@id\":\"https:\/\/www.sitsesp.org.br\/novo\/informe-juridico-a-competencia-da-justica-do-trabalho-para-julgar-as-acoes-judiciais-movidas-pelas-servidoras-e-pelos-servidores-da-fundacao-casa\/#primaryimage\"},\"thumbnailUrl\":\"https:\/\/www.sitsesp.org.br\/novo\/wp-content\/uploads\/2021\/02\/2502.png\",\"keywords\":[\"2021\",\"Funda\u00e7\u00e3o CASA\",\"JUR\u00cdDICO\",\"SITSESP\",\"SOCIOEDUCA\u00c7\u00c3O\"],\"articleSection\":[\"Destaque\",\"Noticias\"],\"inLanguage\":\"pt-BR\",\"potentialAction\":[{\"@type\":\"CommentAction\",\"name\":\"Comment\",\"target\":[\"https:\/\/www.sitsesp.org.br\/novo\/informe-juridico-a-competencia-da-justica-do-trabalho-para-julgar-as-acoes-judiciais-movidas-pelas-servidoras-e-pelos-servidores-da-fundacao-casa\/#respond\"]}]},{\"@type\":\"WebPage\",\"@id\":\"https:\/\/www.sitsesp.org.br\/novo\/informe-juridico-a-competencia-da-justica-do-trabalho-para-julgar-as-acoes-judiciais-movidas-pelas-servidoras-e-pelos-servidores-da-fundacao-casa\/\",\"url\":\"https:\/\/www.sitsesp.org.br\/novo\/informe-juridico-a-competencia-da-justica-do-trabalho-para-julgar-as-acoes-judiciais-movidas-pelas-servidoras-e-pelos-servidores-da-fundacao-casa\/\",\"name\":\"Informe Jur\u00eddico | A COMPET\u00caNCIA DA JUSTI\u00c7A DO TRABALHO PARA JULGAR AS A\u00c7\u00d5ES JUDICIAIS MOVIDAS PELAS SERVIDORAS E PELOS SERVIDORES DA FUNDA\u00c7\u00c3O CASA - SITSESP\",\"isPartOf\":{\"@id\":\"https:\/\/www.sitsesp.org.br\/novo\/#website\"},\"primaryImageOfPage\":{\"@id\":\"https:\/\/www.sitsesp.org.br\/novo\/informe-juridico-a-competencia-da-justica-do-trabalho-para-julgar-as-acoes-judiciais-movidas-pelas-servidoras-e-pelos-servidores-da-fundacao-casa\/#primaryimage\"},\"image\":{\"@id\":\"https:\/\/www.sitsesp.org.br\/novo\/informe-juridico-a-competencia-da-justica-do-trabalho-para-julgar-as-acoes-judiciais-movidas-pelas-servidoras-e-pelos-servidores-da-fundacao-casa\/#primaryimage\"},\"thumbnailUrl\":\"https:\/\/www.sitsesp.org.br\/novo\/wp-content\/uploads\/2021\/02\/2502.png\",\"datePublished\":\"2021-02-25T11:41:14+00:00\",\"dateModified\":\"2021-02-25T11:41:14+00:00\",\"breadcrumb\":{\"@id\":\"https:\/\/www.sitsesp.org.br\/novo\/informe-juridico-a-competencia-da-justica-do-trabalho-para-julgar-as-acoes-judiciais-movidas-pelas-servidoras-e-pelos-servidores-da-fundacao-casa\/#breadcrumb\"},\"inLanguage\":\"pt-BR\",\"potentialAction\":[{\"@type\":\"ReadAction\",\"target\":[\"https:\/\/www.sitsesp.org.br\/novo\/informe-juridico-a-competencia-da-justica-do-trabalho-para-julgar-as-acoes-judiciais-movidas-pelas-servidoras-e-pelos-servidores-da-fundacao-casa\/\"]}]},{\"@type\":\"ImageObject\",\"inLanguage\":\"pt-BR\",\"@id\":\"https:\/\/www.sitsesp.org.br\/novo\/informe-juridico-a-competencia-da-justica-do-trabalho-para-julgar-as-acoes-judiciais-movidas-pelas-servidoras-e-pelos-servidores-da-fundacao-casa\/#primaryimage\",\"url\":\"https:\/\/www.sitsesp.org.br\/novo\/wp-content\/uploads\/2021\/02\/2502.png\",\"contentUrl\":\"https:\/\/www.sitsesp.org.br\/novo\/wp-content\/uploads\/2021\/02\/2502.png\",\"width\":800,\"height\":800},{\"@type\":\"BreadcrumbList\",\"@id\":\"https:\/\/www.sitsesp.org.br\/novo\/informe-juridico-a-competencia-da-justica-do-trabalho-para-julgar-as-acoes-judiciais-movidas-pelas-servidoras-e-pelos-servidores-da-fundacao-casa\/#breadcrumb\",\"itemListElement\":[{\"@type\":\"ListItem\",\"position\":1,\"name\":\"In\u00edcio\",\"item\":\"https:\/\/www.sitsesp.org.br\/novo\/\"},{\"@type\":\"ListItem\",\"position\":2,\"name\":\"Informe Jur\u00eddico | A COMPET\u00caNCIA DA JUSTI\u00c7A DO TRABALHO PARA JULGAR AS A\u00c7\u00d5ES JUDICIAIS MOVIDAS PELAS SERVIDORAS E PELOS SERVIDORES DA FUNDA\u00c7\u00c3O CASA\"}]},{\"@type\":\"WebSite\",\"@id\":\"https:\/\/www.sitsesp.org.br\/novo\/#website\",\"url\":\"https:\/\/www.sitsesp.org.br\/novo\/\",\"name\":\"Sitsesp\",\"description\":\"SIndicato da Socioeduca\u00e7\u00e3o do Estado de S\u00e3o Paulo\",\"publisher\":{\"@id\":\"https:\/\/www.sitsesp.org.br\/novo\/#organization\"},\"potentialAction\":[{\"@type\":\"SearchAction\",\"target\":{\"@type\":\"EntryPoint\",\"urlTemplate\":\"https:\/\/www.sitsesp.org.br\/novo\/?s={search_term_string}\"},\"query-input\":\"required name=search_term_string\"}],\"inLanguage\":\"pt-BR\"},{\"@type\":\"Organization\",\"@id\":\"https:\/\/www.sitsesp.org.br\/novo\/#organization\",\"name\":\"Sitsesp\",\"url\":\"https:\/\/www.sitsesp.org.br\/novo\/\",\"logo\":{\"@type\":\"ImageObject\",\"inLanguage\":\"pt-BR\",\"@id\":\"https:\/\/www.sitsesp.org.br\/novo\/#\/schema\/logo\/image\/\",\"url\":\"https:\/\/www.sitsesp.org.br\/novo\/wp-content\/uploads\/2020\/09\/Design-sem-nome-1.jpg\",\"contentUrl\":\"https:\/\/www.sitsesp.org.br\/novo\/wp-content\/uploads\/2020\/09\/Design-sem-nome-1.jpg\",\"width\":300,\"height\":300,\"caption\":\"Sitsesp\"},\"image\":{\"@id\":\"https:\/\/www.sitsesp.org.br\/novo\/#\/schema\/logo\/image\/\"}},{\"@type\":\"Person\",\"@id\":\"https:\/\/www.sitsesp.org.br\/novo\/#\/schema\/person\/28e42eec160f373e81d0183b3643edbf\",\"name\":\"imprensa\",\"image\":{\"@type\":\"ImageObject\",\"inLanguage\":\"pt-BR\",\"@id\":\"https:\/\/www.sitsesp.org.br\/novo\/#\/schema\/person\/image\/\",\"url\":\"https:\/\/secure.gravatar.com\/avatar\/8d6ccd8d7d52b8959f34154e87d3fa29?s=96&d=mm&r=g\",\"contentUrl\":\"https:\/\/secure.gravatar.com\/avatar\/8d6ccd8d7d52b8959f34154e87d3fa29?s=96&d=mm&r=g\",\"caption\":\"imprensa\"}}]}<\/script>\n<!-- \/ Yoast SEO plugin. -->","yoast_head_json":{"title":"Informe Jur\u00eddico | A COMPET\u00caNCIA DA JUSTI\u00c7A DO TRABALHO PARA JULGAR AS A\u00c7\u00d5ES JUDICIAIS MOVIDAS PELAS SERVIDORAS E PELOS SERVIDORES DA FUNDA\u00c7\u00c3O CASA - SITSESP","robots":{"index":"index","follow":"follow","max-snippet":"max-snippet:-1","max-image-preview":"max-image-preview:large","max-video-preview":"max-video-preview:-1"},"canonical":"https:\/\/www.sitsesp.org.br\/novo\/informe-juridico-a-competencia-da-justica-do-trabalho-para-julgar-as-acoes-judiciais-movidas-pelas-servidoras-e-pelos-servidores-da-fundacao-casa\/","og_locale":"pt_BR","og_type":"article","og_title":"Informe Jur\u00eddico | A COMPET\u00caNCIA DA JUSTI\u00c7A DO TRABALHO PARA JULGAR AS A\u00c7\u00d5ES JUDICIAIS MOVIDAS PELAS SERVIDORAS E PELOS SERVIDORES DA FUNDA\u00c7\u00c3O CASA - SITSESP","og_description":"A COMPET\u00caNCIA DA JUSTI\u00c7A DO TRABALHO PARA JULGAR AS A\u00c7\u00d5ES JUDICIAIS MOVIDAS PELAS SERVIDORAS E PELOS SERVIDORES DA FUNDA\u00c7\u00c3O CASA O&hellip;","og_url":"https:\/\/www.sitsesp.org.br\/novo\/informe-juridico-a-competencia-da-justica-do-trabalho-para-julgar-as-acoes-judiciais-movidas-pelas-servidoras-e-pelos-servidores-da-fundacao-casa\/","og_site_name":"SITSESP","article_published_time":"2021-02-25T11:41:14+00:00","og_image":[{"width":800,"height":800,"url":"https:\/\/www.sitsesp.org.br\/novo\/wp-content\/uploads\/2021\/02\/2502.png","type":"image\/png"}],"author":"imprensa","twitter_card":"summary_large_image","twitter_misc":{"Escrito por":"imprensa","Est. tempo de leitura":"2 minutos"},"schema":{"@context":"https:\/\/schema.org","@graph":[{"@type":"Article","@id":"https:\/\/www.sitsesp.org.br\/novo\/informe-juridico-a-competencia-da-justica-do-trabalho-para-julgar-as-acoes-judiciais-movidas-pelas-servidoras-e-pelos-servidores-da-fundacao-casa\/#article","isPartOf":{"@id":"https:\/\/www.sitsesp.org.br\/novo\/informe-juridico-a-competencia-da-justica-do-trabalho-para-julgar-as-acoes-judiciais-movidas-pelas-servidoras-e-pelos-servidores-da-fundacao-casa\/"},"author":{"name":"imprensa","@id":"https:\/\/www.sitsesp.org.br\/novo\/#\/schema\/person\/28e42eec160f373e81d0183b3643edbf"},"headline":"Informe Jur\u00eddico | A COMPET\u00caNCIA DA JUSTI\u00c7A DO TRABALHO PARA JULGAR AS A\u00c7\u00d5ES JUDICIAIS MOVIDAS PELAS SERVIDORAS E PELOS SERVIDORES DA FUNDA\u00c7\u00c3O CASA","datePublished":"2021-02-25T11:41:14+00:00","dateModified":"2021-02-25T11:41:14+00:00","mainEntityOfPage":{"@id":"https:\/\/www.sitsesp.org.br\/novo\/informe-juridico-a-competencia-da-justica-do-trabalho-para-julgar-as-acoes-judiciais-movidas-pelas-servidoras-e-pelos-servidores-da-fundacao-casa\/"},"wordCount":493,"commentCount":0,"publisher":{"@id":"https:\/\/www.sitsesp.org.br\/novo\/#organization"},"image":{"@id":"https:\/\/www.sitsesp.org.br\/novo\/informe-juridico-a-competencia-da-justica-do-trabalho-para-julgar-as-acoes-judiciais-movidas-pelas-servidoras-e-pelos-servidores-da-fundacao-casa\/#primaryimage"},"thumbnailUrl":"https:\/\/www.sitsesp.org.br\/novo\/wp-content\/uploads\/2021\/02\/2502.png","keywords":["2021","Funda\u00e7\u00e3o CASA","JUR\u00cdDICO","SITSESP","SOCIOEDUCA\u00c7\u00c3O"],"articleSection":["Destaque","Noticias"],"inLanguage":"pt-BR","potentialAction":[{"@type":"CommentAction","name":"Comment","target":["https:\/\/www.sitsesp.org.br\/novo\/informe-juridico-a-competencia-da-justica-do-trabalho-para-julgar-as-acoes-judiciais-movidas-pelas-servidoras-e-pelos-servidores-da-fundacao-casa\/#respond"]}]},{"@type":"WebPage","@id":"https:\/\/www.sitsesp.org.br\/novo\/informe-juridico-a-competencia-da-justica-do-trabalho-para-julgar-as-acoes-judiciais-movidas-pelas-servidoras-e-pelos-servidores-da-fundacao-casa\/","url":"https:\/\/www.sitsesp.org.br\/novo\/informe-juridico-a-competencia-da-justica-do-trabalho-para-julgar-as-acoes-judiciais-movidas-pelas-servidoras-e-pelos-servidores-da-fundacao-casa\/","name":"Informe Jur\u00eddico | A COMPET\u00caNCIA DA JUSTI\u00c7A DO TRABALHO PARA JULGAR AS A\u00c7\u00d5ES JUDICIAIS MOVIDAS PELAS SERVIDORAS E PELOS SERVIDORES DA FUNDA\u00c7\u00c3O CASA - SITSESP","isPartOf":{"@id":"https:\/\/www.sitsesp.org.br\/novo\/#website"},"primaryImageOfPage":{"@id":"https:\/\/www.sitsesp.org.br\/novo\/informe-juridico-a-competencia-da-justica-do-trabalho-para-julgar-as-acoes-judiciais-movidas-pelas-servidoras-e-pelos-servidores-da-fundacao-casa\/#primaryimage"},"image":{"@id":"https:\/\/www.sitsesp.org.br\/novo\/informe-juridico-a-competencia-da-justica-do-trabalho-para-julgar-as-acoes-judiciais-movidas-pelas-servidoras-e-pelos-servidores-da-fundacao-casa\/#primaryimage"},"thumbnailUrl":"https:\/\/www.sitsesp.org.br\/novo\/wp-content\/uploads\/2021\/02\/2502.png","datePublished":"2021-02-25T11:41:14+00:00","dateModified":"2021-02-25T11:41:14+00:00","breadcrumb":{"@id":"https:\/\/www.sitsesp.org.br\/novo\/informe-juridico-a-competencia-da-justica-do-trabalho-para-julgar-as-acoes-judiciais-movidas-pelas-servidoras-e-pelos-servidores-da-fundacao-casa\/#breadcrumb"},"inLanguage":"pt-BR","potentialAction":[{"@type":"ReadAction","target":["https:\/\/www.sitsesp.org.br\/novo\/informe-juridico-a-competencia-da-justica-do-trabalho-para-julgar-as-acoes-judiciais-movidas-pelas-servidoras-e-pelos-servidores-da-fundacao-casa\/"]}]},{"@type":"ImageObject","inLanguage":"pt-BR","@id":"https:\/\/www.sitsesp.org.br\/novo\/informe-juridico-a-competencia-da-justica-do-trabalho-para-julgar-as-acoes-judiciais-movidas-pelas-servidoras-e-pelos-servidores-da-fundacao-casa\/#primaryimage","url":"https:\/\/www.sitsesp.org.br\/novo\/wp-content\/uploads\/2021\/02\/2502.png","contentUrl":"https:\/\/www.sitsesp.org.br\/novo\/wp-content\/uploads\/2021\/02\/2502.png","width":800,"height":800},{"@type":"BreadcrumbList","@id":"https:\/\/www.sitsesp.org.br\/novo\/informe-juridico-a-competencia-da-justica-do-trabalho-para-julgar-as-acoes-judiciais-movidas-pelas-servidoras-e-pelos-servidores-da-fundacao-casa\/#breadcrumb","itemListElement":[{"@type":"ListItem","position":1,"name":"In\u00edcio","item":"https:\/\/www.sitsesp.org.br\/novo\/"},{"@type":"ListItem","position":2,"name":"Informe Jur\u00eddico | A COMPET\u00caNCIA DA JUSTI\u00c7A DO TRABALHO PARA JULGAR AS A\u00c7\u00d5ES JUDICIAIS MOVIDAS PELAS SERVIDORAS E PELOS SERVIDORES DA FUNDA\u00c7\u00c3O CASA"}]},{"@type":"WebSite","@id":"https:\/\/www.sitsesp.org.br\/novo\/#website","url":"https:\/\/www.sitsesp.org.br\/novo\/","name":"Sitsesp","description":"SIndicato da Socioeduca\u00e7\u00e3o do Estado de S\u00e3o Paulo","publisher":{"@id":"https:\/\/www.sitsesp.org.br\/novo\/#organization"},"potentialAction":[{"@type":"SearchAction","target":{"@type":"EntryPoint","urlTemplate":"https:\/\/www.sitsesp.org.br\/novo\/?s={search_term_string}"},"query-input":"required name=search_term_string"}],"inLanguage":"pt-BR"},{"@type":"Organization","@id":"https:\/\/www.sitsesp.org.br\/novo\/#organization","name":"Sitsesp","url":"https:\/\/www.sitsesp.org.br\/novo\/","logo":{"@type":"ImageObject","inLanguage":"pt-BR","@id":"https:\/\/www.sitsesp.org.br\/novo\/#\/schema\/logo\/image\/","url":"https:\/\/www.sitsesp.org.br\/novo\/wp-content\/uploads\/2020\/09\/Design-sem-nome-1.jpg","contentUrl":"https:\/\/www.sitsesp.org.br\/novo\/wp-content\/uploads\/2020\/09\/Design-sem-nome-1.jpg","width":300,"height":300,"caption":"Sitsesp"},"image":{"@id":"https:\/\/www.sitsesp.org.br\/novo\/#\/schema\/logo\/image\/"}},{"@type":"Person","@id":"https:\/\/www.sitsesp.org.br\/novo\/#\/schema\/person\/28e42eec160f373e81d0183b3643edbf","name":"imprensa","image":{"@type":"ImageObject","inLanguage":"pt-BR","@id":"https:\/\/www.sitsesp.org.br\/novo\/#\/schema\/person\/image\/","url":"https:\/\/secure.gravatar.com\/avatar\/8d6ccd8d7d52b8959f34154e87d3fa29?s=96&d=mm&r=g","contentUrl":"https:\/\/secure.gravatar.com\/avatar\/8d6ccd8d7d52b8959f34154e87d3fa29?s=96&d=mm&r=g","caption":"imprensa"}}]}},"_links":{"self":[{"href":"https:\/\/www.sitsesp.org.br\/novo\/wp-json\/wp\/v2\/posts\/5512"}],"collection":[{"href":"https:\/\/www.sitsesp.org.br\/novo\/wp-json\/wp\/v2\/posts"}],"about":[{"href":"https:\/\/www.sitsesp.org.br\/novo\/wp-json\/wp\/v2\/types\/post"}],"author":[{"embeddable":true,"href":"https:\/\/www.sitsesp.org.br\/novo\/wp-json\/wp\/v2\/users\/5"}],"replies":[{"embeddable":true,"href":"https:\/\/www.sitsesp.org.br\/novo\/wp-json\/wp\/v2\/comments?post=5512"}],"version-history":[{"count":1,"href":"https:\/\/www.sitsesp.org.br\/novo\/wp-json\/wp\/v2\/posts\/5512\/revisions"}],"predecessor-version":[{"id":5514,"href":"https:\/\/www.sitsesp.org.br\/novo\/wp-json\/wp\/v2\/posts\/5512\/revisions\/5514"}],"wp:featuredmedia":[{"embeddable":true,"href":"https:\/\/www.sitsesp.org.br\/novo\/wp-json\/wp\/v2\/media\/5513"}],"wp:attachment":[{"href":"https:\/\/www.sitsesp.org.br\/novo\/wp-json\/wp\/v2\/media?parent=5512"}],"wp:term":[{"taxonomy":"category","embeddable":true,"href":"https:\/\/www.sitsesp.org.br\/novo\/wp-json\/wp\/v2\/categories?post=5512"},{"taxonomy":"post_tag","embeddable":true,"href":"https:\/\/www.sitsesp.org.br\/novo\/wp-json\/wp\/v2\/tags?post=5512"}],"curies":[{"name":"wp","href":"https:\/\/api.w.org\/{rel}","templated":true}]}}