{"id":5531,"date":"2021-02-26T19:03:10","date_gmt":"2021-02-26T22:03:10","guid":{"rendered":"https:\/\/sitsesp.org.br\/novo\/?p=5531"},"modified":"2021-02-26T19:03:10","modified_gmt":"2021-02-26T22:03:10","slug":"informe-reuniao-com-a-fundacao-casa-26-02-2021","status":"publish","type":"post","link":"https:\/\/www.sitsesp.org.br\/novo\/informe-reuniao-com-a-fundacao-casa-26-02-2021\/","title":{"rendered":"INFORME | REUNI\u00c3O COM A FUNDA\u00c7\u00c3O CASA 26.02.2021"},"content":{"rendered":"<p><!-- VideographyWP Plugin Message: Automatic video embedding prevented by plugin options. --><br \/>\nNesta manh\u00e3, dia 26 de fevereiro, na sede da Funda\u00e7\u00e3o CASA, ocorreu uma reuni\u00e3o entre a executiva e a entidade sindical SITSESP, para discutir a viabilidade da escala 24&#215;72, a Funda\u00e7\u00e3o CASA em seus dados, apresentou um custo de 147% a mais em adicional noturno, para execu\u00e7\u00e3o desta escala. Informando que diante do estado de recess\u00e3o que assola o pa\u00eds, se torna invi\u00e1vel a pr\u00e1tica da escala 24&#215;72.<\/p>\n<p>A entidade sindical foi notificada tamb\u00e9m que a partir de Abril, a Funda\u00e7\u00e3o CASA adotar\u00e1 uma nova metodologia para o fornecimento do vale refei\u00e7\u00e3o, onde somente os dias \u00fateis efetivamente trabalho, ensejar\u00e1 o direito de percebimento do benef\u00edcio.<\/p>\n<p>Isso, na pr\u00e1tica, implicar\u00e1 em uma redu\u00e7\u00e3o de quatro folhas nominais do vale refei\u00e7\u00e3o. Caso o trabalhador se ausente de forma justificada, injustificada ou em raz\u00e3o de f\u00e9rias, deixar\u00e1 tamb\u00e9m de perceber o benef\u00edcio.<\/p>\n<p>A entidade sindical aguarda a notifica\u00e7\u00e3o oficial da Funda\u00e7\u00e3o CASA, sobre a retirada deste direito, pois s\u00f3 assim poder\u00e1 tomar as devidas provid\u00eancias.<\/p>\n<p>\u00c0 assembleia do dia 06 de mar\u00e7o \u00e9 important\u00edssima para tratar dos assuntos da campanha salarial e dos pr\u00f3ximos rumos da luta da categoria.<\/p>\n<p>Informamos ainda que o posicionamento da entidade sindical \u00e9 nenhum direito a menos!!!<\/p>\n<p>&nbsp;<\/p>\n","protected":false},"excerpt":{"rendered":"<p>Nesta manh\u00e3, dia 26 de fevereiro, na sede da Funda\u00e7\u00e3o CASA, ocorreu uma reuni\u00e3o entre a executiva e a entidade sindical&hellip;<\/p>\n","protected":false},"author":5,"featured_media":5532,"comment_status":"open","ping_status":"open","sticky":false,"template":"","format":"standard","meta":{"cybocfi_hide_featured_image":"","footnotes":""},"categories":[27,22],"tags":[45,42,44,38,50,40,37,39],"yoast_head":"<!-- This site is optimized with the Yoast SEO plugin v22.8 - https:\/\/yoast.com\/wordpress\/plugins\/seo\/ -->\n<title>INFORME | REUNI\u00c3O COM A FUNDA\u00c7\u00c3O CASA 26.02.2021 - SITSESP<\/title>\n<meta name=\"robots\" content=\"index, follow, max-snippet:-1, max-image-preview:large, max-video-preview:-1\" \/>\n<link rel=\"canonical\" href=\"https:\/\/www.sitsesp.org.br\/novo\/informe-reuniao-com-a-fundacao-casa-26-02-2021\/\" \/>\n<meta property=\"og:locale\" content=\"pt_BR\" \/>\n<meta property=\"og:type\" content=\"article\" \/>\n<meta property=\"og:title\" content=\"INFORME | REUNI\u00c3O COM A FUNDA\u00c7\u00c3O CASA 26.02.2021 - SITSESP\" \/>\n<meta property=\"og:description\" content=\"Nesta manh\u00e3, dia 26 de fevereiro, na sede da Funda\u00e7\u00e3o CASA, ocorreu uma reuni\u00e3o entre a executiva e a entidade sindical&hellip;\" \/>\n<meta property=\"og:url\" content=\"https:\/\/www.sitsesp.org.br\/novo\/informe-reuniao-com-a-fundacao-casa-26-02-2021\/\" \/>\n<meta property=\"og:site_name\" content=\"SITSESP\" \/>\n<meta property=\"article:published_time\" content=\"2021-02-26T22:03:10+00:00\" \/>\n<meta property=\"og:image\" content=\"https:\/\/www.sitsesp.org.br\/novo\/wp-content\/uploads\/2021\/02\/2602t.png\" \/>\n\t<meta property=\"og:image:width\" content=\"800\" \/>\n\t<meta property=\"og:image:height\" content=\"800\" \/>\n\t<meta property=\"og:image:type\" content=\"image\/png\" \/>\n<meta name=\"author\" content=\"imprensa\" \/>\n<meta name=\"twitter:card\" content=\"summary_large_image\" \/>\n<meta name=\"twitter:label1\" content=\"Escrito por\" \/>\n\t<meta name=\"twitter:data1\" content=\"imprensa\" \/>\n\t<meta name=\"twitter:label2\" content=\"Est. tempo de leitura\" \/>\n\t<meta name=\"twitter:data2\" content=\"1 minuto\" \/>\n<script type=\"application\/ld+json\" class=\"yoast-schema-graph\">{\"@context\":\"https:\/\/schema.org\",\"@graph\":[{\"@type\":\"Article\",\"@id\":\"https:\/\/www.sitsesp.org.br\/novo\/informe-reuniao-com-a-fundacao-casa-26-02-2021\/#article\",\"isPartOf\":{\"@id\":\"https:\/\/www.sitsesp.org.br\/novo\/informe-reuniao-com-a-fundacao-casa-26-02-2021\/\"},\"author\":{\"name\":\"imprensa\",\"@id\":\"https:\/\/www.sitsesp.org.br\/novo\/#\/schema\/person\/28e42eec160f373e81d0183b3643edbf\"},\"headline\":\"INFORME | REUNI\u00c3O COM A FUNDA\u00c7\u00c3O CASA 26.02.2021\",\"datePublished\":\"2021-02-26T22:03:10+00:00\",\"dateModified\":\"2021-02-26T22:03:10+00:00\",\"mainEntityOfPage\":{\"@id\":\"https:\/\/www.sitsesp.org.br\/novo\/informe-reuniao-com-a-fundacao-casa-26-02-2021\/\"},\"wordCount\":228,\"commentCount\":0,\"publisher\":{\"@id\":\"https:\/\/www.sitsesp.org.br\/novo\/#organization\"},\"image\":{\"@id\":\"https:\/\/www.sitsesp.org.br\/novo\/informe-reuniao-com-a-fundacao-casa-26-02-2021\/#primaryimage\"},\"thumbnailUrl\":\"https:\/\/www.sitsesp.org.br\/novo\/wp-content\/uploads\/2021\/02\/2602t.png\",\"keywords\":[\"2021\",\"assembleia\",\"campanha salarial\",\"Funda\u00e7\u00e3o CASA\",\"JUR\u00cdDICO\",\"SINDICATO\",\"SITSESP\",\"SOCIOEDUCA\u00c7\u00c3O\"],\"articleSection\":[\"Destaque\",\"Noticias\"],\"inLanguage\":\"pt-BR\",\"potentialAction\":[{\"@type\":\"CommentAction\",\"name\":\"Comment\",\"target\":[\"https:\/\/www.sitsesp.org.br\/novo\/informe-reuniao-com-a-fundacao-casa-26-02-2021\/#respond\"]}]},{\"@type\":\"WebPage\",\"@id\":\"https:\/\/www.sitsesp.org.br\/novo\/informe-reuniao-com-a-fundacao-casa-26-02-2021\/\",\"url\":\"https:\/\/www.sitsesp.org.br\/novo\/informe-reuniao-com-a-fundacao-casa-26-02-2021\/\",\"name\":\"INFORME | REUNI\u00c3O COM A FUNDA\u00c7\u00c3O CASA 26.02.2021 - SITSESP\",\"isPartOf\":{\"@id\":\"https:\/\/www.sitsesp.org.br\/novo\/#website\"},\"primaryImageOfPage\":{\"@id\":\"https:\/\/www.sitsesp.org.br\/novo\/informe-reuniao-com-a-fundacao-casa-26-02-2021\/#primaryimage\"},\"image\":{\"@id\":\"https:\/\/www.sitsesp.org.br\/novo\/informe-reuniao-com-a-fundacao-casa-26-02-2021\/#primaryimage\"},\"thumbnailUrl\":\"https:\/\/www.sitsesp.org.br\/novo\/wp-content\/uploads\/2021\/02\/2602t.png\",\"datePublished\":\"2021-02-26T22:03:10+00:00\",\"dateModified\":\"2021-02-26T22:03:10+00:00\",\"breadcrumb\":{\"@id\":\"https:\/\/www.sitsesp.org.br\/novo\/informe-reuniao-com-a-fundacao-casa-26-02-2021\/#breadcrumb\"},\"inLanguage\":\"pt-BR\",\"potentialAction\":[{\"@type\":\"ReadAction\",\"target\":[\"https:\/\/www.sitsesp.org.br\/novo\/informe-reuniao-com-a-fundacao-casa-26-02-2021\/\"]}]},{\"@type\":\"ImageObject\",\"inLanguage\":\"pt-BR\",\"@id\":\"https:\/\/www.sitsesp.org.br\/novo\/informe-reuniao-com-a-fundacao-casa-26-02-2021\/#primaryimage\",\"url\":\"https:\/\/www.sitsesp.org.br\/novo\/wp-content\/uploads\/2021\/02\/2602t.png\",\"contentUrl\":\"https:\/\/www.sitsesp.org.br\/novo\/wp-content\/uploads\/2021\/02\/2602t.png\",\"width\":800,\"height\":800},{\"@type\":\"BreadcrumbList\",\"@id\":\"https:\/\/www.sitsesp.org.br\/novo\/informe-reuniao-com-a-fundacao-casa-26-02-2021\/#breadcrumb\",\"itemListElement\":[{\"@type\":\"ListItem\",\"position\":1,\"name\":\"In\u00edcio\",\"item\":\"https:\/\/www.sitsesp.org.br\/novo\/\"},{\"@type\":\"ListItem\",\"position\":2,\"name\":\"INFORME | REUNI\u00c3O COM A FUNDA\u00c7\u00c3O CASA 26.02.2021\"}]},{\"@type\":\"WebSite\",\"@id\":\"https:\/\/www.sitsesp.org.br\/novo\/#website\",\"url\":\"https:\/\/www.sitsesp.org.br\/novo\/\",\"name\":\"Sitsesp\",\"description\":\"SIndicato da Socioeduca\u00e7\u00e3o do Estado de S\u00e3o Paulo\",\"publisher\":{\"@id\":\"https:\/\/www.sitsesp.org.br\/novo\/#organization\"},\"potentialAction\":[{\"@type\":\"SearchAction\",\"target\":{\"@type\":\"EntryPoint\",\"urlTemplate\":\"https:\/\/www.sitsesp.org.br\/novo\/?s={search_term_string}\"},\"query-input\":\"required name=search_term_string\"}],\"inLanguage\":\"pt-BR\"},{\"@type\":\"Organization\",\"@id\":\"https:\/\/www.sitsesp.org.br\/novo\/#organization\",\"name\":\"Sitsesp\",\"url\":\"https:\/\/www.sitsesp.org.br\/novo\/\",\"logo\":{\"@type\":\"ImageObject\",\"inLanguage\":\"pt-BR\",\"@id\":\"https:\/\/www.sitsesp.org.br\/novo\/#\/schema\/logo\/image\/\",\"url\":\"https:\/\/www.sitsesp.org.br\/novo\/wp-content\/uploads\/2020\/09\/Design-sem-nome-1.jpg\",\"contentUrl\":\"https:\/\/www.sitsesp.org.br\/novo\/wp-content\/uploads\/2020\/09\/Design-sem-nome-1.jpg\",\"width\":300,\"height\":300,\"caption\":\"Sitsesp\"},\"image\":{\"@id\":\"https:\/\/www.sitsesp.org.br\/novo\/#\/schema\/logo\/image\/\"}},{\"@type\":\"Person\",\"@id\":\"https:\/\/www.sitsesp.org.br\/novo\/#\/schema\/person\/28e42eec160f373e81d0183b3643edbf\",\"name\":\"imprensa\",\"image\":{\"@type\":\"ImageObject\",\"inLanguage\":\"pt-BR\",\"@id\":\"https:\/\/www.sitsesp.org.br\/novo\/#\/schema\/person\/image\/\",\"url\":\"https:\/\/secure.gravatar.com\/avatar\/8d6ccd8d7d52b8959f34154e87d3fa29?s=96&d=mm&r=g\",\"contentUrl\":\"https:\/\/secure.gravatar.com\/avatar\/8d6ccd8d7d52b8959f34154e87d3fa29?s=96&d=mm&r=g\",\"caption\":\"imprensa\"}}]}<\/script>\n<!-- \/ Yoast SEO plugin. -->","yoast_head_json":{"title":"INFORME | REUNI\u00c3O COM A FUNDA\u00c7\u00c3O CASA 26.02.2021 - SITSESP","robots":{"index":"index","follow":"follow","max-snippet":"max-snippet:-1","max-image-preview":"max-image-preview:large","max-video-preview":"max-video-preview:-1"},"canonical":"https:\/\/www.sitsesp.org.br\/novo\/informe-reuniao-com-a-fundacao-casa-26-02-2021\/","og_locale":"pt_BR","og_type":"article","og_title":"INFORME | REUNI\u00c3O COM A FUNDA\u00c7\u00c3O CASA 26.02.2021 - SITSESP","og_description":"Nesta manh\u00e3, dia 26 de fevereiro, na sede da Funda\u00e7\u00e3o CASA, ocorreu uma reuni\u00e3o entre a executiva e a entidade sindical&hellip;","og_url":"https:\/\/www.sitsesp.org.br\/novo\/informe-reuniao-com-a-fundacao-casa-26-02-2021\/","og_site_name":"SITSESP","article_published_time":"2021-02-26T22:03:10+00:00","og_image":[{"width":800,"height":800,"url":"https:\/\/www.sitsesp.org.br\/novo\/wp-content\/uploads\/2021\/02\/2602t.png","type":"image\/png"}],"author":"imprensa","twitter_card":"summary_large_image","twitter_misc":{"Escrito por":"imprensa","Est. tempo de leitura":"1 minuto"},"schema":{"@context":"https:\/\/schema.org","@graph":[{"@type":"Article","@id":"https:\/\/www.sitsesp.org.br\/novo\/informe-reuniao-com-a-fundacao-casa-26-02-2021\/#article","isPartOf":{"@id":"https:\/\/www.sitsesp.org.br\/novo\/informe-reuniao-com-a-fundacao-casa-26-02-2021\/"},"author":{"name":"imprensa","@id":"https:\/\/www.sitsesp.org.br\/novo\/#\/schema\/person\/28e42eec160f373e81d0183b3643edbf"},"headline":"INFORME | REUNI\u00c3O COM A FUNDA\u00c7\u00c3O CASA 26.02.2021","datePublished":"2021-02-26T22:03:10+00:00","dateModified":"2021-02-26T22:03:10+00:00","mainEntityOfPage":{"@id":"https:\/\/www.sitsesp.org.br\/novo\/informe-reuniao-com-a-fundacao-casa-26-02-2021\/"},"wordCount":228,"commentCount":0,"publisher":{"@id":"https:\/\/www.sitsesp.org.br\/novo\/#organization"},"image":{"@id":"https:\/\/www.sitsesp.org.br\/novo\/informe-reuniao-com-a-fundacao-casa-26-02-2021\/#primaryimage"},"thumbnailUrl":"https:\/\/www.sitsesp.org.br\/novo\/wp-content\/uploads\/2021\/02\/2602t.png","keywords":["2021","assembleia","campanha salarial","Funda\u00e7\u00e3o CASA","JUR\u00cdDICO","SINDICATO","SITSESP","SOCIOEDUCA\u00c7\u00c3O"],"articleSection":["Destaque","Noticias"],"inLanguage":"pt-BR","potentialAction":[{"@type":"CommentAction","name":"Comment","target":["https:\/\/www.sitsesp.org.br\/novo\/informe-reuniao-com-a-fundacao-casa-26-02-2021\/#respond"]}]},{"@type":"WebPage","@id":"https:\/\/www.sitsesp.org.br\/novo\/informe-reuniao-com-a-fundacao-casa-26-02-2021\/","url":"https:\/\/www.sitsesp.org.br\/novo\/informe-reuniao-com-a-fundacao-casa-26-02-2021\/","name":"INFORME | REUNI\u00c3O COM A FUNDA\u00c7\u00c3O CASA 26.02.2021 - SITSESP","isPartOf":{"@id":"https:\/\/www.sitsesp.org.br\/novo\/#website"},"primaryImageOfPage":{"@id":"https:\/\/www.sitsesp.org.br\/novo\/informe-reuniao-com-a-fundacao-casa-26-02-2021\/#primaryimage"},"image":{"@id":"https:\/\/www.sitsesp.org.br\/novo\/informe-reuniao-com-a-fundacao-casa-26-02-2021\/#primaryimage"},"thumbnailUrl":"https:\/\/www.sitsesp.org.br\/novo\/wp-content\/uploads\/2021\/02\/2602t.png","datePublished":"2021-02-26T22:03:10+00:00","dateModified":"2021-02-26T22:03:10+00:00","breadcrumb":{"@id":"https:\/\/www.sitsesp.org.br\/novo\/informe-reuniao-com-a-fundacao-casa-26-02-2021\/#breadcrumb"},"inLanguage":"pt-BR","potentialAction":[{"@type":"ReadAction","target":["https:\/\/www.sitsesp.org.br\/novo\/informe-reuniao-com-a-fundacao-casa-26-02-2021\/"]}]},{"@type":"ImageObject","inLanguage":"pt-BR","@id":"https:\/\/www.sitsesp.org.br\/novo\/informe-reuniao-com-a-fundacao-casa-26-02-2021\/#primaryimage","url":"https:\/\/www.sitsesp.org.br\/novo\/wp-content\/uploads\/2021\/02\/2602t.png","contentUrl":"https:\/\/www.sitsesp.org.br\/novo\/wp-content\/uploads\/2021\/02\/2602t.png","width":800,"height":800},{"@type":"BreadcrumbList","@id":"https:\/\/www.sitsesp.org.br\/novo\/informe-reuniao-com-a-fundacao-casa-26-02-2021\/#breadcrumb","itemListElement":[{"@type":"ListItem","position":1,"name":"In\u00edcio","item":"https:\/\/www.sitsesp.org.br\/novo\/"},{"@type":"ListItem","position":2,"name":"INFORME | REUNI\u00c3O COM A FUNDA\u00c7\u00c3O CASA 26.02.2021"}]},{"@type":"WebSite","@id":"https:\/\/www.sitsesp.org.br\/novo\/#website","url":"https:\/\/www.sitsesp.org.br\/novo\/","name":"Sitsesp","description":"SIndicato da Socioeduca\u00e7\u00e3o do Estado de S\u00e3o Paulo","publisher":{"@id":"https:\/\/www.sitsesp.org.br\/novo\/#organization"},"potentialAction":[{"@type":"SearchAction","target":{"@type":"EntryPoint","urlTemplate":"https:\/\/www.sitsesp.org.br\/novo\/?s={search_term_string}"},"query-input":"required name=search_term_string"}],"inLanguage":"pt-BR"},{"@type":"Organization","@id":"https:\/\/www.sitsesp.org.br\/novo\/#organization","name":"Sitsesp","url":"https:\/\/www.sitsesp.org.br\/novo\/","logo":{"@type":"ImageObject","inLanguage":"pt-BR","@id":"https:\/\/www.sitsesp.org.br\/novo\/#\/schema\/logo\/image\/","url":"https:\/\/www.sitsesp.org.br\/novo\/wp-content\/uploads\/2020\/09\/Design-sem-nome-1.jpg","contentUrl":"https:\/\/www.sitsesp.org.br\/novo\/wp-content\/uploads\/2020\/09\/Design-sem-nome-1.jpg","width":300,"height":300,"caption":"Sitsesp"},"image":{"@id":"https:\/\/www.sitsesp.org.br\/novo\/#\/schema\/logo\/image\/"}},{"@type":"Person","@id":"https:\/\/www.sitsesp.org.br\/novo\/#\/schema\/person\/28e42eec160f373e81d0183b3643edbf","name":"imprensa","image":{"@type":"ImageObject","inLanguage":"pt-BR","@id":"https:\/\/www.sitsesp.org.br\/novo\/#\/schema\/person\/image\/","url":"https:\/\/secure.gravatar.com\/avatar\/8d6ccd8d7d52b8959f34154e87d3fa29?s=96&d=mm&r=g","contentUrl":"https:\/\/secure.gravatar.com\/avatar\/8d6ccd8d7d52b8959f34154e87d3fa29?s=96&d=mm&r=g","caption":"imprensa"}}]}},"_links":{"self":[{"href":"https:\/\/www.sitsesp.org.br\/novo\/wp-json\/wp\/v2\/posts\/5531"}],"collection":[{"href":"https:\/\/www.sitsesp.org.br\/novo\/wp-json\/wp\/v2\/posts"}],"about":[{"href":"https:\/\/www.sitsesp.org.br\/novo\/wp-json\/wp\/v2\/types\/post"}],"author":[{"embeddable":true,"href":"https:\/\/www.sitsesp.org.br\/novo\/wp-json\/wp\/v2\/users\/5"}],"replies":[{"embeddable":true,"href":"https:\/\/www.sitsesp.org.br\/novo\/wp-json\/wp\/v2\/comments?post=5531"}],"version-history":[{"count":1,"href":"https:\/\/www.sitsesp.org.br\/novo\/wp-json\/wp\/v2\/posts\/5531\/revisions"}],"predecessor-version":[{"id":5533,"href":"https:\/\/www.sitsesp.org.br\/novo\/wp-json\/wp\/v2\/posts\/5531\/revisions\/5533"}],"wp:featuredmedia":[{"embeddable":true,"href":"https:\/\/www.sitsesp.org.br\/novo\/wp-json\/wp\/v2\/media\/5532"}],"wp:attachment":[{"href":"https:\/\/www.sitsesp.org.br\/novo\/wp-json\/wp\/v2\/media?parent=5531"}],"wp:term":[{"taxonomy":"category","embeddable":true,"href":"https:\/\/www.sitsesp.org.br\/novo\/wp-json\/wp\/v2\/categories?post=5531"},{"taxonomy":"post_tag","embeddable":true,"href":"https:\/\/www.sitsesp.org.br\/novo\/wp-json\/wp\/v2\/tags?post=5531"}],"curies":[{"name":"wp","href":"https:\/\/api.w.org\/{rel}","templated":true}]}}