{"id":5562,"date":"2021-03-06T17:09:56","date_gmt":"2021-03-06T20:09:56","guid":{"rendered":"https:\/\/sitsesp.org.br\/novo\/?p=5562"},"modified":"2021-03-06T17:09:56","modified_gmt":"2021-03-06T20:09:56","slug":"em-assembleia-realizada-na-manha-deste-sabado-06-03-a-categoria-disse-nao-a-qualquer-tipo-de-perda-de-direitos","status":"publish","type":"post","link":"https:\/\/www.sitsesp.org.br\/novo\/em-assembleia-realizada-na-manha-deste-sabado-06-03-a-categoria-disse-nao-a-qualquer-tipo-de-perda-de-direitos\/","title":{"rendered":"EM ASSEMBLEIA REALIZADA NA MANH\u00c3 DESTE S\u00c1BADO 06\/03 A CATEGORIA DISSE N\u00c3O A QUALQUER TIPO DE PERDA DE DIREITOS"},"content":{"rendered":"<p><!-- VideographyWP Plugin Message: Automatic video embedding prevented by plugin options. --><br \/>\nRealizada na manh\u00e3 deste s\u00e1bado, a assembleia geral da categoria debateu sobre a campanha salarial de 2021, tirou d\u00favidas e recebeu as demandas dos trabalhadores. Durante a assembleia os participantes votaram N\u00c3O \u00e0 indecorosa proposta da Funda\u00e7\u00e3o CASA que insiste em retirar os direitos adquiridos com muita luta da categoria.<\/p>\n<p>Em quase quatro horas de assembleia, com uma participa\u00e7\u00e3o recorde entre todas realizadas online, tivemos 646 participantes no pico e 562 votantes. 97% dos participantes votaram que N\u00c3O aceitam a proposta de aderir ao IAMSPE e receber um aux\u00edlio sa\u00fade de R$350,00 por 12 meses e serem retirados de imediato do conv\u00eanio m\u00e9dico da AMIL.<\/p>\n<p>A categoria se mostrou madura para levar as discuss\u00f5es e falas com coes\u00e3o e intelig\u00eancia. Foram v\u00e1rios debates com servidores de praticamente todos setores que comp\u00f5em o sistema socioeducativo no Estado de S\u00e3o Paulo.<\/p>\n<p>Assim a categoria formulou um plano de luta e mobiliza\u00e7\u00e3o que ser\u00e1 efetivado pelo SITSESP para mostrar \u00e0 gest\u00e3o da Funda\u00e7\u00e3o CASA e ao governo do Estado que os servidores est\u00e3o atentos ao sucateamento que o governo est\u00e1 fazendo com a Institui\u00e7\u00e3o, levando a perdas irrepar\u00e1veis para a vida pessoal, financeira e a sa\u00fade do servidor.<\/p>\n<p>Entre as propostas colocadas pela categoria est\u00e3o: a confec\u00e7\u00e3o, j\u00e1 na segunda feira, de Of\u00edcio de rep\u00fadio para a institui\u00e7\u00e3o patronal sobre a \u201cintransig\u00eancia cont\u00ednua da Funda\u00e7\u00e3o Casa na mesa de negocia\u00e7\u00e3o\u201d, o que caracteriza pr\u00e1tica e ato antissindical; elabora\u00e7\u00e3o de calend\u00e1rio para a mobiliza\u00e7\u00e3o da categoria, como exemplo: vestir preto por tr\u00eas dias (10, 11 e 12\/03) entre outras; a comiss\u00e3o de sa\u00fade composta pelos diretores Cesar Horta e Claudio Alonso estar\u00e3o participando das reuni\u00f5es com trabalhador da base; participa\u00e7\u00e3o de diretores e advogados nas anu\u00eancias e nos Centros onde os trabalhadores est\u00e3o sendo oprimidos por gestores que mais parecem \u201cfranqueadores\u201d de uma marca, tratando o servidor concursado como se fosse seu mero empregado;\u00a0 Of\u00edcio 058\/2021 protocolado na Funda\u00e7\u00e3o CASA na data de 03\/03 para questionar qual o posicionamento oficial da Funda\u00e7\u00e3o CASA quanto ao VR \u2013 Vale refei\u00e7\u00e3o,\u00a0 diante do que foi exposto verbalmente em mesa de negocia\u00e7\u00e3o e n\u00e3o por escrito. Por fim a categoria externou que continuar\u00e1 mobilizada e atenta \u00e0 negocia\u00e7\u00e3o coletiva e ap\u00f3s novas rodadas de negocia\u00e7\u00f5es ser\u00e1 realizada nova assembleia para debater a continuidade da luta. Nenhum direito a menos!<\/p>\n<p><strong>\u00a0<\/strong><\/p>\n<p><strong>FA\u00c7A VALER A LUTA, N\u00c3O ESPERE QUE OUTROS FA\u00c7AM POR VOC\u00ca!<br \/>\n<\/strong><strong>O SITSESP \u00c9 DE TODOS, PARA TODOS, LUTANDO COM TODOS!<\/strong><\/p>\n","protected":false},"excerpt":{"rendered":"<p>Realizada na manh\u00e3 deste s\u00e1bado, a assembleia geral da categoria debateu sobre a campanha salarial de 2021, tirou d\u00favidas e recebeu&hellip;<\/p>\n","protected":false},"author":5,"featured_media":5563,"comment_status":"open","ping_status":"open","sticky":false,"template":"","format":"standard","meta":{"cybocfi_hide_featured_image":"","footnotes":""},"categories":[27,22],"tags":[45,42,44,38,40,37,39],"yoast_head":"<!-- This site is optimized with the Yoast SEO plugin v22.8 - https:\/\/yoast.com\/wordpress\/plugins\/seo\/ -->\n<title>EM ASSEMBLEIA REALIZADA NA MANH\u00c3 DESTE S\u00c1BADO 06\/03 A CATEGORIA DISSE N\u00c3O A QUALQUER TIPO DE PERDA DE DIREITOS - SITSESP<\/title>\n<meta name=\"robots\" content=\"index, follow, max-snippet:-1, max-image-preview:large, max-video-preview:-1\" \/>\n<link rel=\"canonical\" href=\"https:\/\/www.sitsesp.org.br\/novo\/em-assembleia-realizada-na-manha-deste-sabado-06-03-a-categoria-disse-nao-a-qualquer-tipo-de-perda-de-direitos\/\" \/>\n<meta property=\"og:locale\" content=\"pt_BR\" \/>\n<meta property=\"og:type\" content=\"article\" \/>\n<meta property=\"og:title\" content=\"EM ASSEMBLEIA REALIZADA NA MANH\u00c3 DESTE S\u00c1BADO 06\/03 A CATEGORIA DISSE N\u00c3O A QUALQUER TIPO DE PERDA DE DIREITOS - SITSESP\" \/>\n<meta property=\"og:description\" content=\"Realizada na manh\u00e3 deste s\u00e1bado, a assembleia geral da categoria debateu sobre a campanha salarial de 2021, tirou d\u00favidas e recebeu&hellip;\" \/>\n<meta property=\"og:url\" content=\"https:\/\/www.sitsesp.org.br\/novo\/em-assembleia-realizada-na-manha-deste-sabado-06-03-a-categoria-disse-nao-a-qualquer-tipo-de-perda-de-direitos\/\" \/>\n<meta property=\"og:site_name\" content=\"SITSESP\" \/>\n<meta property=\"article:published_time\" content=\"2021-03-06T20:09:56+00:00\" \/>\n<meta property=\"og:image\" content=\"https:\/\/www.sitsesp.org.br\/novo\/wp-content\/uploads\/2021\/03\/0603.png\" \/>\n\t<meta property=\"og:image:width\" content=\"800\" \/>\n\t<meta property=\"og:image:height\" content=\"800\" \/>\n\t<meta property=\"og:image:type\" content=\"image\/png\" \/>\n<meta name=\"author\" content=\"imprensa\" \/>\n<meta name=\"twitter:card\" content=\"summary_large_image\" \/>\n<meta name=\"twitter:label1\" content=\"Escrito por\" \/>\n\t<meta name=\"twitter:data1\" content=\"imprensa\" \/>\n\t<meta name=\"twitter:label2\" content=\"Est. tempo de leitura\" \/>\n\t<meta name=\"twitter:data2\" content=\"2 minutos\" \/>\n<script type=\"application\/ld+json\" class=\"yoast-schema-graph\">{\"@context\":\"https:\/\/schema.org\",\"@graph\":[{\"@type\":\"Article\",\"@id\":\"https:\/\/www.sitsesp.org.br\/novo\/em-assembleia-realizada-na-manha-deste-sabado-06-03-a-categoria-disse-nao-a-qualquer-tipo-de-perda-de-direitos\/#article\",\"isPartOf\":{\"@id\":\"https:\/\/www.sitsesp.org.br\/novo\/em-assembleia-realizada-na-manha-deste-sabado-06-03-a-categoria-disse-nao-a-qualquer-tipo-de-perda-de-direitos\/\"},\"author\":{\"name\":\"imprensa\",\"@id\":\"https:\/\/www.sitsesp.org.br\/novo\/#\/schema\/person\/28e42eec160f373e81d0183b3643edbf\"},\"headline\":\"EM ASSEMBLEIA REALIZADA NA MANH\u00c3 DESTE S\u00c1BADO 06\/03 A CATEGORIA DISSE N\u00c3O A QUALQUER TIPO DE PERDA DE DIREITOS\",\"datePublished\":\"2021-03-06T20:09:56+00:00\",\"dateModified\":\"2021-03-06T20:09:56+00:00\",\"mainEntityOfPage\":{\"@id\":\"https:\/\/www.sitsesp.org.br\/novo\/em-assembleia-realizada-na-manha-deste-sabado-06-03-a-categoria-disse-nao-a-qualquer-tipo-de-perda-de-direitos\/\"},\"wordCount\":464,\"commentCount\":0,\"publisher\":{\"@id\":\"https:\/\/www.sitsesp.org.br\/novo\/#organization\"},\"image\":{\"@id\":\"https:\/\/www.sitsesp.org.br\/novo\/em-assembleia-realizada-na-manha-deste-sabado-06-03-a-categoria-disse-nao-a-qualquer-tipo-de-perda-de-direitos\/#primaryimage\"},\"thumbnailUrl\":\"https:\/\/www.sitsesp.org.br\/novo\/wp-content\/uploads\/2021\/03\/0603.png\",\"keywords\":[\"2021\",\"assembleia\",\"campanha salarial\",\"Funda\u00e7\u00e3o CASA\",\"SINDICATO\",\"SITSESP\",\"SOCIOEDUCA\u00c7\u00c3O\"],\"articleSection\":[\"Destaque\",\"Noticias\"],\"inLanguage\":\"pt-BR\",\"potentialAction\":[{\"@type\":\"CommentAction\",\"name\":\"Comment\",\"target\":[\"https:\/\/www.sitsesp.org.br\/novo\/em-assembleia-realizada-na-manha-deste-sabado-06-03-a-categoria-disse-nao-a-qualquer-tipo-de-perda-de-direitos\/#respond\"]}]},{\"@type\":\"WebPage\",\"@id\":\"https:\/\/www.sitsesp.org.br\/novo\/em-assembleia-realizada-na-manha-deste-sabado-06-03-a-categoria-disse-nao-a-qualquer-tipo-de-perda-de-direitos\/\",\"url\":\"https:\/\/www.sitsesp.org.br\/novo\/em-assembleia-realizada-na-manha-deste-sabado-06-03-a-categoria-disse-nao-a-qualquer-tipo-de-perda-de-direitos\/\",\"name\":\"EM ASSEMBLEIA REALIZADA NA MANH\u00c3 DESTE S\u00c1BADO 06\/03 A CATEGORIA DISSE N\u00c3O A QUALQUER TIPO DE PERDA DE DIREITOS - SITSESP\",\"isPartOf\":{\"@id\":\"https:\/\/www.sitsesp.org.br\/novo\/#website\"},\"primaryImageOfPage\":{\"@id\":\"https:\/\/www.sitsesp.org.br\/novo\/em-assembleia-realizada-na-manha-deste-sabado-06-03-a-categoria-disse-nao-a-qualquer-tipo-de-perda-de-direitos\/#primaryimage\"},\"image\":{\"@id\":\"https:\/\/www.sitsesp.org.br\/novo\/em-assembleia-realizada-na-manha-deste-sabado-06-03-a-categoria-disse-nao-a-qualquer-tipo-de-perda-de-direitos\/#primaryimage\"},\"thumbnailUrl\":\"https:\/\/www.sitsesp.org.br\/novo\/wp-content\/uploads\/2021\/03\/0603.png\",\"datePublished\":\"2021-03-06T20:09:56+00:00\",\"dateModified\":\"2021-03-06T20:09:56+00:00\",\"breadcrumb\":{\"@id\":\"https:\/\/www.sitsesp.org.br\/novo\/em-assembleia-realizada-na-manha-deste-sabado-06-03-a-categoria-disse-nao-a-qualquer-tipo-de-perda-de-direitos\/#breadcrumb\"},\"inLanguage\":\"pt-BR\",\"potentialAction\":[{\"@type\":\"ReadAction\",\"target\":[\"https:\/\/www.sitsesp.org.br\/novo\/em-assembleia-realizada-na-manha-deste-sabado-06-03-a-categoria-disse-nao-a-qualquer-tipo-de-perda-de-direitos\/\"]}]},{\"@type\":\"ImageObject\",\"inLanguage\":\"pt-BR\",\"@id\":\"https:\/\/www.sitsesp.org.br\/novo\/em-assembleia-realizada-na-manha-deste-sabado-06-03-a-categoria-disse-nao-a-qualquer-tipo-de-perda-de-direitos\/#primaryimage\",\"url\":\"https:\/\/www.sitsesp.org.br\/novo\/wp-content\/uploads\/2021\/03\/0603.png\",\"contentUrl\":\"https:\/\/www.sitsesp.org.br\/novo\/wp-content\/uploads\/2021\/03\/0603.png\",\"width\":800,\"height\":800},{\"@type\":\"BreadcrumbList\",\"@id\":\"https:\/\/www.sitsesp.org.br\/novo\/em-assembleia-realizada-na-manha-deste-sabado-06-03-a-categoria-disse-nao-a-qualquer-tipo-de-perda-de-direitos\/#breadcrumb\",\"itemListElement\":[{\"@type\":\"ListItem\",\"position\":1,\"name\":\"In\u00edcio\",\"item\":\"https:\/\/www.sitsesp.org.br\/novo\/\"},{\"@type\":\"ListItem\",\"position\":2,\"name\":\"EM ASSEMBLEIA REALIZADA NA MANH\u00c3 DESTE S\u00c1BADO 06\/03 A CATEGORIA DISSE N\u00c3O A QUALQUER TIPO DE PERDA DE DIREITOS\"}]},{\"@type\":\"WebSite\",\"@id\":\"https:\/\/www.sitsesp.org.br\/novo\/#website\",\"url\":\"https:\/\/www.sitsesp.org.br\/novo\/\",\"name\":\"Sitsesp\",\"description\":\"SIndicato da Socioeduca\u00e7\u00e3o do Estado de S\u00e3o Paulo\",\"publisher\":{\"@id\":\"https:\/\/www.sitsesp.org.br\/novo\/#organization\"},\"potentialAction\":[{\"@type\":\"SearchAction\",\"target\":{\"@type\":\"EntryPoint\",\"urlTemplate\":\"https:\/\/www.sitsesp.org.br\/novo\/?s={search_term_string}\"},\"query-input\":\"required name=search_term_string\"}],\"inLanguage\":\"pt-BR\"},{\"@type\":\"Organization\",\"@id\":\"https:\/\/www.sitsesp.org.br\/novo\/#organization\",\"name\":\"Sitsesp\",\"url\":\"https:\/\/www.sitsesp.org.br\/novo\/\",\"logo\":{\"@type\":\"ImageObject\",\"inLanguage\":\"pt-BR\",\"@id\":\"https:\/\/www.sitsesp.org.br\/novo\/#\/schema\/logo\/image\/\",\"url\":\"https:\/\/www.sitsesp.org.br\/novo\/wp-content\/uploads\/2020\/09\/Design-sem-nome-1.jpg\",\"contentUrl\":\"https:\/\/www.sitsesp.org.br\/novo\/wp-content\/uploads\/2020\/09\/Design-sem-nome-1.jpg\",\"width\":300,\"height\":300,\"caption\":\"Sitsesp\"},\"image\":{\"@id\":\"https:\/\/www.sitsesp.org.br\/novo\/#\/schema\/logo\/image\/\"}},{\"@type\":\"Person\",\"@id\":\"https:\/\/www.sitsesp.org.br\/novo\/#\/schema\/person\/28e42eec160f373e81d0183b3643edbf\",\"name\":\"imprensa\",\"image\":{\"@type\":\"ImageObject\",\"inLanguage\":\"pt-BR\",\"@id\":\"https:\/\/www.sitsesp.org.br\/novo\/#\/schema\/person\/image\/\",\"url\":\"https:\/\/secure.gravatar.com\/avatar\/8d6ccd8d7d52b8959f34154e87d3fa29?s=96&d=mm&r=g\",\"contentUrl\":\"https:\/\/secure.gravatar.com\/avatar\/8d6ccd8d7d52b8959f34154e87d3fa29?s=96&d=mm&r=g\",\"caption\":\"imprensa\"}}]}<\/script>\n<!-- \/ Yoast SEO plugin. -->","yoast_head_json":{"title":"EM ASSEMBLEIA REALIZADA NA MANH\u00c3 DESTE S\u00c1BADO 06\/03 A CATEGORIA DISSE N\u00c3O A QUALQUER TIPO DE PERDA DE DIREITOS - SITSESP","robots":{"index":"index","follow":"follow","max-snippet":"max-snippet:-1","max-image-preview":"max-image-preview:large","max-video-preview":"max-video-preview:-1"},"canonical":"https:\/\/www.sitsesp.org.br\/novo\/em-assembleia-realizada-na-manha-deste-sabado-06-03-a-categoria-disse-nao-a-qualquer-tipo-de-perda-de-direitos\/","og_locale":"pt_BR","og_type":"article","og_title":"EM ASSEMBLEIA REALIZADA NA MANH\u00c3 DESTE S\u00c1BADO 06\/03 A CATEGORIA DISSE N\u00c3O A QUALQUER TIPO DE PERDA DE DIREITOS - SITSESP","og_description":"Realizada na manh\u00e3 deste s\u00e1bado, a assembleia geral da categoria debateu sobre a campanha salarial de 2021, tirou d\u00favidas e recebeu&hellip;","og_url":"https:\/\/www.sitsesp.org.br\/novo\/em-assembleia-realizada-na-manha-deste-sabado-06-03-a-categoria-disse-nao-a-qualquer-tipo-de-perda-de-direitos\/","og_site_name":"SITSESP","article_published_time":"2021-03-06T20:09:56+00:00","og_image":[{"width":800,"height":800,"url":"https:\/\/www.sitsesp.org.br\/novo\/wp-content\/uploads\/2021\/03\/0603.png","type":"image\/png"}],"author":"imprensa","twitter_card":"summary_large_image","twitter_misc":{"Escrito por":"imprensa","Est. tempo de leitura":"2 minutos"},"schema":{"@context":"https:\/\/schema.org","@graph":[{"@type":"Article","@id":"https:\/\/www.sitsesp.org.br\/novo\/em-assembleia-realizada-na-manha-deste-sabado-06-03-a-categoria-disse-nao-a-qualquer-tipo-de-perda-de-direitos\/#article","isPartOf":{"@id":"https:\/\/www.sitsesp.org.br\/novo\/em-assembleia-realizada-na-manha-deste-sabado-06-03-a-categoria-disse-nao-a-qualquer-tipo-de-perda-de-direitos\/"},"author":{"name":"imprensa","@id":"https:\/\/www.sitsesp.org.br\/novo\/#\/schema\/person\/28e42eec160f373e81d0183b3643edbf"},"headline":"EM ASSEMBLEIA REALIZADA NA MANH\u00c3 DESTE S\u00c1BADO 06\/03 A CATEGORIA DISSE N\u00c3O A QUALQUER TIPO DE PERDA DE DIREITOS","datePublished":"2021-03-06T20:09:56+00:00","dateModified":"2021-03-06T20:09:56+00:00","mainEntityOfPage":{"@id":"https:\/\/www.sitsesp.org.br\/novo\/em-assembleia-realizada-na-manha-deste-sabado-06-03-a-categoria-disse-nao-a-qualquer-tipo-de-perda-de-direitos\/"},"wordCount":464,"commentCount":0,"publisher":{"@id":"https:\/\/www.sitsesp.org.br\/novo\/#organization"},"image":{"@id":"https:\/\/www.sitsesp.org.br\/novo\/em-assembleia-realizada-na-manha-deste-sabado-06-03-a-categoria-disse-nao-a-qualquer-tipo-de-perda-de-direitos\/#primaryimage"},"thumbnailUrl":"https:\/\/www.sitsesp.org.br\/novo\/wp-content\/uploads\/2021\/03\/0603.png","keywords":["2021","assembleia","campanha salarial","Funda\u00e7\u00e3o CASA","SINDICATO","SITSESP","SOCIOEDUCA\u00c7\u00c3O"],"articleSection":["Destaque","Noticias"],"inLanguage":"pt-BR","potentialAction":[{"@type":"CommentAction","name":"Comment","target":["https:\/\/www.sitsesp.org.br\/novo\/em-assembleia-realizada-na-manha-deste-sabado-06-03-a-categoria-disse-nao-a-qualquer-tipo-de-perda-de-direitos\/#respond"]}]},{"@type":"WebPage","@id":"https:\/\/www.sitsesp.org.br\/novo\/em-assembleia-realizada-na-manha-deste-sabado-06-03-a-categoria-disse-nao-a-qualquer-tipo-de-perda-de-direitos\/","url":"https:\/\/www.sitsesp.org.br\/novo\/em-assembleia-realizada-na-manha-deste-sabado-06-03-a-categoria-disse-nao-a-qualquer-tipo-de-perda-de-direitos\/","name":"EM ASSEMBLEIA REALIZADA NA MANH\u00c3 DESTE S\u00c1BADO 06\/03 A CATEGORIA DISSE N\u00c3O A QUALQUER TIPO DE PERDA DE DIREITOS - SITSESP","isPartOf":{"@id":"https:\/\/www.sitsesp.org.br\/novo\/#website"},"primaryImageOfPage":{"@id":"https:\/\/www.sitsesp.org.br\/novo\/em-assembleia-realizada-na-manha-deste-sabado-06-03-a-categoria-disse-nao-a-qualquer-tipo-de-perda-de-direitos\/#primaryimage"},"image":{"@id":"https:\/\/www.sitsesp.org.br\/novo\/em-assembleia-realizada-na-manha-deste-sabado-06-03-a-categoria-disse-nao-a-qualquer-tipo-de-perda-de-direitos\/#primaryimage"},"thumbnailUrl":"https:\/\/www.sitsesp.org.br\/novo\/wp-content\/uploads\/2021\/03\/0603.png","datePublished":"2021-03-06T20:09:56+00:00","dateModified":"2021-03-06T20:09:56+00:00","breadcrumb":{"@id":"https:\/\/www.sitsesp.org.br\/novo\/em-assembleia-realizada-na-manha-deste-sabado-06-03-a-categoria-disse-nao-a-qualquer-tipo-de-perda-de-direitos\/#breadcrumb"},"inLanguage":"pt-BR","potentialAction":[{"@type":"ReadAction","target":["https:\/\/www.sitsesp.org.br\/novo\/em-assembleia-realizada-na-manha-deste-sabado-06-03-a-categoria-disse-nao-a-qualquer-tipo-de-perda-de-direitos\/"]}]},{"@type":"ImageObject","inLanguage":"pt-BR","@id":"https:\/\/www.sitsesp.org.br\/novo\/em-assembleia-realizada-na-manha-deste-sabado-06-03-a-categoria-disse-nao-a-qualquer-tipo-de-perda-de-direitos\/#primaryimage","url":"https:\/\/www.sitsesp.org.br\/novo\/wp-content\/uploads\/2021\/03\/0603.png","contentUrl":"https:\/\/www.sitsesp.org.br\/novo\/wp-content\/uploads\/2021\/03\/0603.png","width":800,"height":800},{"@type":"BreadcrumbList","@id":"https:\/\/www.sitsesp.org.br\/novo\/em-assembleia-realizada-na-manha-deste-sabado-06-03-a-categoria-disse-nao-a-qualquer-tipo-de-perda-de-direitos\/#breadcrumb","itemListElement":[{"@type":"ListItem","position":1,"name":"In\u00edcio","item":"https:\/\/www.sitsesp.org.br\/novo\/"},{"@type":"ListItem","position":2,"name":"EM ASSEMBLEIA REALIZADA NA MANH\u00c3 DESTE S\u00c1BADO 06\/03 A CATEGORIA DISSE N\u00c3O A QUALQUER TIPO DE PERDA DE DIREITOS"}]},{"@type":"WebSite","@id":"https:\/\/www.sitsesp.org.br\/novo\/#website","url":"https:\/\/www.sitsesp.org.br\/novo\/","name":"Sitsesp","description":"SIndicato da Socioeduca\u00e7\u00e3o do Estado de S\u00e3o Paulo","publisher":{"@id":"https:\/\/www.sitsesp.org.br\/novo\/#organization"},"potentialAction":[{"@type":"SearchAction","target":{"@type":"EntryPoint","urlTemplate":"https:\/\/www.sitsesp.org.br\/novo\/?s={search_term_string}"},"query-input":"required name=search_term_string"}],"inLanguage":"pt-BR"},{"@type":"Organization","@id":"https:\/\/www.sitsesp.org.br\/novo\/#organization","name":"Sitsesp","url":"https:\/\/www.sitsesp.org.br\/novo\/","logo":{"@type":"ImageObject","inLanguage":"pt-BR","@id":"https:\/\/www.sitsesp.org.br\/novo\/#\/schema\/logo\/image\/","url":"https:\/\/www.sitsesp.org.br\/novo\/wp-content\/uploads\/2020\/09\/Design-sem-nome-1.jpg","contentUrl":"https:\/\/www.sitsesp.org.br\/novo\/wp-content\/uploads\/2020\/09\/Design-sem-nome-1.jpg","width":300,"height":300,"caption":"Sitsesp"},"image":{"@id":"https:\/\/www.sitsesp.org.br\/novo\/#\/schema\/logo\/image\/"}},{"@type":"Person","@id":"https:\/\/www.sitsesp.org.br\/novo\/#\/schema\/person\/28e42eec160f373e81d0183b3643edbf","name":"imprensa","image":{"@type":"ImageObject","inLanguage":"pt-BR","@id":"https:\/\/www.sitsesp.org.br\/novo\/#\/schema\/person\/image\/","url":"https:\/\/secure.gravatar.com\/avatar\/8d6ccd8d7d52b8959f34154e87d3fa29?s=96&d=mm&r=g","contentUrl":"https:\/\/secure.gravatar.com\/avatar\/8d6ccd8d7d52b8959f34154e87d3fa29?s=96&d=mm&r=g","caption":"imprensa"}}]}},"_links":{"self":[{"href":"https:\/\/www.sitsesp.org.br\/novo\/wp-json\/wp\/v2\/posts\/5562"}],"collection":[{"href":"https:\/\/www.sitsesp.org.br\/novo\/wp-json\/wp\/v2\/posts"}],"about":[{"href":"https:\/\/www.sitsesp.org.br\/novo\/wp-json\/wp\/v2\/types\/post"}],"author":[{"embeddable":true,"href":"https:\/\/www.sitsesp.org.br\/novo\/wp-json\/wp\/v2\/users\/5"}],"replies":[{"embeddable":true,"href":"https:\/\/www.sitsesp.org.br\/novo\/wp-json\/wp\/v2\/comments?post=5562"}],"version-history":[{"count":1,"href":"https:\/\/www.sitsesp.org.br\/novo\/wp-json\/wp\/v2\/posts\/5562\/revisions"}],"predecessor-version":[{"id":5564,"href":"https:\/\/www.sitsesp.org.br\/novo\/wp-json\/wp\/v2\/posts\/5562\/revisions\/5564"}],"wp:featuredmedia":[{"embeddable":true,"href":"https:\/\/www.sitsesp.org.br\/novo\/wp-json\/wp\/v2\/media\/5563"}],"wp:attachment":[{"href":"https:\/\/www.sitsesp.org.br\/novo\/wp-json\/wp\/v2\/media?parent=5562"}],"wp:term":[{"taxonomy":"category","embeddable":true,"href":"https:\/\/www.sitsesp.org.br\/novo\/wp-json\/wp\/v2\/categories?post=5562"},{"taxonomy":"post_tag","embeddable":true,"href":"https:\/\/www.sitsesp.org.br\/novo\/wp-json\/wp\/v2\/tags?post=5562"}],"curies":[{"name":"wp","href":"https:\/\/api.w.org\/{rel}","templated":true}]}}