{"id":5565,"date":"2021-03-08T09:11:15","date_gmt":"2021-03-08T12:11:15","guid":{"rendered":"https:\/\/sitsesp.org.br\/novo\/?p=5565"},"modified":"2021-03-23T08:30:29","modified_gmt":"2021-03-23T11:30:29","slug":"trabalhadoras-e-empreendedoras-do-sistema-socioeducativo-de-sao-paulo","status":"publish","type":"post","link":"https:\/\/www.sitsesp.org.br\/novo\/trabalhadoras-e-empreendedoras-do-sistema-socioeducativo-de-sao-paulo\/","title":{"rendered":"Trabalhadoras e Empreendedoras do sistema socioeducativo de S\u00e3o Paulo"},"content":{"rendered":"<p><!-- VideographyWP Plugin Message: Automatic video embedding prevented by plugin options. --><br \/>\nTrabalhadora empreendedora:<br \/>\nRosa Ang\u00e9lica<br \/>\nContato:<br \/>\nAcesse este link para visualizar nosso cat\u00e1logo no WhatsApp: <a href=\"https:\/\/wa.me\/c\/5511977438404\">https:\/\/wa.me\/c\/5511977438404<\/a><\/p>\n<p><img fetchpriority=\"high\" decoding=\"async\" class=\"alignnone size-medium wp-image-5808\" src=\"https:\/\/sitsesp.org.br\/novo\/wp-content\/uploads\/2021\/03\/pp-300x300.jpg\" alt=\"\" width=\"300\" height=\"300\" srcset=\"https:\/\/www.sitsesp.org.br\/novo\/wp-content\/uploads\/2021\/03\/pp-300x300.jpg 300w, https:\/\/www.sitsesp.org.br\/novo\/wp-content\/uploads\/2021\/03\/pp-150x150.jpg 150w, https:\/\/www.sitsesp.org.br\/novo\/wp-content\/uploads\/2021\/03\/pp-585x585.jpg 585w, https:\/\/www.sitsesp.org.br\/novo\/wp-content\/uploads\/2021\/03\/pp.jpg 640w\" sizes=\"(max-width: 300px) 100vw, 300px\" \/><\/p>\n<div id=\"penci-post-gallery__94339\" class=\"penci-post-gallery-container justified column-3\" data-height=\"150\" data-margin=\"3\"><a class=\"item-gallery-justified\" href=\"https:\/\/www.sitsesp.org.br\/novo\/wp-content\/uploads\/2021\/03\/WhatsApp-Image-2021-03-19-at-3.32.55-PM-1.jpeg\"><img decoding=\"async\" src=\"https:\/\/www.sitsesp.org.br\/novo\/wp-content\/uploads\/2021\/03\/WhatsApp-Image-2021-03-19-at-3.32.55-PM-1-585x780.jpeg\" alt=\"\" title=\"WhatsApp Image 2021-03-19 at 3.32.55 PM (1)\"><\/a><a class=\"item-gallery-justified\" href=\"https:\/\/www.sitsesp.org.br\/novo\/wp-content\/uploads\/2021\/03\/WhatsApp-Image-2021-03-19-at-3.32.56-PM.jpeg\"><img decoding=\"async\" src=\"https:\/\/www.sitsesp.org.br\/novo\/wp-content\/uploads\/2021\/03\/WhatsApp-Image-2021-03-19-at-3.32.56-PM-585x731.jpeg\" alt=\"\" title=\"WhatsApp Image 2021-03-19 at 3.32.56 PM\"><\/a><a class=\"item-gallery-justified\" href=\"https:\/\/www.sitsesp.org.br\/novo\/wp-content\/uploads\/2021\/03\/WhatsApp-Image-2021-03-19-at-3.32.55-PM.jpeg\"><img decoding=\"async\" src=\"https:\/\/www.sitsesp.org.br\/novo\/wp-content\/uploads\/2021\/03\/WhatsApp-Image-2021-03-19-at-3.32.55-PM-585x780.jpeg\" alt=\"\" title=\"WhatsApp Image 2021-03-19 at 3.32.55 PM\"><\/a><a class=\"item-gallery-justified\" href=\"https:\/\/www.sitsesp.org.br\/novo\/wp-content\/uploads\/2021\/03\/WhatsApp-Image-2021-03-19-at-3.32.54-PM.jpeg\"><img decoding=\"async\" src=\"https:\/\/www.sitsesp.org.br\/novo\/wp-content\/uploads\/2021\/03\/WhatsApp-Image-2021-03-19-at-3.32.54-PM-585x731.jpeg\" alt=\"\" title=\"WhatsApp Image 2021-03-19 at 3.32.54 PM\"><\/a><\/div>\n<p><!--nextpage--><\/p>\n<p>Trabalhadora empreendedora:<br \/>\nMaria Luciene<br \/>\nCASA Top\u00e1zio<\/p>\n<p><img decoding=\"async\" class=\"alignnone size-medium wp-image-5809\" src=\"https:\/\/sitsesp.org.br\/novo\/wp-content\/uploads\/2021\/03\/WhatsApp-Image-2021-03-15-at-3.37.18-PM-1-169x300.jpeg\" alt=\"\" width=\"169\" height=\"300\" srcset=\"https:\/\/www.sitsesp.org.br\/novo\/wp-content\/uploads\/2021\/03\/WhatsApp-Image-2021-03-15-at-3.37.18-PM-1-169x300.jpeg 169w, https:\/\/www.sitsesp.org.br\/novo\/wp-content\/uploads\/2021\/03\/WhatsApp-Image-2021-03-15-at-3.37.18-PM-1.jpeg 450w\" sizes=\"(max-width: 169px) 100vw, 169px\" \/> <img decoding=\"async\" class=\"alignnone size-medium wp-image-5810\" src=\"https:\/\/sitsesp.org.br\/novo\/wp-content\/uploads\/2021\/03\/WhatsApp-Image-2021-03-15-at-3.37.18-PM-169x300.jpeg\" alt=\"\" width=\"169\" height=\"300\" srcset=\"https:\/\/www.sitsesp.org.br\/novo\/wp-content\/uploads\/2021\/03\/WhatsApp-Image-2021-03-15-at-3.37.18-PM-169x300.jpeg 169w, https:\/\/www.sitsesp.org.br\/novo\/wp-content\/uploads\/2021\/03\/WhatsApp-Image-2021-03-15-at-3.37.18-PM.jpeg 450w\" sizes=\"(max-width: 169px) 100vw, 169px\" \/><\/p>\n<p><!--nextpage--><br \/>\nTrabalhadora e Empreendedora:<br \/>\nMara<br \/>\nCONTATO: 11 95161-1773<\/p>\n<div id=\"penci-post-gallery__41244\" class=\"penci-post-gallery-container justified column-3\" data-height=\"150\" data-margin=\"3\"><a class=\"item-gallery-justified\" href=\"https:\/\/www.sitsesp.org.br\/novo\/wp-content\/uploads\/2021\/03\/WhatsApp-Image-2021-03-08-at-6.25.25-AM-2.jpeg\"><img decoding=\"async\" src=\"https:\/\/www.sitsesp.org.br\/novo\/wp-content\/uploads\/2021\/03\/WhatsApp-Image-2021-03-08-at-6.25.25-AM-2-585x585.jpeg\" alt=\"\" title=\"WhatsApp Image 2021-03-08 at 6.25.25 AM (2)\"><\/a><a class=\"item-gallery-justified\" href=\"https:\/\/www.sitsesp.org.br\/novo\/wp-content\/uploads\/2021\/03\/WhatsApp-Image-2021-03-08-at-6.25.25-AM-1.jpeg\"><img decoding=\"async\" src=\"https:\/\/www.sitsesp.org.br\/novo\/wp-content\/uploads\/2021\/03\/WhatsApp-Image-2021-03-08-at-6.25.25-AM-1.jpeg\" alt=\"\" title=\"WhatsApp Image 2021-03-08 at 6.25.25 AM (1)\"><\/a><a class=\"item-gallery-justified\" href=\"https:\/\/www.sitsesp.org.br\/novo\/wp-content\/uploads\/2021\/03\/WhatsApp-Image-2021-03-08-at-6.25.25-AM.jpeg\"><img decoding=\"async\" src=\"https:\/\/www.sitsesp.org.br\/novo\/wp-content\/uploads\/2021\/03\/WhatsApp-Image-2021-03-08-at-6.25.25-AM.jpeg\" alt=\"\" title=\"WhatsApp Image 2021-03-08 at 6.25.25 AM\"><\/a><a class=\"item-gallery-justified\" href=\"https:\/\/www.sitsesp.org.br\/novo\/wp-content\/uploads\/2021\/03\/WhatsApp-Image-2021-03-08-at-6.25.24-AM-4.jpeg\"><img decoding=\"async\" src=\"https:\/\/www.sitsesp.org.br\/novo\/wp-content\/uploads\/2021\/03\/WhatsApp-Image-2021-03-08-at-6.25.24-AM-4.jpeg\" alt=\"\" title=\"WhatsApp Image 2021-03-08 at 6.25.24 AM (4)\"><\/a><a class=\"item-gallery-justified\" href=\"https:\/\/www.sitsesp.org.br\/novo\/wp-content\/uploads\/2021\/03\/WhatsApp-Image-2021-03-08-at-6.25.24-AM-3.jpeg\"><img decoding=\"async\" src=\"https:\/\/www.sitsesp.org.br\/novo\/wp-content\/uploads\/2021\/03\/WhatsApp-Image-2021-03-08-at-6.25.24-AM-3.jpeg\" alt=\"\" title=\"WhatsApp Image 2021-03-08 at 6.25.24 AM (3)\"><\/a><a class=\"item-gallery-justified\" href=\"https:\/\/www.sitsesp.org.br\/novo\/wp-content\/uploads\/2021\/03\/WhatsApp-Image-2021-03-08-at-6.25.24-AM-2.jpeg\"><img decoding=\"async\" src=\"https:\/\/www.sitsesp.org.br\/novo\/wp-content\/uploads\/2021\/03\/WhatsApp-Image-2021-03-08-at-6.25.24-AM-2-585x780.jpeg\" alt=\"\" title=\"WhatsApp Image 2021-03-08 at 6.25.24 AM (2)\"><\/a><a class=\"item-gallery-justified\" href=\"https:\/\/www.sitsesp.org.br\/novo\/wp-content\/uploads\/2021\/03\/WhatsApp-Image-2021-03-08-at-6.25.24-AM-1.jpeg\"><img decoding=\"async\" src=\"https:\/\/www.sitsesp.org.br\/novo\/wp-content\/uploads\/2021\/03\/WhatsApp-Image-2021-03-08-at-6.25.24-AM-1-585x585.jpeg\" alt=\"\" title=\"WhatsApp Image 2021-03-08 at 6.25.24 AM (1)\"><\/a><a class=\"item-gallery-justified\" href=\"https:\/\/www.sitsesp.org.br\/novo\/wp-content\/uploads\/2021\/03\/WhatsApp-Image-2021-03-08-at-6.25.23-AM.jpeg\"><img decoding=\"async\" src=\"https:\/\/www.sitsesp.org.br\/novo\/wp-content\/uploads\/2021\/03\/WhatsApp-Image-2021-03-08-at-6.25.23-AM.jpeg\" alt=\"\" title=\"WhatsApp Image 2021-03-08 at 6.25.23 AM\"><\/a><a class=\"item-gallery-justified\" href=\"https:\/\/www.sitsesp.org.br\/novo\/wp-content\/uploads\/2021\/03\/WhatsApp-Image-2021-03-08-at-6.25.24-AM.jpeg\"><img decoding=\"async\" src=\"https:\/\/www.sitsesp.org.br\/novo\/wp-content\/uploads\/2021\/03\/WhatsApp-Image-2021-03-08-at-6.25.24-AM-585x439.jpeg\" alt=\"\" title=\"WhatsApp Image 2021-03-08 at 6.25.24 AM\"><\/a><\/div>\n<p><!--nextpage--><\/p>\n<p>Trabalhadora e empreendedora<br \/>\nMiriam &#8211; Lavanderia Br\u00e1s.<br \/>\nContato: 11 96789-3817<\/p>\n<div id=\"penci-post-gallery__23291\" class=\"penci-post-gallery-container justified column-3\" data-height=\"150\" data-margin=\"3\"><a class=\"item-gallery-justified\" href=\"https:\/\/www.sitsesp.org.br\/novo\/wp-content\/uploads\/2021\/03\/WhatsApp-Image-2021-03-08-at-3.27.48-AM.jpeg\"><img decoding=\"async\" src=\"https:\/\/www.sitsesp.org.br\/novo\/wp-content\/uploads\/2021\/03\/WhatsApp-Image-2021-03-08-at-3.27.48-AM-585x553.jpeg\" alt=\"\" title=\"WhatsApp Image 2021-03-08 at 3.27.48 AM\"><\/a><a class=\"item-gallery-justified\" href=\"https:\/\/www.sitsesp.org.br\/novo\/wp-content\/uploads\/2021\/03\/WhatsApp-Image-2021-03-08-at-3.27.44-AM.jpeg\"><img decoding=\"async\" src=\"https:\/\/www.sitsesp.org.br\/novo\/wp-content\/uploads\/2021\/03\/WhatsApp-Image-2021-03-08-at-3.27.44-AM-585x585.jpeg\" alt=\"\" title=\"WhatsApp Image 2021-03-08 at 3.27.44 AM\"><\/a><a class=\"item-gallery-justified\" href=\"https:\/\/www.sitsesp.org.br\/novo\/wp-content\/uploads\/2021\/03\/WhatsApp-Image-2021-03-08-at-3.27.42-AM.jpeg\"><img decoding=\"async\" src=\"https:\/\/www.sitsesp.org.br\/novo\/wp-content\/uploads\/2021\/03\/WhatsApp-Image-2021-03-08-at-3.27.42-AM-585x780.jpeg\" alt=\"\" title=\"WhatsApp Image 2021-03-08 at 3.27.42 AM\"><\/a><a class=\"item-gallery-justified\" href=\"https:\/\/www.sitsesp.org.br\/novo\/wp-content\/uploads\/2021\/03\/WhatsApp-Image-2021-03-08-at-3.26.48-AM.jpeg\"><img decoding=\"async\" src=\"https:\/\/www.sitsesp.org.br\/novo\/wp-content\/uploads\/2021\/03\/WhatsApp-Image-2021-03-08-at-3.26.48-AM-585x700.jpeg\" alt=\"\" title=\"WhatsApp Image 2021-03-08 at 3.26.48 AM\"><\/a><a class=\"item-gallery-justified\" href=\"https:\/\/www.sitsesp.org.br\/novo\/wp-content\/uploads\/2021\/03\/WhatsApp-Image-2021-03-09-at-7.23.52-PM-2.jpeg\"><img decoding=\"async\" src=\"https:\/\/www.sitsesp.org.br\/novo\/wp-content\/uploads\/2021\/03\/WhatsApp-Image-2021-03-09-at-7.23.52-PM-2.jpeg\" alt=\"\" title=\"WhatsApp Image 2021-03-09 at 7.23.52 PM (2)\"><\/a><a class=\"item-gallery-justified\" href=\"https:\/\/www.sitsesp.org.br\/novo\/wp-content\/uploads\/2021\/03\/WhatsApp-Image-2021-03-09-at-7.23.51-PM.jpeg\"><img decoding=\"async\" src=\"https:\/\/www.sitsesp.org.br\/novo\/wp-content\/uploads\/2021\/03\/WhatsApp-Image-2021-03-09-at-7.23.51-PM.jpeg\" alt=\"\" title=\"WhatsApp Image 2021-03-09 at 7.23.51 PM\"><\/a><a class=\"item-gallery-justified\" href=\"https:\/\/www.sitsesp.org.br\/novo\/wp-content\/uploads\/2021\/03\/WhatsApp-Image-2021-03-09-at-7.23.52-PM-1.jpeg\"><img decoding=\"async\" src=\"https:\/\/www.sitsesp.org.br\/novo\/wp-content\/uploads\/2021\/03\/WhatsApp-Image-2021-03-09-at-7.23.52-PM-1.jpeg\" alt=\"\" title=\"WhatsApp Image 2021-03-09 at 7.23.52 PM (1)\"><\/a><a class=\"item-gallery-justified\" href=\"https:\/\/www.sitsesp.org.br\/novo\/wp-content\/uploads\/2021\/03\/WhatsApp-Image-2021-03-09-at-7.23.52-PM.jpeg\"><img decoding=\"async\" src=\"https:\/\/www.sitsesp.org.br\/novo\/wp-content\/uploads\/2021\/03\/WhatsApp-Image-2021-03-09-at-7.23.52-PM.jpeg\" alt=\"\" title=\"WhatsApp Image 2021-03-09 at 7.23.52 PM\"><\/a><\/div>\n<p><!--nextpage--><\/p>\n<p>Trabalhadora empreendedora.<br \/>\nLuciane &#8211; Casa Itaparica Br\u00e1s.<\/p>\n<p>CONTATO: 11993354831<\/p>\n<p><img loading=\"lazy\" decoding=\"async\" class=\"alignnone size-medium wp-image-5606\" src=\"https:\/\/sitsesp.org.br\/novo\/wp-content\/uploads\/2021\/03\/WhatsApp-Image-2021-03-08-at-2.38.30-AM-300x300.jpeg\" alt=\"\" width=\"300\" height=\"300\" srcset=\"https:\/\/www.sitsesp.org.br\/novo\/wp-content\/uploads\/2021\/03\/WhatsApp-Image-2021-03-08-at-2.38.30-AM-300x300.jpeg 300w, https:\/\/www.sitsesp.org.br\/novo\/wp-content\/uploads\/2021\/03\/WhatsApp-Image-2021-03-08-at-2.38.30-AM-150x150.jpeg 150w, https:\/\/www.sitsesp.org.br\/novo\/wp-content\/uploads\/2021\/03\/WhatsApp-Image-2021-03-08-at-2.38.30-AM-768x768.jpeg 768w, https:\/\/www.sitsesp.org.br\/novo\/wp-content\/uploads\/2021\/03\/WhatsApp-Image-2021-03-08-at-2.38.30-AM-585x585.jpeg 585w, https:\/\/www.sitsesp.org.br\/novo\/wp-content\/uploads\/2021\/03\/WhatsApp-Image-2021-03-08-at-2.38.30-AM.jpeg 800w\" sizes=\"(max-width: 300px) 100vw, 300px\" \/><\/p>\n<p><!--nextpage--><\/p>\n<p>Mulher Empreendedora<br \/>\nSilvia Cassia<br \/>\nContato: 11 93491-0117<\/p>\n<div id=\"penci-post-gallery__35963\" class=\"penci-post-gallery-container justified column-3\" data-height=\"150\" data-margin=\"3\"><a class=\"item-gallery-justified\" href=\"https:\/\/www.sitsesp.org.br\/novo\/wp-content\/uploads\/2021\/03\/WhatsApp-Image-2021-03-07-at-8.57.29-PM.jpeg\"><img decoding=\"async\" src=\"https:\/\/www.sitsesp.org.br\/novo\/wp-content\/uploads\/2021\/03\/WhatsApp-Image-2021-03-07-at-8.57.29-PM-585x585.jpeg\" alt=\"\" title=\"WhatsApp Image 2021-03-07 at 8.57.29 PM\"><\/a><a class=\"item-gallery-justified\" href=\"https:\/\/www.sitsesp.org.br\/novo\/wp-content\/uploads\/2021\/03\/WhatsApp-Image-2021-03-07-at-8.57.25-PM.jpeg\"><img decoding=\"async\" src=\"https:\/\/www.sitsesp.org.br\/novo\/wp-content\/uploads\/2021\/03\/WhatsApp-Image-2021-03-07-at-8.57.25-PM-585x585.jpeg\" alt=\"\" title=\"WhatsApp Image 2021-03-07 at 8.57.25 PM\"><\/a><a class=\"item-gallery-justified\" href=\"https:\/\/www.sitsesp.org.br\/novo\/wp-content\/uploads\/2021\/03\/WhatsApp-Image-2021-03-07-at-8.57.29-PM-1.jpeg\"><img decoding=\"async\" src=\"https:\/\/www.sitsesp.org.br\/novo\/wp-content\/uploads\/2021\/03\/WhatsApp-Image-2021-03-07-at-8.57.29-PM-1-585x603.jpeg\" alt=\"\" title=\"WhatsApp Image 2021-03-07 at 8.57.29 PM (1)\"><\/a><a class=\"item-gallery-justified\" href=\"https:\/\/www.sitsesp.org.br\/novo\/wp-content\/uploads\/2021\/03\/WhatsApp-Image-2021-03-07-at-8.57.27-PM.jpeg\"><img decoding=\"async\" src=\"https:\/\/www.sitsesp.org.br\/novo\/wp-content\/uploads\/2021\/03\/WhatsApp-Image-2021-03-07-at-8.57.27-PM-585x585.jpeg\" alt=\"\" title=\"WhatsApp Image 2021-03-07 at 8.57.27 PM\"><\/a><\/div>\n<p><!--nextpage--><\/p>\n<p>Liberia Pereira &#8211; Aux de enfermagem &#8211; Casa Santo Andr\u00e9 1<\/p>\n<p>Contato:<br \/>\nFone: (11)99404-3359<br \/>\nFacebook : Sonhos e Encantos by Liberia<br \/>\nInstagram: Libapl<\/p>\n<p><img loading=\"lazy\" decoding=\"async\" class=\"alignnone size-medium wp-image-5590\" src=\"https:\/\/sitsesp.org.br\/novo\/wp-content\/uploads\/2021\/03\/WhatsApp-Image-2021-03-04-at-9.13.35-PM-2-300x225.jpeg\" alt=\"\" width=\"300\" height=\"225\" srcset=\"https:\/\/www.sitsesp.org.br\/novo\/wp-content\/uploads\/2021\/03\/WhatsApp-Image-2021-03-04-at-9.13.35-PM-2-300x225.jpeg 300w, https:\/\/www.sitsesp.org.br\/novo\/wp-content\/uploads\/2021\/03\/WhatsApp-Image-2021-03-04-at-9.13.35-PM-2-768x576.jpeg 768w, https:\/\/www.sitsesp.org.br\/novo\/wp-content\/uploads\/2021\/03\/WhatsApp-Image-2021-03-04-at-9.13.35-PM-2-585x439.jpeg 585w, https:\/\/www.sitsesp.org.br\/novo\/wp-content\/uploads\/2021\/03\/WhatsApp-Image-2021-03-04-at-9.13.35-PM-2.jpeg 800w\" sizes=\"(max-width: 300px) 100vw, 300px\" \/><\/p>\n<p><!--nextpage--><br \/>\nDora, empreendedora Casa Itaquera.<\/p>\n<p>CONTATO:<br \/>\n+55 11 98858-3696<\/p>\n<div id=\"penci-post-gallery__12265\" class=\"penci-post-gallery-container justified column-3\" data-height=\"150\" data-margin=\"3\"><a class=\"item-gallery-justified\" href=\"https:\/\/www.sitsesp.org.br\/novo\/wp-content\/uploads\/2021\/03\/WhatsApp-Image-2021-03-04-at-8.53.57-PM.jpeg\"><img decoding=\"async\" src=\"https:\/\/www.sitsesp.org.br\/novo\/wp-content\/uploads\/2021\/03\/WhatsApp-Image-2021-03-04-at-8.53.57-PM.jpeg\" alt=\"\" title=\"WhatsApp Image 2021-03-04 at 8.53.57 PM\"><\/a><a class=\"item-gallery-justified\" href=\"https:\/\/www.sitsesp.org.br\/novo\/wp-content\/uploads\/2021\/03\/WhatsApp-Image-2021-03-04-at-8.53.53-PM.jpeg\"><img decoding=\"async\" src=\"https:\/\/www.sitsesp.org.br\/novo\/wp-content\/uploads\/2021\/03\/WhatsApp-Image-2021-03-04-at-8.53.53-PM.jpeg\" alt=\"\" title=\"WhatsApp Image 2021-03-04 at 8.53.53 PM\"><\/a><a class=\"item-gallery-justified\" href=\"https:\/\/www.sitsesp.org.br\/novo\/wp-content\/uploads\/2021\/03\/WhatsApp-Image-2021-03-04-at-8.53.49-PM.jpeg\"><img decoding=\"async\" src=\"https:\/\/www.sitsesp.org.br\/novo\/wp-content\/uploads\/2021\/03\/WhatsApp-Image-2021-03-04-at-8.53.49-PM.jpeg\" alt=\"\" title=\"WhatsApp Image 2021-03-04 at 8.53.49 PM\"><\/a><a class=\"item-gallery-justified\" href=\"https:\/\/www.sitsesp.org.br\/novo\/wp-content\/uploads\/2021\/03\/WhatsApp-Image-2021-03-04-at-8.53.45-PM.jpeg\"><img decoding=\"async\" src=\"https:\/\/www.sitsesp.org.br\/novo\/wp-content\/uploads\/2021\/03\/WhatsApp-Image-2021-03-04-at-8.53.45-PM.jpeg\" alt=\"\" title=\"WhatsApp Image 2021-03-04 at 8.53.45 PM\"><\/a><a class=\"item-gallery-justified\" href=\"https:\/\/www.sitsesp.org.br\/novo\/wp-content\/uploads\/2021\/03\/WhatsApp-Image-2021-03-04-at-8.53.42-PM.jpeg\"><img decoding=\"async\" src=\"https:\/\/www.sitsesp.org.br\/novo\/wp-content\/uploads\/2021\/03\/WhatsApp-Image-2021-03-04-at-8.53.42-PM.jpeg\" alt=\"\" title=\"WhatsApp Image 2021-03-04 at 8.53.42 PM\"><\/a><a class=\"item-gallery-justified\" href=\"https:\/\/www.sitsesp.org.br\/novo\/wp-content\/uploads\/2021\/03\/WhatsApp-Image-2021-03-04-at-8.53.40-PM.jpeg\"><img decoding=\"async\" src=\"https:\/\/www.sitsesp.org.br\/novo\/wp-content\/uploads\/2021\/03\/WhatsApp-Image-2021-03-04-at-8.53.40-PM.jpeg\" alt=\"\" title=\"WhatsApp Image 2021-03-04 at 8.53.40 PM\"><\/a><a class=\"item-gallery-justified\" href=\"https:\/\/www.sitsesp.org.br\/novo\/wp-content\/uploads\/2021\/03\/WhatsApp-Image-2021-03-04-at-8.53.37-PM.jpeg\"><img decoding=\"async\" src=\"https:\/\/www.sitsesp.org.br\/novo\/wp-content\/uploads\/2021\/03\/WhatsApp-Image-2021-03-04-at-8.53.37-PM.jpeg\" alt=\"\" title=\"WhatsApp Image 2021-03-04 at 8.53.37 PM\"><\/a><a class=\"item-gallery-justified\" href=\"https:\/\/www.sitsesp.org.br\/novo\/wp-content\/uploads\/2021\/03\/WhatsApp-Image-2021-03-04-at-8.53.35-PM.jpeg\"><img decoding=\"async\" src=\"https:\/\/www.sitsesp.org.br\/novo\/wp-content\/uploads\/2021\/03\/WhatsApp-Image-2021-03-04-at-8.53.35-PM.jpeg\" alt=\"\" title=\"WhatsApp Image 2021-03-04 at 8.53.35 PM\"><\/a><a class=\"item-gallery-justified\" href=\"https:\/\/www.sitsesp.org.br\/novo\/wp-content\/uploads\/2021\/03\/WhatsApp-Image-2021-03-04-at-8.53.33-PM.jpeg\"><img decoding=\"async\" src=\"https:\/\/www.sitsesp.org.br\/novo\/wp-content\/uploads\/2021\/03\/WhatsApp-Image-2021-03-04-at-8.53.33-PM.jpeg\" alt=\"\" title=\"WhatsApp Image 2021-03-04 at 8.53.33 PM\"><\/a><a class=\"item-gallery-justified\" href=\"https:\/\/www.sitsesp.org.br\/novo\/wp-content\/uploads\/2021\/03\/WhatsApp-Image-2021-03-04-at-8.53.31-PM.jpeg\"><img decoding=\"async\" src=\"https:\/\/www.sitsesp.org.br\/novo\/wp-content\/uploads\/2021\/03\/WhatsApp-Image-2021-03-04-at-8.53.31-PM.jpeg\" alt=\"\" title=\"WhatsApp Image 2021-03-04 at 8.53.31 PM\"><\/a><a class=\"item-gallery-justified\" href=\"https:\/\/www.sitsesp.org.br\/novo\/wp-content\/uploads\/2021\/03\/WhatsApp-Image-2021-03-04-at-8.53.28-PM.jpeg\"><img decoding=\"async\" src=\"https:\/\/www.sitsesp.org.br\/novo\/wp-content\/uploads\/2021\/03\/WhatsApp-Image-2021-03-04-at-8.53.28-PM.jpeg\" alt=\"\" title=\"WhatsApp Image 2021-03-04 at 8.53.28 PM\"><\/a><a class=\"item-gallery-justified\" href=\"https:\/\/www.sitsesp.org.br\/novo\/wp-content\/uploads\/2021\/03\/WhatsApp-Image-2021-03-07-at-7.02.06-PM-3.jpeg\"><img decoding=\"async\" src=\"https:\/\/www.sitsesp.org.br\/novo\/wp-content\/uploads\/2021\/03\/WhatsApp-Image-2021-03-07-at-7.02.06-PM-3.jpeg\" alt=\"\" title=\"WhatsApp Image 2021-03-07 at 7.02.06 PM (3)\"><\/a><a class=\"item-gallery-justified\" href=\"https:\/\/www.sitsesp.org.br\/novo\/wp-content\/uploads\/2021\/03\/WhatsApp-Image-2021-03-07-at-7.02.06-PM-2.jpeg\"><img decoding=\"async\" src=\"https:\/\/www.sitsesp.org.br\/novo\/wp-content\/uploads\/2021\/03\/WhatsApp-Image-2021-03-07-at-7.02.06-PM-2.jpeg\" alt=\"\" title=\"WhatsApp Image 2021-03-07 at 7.02.06 PM (2)\"><\/a><a class=\"item-gallery-justified\" href=\"https:\/\/www.sitsesp.org.br\/novo\/wp-content\/uploads\/2021\/03\/WhatsApp-Image-2021-03-07-at-7.02.06-PM-1.jpeg\"><img decoding=\"async\" src=\"https:\/\/www.sitsesp.org.br\/novo\/wp-content\/uploads\/2021\/03\/WhatsApp-Image-2021-03-07-at-7.02.06-PM-1.jpeg\" alt=\"\" title=\"WhatsApp Image 2021-03-07 at 7.02.06 PM (1)\"><\/a><a class=\"item-gallery-justified\" href=\"https:\/\/www.sitsesp.org.br\/novo\/wp-content\/uploads\/2021\/03\/WhatsApp-Image-2021-03-07-at-7.02.06-PM.jpeg\"><img decoding=\"async\" src=\"https:\/\/www.sitsesp.org.br\/novo\/wp-content\/uploads\/2021\/03\/WhatsApp-Image-2021-03-07-at-7.02.06-PM.jpeg\" alt=\"\" title=\"WhatsApp Image 2021-03-07 at 7.02.06 PM\"><\/a><\/div>\n<div style=\"width: 480px;\" class=\"wp-video\"><!--[if lt IE 9]><script>document.createElement('video');<\/script><![endif]-->\n<video class=\"wp-video-shortcode\" id=\"video-5565-1\" width=\"480\" height=\"848\" preload=\"metadata\" controls=\"controls\"><source type=\"video\/mp4\" src=\"https:\/\/sitsesp.org.br\/novo\/wp-content\/uploads\/2021\/03\/WhatsApp-Video-2021-03-04-at-8.53.27-PM.mp4?_=1\" \/><a href=\"https:\/\/sitsesp.org.br\/novo\/wp-content\/uploads\/2021\/03\/WhatsApp-Video-2021-03-04-at-8.53.27-PM.mp4\">https:\/\/sitsesp.org.br\/novo\/wp-content\/uploads\/2021\/03\/WhatsApp-Video-2021-03-04-at-8.53.27-PM.mp4<\/a><\/video><\/div>\n<p><!--nextpage--><br \/>\nRosaria &#8211; Trabalhadora CASA TOPAZIO &#8211; Br\u00e1s<br \/>\nCONTATO:<br \/>\n@rosariacsousa<br \/>\n(11) watss 997914897<\/p>\n<div id=\"penci-post-gallery__12434\" class=\"penci-post-gallery-container justified column-3\" data-height=\"150\" data-margin=\"3\"><a class=\"item-gallery-justified\" href=\"https:\/\/www.sitsesp.org.br\/novo\/wp-content\/uploads\/2021\/03\/WhatsApp-Image-2021-03-05-at-7.21.43-AM.jpeg\"><img decoding=\"async\" src=\"https:\/\/www.sitsesp.org.br\/novo\/wp-content\/uploads\/2021\/03\/WhatsApp-Image-2021-03-05-at-7.21.43-AM.jpeg\" alt=\"\" title=\"WhatsApp Image 2021-03-05 at 7.21.43 AM\"><\/a><a class=\"item-gallery-justified\" href=\"https:\/\/www.sitsesp.org.br\/novo\/wp-content\/uploads\/2021\/03\/WhatsApp-Image-2021-03-05-at-7.21.42-AM.jpeg\"><img decoding=\"async\" src=\"https:\/\/www.sitsesp.org.br\/novo\/wp-content\/uploads\/2021\/03\/WhatsApp-Image-2021-03-05-at-7.21.42-AM-585x585.jpeg\" alt=\"\" title=\"WhatsApp Image 2021-03-05 at 7.21.42 AM\"><\/a><a class=\"item-gallery-justified\" href=\"https:\/\/www.sitsesp.org.br\/novo\/wp-content\/uploads\/2021\/03\/WhatsApp-Image-2021-03-05-at-7.21.41-AM-1.jpeg\"><img decoding=\"async\" src=\"https:\/\/www.sitsesp.org.br\/novo\/wp-content\/uploads\/2021\/03\/WhatsApp-Image-2021-03-05-at-7.21.41-AM-1.jpeg\" alt=\"\" title=\"WhatsApp Image 2021-03-05 at 7.21.41 AM (1)\"><\/a><a class=\"item-gallery-justified\" href=\"https:\/\/www.sitsesp.org.br\/novo\/wp-content\/uploads\/2021\/03\/WhatsApp-Image-2021-03-05-at-7.21.41-AM.jpeg\"><img decoding=\"async\" src=\"https:\/\/www.sitsesp.org.br\/novo\/wp-content\/uploads\/2021\/03\/WhatsApp-Image-2021-03-05-at-7.21.41-AM-585x585.jpeg\" alt=\"\" title=\"WhatsApp Image 2021-03-05 at 7.21.41 AM\"><\/a><a class=\"item-gallery-justified\" href=\"https:\/\/www.sitsesp.org.br\/novo\/wp-content\/uploads\/2021\/03\/WhatsApp-Image-2021-03-05-at-7.21.40-AM.jpeg\"><img decoding=\"async\" src=\"https:\/\/www.sitsesp.org.br\/novo\/wp-content\/uploads\/2021\/03\/WhatsApp-Image-2021-03-05-at-7.21.40-AM-585x585.jpeg\" alt=\"\" title=\"WhatsApp Image 2021-03-05 at 7.21.40 AM\"><\/a><a class=\"item-gallery-justified\" href=\"https:\/\/www.sitsesp.org.br\/novo\/wp-content\/uploads\/2021\/03\/WhatsApp-Image-2021-03-05-at-7.21.39-AM-1.jpeg\"><img decoding=\"async\" src=\"https:\/\/www.sitsesp.org.br\/novo\/wp-content\/uploads\/2021\/03\/WhatsApp-Image-2021-03-05-at-7.21.39-AM-1-585x585.jpeg\" alt=\"\" title=\"WhatsApp Image 2021-03-05 at 7.21.39 AM (1)\"><\/a><a class=\"item-gallery-justified\" href=\"https:\/\/www.sitsesp.org.br\/novo\/wp-content\/uploads\/2021\/03\/WhatsApp-Image-2021-03-05-at-7.21.39-AM.jpeg\"><img decoding=\"async\" src=\"https:\/\/www.sitsesp.org.br\/novo\/wp-content\/uploads\/2021\/03\/WhatsApp-Image-2021-03-05-at-7.21.39-AM-585x585.jpeg\" alt=\"\" title=\"WhatsApp Image 2021-03-05 at 7.21.39 AM\"><\/a><a class=\"item-gallery-justified\" href=\"https:\/\/www.sitsesp.org.br\/novo\/wp-content\/uploads\/2021\/03\/WhatsApp-Image-2021-03-05-at-7.21.38-AM-2.jpeg\"><img decoding=\"async\" src=\"https:\/\/www.sitsesp.org.br\/novo\/wp-content\/uploads\/2021\/03\/WhatsApp-Image-2021-03-05-at-7.21.38-AM-2-585x554.jpeg\" alt=\"\" title=\"WhatsApp Image 2021-03-05 at 7.21.38 AM (2)\"><\/a><a class=\"item-gallery-justified\" href=\"https:\/\/www.sitsesp.org.br\/novo\/wp-content\/uploads\/2021\/03\/WhatsApp-Image-2021-03-05-at-7.21.38-AM-1.jpeg\"><img decoding=\"async\" src=\"https:\/\/www.sitsesp.org.br\/novo\/wp-content\/uploads\/2021\/03\/WhatsApp-Image-2021-03-05-at-7.21.38-AM-1-585x731.jpeg\" alt=\"\" title=\"WhatsApp Image 2021-03-05 at 7.21.38 AM (1)\"><\/a><a class=\"item-gallery-justified\" href=\"https:\/\/www.sitsesp.org.br\/novo\/wp-content\/uploads\/2021\/03\/WhatsApp-Image-2021-03-05-at-7.21.38-AM.jpeg\"><img decoding=\"async\" src=\"https:\/\/www.sitsesp.org.br\/novo\/wp-content\/uploads\/2021\/03\/WhatsApp-Image-2021-03-05-at-7.21.38-AM-585x648.jpeg\" alt=\"\" title=\"WhatsApp Image 2021-03-05 at 7.21.38 AM\"><\/a><\/div>\n<p><!--nextpage--><\/p>\n<p>Tatiane Fonseca Trabalhadora e empreendedora Casa Itaquera.<br \/>\nCONTATO: 94357656<\/p>\n<div id=\"penci-post-gallery__65784\" class=\"penci-post-gallery-container justified column-2\" data-height=\"150\" data-margin=\"3\"><a class=\"item-gallery-justified\" href=\"https:\/\/www.sitsesp.org.br\/novo\/wp-content\/uploads\/2021\/03\/WhatsApp-Image-2021-03-05-at-10.42.37-AM.jpeg\"><img decoding=\"async\" src=\"https:\/\/www.sitsesp.org.br\/novo\/wp-content\/uploads\/2021\/03\/WhatsApp-Image-2021-03-05-at-10.42.37-AM-585x585.jpeg\" alt=\"\" title=\"WhatsApp Image 2021-03-05 at 10.42.37 AM\"><\/a><a class=\"item-gallery-justified\" href=\"https:\/\/www.sitsesp.org.br\/novo\/wp-content\/uploads\/2021\/03\/WhatsApp-Image-2021-03-05-at-10.39.17-AM.jpeg\"><img decoding=\"async\" src=\"https:\/\/www.sitsesp.org.br\/novo\/wp-content\/uploads\/2021\/03\/WhatsApp-Image-2021-03-05-at-10.39.17-AM-585x585.jpeg\" alt=\"\" title=\"WhatsApp Image 2021-03-05 at 10.39.17 AM\"><\/a><\/div>\n<p><!--nextpage--><\/p>\n<p>Trabalho social<br \/>\nSolange lotada na Farm\u00e1cia do complexo Br\u00e1s<br \/>\nContato: 11 95226-9380<\/p>\n<div id=\"penci-post-gallery__85724\" class=\"penci-post-gallery-container justified column-3\" data-height=\"150\" data-margin=\"3\"><a class=\"item-gallery-justified\" href=\"https:\/\/www.sitsesp.org.br\/novo\/wp-content\/uploads\/2021\/03\/WhatsApp-Image-2021-03-07-at-7.02.29-AM.jpeg\"><img decoding=\"async\" src=\"https:\/\/www.sitsesp.org.br\/novo\/wp-content\/uploads\/2021\/03\/WhatsApp-Image-2021-03-07-at-7.02.29-AM-585x780.jpeg\" alt=\"\" title=\"WhatsApp Image 2021-03-07 at 7.02.29 AM\"><\/a><a class=\"item-gallery-justified\" href=\"https:\/\/www.sitsesp.org.br\/novo\/wp-content\/uploads\/2021\/03\/WhatsApp-Image-2021-03-07-at-7.02.28-AM.jpeg\"><img decoding=\"async\" src=\"https:\/\/www.sitsesp.org.br\/novo\/wp-content\/uploads\/2021\/03\/WhatsApp-Image-2021-03-07-at-7.02.28-AM-585x780.jpeg\" alt=\"\" title=\"WhatsApp Image 2021-03-07 at 7.02.28 AM\"><\/a><a class=\"item-gallery-justified\" href=\"https:\/\/www.sitsesp.org.br\/novo\/wp-content\/uploads\/2021\/03\/WhatsApp-Image-2021-03-07-at-7.02.27-AM.jpeg\"><img decoding=\"async\" src=\"https:\/\/www.sitsesp.org.br\/novo\/wp-content\/uploads\/2021\/03\/WhatsApp-Image-2021-03-07-at-7.02.27-AM-585x439.jpeg\" alt=\"\" title=\"WhatsApp Image 2021-03-07 at 7.02.27 AM\"><\/a><a class=\"item-gallery-justified\" href=\"https:\/\/www.sitsesp.org.br\/novo\/wp-content\/uploads\/2021\/03\/WhatsApp-Image-2021-03-07-at-7.02.26-AM-2.jpeg\"><img decoding=\"async\" src=\"https:\/\/www.sitsesp.org.br\/novo\/wp-content\/uploads\/2021\/03\/WhatsApp-Image-2021-03-07-at-7.02.26-AM-2-585x780.jpeg\" alt=\"\" title=\"WhatsApp Image 2021-03-07 at 7.02.26 AM (2)\"><\/a><a class=\"item-gallery-justified\" href=\"https:\/\/www.sitsesp.org.br\/novo\/wp-content\/uploads\/2021\/03\/WhatsApp-Image-2021-03-07-at-7.02.26-AM-1.jpeg\"><img decoding=\"async\" src=\"https:\/\/www.sitsesp.org.br\/novo\/wp-content\/uploads\/2021\/03\/WhatsApp-Image-2021-03-07-at-7.02.26-AM-1-585x780.jpeg\" alt=\"\" title=\"WhatsApp Image 2021-03-07 at 7.02.26 AM (1)\"><\/a><a class=\"item-gallery-justified\" href=\"https:\/\/www.sitsesp.org.br\/novo\/wp-content\/uploads\/2021\/03\/WhatsApp-Image-2021-03-07-at-7.02.26-AM.jpeg\"><img decoding=\"async\" src=\"https:\/\/www.sitsesp.org.br\/novo\/wp-content\/uploads\/2021\/03\/WhatsApp-Image-2021-03-07-at-7.02.26-AM-585x780.jpeg\" alt=\"\" title=\"WhatsApp Image 2021-03-07 at 7.02.26 AM\"><\/a><\/div>\n","protected":false},"excerpt":{"rendered":"<p>Trabalhadora empreendedora: Rosa Ang\u00e9lica Contato: Acesse este link para visualizar nosso cat\u00e1logo no WhatsApp: https:\/\/wa.me\/c\/5511977438404<\/p>\n","protected":false},"author":5,"featured_media":5622,"comment_status":"open","ping_status":"open","sticky":false,"template":"","format":"standard","meta":{"cybocfi_hide_featured_image":"","footnotes":""},"categories":[27,22],"tags":[57,38,40,37,39],"yoast_head":"<!-- This site is optimized with the Yoast SEO plugin v22.8 - https:\/\/yoast.com\/wordpress\/plugins\/seo\/ -->\n<title>Trabalhadoras e Empreendedoras do sistema socioeducativo de S\u00e3o Paulo - SITSESP<\/title>\n<meta name=\"robots\" content=\"index, follow, max-snippet:-1, max-image-preview:large, max-video-preview:-1\" \/>\n<link rel=\"canonical\" href=\"https:\/\/www.sitsesp.org.br\/novo\/trabalhadoras-e-empreendedoras-do-sistema-socioeducativo-de-sao-paulo\/\" \/>\n<link rel=\"next\" href=\"https:\/\/www.sitsesp.org.br\/novo\/trabalhadoras-e-empreendedoras-do-sistema-socioeducativo-de-sao-paulo\/2\/\" \/>\n<meta property=\"og:locale\" content=\"pt_BR\" \/>\n<meta property=\"og:type\" content=\"article\" \/>\n<meta property=\"og:title\" content=\"Trabalhadoras e Empreendedoras do sistema socioeducativo de S\u00e3o Paulo - SITSESP\" \/>\n<meta property=\"og:description\" content=\"Trabalhadora empreendedora: Rosa Ang\u00e9lica Contato: Acesse este link para visualizar nosso cat\u00e1logo no WhatsApp: https:\/\/wa.me\/c\/5511977438404\" \/>\n<meta property=\"og:url\" content=\"https:\/\/www.sitsesp.org.br\/novo\/trabalhadoras-e-empreendedoras-do-sistema-socioeducativo-de-sao-paulo\/\" \/>\n<meta property=\"og:site_name\" content=\"SITSESP\" \/>\n<meta property=\"article:published_time\" content=\"2021-03-08T12:11:15+00:00\" \/>\n<meta property=\"article:modified_time\" content=\"2021-03-23T11:30:29+00:00\" \/>\n<meta property=\"og:image\" content=\"https:\/\/www.sitsesp.org.br\/novo\/wp-content\/uploads\/2021\/03\/JOSILDAEMPRE.png\" \/>\n\t<meta property=\"og:image:width\" content=\"800\" \/>\n\t<meta property=\"og:image:height\" content=\"800\" \/>\n\t<meta property=\"og:image:type\" content=\"image\/png\" \/>\n<meta name=\"author\" content=\"imprensa\" \/>\n<meta name=\"twitter:card\" content=\"summary_large_image\" \/>\n<meta name=\"twitter:label1\" content=\"Escrito por\" \/>\n\t<meta name=\"twitter:data1\" content=\"imprensa\" \/>\n\t<meta name=\"twitter:label2\" content=\"Est. tempo de leitura\" \/>\n\t<meta name=\"twitter:data2\" content=\"1 minuto\" \/>\n<script type=\"application\/ld+json\" class=\"yoast-schema-graph\">{\"@context\":\"https:\/\/schema.org\",\"@graph\":[{\"@type\":\"Article\",\"@id\":\"https:\/\/www.sitsesp.org.br\/novo\/trabalhadoras-e-empreendedoras-do-sistema-socioeducativo-de-sao-paulo\/#article\",\"isPartOf\":{\"@id\":\"https:\/\/www.sitsesp.org.br\/novo\/trabalhadoras-e-empreendedoras-do-sistema-socioeducativo-de-sao-paulo\/\"},\"author\":{\"name\":\"imprensa\",\"@id\":\"https:\/\/www.sitsesp.org.br\/novo\/#\/schema\/person\/28e42eec160f373e81d0183b3643edbf\"},\"headline\":\"Trabalhadoras e Empreendedoras do sistema socioeducativo de S\u00e3o Paulo\",\"datePublished\":\"2021-03-08T12:11:15+00:00\",\"dateModified\":\"2021-03-23T11:30:29+00:00\",\"mainEntityOfPage\":{\"@id\":\"https:\/\/www.sitsesp.org.br\/novo\/trabalhadoras-e-empreendedoras-do-sistema-socioeducativo-de-sao-paulo\/\"},\"wordCount\":163,\"commentCount\":0,\"publisher\":{\"@id\":\"https:\/\/www.sitsesp.org.br\/novo\/#organization\"},\"image\":{\"@id\":\"https:\/\/www.sitsesp.org.br\/novo\/trabalhadoras-e-empreendedoras-do-sistema-socioeducativo-de-sao-paulo\/#primaryimage\"},\"thumbnailUrl\":\"https:\/\/www.sitsesp.org.br\/novo\/wp-content\/uploads\/2021\/03\/JOSILDAEMPRE.png\",\"keywords\":[\"8M\",\"Funda\u00e7\u00e3o CASA\",\"SINDICATO\",\"SITSESP\",\"SOCIOEDUCA\u00c7\u00c3O\"],\"articleSection\":[\"Destaque\",\"Noticias\"],\"inLanguage\":\"pt-BR\",\"potentialAction\":[{\"@type\":\"CommentAction\",\"name\":\"Comment\",\"target\":[\"https:\/\/www.sitsesp.org.br\/novo\/trabalhadoras-e-empreendedoras-do-sistema-socioeducativo-de-sao-paulo\/#respond\"]}]},{\"@type\":\"WebPage\",\"@id\":\"https:\/\/www.sitsesp.org.br\/novo\/trabalhadoras-e-empreendedoras-do-sistema-socioeducativo-de-sao-paulo\/\",\"url\":\"https:\/\/www.sitsesp.org.br\/novo\/trabalhadoras-e-empreendedoras-do-sistema-socioeducativo-de-sao-paulo\/\",\"name\":\"Trabalhadoras e Empreendedoras do sistema socioeducativo de S\u00e3o Paulo - SITSESP\",\"isPartOf\":{\"@id\":\"https:\/\/www.sitsesp.org.br\/novo\/#website\"},\"primaryImageOfPage\":{\"@id\":\"https:\/\/www.sitsesp.org.br\/novo\/trabalhadoras-e-empreendedoras-do-sistema-socioeducativo-de-sao-paulo\/#primaryimage\"},\"image\":{\"@id\":\"https:\/\/www.sitsesp.org.br\/novo\/trabalhadoras-e-empreendedoras-do-sistema-socioeducativo-de-sao-paulo\/#primaryimage\"},\"thumbnailUrl\":\"https:\/\/www.sitsesp.org.br\/novo\/wp-content\/uploads\/2021\/03\/JOSILDAEMPRE.png\",\"datePublished\":\"2021-03-08T12:11:15+00:00\",\"dateModified\":\"2021-03-23T11:30:29+00:00\",\"inLanguage\":\"pt-BR\",\"potentialAction\":[{\"@type\":\"ReadAction\",\"target\":[\"https:\/\/www.sitsesp.org.br\/novo\/trabalhadoras-e-empreendedoras-do-sistema-socioeducativo-de-sao-paulo\/\"]}]},{\"@type\":\"ImageObject\",\"inLanguage\":\"pt-BR\",\"@id\":\"https:\/\/www.sitsesp.org.br\/novo\/trabalhadoras-e-empreendedoras-do-sistema-socioeducativo-de-sao-paulo\/#primaryimage\",\"url\":\"https:\/\/www.sitsesp.org.br\/novo\/wp-content\/uploads\/2021\/03\/JOSILDAEMPRE.png\",\"contentUrl\":\"https:\/\/www.sitsesp.org.br\/novo\/wp-content\/uploads\/2021\/03\/JOSILDAEMPRE.png\",\"width\":800,\"height\":800},{\"@type\":\"WebSite\",\"@id\":\"https:\/\/www.sitsesp.org.br\/novo\/#website\",\"url\":\"https:\/\/www.sitsesp.org.br\/novo\/\",\"name\":\"Sitsesp\",\"description\":\"SIndicato da Socioeduca\u00e7\u00e3o do Estado de S\u00e3o Paulo\",\"publisher\":{\"@id\":\"https:\/\/www.sitsesp.org.br\/novo\/#organization\"},\"potentialAction\":[{\"@type\":\"SearchAction\",\"target\":{\"@type\":\"EntryPoint\",\"urlTemplate\":\"https:\/\/www.sitsesp.org.br\/novo\/?s={search_term_string}\"},\"query-input\":\"required name=search_term_string\"}],\"inLanguage\":\"pt-BR\"},{\"@type\":\"Organization\",\"@id\":\"https:\/\/www.sitsesp.org.br\/novo\/#organization\",\"name\":\"Sitsesp\",\"url\":\"https:\/\/www.sitsesp.org.br\/novo\/\",\"logo\":{\"@type\":\"ImageObject\",\"inLanguage\":\"pt-BR\",\"@id\":\"https:\/\/www.sitsesp.org.br\/novo\/#\/schema\/logo\/image\/\",\"url\":\"https:\/\/www.sitsesp.org.br\/novo\/wp-content\/uploads\/2020\/09\/Design-sem-nome-1.jpg\",\"contentUrl\":\"https:\/\/www.sitsesp.org.br\/novo\/wp-content\/uploads\/2020\/09\/Design-sem-nome-1.jpg\",\"width\":300,\"height\":300,\"caption\":\"Sitsesp\"},\"image\":{\"@id\":\"https:\/\/www.sitsesp.org.br\/novo\/#\/schema\/logo\/image\/\"}},{\"@type\":\"Person\",\"@id\":\"https:\/\/www.sitsesp.org.br\/novo\/#\/schema\/person\/28e42eec160f373e81d0183b3643edbf\",\"name\":\"imprensa\",\"image\":{\"@type\":\"ImageObject\",\"inLanguage\":\"pt-BR\",\"@id\":\"https:\/\/www.sitsesp.org.br\/novo\/#\/schema\/person\/image\/\",\"url\":\"https:\/\/secure.gravatar.com\/avatar\/8d6ccd8d7d52b8959f34154e87d3fa29?s=96&d=mm&r=g\",\"contentUrl\":\"https:\/\/secure.gravatar.com\/avatar\/8d6ccd8d7d52b8959f34154e87d3fa29?s=96&d=mm&r=g\",\"caption\":\"imprensa\"}}]}<\/script>\n<!-- \/ Yoast SEO plugin. -->","yoast_head_json":{"title":"Trabalhadoras e Empreendedoras do sistema socioeducativo de S\u00e3o Paulo - SITSESP","robots":{"index":"index","follow":"follow","max-snippet":"max-snippet:-1","max-image-preview":"max-image-preview:large","max-video-preview":"max-video-preview:-1"},"canonical":"https:\/\/www.sitsesp.org.br\/novo\/trabalhadoras-e-empreendedoras-do-sistema-socioeducativo-de-sao-paulo\/","next":"https:\/\/www.sitsesp.org.br\/novo\/trabalhadoras-e-empreendedoras-do-sistema-socioeducativo-de-sao-paulo\/2\/","og_locale":"pt_BR","og_type":"article","og_title":"Trabalhadoras e Empreendedoras do sistema socioeducativo de S\u00e3o Paulo - SITSESP","og_description":"Trabalhadora empreendedora: Rosa Ang\u00e9lica Contato: Acesse este link para visualizar nosso cat\u00e1logo no WhatsApp: https:\/\/wa.me\/c\/5511977438404","og_url":"https:\/\/www.sitsesp.org.br\/novo\/trabalhadoras-e-empreendedoras-do-sistema-socioeducativo-de-sao-paulo\/","og_site_name":"SITSESP","article_published_time":"2021-03-08T12:11:15+00:00","article_modified_time":"2021-03-23T11:30:29+00:00","og_image":[{"width":800,"height":800,"url":"https:\/\/www.sitsesp.org.br\/novo\/wp-content\/uploads\/2021\/03\/JOSILDAEMPRE.png","type":"image\/png"}],"author":"imprensa","twitter_card":"summary_large_image","twitter_misc":{"Escrito por":"imprensa","Est. tempo de leitura":"1 minuto"},"schema":{"@context":"https:\/\/schema.org","@graph":[{"@type":"Article","@id":"https:\/\/www.sitsesp.org.br\/novo\/trabalhadoras-e-empreendedoras-do-sistema-socioeducativo-de-sao-paulo\/#article","isPartOf":{"@id":"https:\/\/www.sitsesp.org.br\/novo\/trabalhadoras-e-empreendedoras-do-sistema-socioeducativo-de-sao-paulo\/"},"author":{"name":"imprensa","@id":"https:\/\/www.sitsesp.org.br\/novo\/#\/schema\/person\/28e42eec160f373e81d0183b3643edbf"},"headline":"Trabalhadoras e Empreendedoras do sistema socioeducativo de S\u00e3o Paulo","datePublished":"2021-03-08T12:11:15+00:00","dateModified":"2021-03-23T11:30:29+00:00","mainEntityOfPage":{"@id":"https:\/\/www.sitsesp.org.br\/novo\/trabalhadoras-e-empreendedoras-do-sistema-socioeducativo-de-sao-paulo\/"},"wordCount":163,"commentCount":0,"publisher":{"@id":"https:\/\/www.sitsesp.org.br\/novo\/#organization"},"image":{"@id":"https:\/\/www.sitsesp.org.br\/novo\/trabalhadoras-e-empreendedoras-do-sistema-socioeducativo-de-sao-paulo\/#primaryimage"},"thumbnailUrl":"https:\/\/www.sitsesp.org.br\/novo\/wp-content\/uploads\/2021\/03\/JOSILDAEMPRE.png","keywords":["8M","Funda\u00e7\u00e3o CASA","SINDICATO","SITSESP","SOCIOEDUCA\u00c7\u00c3O"],"articleSection":["Destaque","Noticias"],"inLanguage":"pt-BR","potentialAction":[{"@type":"CommentAction","name":"Comment","target":["https:\/\/www.sitsesp.org.br\/novo\/trabalhadoras-e-empreendedoras-do-sistema-socioeducativo-de-sao-paulo\/#respond"]}]},{"@type":"WebPage","@id":"https:\/\/www.sitsesp.org.br\/novo\/trabalhadoras-e-empreendedoras-do-sistema-socioeducativo-de-sao-paulo\/","url":"https:\/\/www.sitsesp.org.br\/novo\/trabalhadoras-e-empreendedoras-do-sistema-socioeducativo-de-sao-paulo\/","name":"Trabalhadoras e Empreendedoras do sistema socioeducativo de S\u00e3o Paulo - SITSESP","isPartOf":{"@id":"https:\/\/www.sitsesp.org.br\/novo\/#website"},"primaryImageOfPage":{"@id":"https:\/\/www.sitsesp.org.br\/novo\/trabalhadoras-e-empreendedoras-do-sistema-socioeducativo-de-sao-paulo\/#primaryimage"},"image":{"@id":"https:\/\/www.sitsesp.org.br\/novo\/trabalhadoras-e-empreendedoras-do-sistema-socioeducativo-de-sao-paulo\/#primaryimage"},"thumbnailUrl":"https:\/\/www.sitsesp.org.br\/novo\/wp-content\/uploads\/2021\/03\/JOSILDAEMPRE.png","datePublished":"2021-03-08T12:11:15+00:00","dateModified":"2021-03-23T11:30:29+00:00","inLanguage":"pt-BR","potentialAction":[{"@type":"ReadAction","target":["https:\/\/www.sitsesp.org.br\/novo\/trabalhadoras-e-empreendedoras-do-sistema-socioeducativo-de-sao-paulo\/"]}]},{"@type":"ImageObject","inLanguage":"pt-BR","@id":"https:\/\/www.sitsesp.org.br\/novo\/trabalhadoras-e-empreendedoras-do-sistema-socioeducativo-de-sao-paulo\/#primaryimage","url":"https:\/\/www.sitsesp.org.br\/novo\/wp-content\/uploads\/2021\/03\/JOSILDAEMPRE.png","contentUrl":"https:\/\/www.sitsesp.org.br\/novo\/wp-content\/uploads\/2021\/03\/JOSILDAEMPRE.png","width":800,"height":800},{"@type":"WebSite","@id":"https:\/\/www.sitsesp.org.br\/novo\/#website","url":"https:\/\/www.sitsesp.org.br\/novo\/","name":"Sitsesp","description":"SIndicato da Socioeduca\u00e7\u00e3o do Estado de S\u00e3o Paulo","publisher":{"@id":"https:\/\/www.sitsesp.org.br\/novo\/#organization"},"potentialAction":[{"@type":"SearchAction","target":{"@type":"EntryPoint","urlTemplate":"https:\/\/www.sitsesp.org.br\/novo\/?s={search_term_string}"},"query-input":"required name=search_term_string"}],"inLanguage":"pt-BR"},{"@type":"Organization","@id":"https:\/\/www.sitsesp.org.br\/novo\/#organization","name":"Sitsesp","url":"https:\/\/www.sitsesp.org.br\/novo\/","logo":{"@type":"ImageObject","inLanguage":"pt-BR","@id":"https:\/\/www.sitsesp.org.br\/novo\/#\/schema\/logo\/image\/","url":"https:\/\/www.sitsesp.org.br\/novo\/wp-content\/uploads\/2020\/09\/Design-sem-nome-1.jpg","contentUrl":"https:\/\/www.sitsesp.org.br\/novo\/wp-content\/uploads\/2020\/09\/Design-sem-nome-1.jpg","width":300,"height":300,"caption":"Sitsesp"},"image":{"@id":"https:\/\/www.sitsesp.org.br\/novo\/#\/schema\/logo\/image\/"}},{"@type":"Person","@id":"https:\/\/www.sitsesp.org.br\/novo\/#\/schema\/person\/28e42eec160f373e81d0183b3643edbf","name":"imprensa","image":{"@type":"ImageObject","inLanguage":"pt-BR","@id":"https:\/\/www.sitsesp.org.br\/novo\/#\/schema\/person\/image\/","url":"https:\/\/secure.gravatar.com\/avatar\/8d6ccd8d7d52b8959f34154e87d3fa29?s=96&d=mm&r=g","contentUrl":"https:\/\/secure.gravatar.com\/avatar\/8d6ccd8d7d52b8959f34154e87d3fa29?s=96&d=mm&r=g","caption":"imprensa"}}]}},"_links":{"self":[{"href":"https:\/\/www.sitsesp.org.br\/novo\/wp-json\/wp\/v2\/posts\/5565"}],"collection":[{"href":"https:\/\/www.sitsesp.org.br\/novo\/wp-json\/wp\/v2\/posts"}],"about":[{"href":"https:\/\/www.sitsesp.org.br\/novo\/wp-json\/wp\/v2\/types\/post"}],"author":[{"embeddable":true,"href":"https:\/\/www.sitsesp.org.br\/novo\/wp-json\/wp\/v2\/users\/5"}],"replies":[{"embeddable":true,"href":"https:\/\/www.sitsesp.org.br\/novo\/wp-json\/wp\/v2\/comments?post=5565"}],"version-history":[{"count":10,"href":"https:\/\/www.sitsesp.org.br\/novo\/wp-json\/wp\/v2\/posts\/5565\/revisions"}],"predecessor-version":[{"id":5831,"href":"https:\/\/www.sitsesp.org.br\/novo\/wp-json\/wp\/v2\/posts\/5565\/revisions\/5831"}],"wp:featuredmedia":[{"embeddable":true,"href":"https:\/\/www.sitsesp.org.br\/novo\/wp-json\/wp\/v2\/media\/5622"}],"wp:attachment":[{"href":"https:\/\/www.sitsesp.org.br\/novo\/wp-json\/wp\/v2\/media?parent=5565"}],"wp:term":[{"taxonomy":"category","embeddable":true,"href":"https:\/\/www.sitsesp.org.br\/novo\/wp-json\/wp\/v2\/categories?post=5565"},{"taxonomy":"post_tag","embeddable":true,"href":"https:\/\/www.sitsesp.org.br\/novo\/wp-json\/wp\/v2\/tags?post=5565"}],"curies":[{"name":"wp","href":"https:\/\/api.w.org\/{rel}","templated":true}]}}