{"id":5623,"date":"2021-03-08T12:53:52","date_gmt":"2021-03-08T15:53:52","guid":{"rendered":"https:\/\/sitsesp.org.br\/novo\/?p=5623"},"modified":"2021-03-08T12:54:07","modified_gmt":"2021-03-08T15:54:07","slug":"o-desmonte-do-convenio-medico","status":"publish","type":"post","link":"https:\/\/www.sitsesp.org.br\/novo\/o-desmonte-do-convenio-medico\/","title":{"rendered":"O DESMONTE DO CONV\u00caNIO M\u00c9DICO"},"content":{"rendered":"<p><!-- VideographyWP Plugin Message: Automatic video embedding prevented by plugin options. --><br \/>\nO Governo do Estado de S\u00e3o Paulo vem gradativamente realizando um desmonte dentro do funcionalismo p\u00fablico estadual. A reforma administrativa proposta no Governo Federal atingir\u00e1 diretamente o funcionalismo dos estados e munic\u00edpios, pois com as altera\u00e7\u00f5es na Constitui\u00e7\u00e3o Federal legitimar\u00e1 o mesmo ataque aos direitos dos servidores estaduais e municipais.<\/p>\n<p>Como j\u00e1 anunciado pela entidade sindical, na Campanha Salarial 2021, a Funda\u00e7\u00e3o CASA realiza uma proposta infame aos trabalhadores da institui\u00e7\u00e3o, novamente com retirada de direitos, sem respeitar sua hist\u00f3ria, dedica\u00e7\u00e3o e atua\u00e7\u00e3o junto a constru\u00e7\u00e3o de uma medida da socioeduca\u00e7\u00e3o de qualidade.<\/p>\n<p>A institui\u00e7\u00e3o prop\u00f4s novamente altera\u00e7\u00e3o da cota-parte, estamos dizendo novamente, pois j\u00e1 realizou este procedimento em 2014, 2017 e 2019 (vale lembra que a 2019 foi a mais maldosa com a institui\u00e7\u00e3o da coparticipa\u00e7\u00e3o). Al\u00e9m disso, havia proposto a retirada do direito por uma troca de aux\u00edlio sa\u00fade de R$ 350,00 por servidor durante o per\u00edodo de 12 meses.<\/p>\n<p>Quanto a estas altera\u00e7\u00f5es a entidade sindical informa a todos os servidores que o departamento jur\u00eddico, a pedido da dire\u00e7\u00e3o, ingressou com uma A\u00e7\u00e3o Rescis\u00f3ria (processo n\u00ba 1000119-30.2021.5.02.0000) com o objetivo de reabrir processo coletivo que discutia a altera\u00e7\u00e3o realizada em 2017 e que houve o tr\u00e2nsito em julgado com decis\u00e3o desfavor\u00e1vel a classe trabalhadora. J\u00e1 a altera\u00e7\u00e3o de 2019, estamos com a\u00e7\u00f5es coletivas em tr\u00e2mites por toda 15\u00aa e 2\u00aa Regi\u00e3o, conforme a Funda\u00e7\u00e3o CASA for sendo intimada destas a\u00e7\u00f5es divulgaremos os n\u00fameros dos processos em boletins informativos, no site da entidade sindical e em nossas redes sociais.<\/p>\n<p>Na sexta-feira (05\/03) em boletim do RH edi\u00e7\u00e3o n\u00ba 2\/2021, foi informado o novo \u00edndice de reajuste que ser\u00e1 aplicado a AMIL (9,94%), com a altera\u00e7\u00e3o das cota-partes conforme tabelas abaixo:<\/p>\n<p><img fetchpriority=\"high\" decoding=\"async\" class=\"alignnone wp-image-5624\" src=\"https:\/\/sitsesp.org.br\/novo\/wp-content\/uploads\/2021\/03\/1sit-300x139.png\" alt=\"\" width=\"443\" height=\"205\" srcset=\"https:\/\/www.sitsesp.org.br\/novo\/wp-content\/uploads\/2021\/03\/1sit-300x139.png 300w, https:\/\/www.sitsesp.org.br\/novo\/wp-content\/uploads\/2021\/03\/1sit-768x357.png 768w, https:\/\/www.sitsesp.org.br\/novo\/wp-content\/uploads\/2021\/03\/1sit-585x272.png 585w, https:\/\/www.sitsesp.org.br\/novo\/wp-content\/uploads\/2021\/03\/1sit.png 865w\" sizes=\"(max-width: 443px) 100vw, 443px\" \/><\/p>\n<p><img decoding=\"async\" class=\"alignnone wp-image-5625\" src=\"https:\/\/sitsesp.org.br\/novo\/wp-content\/uploads\/2021\/03\/2sit-300x171.png\" alt=\"\" width=\"441\" height=\"249\" \/><\/p>\n<p>Com mais esta altera\u00e7\u00e3o, a entidade sindical j\u00e1 determinou ao departamento jur\u00eddico que ingresse com a\u00e7\u00e3o Coletiva sobre o tema, visando garantir o direito da manuten\u00e7\u00e3o do subs\u00eddio, como tamb\u00e9m j\u00e1 est\u00e1 estudando uma c\u00edvel para questionar os dois aumentos aplicados pela AMIL (2020-2021).<\/p>\n<p>&nbsp;<\/p>\n<p style=\"text-align: center;\"><strong>O SITSESP \u00c9 DE TODOS, PARA TODOS, LUTANDO COM TODOS!<br \/>\n<\/strong><strong>FA\u00c7A VALER A LUTA, N\u00c3O ESPERE QUE OUTROS FA\u00c7AM POR VOC\u00ca!<\/strong><\/p>\n<p style=\"text-align: center;\"><strong>SE FILIAR \u00c9 O PRIMEIRO PASSO O PARA UM SINDICATO FORTE!<\/strong><\/p>\n<p style=\"text-align: center;\"><strong>NENHUM DIREITO A MENOS!<\/strong><\/p>\n","protected":false},"excerpt":{"rendered":"<p>O Governo do Estado de S\u00e3o Paulo vem gradativamente realizando um desmonte dentro do funcionalismo p\u00fablico estadual. A reforma administrativa proposta&hellip;<\/p>\n","protected":false},"author":5,"featured_media":5626,"comment_status":"open","ping_status":"open","sticky":false,"template":"","format":"standard","meta":{"cybocfi_hide_featured_image":"","footnotes":""},"categories":[27,22],"tags":[45,42,44,50,54,40,37,39],"yoast_head":"<!-- This site is optimized with the Yoast SEO plugin v22.8 - https:\/\/yoast.com\/wordpress\/plugins\/seo\/ -->\n<title>O DESMONTE DO CONV\u00caNIO M\u00c9DICO - SITSESP<\/title>\n<meta name=\"robots\" content=\"index, follow, max-snippet:-1, max-image-preview:large, max-video-preview:-1\" \/>\n<link rel=\"canonical\" href=\"https:\/\/www.sitsesp.org.br\/novo\/o-desmonte-do-convenio-medico\/\" \/>\n<meta property=\"og:locale\" content=\"pt_BR\" \/>\n<meta property=\"og:type\" content=\"article\" \/>\n<meta property=\"og:title\" content=\"O DESMONTE DO CONV\u00caNIO M\u00c9DICO - SITSESP\" \/>\n<meta property=\"og:description\" content=\"O Governo do Estado de S\u00e3o Paulo vem gradativamente realizando um desmonte dentro do funcionalismo p\u00fablico estadual. A reforma administrativa proposta&hellip;\" \/>\n<meta property=\"og:url\" content=\"https:\/\/www.sitsesp.org.br\/novo\/o-desmonte-do-convenio-medico\/\" \/>\n<meta property=\"og:site_name\" content=\"SITSESP\" \/>\n<meta property=\"article:published_time\" content=\"2021-03-08T15:53:52+00:00\" \/>\n<meta property=\"article:modified_time\" content=\"2021-03-08T15:54:07+00:00\" \/>\n<meta property=\"og:image\" content=\"https:\/\/www.sitsesp.org.br\/novo\/wp-content\/uploads\/2021\/03\/0803ISR.png\" \/>\n\t<meta property=\"og:image:width\" content=\"800\" \/>\n\t<meta property=\"og:image:height\" content=\"800\" \/>\n\t<meta property=\"og:image:type\" content=\"image\/png\" \/>\n<meta name=\"author\" content=\"imprensa\" \/>\n<meta name=\"twitter:card\" content=\"summary_large_image\" \/>\n<meta name=\"twitter:label1\" content=\"Escrito por\" \/>\n\t<meta name=\"twitter:data1\" content=\"imprensa\" \/>\n\t<meta name=\"twitter:label2\" content=\"Est. tempo de leitura\" \/>\n\t<meta name=\"twitter:data2\" content=\"2 minutos\" \/>\n<script type=\"application\/ld+json\" class=\"yoast-schema-graph\">{\"@context\":\"https:\/\/schema.org\",\"@graph\":[{\"@type\":\"Article\",\"@id\":\"https:\/\/www.sitsesp.org.br\/novo\/o-desmonte-do-convenio-medico\/#article\",\"isPartOf\":{\"@id\":\"https:\/\/www.sitsesp.org.br\/novo\/o-desmonte-do-convenio-medico\/\"},\"author\":{\"name\":\"imprensa\",\"@id\":\"https:\/\/www.sitsesp.org.br\/novo\/#\/schema\/person\/28e42eec160f373e81d0183b3643edbf\"},\"headline\":\"O DESMONTE DO CONV\u00caNIO M\u00c9DICO\",\"datePublished\":\"2021-03-08T15:53:52+00:00\",\"dateModified\":\"2021-03-08T15:54:07+00:00\",\"mainEntityOfPage\":{\"@id\":\"https:\/\/www.sitsesp.org.br\/novo\/o-desmonte-do-convenio-medico\/\"},\"wordCount\":403,\"commentCount\":0,\"publisher\":{\"@id\":\"https:\/\/www.sitsesp.org.br\/novo\/#organization\"},\"image\":{\"@id\":\"https:\/\/www.sitsesp.org.br\/novo\/o-desmonte-do-convenio-medico\/#primaryimage\"},\"thumbnailUrl\":\"https:\/\/www.sitsesp.org.br\/novo\/wp-content\/uploads\/2021\/03\/0803ISR.png\",\"keywords\":[\"2021\",\"assembleia\",\"campanha salarial\",\"JUR\u00cdDICO\",\"REFORMA ADMINISTRATIVA\",\"SINDICATO\",\"SITSESP\",\"SOCIOEDUCA\u00c7\u00c3O\"],\"articleSection\":[\"Destaque\",\"Noticias\"],\"inLanguage\":\"pt-BR\",\"potentialAction\":[{\"@type\":\"CommentAction\",\"name\":\"Comment\",\"target\":[\"https:\/\/www.sitsesp.org.br\/novo\/o-desmonte-do-convenio-medico\/#respond\"]}]},{\"@type\":\"WebPage\",\"@id\":\"https:\/\/www.sitsesp.org.br\/novo\/o-desmonte-do-convenio-medico\/\",\"url\":\"https:\/\/www.sitsesp.org.br\/novo\/o-desmonte-do-convenio-medico\/\",\"name\":\"O DESMONTE DO CONV\u00caNIO M\u00c9DICO - SITSESP\",\"isPartOf\":{\"@id\":\"https:\/\/www.sitsesp.org.br\/novo\/#website\"},\"primaryImageOfPage\":{\"@id\":\"https:\/\/www.sitsesp.org.br\/novo\/o-desmonte-do-convenio-medico\/#primaryimage\"},\"image\":{\"@id\":\"https:\/\/www.sitsesp.org.br\/novo\/o-desmonte-do-convenio-medico\/#primaryimage\"},\"thumbnailUrl\":\"https:\/\/www.sitsesp.org.br\/novo\/wp-content\/uploads\/2021\/03\/0803ISR.png\",\"datePublished\":\"2021-03-08T15:53:52+00:00\",\"dateModified\":\"2021-03-08T15:54:07+00:00\",\"breadcrumb\":{\"@id\":\"https:\/\/www.sitsesp.org.br\/novo\/o-desmonte-do-convenio-medico\/#breadcrumb\"},\"inLanguage\":\"pt-BR\",\"potentialAction\":[{\"@type\":\"ReadAction\",\"target\":[\"https:\/\/www.sitsesp.org.br\/novo\/o-desmonte-do-convenio-medico\/\"]}]},{\"@type\":\"ImageObject\",\"inLanguage\":\"pt-BR\",\"@id\":\"https:\/\/www.sitsesp.org.br\/novo\/o-desmonte-do-convenio-medico\/#primaryimage\",\"url\":\"https:\/\/www.sitsesp.org.br\/novo\/wp-content\/uploads\/2021\/03\/0803ISR.png\",\"contentUrl\":\"https:\/\/www.sitsesp.org.br\/novo\/wp-content\/uploads\/2021\/03\/0803ISR.png\",\"width\":800,\"height\":800},{\"@type\":\"BreadcrumbList\",\"@id\":\"https:\/\/www.sitsesp.org.br\/novo\/o-desmonte-do-convenio-medico\/#breadcrumb\",\"itemListElement\":[{\"@type\":\"ListItem\",\"position\":1,\"name\":\"In\u00edcio\",\"item\":\"https:\/\/www.sitsesp.org.br\/novo\/\"},{\"@type\":\"ListItem\",\"position\":2,\"name\":\"O DESMONTE DO CONV\u00caNIO M\u00c9DICO\"}]},{\"@type\":\"WebSite\",\"@id\":\"https:\/\/www.sitsesp.org.br\/novo\/#website\",\"url\":\"https:\/\/www.sitsesp.org.br\/novo\/\",\"name\":\"Sitsesp\",\"description\":\"SIndicato da Socioeduca\u00e7\u00e3o do Estado de S\u00e3o Paulo\",\"publisher\":{\"@id\":\"https:\/\/www.sitsesp.org.br\/novo\/#organization\"},\"potentialAction\":[{\"@type\":\"SearchAction\",\"target\":{\"@type\":\"EntryPoint\",\"urlTemplate\":\"https:\/\/www.sitsesp.org.br\/novo\/?s={search_term_string}\"},\"query-input\":\"required name=search_term_string\"}],\"inLanguage\":\"pt-BR\"},{\"@type\":\"Organization\",\"@id\":\"https:\/\/www.sitsesp.org.br\/novo\/#organization\",\"name\":\"Sitsesp\",\"url\":\"https:\/\/www.sitsesp.org.br\/novo\/\",\"logo\":{\"@type\":\"ImageObject\",\"inLanguage\":\"pt-BR\",\"@id\":\"https:\/\/www.sitsesp.org.br\/novo\/#\/schema\/logo\/image\/\",\"url\":\"https:\/\/www.sitsesp.org.br\/novo\/wp-content\/uploads\/2020\/09\/Design-sem-nome-1.jpg\",\"contentUrl\":\"https:\/\/www.sitsesp.org.br\/novo\/wp-content\/uploads\/2020\/09\/Design-sem-nome-1.jpg\",\"width\":300,\"height\":300,\"caption\":\"Sitsesp\"},\"image\":{\"@id\":\"https:\/\/www.sitsesp.org.br\/novo\/#\/schema\/logo\/image\/\"}},{\"@type\":\"Person\",\"@id\":\"https:\/\/www.sitsesp.org.br\/novo\/#\/schema\/person\/28e42eec160f373e81d0183b3643edbf\",\"name\":\"imprensa\",\"image\":{\"@type\":\"ImageObject\",\"inLanguage\":\"pt-BR\",\"@id\":\"https:\/\/www.sitsesp.org.br\/novo\/#\/schema\/person\/image\/\",\"url\":\"https:\/\/secure.gravatar.com\/avatar\/8d6ccd8d7d52b8959f34154e87d3fa29?s=96&d=mm&r=g\",\"contentUrl\":\"https:\/\/secure.gravatar.com\/avatar\/8d6ccd8d7d52b8959f34154e87d3fa29?s=96&d=mm&r=g\",\"caption\":\"imprensa\"}}]}<\/script>\n<!-- \/ Yoast SEO plugin. -->","yoast_head_json":{"title":"O DESMONTE DO CONV\u00caNIO M\u00c9DICO - SITSESP","robots":{"index":"index","follow":"follow","max-snippet":"max-snippet:-1","max-image-preview":"max-image-preview:large","max-video-preview":"max-video-preview:-1"},"canonical":"https:\/\/www.sitsesp.org.br\/novo\/o-desmonte-do-convenio-medico\/","og_locale":"pt_BR","og_type":"article","og_title":"O DESMONTE DO CONV\u00caNIO M\u00c9DICO - SITSESP","og_description":"O Governo do Estado de S\u00e3o Paulo vem gradativamente realizando um desmonte dentro do funcionalismo p\u00fablico estadual. A reforma administrativa proposta&hellip;","og_url":"https:\/\/www.sitsesp.org.br\/novo\/o-desmonte-do-convenio-medico\/","og_site_name":"SITSESP","article_published_time":"2021-03-08T15:53:52+00:00","article_modified_time":"2021-03-08T15:54:07+00:00","og_image":[{"width":800,"height":800,"url":"https:\/\/www.sitsesp.org.br\/novo\/wp-content\/uploads\/2021\/03\/0803ISR.png","type":"image\/png"}],"author":"imprensa","twitter_card":"summary_large_image","twitter_misc":{"Escrito por":"imprensa","Est. tempo de leitura":"2 minutos"},"schema":{"@context":"https:\/\/schema.org","@graph":[{"@type":"Article","@id":"https:\/\/www.sitsesp.org.br\/novo\/o-desmonte-do-convenio-medico\/#article","isPartOf":{"@id":"https:\/\/www.sitsesp.org.br\/novo\/o-desmonte-do-convenio-medico\/"},"author":{"name":"imprensa","@id":"https:\/\/www.sitsesp.org.br\/novo\/#\/schema\/person\/28e42eec160f373e81d0183b3643edbf"},"headline":"O DESMONTE DO CONV\u00caNIO M\u00c9DICO","datePublished":"2021-03-08T15:53:52+00:00","dateModified":"2021-03-08T15:54:07+00:00","mainEntityOfPage":{"@id":"https:\/\/www.sitsesp.org.br\/novo\/o-desmonte-do-convenio-medico\/"},"wordCount":403,"commentCount":0,"publisher":{"@id":"https:\/\/www.sitsesp.org.br\/novo\/#organization"},"image":{"@id":"https:\/\/www.sitsesp.org.br\/novo\/o-desmonte-do-convenio-medico\/#primaryimage"},"thumbnailUrl":"https:\/\/www.sitsesp.org.br\/novo\/wp-content\/uploads\/2021\/03\/0803ISR.png","keywords":["2021","assembleia","campanha salarial","JUR\u00cdDICO","REFORMA ADMINISTRATIVA","SINDICATO","SITSESP","SOCIOEDUCA\u00c7\u00c3O"],"articleSection":["Destaque","Noticias"],"inLanguage":"pt-BR","potentialAction":[{"@type":"CommentAction","name":"Comment","target":["https:\/\/www.sitsesp.org.br\/novo\/o-desmonte-do-convenio-medico\/#respond"]}]},{"@type":"WebPage","@id":"https:\/\/www.sitsesp.org.br\/novo\/o-desmonte-do-convenio-medico\/","url":"https:\/\/www.sitsesp.org.br\/novo\/o-desmonte-do-convenio-medico\/","name":"O DESMONTE DO CONV\u00caNIO M\u00c9DICO - SITSESP","isPartOf":{"@id":"https:\/\/www.sitsesp.org.br\/novo\/#website"},"primaryImageOfPage":{"@id":"https:\/\/www.sitsesp.org.br\/novo\/o-desmonte-do-convenio-medico\/#primaryimage"},"image":{"@id":"https:\/\/www.sitsesp.org.br\/novo\/o-desmonte-do-convenio-medico\/#primaryimage"},"thumbnailUrl":"https:\/\/www.sitsesp.org.br\/novo\/wp-content\/uploads\/2021\/03\/0803ISR.png","datePublished":"2021-03-08T15:53:52+00:00","dateModified":"2021-03-08T15:54:07+00:00","breadcrumb":{"@id":"https:\/\/www.sitsesp.org.br\/novo\/o-desmonte-do-convenio-medico\/#breadcrumb"},"inLanguage":"pt-BR","potentialAction":[{"@type":"ReadAction","target":["https:\/\/www.sitsesp.org.br\/novo\/o-desmonte-do-convenio-medico\/"]}]},{"@type":"ImageObject","inLanguage":"pt-BR","@id":"https:\/\/www.sitsesp.org.br\/novo\/o-desmonte-do-convenio-medico\/#primaryimage","url":"https:\/\/www.sitsesp.org.br\/novo\/wp-content\/uploads\/2021\/03\/0803ISR.png","contentUrl":"https:\/\/www.sitsesp.org.br\/novo\/wp-content\/uploads\/2021\/03\/0803ISR.png","width":800,"height":800},{"@type":"BreadcrumbList","@id":"https:\/\/www.sitsesp.org.br\/novo\/o-desmonte-do-convenio-medico\/#breadcrumb","itemListElement":[{"@type":"ListItem","position":1,"name":"In\u00edcio","item":"https:\/\/www.sitsesp.org.br\/novo\/"},{"@type":"ListItem","position":2,"name":"O DESMONTE DO CONV\u00caNIO M\u00c9DICO"}]},{"@type":"WebSite","@id":"https:\/\/www.sitsesp.org.br\/novo\/#website","url":"https:\/\/www.sitsesp.org.br\/novo\/","name":"Sitsesp","description":"SIndicato da Socioeduca\u00e7\u00e3o do Estado de S\u00e3o Paulo","publisher":{"@id":"https:\/\/www.sitsesp.org.br\/novo\/#organization"},"potentialAction":[{"@type":"SearchAction","target":{"@type":"EntryPoint","urlTemplate":"https:\/\/www.sitsesp.org.br\/novo\/?s={search_term_string}"},"query-input":"required name=search_term_string"}],"inLanguage":"pt-BR"},{"@type":"Organization","@id":"https:\/\/www.sitsesp.org.br\/novo\/#organization","name":"Sitsesp","url":"https:\/\/www.sitsesp.org.br\/novo\/","logo":{"@type":"ImageObject","inLanguage":"pt-BR","@id":"https:\/\/www.sitsesp.org.br\/novo\/#\/schema\/logo\/image\/","url":"https:\/\/www.sitsesp.org.br\/novo\/wp-content\/uploads\/2020\/09\/Design-sem-nome-1.jpg","contentUrl":"https:\/\/www.sitsesp.org.br\/novo\/wp-content\/uploads\/2020\/09\/Design-sem-nome-1.jpg","width":300,"height":300,"caption":"Sitsesp"},"image":{"@id":"https:\/\/www.sitsesp.org.br\/novo\/#\/schema\/logo\/image\/"}},{"@type":"Person","@id":"https:\/\/www.sitsesp.org.br\/novo\/#\/schema\/person\/28e42eec160f373e81d0183b3643edbf","name":"imprensa","image":{"@type":"ImageObject","inLanguage":"pt-BR","@id":"https:\/\/www.sitsesp.org.br\/novo\/#\/schema\/person\/image\/","url":"https:\/\/secure.gravatar.com\/avatar\/8d6ccd8d7d52b8959f34154e87d3fa29?s=96&d=mm&r=g","contentUrl":"https:\/\/secure.gravatar.com\/avatar\/8d6ccd8d7d52b8959f34154e87d3fa29?s=96&d=mm&r=g","caption":"imprensa"}}]}},"_links":{"self":[{"href":"https:\/\/www.sitsesp.org.br\/novo\/wp-json\/wp\/v2\/posts\/5623"}],"collection":[{"href":"https:\/\/www.sitsesp.org.br\/novo\/wp-json\/wp\/v2\/posts"}],"about":[{"href":"https:\/\/www.sitsesp.org.br\/novo\/wp-json\/wp\/v2\/types\/post"}],"author":[{"embeddable":true,"href":"https:\/\/www.sitsesp.org.br\/novo\/wp-json\/wp\/v2\/users\/5"}],"replies":[{"embeddable":true,"href":"https:\/\/www.sitsesp.org.br\/novo\/wp-json\/wp\/v2\/comments?post=5623"}],"version-history":[{"count":1,"href":"https:\/\/www.sitsesp.org.br\/novo\/wp-json\/wp\/v2\/posts\/5623\/revisions"}],"predecessor-version":[{"id":5627,"href":"https:\/\/www.sitsesp.org.br\/novo\/wp-json\/wp\/v2\/posts\/5623\/revisions\/5627"}],"wp:featuredmedia":[{"embeddable":true,"href":"https:\/\/www.sitsesp.org.br\/novo\/wp-json\/wp\/v2\/media\/5626"}],"wp:attachment":[{"href":"https:\/\/www.sitsesp.org.br\/novo\/wp-json\/wp\/v2\/media?parent=5623"}],"wp:term":[{"taxonomy":"category","embeddable":true,"href":"https:\/\/www.sitsesp.org.br\/novo\/wp-json\/wp\/v2\/categories?post=5623"},{"taxonomy":"post_tag","embeddable":true,"href":"https:\/\/www.sitsesp.org.br\/novo\/wp-json\/wp\/v2\/tags?post=5623"}],"curies":[{"name":"wp","href":"https:\/\/api.w.org\/{rel}","templated":true}]}}