{"id":5646,"date":"2021-03-11T09:26:09","date_gmt":"2021-03-11T12:26:09","guid":{"rendered":"https:\/\/sitsesp.org.br\/novo\/?p=5646"},"modified":"2021-03-11T09:29:21","modified_gmt":"2021-03-11T12:29:21","slug":"comunicado-a-categoria","status":"publish","type":"post","link":"https:\/\/www.sitsesp.org.br\/novo\/comunicado-a-categoria\/","title":{"rendered":"Comunicado \u00e0 categoria"},"content":{"rendered":"<p><!-- VideographyWP Plugin Message: Automatic video embedding prevented by plugin options. --><br \/>\nO SITSESP reafirma que a campanha salarial se iniciou com a assembleia geral da categoria que aprovou a pauta de reivindica\u00e7\u00e3o e iniciada as negocia\u00e7\u00f5es, a Funda\u00e7\u00e3o Casa, al\u00e9m de n\u00e3o apresentar propostas econ\u00f4micas, apontou para a revis\u00e3o do crit\u00e9rio de pagamento do vale-refei\u00e7\u00e3o e reajuste do conv\u00eanio m\u00e9dico.<\/p>\n<p>Sugeriu, ali\u00e1s, o t\u00e9rmino do conv\u00eanio m\u00e9dico, desde que a categoria aceite um aux\u00edlio sa\u00fade pelo per\u00edodo de 12 meses (12 meses t\u00e3o somente) no valor de R$350,00 com a migra\u00e7\u00e3o de todos para o IAMSPE.<\/p>\n<p>O SITSESP realizou assembleia geral da categoria no \u00faltimo s\u00e1bado (dia 06 de mar\u00e7o), onde os trabalhadores recha\u00e7aram as propostas da Funda\u00e7\u00e3o Casa e se manteve firme na continuidade na campanha salarial, para n\u00e3o se retirar nenhum direito da categoria.<\/p>\n<p>Mas, a Funda\u00e7\u00e3o Casa, mesmo diante do comunicado da Entidade Sindical no sentido de que a categoria n\u00e3o aprovou as propostas de retiradas de direitos, incluindo o conv\u00eanio m\u00e9dico, em verdadeira pr\u00e1tica persecut\u00f3ria e antissindical divulgou no seu site a edi\u00e7\u00e3o de uma consulta \u00e0 categoria sobre o conv\u00eanio m\u00e9dico.<\/p>\n<p>O SITSESP esclarece \u00e0 categoria que a consulta da Funda\u00e7\u00e3o Casa quanto ao conv\u00eanio m\u00e9dico, se constitui como pr\u00e1tica antissindical, viola as normas mais corriqueiras do direito sindical, porquanto que as decis\u00f5es assembleares s\u00e3o soberanas em rela\u00e7\u00e3o a qualquer consulta PATRONAL.<\/p>\n<p>O patr\u00e3o, seja p\u00fablico ou privado, n\u00e3o substitui o Sindicato na condu\u00e7\u00e3o das negocia\u00e7\u00f5es coletivas e muito menos pode de forma abstrata e autorit\u00e1ria tentar alterar decis\u00e3o assemblear por meio de consulta aos empregados.<\/p>\n<p>A Funda\u00e7\u00e3o Casa come\u00e7ou de forma arbitr\u00e1ria a negocia\u00e7\u00e3o coletiva relativa ao ano de 2021, que, com efeito, e sem sombra de d\u00favidas se transmuta em pr\u00e1tica mais do que antissindical, que ser\u00e1 denunciada pelo SITSESP aos \u00f3rg\u00e3os competentes.<\/p>\n<p>O SITSESP exigir\u00e1 que a Funda\u00e7\u00e3o Casa retire do seu site de imediato a consulta formulada.<\/p>\n<p>O SITSESP, no mais, alerta a categoria, que todos aqueles que n\u00e3o integram \u00e0 categoria profissional e que est\u00e3o promovendo informa\u00e7\u00f5es falsas em redes sociais sobre a conduta do Sindicato tem o intuito de fazer o jogo do patr\u00e3o e n\u00e3o do servidor.<\/p>\n<p>Em redes sociais muitos que se dizem da oposi\u00e7\u00e3o, orientavam a categoria que o caminho era a n\u00e3o transmiss\u00e3o da proposta em assembleia, pois isto tratava-se de uma falta de respeito e de despreparo da dire\u00e7\u00e3o do sindicato.<\/p>\n<p>Quem incorreria na pr\u00e1tica antissindical seria a entidade sindical, com aus\u00eancia de transpar\u00eancia para com a categoria e aus\u00eancia de boa-f\u00e9 no processo de negocia\u00e7\u00e3o coletiva.<\/p>\n<p>Cumprimos com o nosso papel, tivemos uma assembleia com mais de 1700 trabalhadores inscritos, com o \u00edndice de 97% dos presentes rejeitando a proposta patronal.<\/p>\n<p>A Funda\u00e7\u00e3o CASA age com m\u00e1-f\u00e9, desrespeitando os trabalhadores. A oposi\u00e7\u00e3o e os que fazem fakes news contra o Sindicato, ao inv\u00e9s de somar for\u00e7as contra esse grave ataque que a categoria est\u00e1 sofrendo fazem o jogo do patr\u00e3o. Por isso a categoria n\u00e3o deve acreditar nas mentiras que circulam em redes sociais. Para manter a categoria unida e lutando pelos direitos \u00e9 preciso seguir as orienta\u00e7\u00f5es do Sindicato e participar das assembleias, \u00f3rg\u00e3o leg\u00edtimo de decis\u00e3o da categoria.<\/p>\n<p>Fiquem alerta, comunique-se com o SITSESP e n\u00e3o afiem informa\u00e7\u00f5es falsas de pessoas que n\u00e3o querem o bem da categoria profissional.<\/p>\n<p>SITSESP<\/p>\n<p>Confira o of\u00edcio referente a decis\u00e3o assemblear<\/p>\n<a href=\"https:\/\/sitsesp.org.br\/novo\/wp-content\/uploads\/2021\/03\/060-2021-Decisao-Assemblear-1.pdf\" class=\"pdfemb-viewer\" style=\"\" data-width=\"max\" data-height=\"max\" data-toolbar=\"bottom\" data-toolbar-fixed=\"off\">060-2021 Decis\u00e3o Assemblear (1)<\/a>\n","protected":false},"excerpt":{"rendered":"<p>O SITSESP reafirma que a campanha salarial se iniciou com a assembleia geral da categoria que aprovou a pauta de reivindica\u00e7\u00e3o&hellip;<\/p>\n","protected":false},"author":5,"featured_media":5647,"comment_status":"open","ping_status":"open","sticky":false,"template":"","format":"standard","meta":{"cybocfi_hide_featured_image":"","footnotes":""},"categories":[27,22],"tags":[45,44,38,50,40,37,39],"yoast_head":"<!-- This site is optimized with the Yoast SEO plugin v22.8 - https:\/\/yoast.com\/wordpress\/plugins\/seo\/ -->\n<title>Comunicado \u00e0 categoria - SITSESP<\/title>\n<meta name=\"robots\" content=\"index, follow, max-snippet:-1, max-image-preview:large, max-video-preview:-1\" \/>\n<link rel=\"canonical\" href=\"https:\/\/www.sitsesp.org.br\/novo\/comunicado-a-categoria\/\" \/>\n<meta property=\"og:locale\" content=\"pt_BR\" \/>\n<meta property=\"og:type\" content=\"article\" \/>\n<meta property=\"og:title\" content=\"Comunicado \u00e0 categoria - SITSESP\" \/>\n<meta property=\"og:description\" content=\"O SITSESP reafirma que a campanha salarial se iniciou com a assembleia geral da categoria que aprovou a pauta de reivindica\u00e7\u00e3o&hellip;\" \/>\n<meta property=\"og:url\" content=\"https:\/\/www.sitsesp.org.br\/novo\/comunicado-a-categoria\/\" \/>\n<meta property=\"og:site_name\" content=\"SITSESP\" \/>\n<meta property=\"article:published_time\" content=\"2021-03-11T12:26:09+00:00\" \/>\n<meta property=\"article:modified_time\" content=\"2021-03-11T12:29:21+00:00\" \/>\n<meta property=\"og:image\" content=\"https:\/\/www.sitsesp.org.br\/novo\/wp-content\/uploads\/2021\/03\/1103.png\" \/>\n\t<meta property=\"og:image:width\" content=\"800\" \/>\n\t<meta property=\"og:image:height\" content=\"800\" \/>\n\t<meta property=\"og:image:type\" content=\"image\/png\" \/>\n<meta name=\"author\" content=\"imprensa\" \/>\n<meta name=\"twitter:card\" content=\"summary_large_image\" \/>\n<meta name=\"twitter:label1\" content=\"Escrito por\" \/>\n\t<meta name=\"twitter:data1\" content=\"imprensa\" \/>\n\t<meta name=\"twitter:label2\" content=\"Est. tempo de leitura\" \/>\n\t<meta name=\"twitter:data2\" content=\"3 minutos\" \/>\n<script type=\"application\/ld+json\" class=\"yoast-schema-graph\">{\"@context\":\"https:\/\/schema.org\",\"@graph\":[{\"@type\":\"Article\",\"@id\":\"https:\/\/www.sitsesp.org.br\/novo\/comunicado-a-categoria\/#article\",\"isPartOf\":{\"@id\":\"https:\/\/www.sitsesp.org.br\/novo\/comunicado-a-categoria\/\"},\"author\":{\"name\":\"imprensa\",\"@id\":\"https:\/\/www.sitsesp.org.br\/novo\/#\/schema\/person\/28e42eec160f373e81d0183b3643edbf\"},\"headline\":\"Comunicado \u00e0 categoria\",\"datePublished\":\"2021-03-11T12:26:09+00:00\",\"dateModified\":\"2021-03-11T12:29:21+00:00\",\"mainEntityOfPage\":{\"@id\":\"https:\/\/www.sitsesp.org.br\/novo\/comunicado-a-categoria\/\"},\"wordCount\":640,\"commentCount\":0,\"publisher\":{\"@id\":\"https:\/\/www.sitsesp.org.br\/novo\/#organization\"},\"image\":{\"@id\":\"https:\/\/www.sitsesp.org.br\/novo\/comunicado-a-categoria\/#primaryimage\"},\"thumbnailUrl\":\"https:\/\/www.sitsesp.org.br\/novo\/wp-content\/uploads\/2021\/03\/1103.png\",\"keywords\":[\"2021\",\"campanha salarial\",\"Funda\u00e7\u00e3o CASA\",\"JUR\u00cdDICO\",\"SINDICATO\",\"SITSESP\",\"SOCIOEDUCA\u00c7\u00c3O\"],\"articleSection\":[\"Destaque\",\"Noticias\"],\"inLanguage\":\"pt-BR\",\"potentialAction\":[{\"@type\":\"CommentAction\",\"name\":\"Comment\",\"target\":[\"https:\/\/www.sitsesp.org.br\/novo\/comunicado-a-categoria\/#respond\"]}]},{\"@type\":\"WebPage\",\"@id\":\"https:\/\/www.sitsesp.org.br\/novo\/comunicado-a-categoria\/\",\"url\":\"https:\/\/www.sitsesp.org.br\/novo\/comunicado-a-categoria\/\",\"name\":\"Comunicado \u00e0 categoria - SITSESP\",\"isPartOf\":{\"@id\":\"https:\/\/www.sitsesp.org.br\/novo\/#website\"},\"primaryImageOfPage\":{\"@id\":\"https:\/\/www.sitsesp.org.br\/novo\/comunicado-a-categoria\/#primaryimage\"},\"image\":{\"@id\":\"https:\/\/www.sitsesp.org.br\/novo\/comunicado-a-categoria\/#primaryimage\"},\"thumbnailUrl\":\"https:\/\/www.sitsesp.org.br\/novo\/wp-content\/uploads\/2021\/03\/1103.png\",\"datePublished\":\"2021-03-11T12:26:09+00:00\",\"dateModified\":\"2021-03-11T12:29:21+00:00\",\"breadcrumb\":{\"@id\":\"https:\/\/www.sitsesp.org.br\/novo\/comunicado-a-categoria\/#breadcrumb\"},\"inLanguage\":\"pt-BR\",\"potentialAction\":[{\"@type\":\"ReadAction\",\"target\":[\"https:\/\/www.sitsesp.org.br\/novo\/comunicado-a-categoria\/\"]}]},{\"@type\":\"ImageObject\",\"inLanguage\":\"pt-BR\",\"@id\":\"https:\/\/www.sitsesp.org.br\/novo\/comunicado-a-categoria\/#primaryimage\",\"url\":\"https:\/\/www.sitsesp.org.br\/novo\/wp-content\/uploads\/2021\/03\/1103.png\",\"contentUrl\":\"https:\/\/www.sitsesp.org.br\/novo\/wp-content\/uploads\/2021\/03\/1103.png\",\"width\":800,\"height\":800},{\"@type\":\"BreadcrumbList\",\"@id\":\"https:\/\/www.sitsesp.org.br\/novo\/comunicado-a-categoria\/#breadcrumb\",\"itemListElement\":[{\"@type\":\"ListItem\",\"position\":1,\"name\":\"In\u00edcio\",\"item\":\"https:\/\/www.sitsesp.org.br\/novo\/\"},{\"@type\":\"ListItem\",\"position\":2,\"name\":\"Comunicado \u00e0 categoria\"}]},{\"@type\":\"WebSite\",\"@id\":\"https:\/\/www.sitsesp.org.br\/novo\/#website\",\"url\":\"https:\/\/www.sitsesp.org.br\/novo\/\",\"name\":\"Sitsesp\",\"description\":\"SIndicato da Socioeduca\u00e7\u00e3o do Estado de S\u00e3o Paulo\",\"publisher\":{\"@id\":\"https:\/\/www.sitsesp.org.br\/novo\/#organization\"},\"potentialAction\":[{\"@type\":\"SearchAction\",\"target\":{\"@type\":\"EntryPoint\",\"urlTemplate\":\"https:\/\/www.sitsesp.org.br\/novo\/?s={search_term_string}\"},\"query-input\":\"required name=search_term_string\"}],\"inLanguage\":\"pt-BR\"},{\"@type\":\"Organization\",\"@id\":\"https:\/\/www.sitsesp.org.br\/novo\/#organization\",\"name\":\"Sitsesp\",\"url\":\"https:\/\/www.sitsesp.org.br\/novo\/\",\"logo\":{\"@type\":\"ImageObject\",\"inLanguage\":\"pt-BR\",\"@id\":\"https:\/\/www.sitsesp.org.br\/novo\/#\/schema\/logo\/image\/\",\"url\":\"https:\/\/www.sitsesp.org.br\/novo\/wp-content\/uploads\/2020\/09\/Design-sem-nome-1.jpg\",\"contentUrl\":\"https:\/\/www.sitsesp.org.br\/novo\/wp-content\/uploads\/2020\/09\/Design-sem-nome-1.jpg\",\"width\":300,\"height\":300,\"caption\":\"Sitsesp\"},\"image\":{\"@id\":\"https:\/\/www.sitsesp.org.br\/novo\/#\/schema\/logo\/image\/\"}},{\"@type\":\"Person\",\"@id\":\"https:\/\/www.sitsesp.org.br\/novo\/#\/schema\/person\/28e42eec160f373e81d0183b3643edbf\",\"name\":\"imprensa\",\"image\":{\"@type\":\"ImageObject\",\"inLanguage\":\"pt-BR\",\"@id\":\"https:\/\/www.sitsesp.org.br\/novo\/#\/schema\/person\/image\/\",\"url\":\"https:\/\/secure.gravatar.com\/avatar\/8d6ccd8d7d52b8959f34154e87d3fa29?s=96&d=mm&r=g\",\"contentUrl\":\"https:\/\/secure.gravatar.com\/avatar\/8d6ccd8d7d52b8959f34154e87d3fa29?s=96&d=mm&r=g\",\"caption\":\"imprensa\"}}]}<\/script>\n<!-- \/ Yoast SEO plugin. -->","yoast_head_json":{"title":"Comunicado \u00e0 categoria - SITSESP","robots":{"index":"index","follow":"follow","max-snippet":"max-snippet:-1","max-image-preview":"max-image-preview:large","max-video-preview":"max-video-preview:-1"},"canonical":"https:\/\/www.sitsesp.org.br\/novo\/comunicado-a-categoria\/","og_locale":"pt_BR","og_type":"article","og_title":"Comunicado \u00e0 categoria - SITSESP","og_description":"O SITSESP reafirma que a campanha salarial se iniciou com a assembleia geral da categoria que aprovou a pauta de reivindica\u00e7\u00e3o&hellip;","og_url":"https:\/\/www.sitsesp.org.br\/novo\/comunicado-a-categoria\/","og_site_name":"SITSESP","article_published_time":"2021-03-11T12:26:09+00:00","article_modified_time":"2021-03-11T12:29:21+00:00","og_image":[{"width":800,"height":800,"url":"https:\/\/www.sitsesp.org.br\/novo\/wp-content\/uploads\/2021\/03\/1103.png","type":"image\/png"}],"author":"imprensa","twitter_card":"summary_large_image","twitter_misc":{"Escrito por":"imprensa","Est. tempo de leitura":"3 minutos"},"schema":{"@context":"https:\/\/schema.org","@graph":[{"@type":"Article","@id":"https:\/\/www.sitsesp.org.br\/novo\/comunicado-a-categoria\/#article","isPartOf":{"@id":"https:\/\/www.sitsesp.org.br\/novo\/comunicado-a-categoria\/"},"author":{"name":"imprensa","@id":"https:\/\/www.sitsesp.org.br\/novo\/#\/schema\/person\/28e42eec160f373e81d0183b3643edbf"},"headline":"Comunicado \u00e0 categoria","datePublished":"2021-03-11T12:26:09+00:00","dateModified":"2021-03-11T12:29:21+00:00","mainEntityOfPage":{"@id":"https:\/\/www.sitsesp.org.br\/novo\/comunicado-a-categoria\/"},"wordCount":640,"commentCount":0,"publisher":{"@id":"https:\/\/www.sitsesp.org.br\/novo\/#organization"},"image":{"@id":"https:\/\/www.sitsesp.org.br\/novo\/comunicado-a-categoria\/#primaryimage"},"thumbnailUrl":"https:\/\/www.sitsesp.org.br\/novo\/wp-content\/uploads\/2021\/03\/1103.png","keywords":["2021","campanha salarial","Funda\u00e7\u00e3o CASA","JUR\u00cdDICO","SINDICATO","SITSESP","SOCIOEDUCA\u00c7\u00c3O"],"articleSection":["Destaque","Noticias"],"inLanguage":"pt-BR","potentialAction":[{"@type":"CommentAction","name":"Comment","target":["https:\/\/www.sitsesp.org.br\/novo\/comunicado-a-categoria\/#respond"]}]},{"@type":"WebPage","@id":"https:\/\/www.sitsesp.org.br\/novo\/comunicado-a-categoria\/","url":"https:\/\/www.sitsesp.org.br\/novo\/comunicado-a-categoria\/","name":"Comunicado \u00e0 categoria - SITSESP","isPartOf":{"@id":"https:\/\/www.sitsesp.org.br\/novo\/#website"},"primaryImageOfPage":{"@id":"https:\/\/www.sitsesp.org.br\/novo\/comunicado-a-categoria\/#primaryimage"},"image":{"@id":"https:\/\/www.sitsesp.org.br\/novo\/comunicado-a-categoria\/#primaryimage"},"thumbnailUrl":"https:\/\/www.sitsesp.org.br\/novo\/wp-content\/uploads\/2021\/03\/1103.png","datePublished":"2021-03-11T12:26:09+00:00","dateModified":"2021-03-11T12:29:21+00:00","breadcrumb":{"@id":"https:\/\/www.sitsesp.org.br\/novo\/comunicado-a-categoria\/#breadcrumb"},"inLanguage":"pt-BR","potentialAction":[{"@type":"ReadAction","target":["https:\/\/www.sitsesp.org.br\/novo\/comunicado-a-categoria\/"]}]},{"@type":"ImageObject","inLanguage":"pt-BR","@id":"https:\/\/www.sitsesp.org.br\/novo\/comunicado-a-categoria\/#primaryimage","url":"https:\/\/www.sitsesp.org.br\/novo\/wp-content\/uploads\/2021\/03\/1103.png","contentUrl":"https:\/\/www.sitsesp.org.br\/novo\/wp-content\/uploads\/2021\/03\/1103.png","width":800,"height":800},{"@type":"BreadcrumbList","@id":"https:\/\/www.sitsesp.org.br\/novo\/comunicado-a-categoria\/#breadcrumb","itemListElement":[{"@type":"ListItem","position":1,"name":"In\u00edcio","item":"https:\/\/www.sitsesp.org.br\/novo\/"},{"@type":"ListItem","position":2,"name":"Comunicado \u00e0 categoria"}]},{"@type":"WebSite","@id":"https:\/\/www.sitsesp.org.br\/novo\/#website","url":"https:\/\/www.sitsesp.org.br\/novo\/","name":"Sitsesp","description":"SIndicato da Socioeduca\u00e7\u00e3o do Estado de S\u00e3o Paulo","publisher":{"@id":"https:\/\/www.sitsesp.org.br\/novo\/#organization"},"potentialAction":[{"@type":"SearchAction","target":{"@type":"EntryPoint","urlTemplate":"https:\/\/www.sitsesp.org.br\/novo\/?s={search_term_string}"},"query-input":"required name=search_term_string"}],"inLanguage":"pt-BR"},{"@type":"Organization","@id":"https:\/\/www.sitsesp.org.br\/novo\/#organization","name":"Sitsesp","url":"https:\/\/www.sitsesp.org.br\/novo\/","logo":{"@type":"ImageObject","inLanguage":"pt-BR","@id":"https:\/\/www.sitsesp.org.br\/novo\/#\/schema\/logo\/image\/","url":"https:\/\/www.sitsesp.org.br\/novo\/wp-content\/uploads\/2020\/09\/Design-sem-nome-1.jpg","contentUrl":"https:\/\/www.sitsesp.org.br\/novo\/wp-content\/uploads\/2020\/09\/Design-sem-nome-1.jpg","width":300,"height":300,"caption":"Sitsesp"},"image":{"@id":"https:\/\/www.sitsesp.org.br\/novo\/#\/schema\/logo\/image\/"}},{"@type":"Person","@id":"https:\/\/www.sitsesp.org.br\/novo\/#\/schema\/person\/28e42eec160f373e81d0183b3643edbf","name":"imprensa","image":{"@type":"ImageObject","inLanguage":"pt-BR","@id":"https:\/\/www.sitsesp.org.br\/novo\/#\/schema\/person\/image\/","url":"https:\/\/secure.gravatar.com\/avatar\/8d6ccd8d7d52b8959f34154e87d3fa29?s=96&d=mm&r=g","contentUrl":"https:\/\/secure.gravatar.com\/avatar\/8d6ccd8d7d52b8959f34154e87d3fa29?s=96&d=mm&r=g","caption":"imprensa"}}]}},"_links":{"self":[{"href":"https:\/\/www.sitsesp.org.br\/novo\/wp-json\/wp\/v2\/posts\/5646"}],"collection":[{"href":"https:\/\/www.sitsesp.org.br\/novo\/wp-json\/wp\/v2\/posts"}],"about":[{"href":"https:\/\/www.sitsesp.org.br\/novo\/wp-json\/wp\/v2\/types\/post"}],"author":[{"embeddable":true,"href":"https:\/\/www.sitsesp.org.br\/novo\/wp-json\/wp\/v2\/users\/5"}],"replies":[{"embeddable":true,"href":"https:\/\/www.sitsesp.org.br\/novo\/wp-json\/wp\/v2\/comments?post=5646"}],"version-history":[{"count":3,"href":"https:\/\/www.sitsesp.org.br\/novo\/wp-json\/wp\/v2\/posts\/5646\/revisions"}],"predecessor-version":[{"id":5651,"href":"https:\/\/www.sitsesp.org.br\/novo\/wp-json\/wp\/v2\/posts\/5646\/revisions\/5651"}],"wp:featuredmedia":[{"embeddable":true,"href":"https:\/\/www.sitsesp.org.br\/novo\/wp-json\/wp\/v2\/media\/5647"}],"wp:attachment":[{"href":"https:\/\/www.sitsesp.org.br\/novo\/wp-json\/wp\/v2\/media?parent=5646"}],"wp:term":[{"taxonomy":"category","embeddable":true,"href":"https:\/\/www.sitsesp.org.br\/novo\/wp-json\/wp\/v2\/categories?post=5646"},{"taxonomy":"post_tag","embeddable":true,"href":"https:\/\/www.sitsesp.org.br\/novo\/wp-json\/wp\/v2\/tags?post=5646"}],"curies":[{"name":"wp","href":"https:\/\/api.w.org\/{rel}","templated":true}]}}