{"id":5711,"date":"2021-03-13T09:50:59","date_gmt":"2021-03-13T12:50:59","guid":{"rendered":"https:\/\/sitsesp.org.br\/novo\/?p=5711"},"modified":"2021-03-13T09:50:59","modified_gmt":"2021-03-13T12:50:59","slug":"portaria-administrativa-no-427-de-12-de-marco-de-2021","status":"publish","type":"post","link":"https:\/\/www.sitsesp.org.br\/novo\/portaria-administrativa-no-427-de-12-de-marco-de-2021\/","title":{"rendered":"Portaria Administrativa N\u00ba 427, de 12 de mar\u00e7o de 2021."},"content":{"rendered":"<p><!-- VideographyWP Plugin Message: Automatic video embedding prevented by plugin options. --><br \/>\nD E T E R M I N A:<\/p>\n<p>Artigo 1\u00ba &#8211; Fica revogado, entre 15 e 30 de mar\u00e7o de 2021, o art. 1\u00ba da Portaria n\u00ba 390\/21, passando a constar com a seguinte reda\u00e7\u00e3o: I &#8211; Os servidores da Funda\u00e7\u00e3o CASA dever\u00e3o:<\/p>\n<p>a) Atuar em teletrabalho, se as caracter\u00edsticas de sua fun\u00e7\u00e3o permitirem a atividade \u00e0 dist\u00e2ncia, cabendo aos gestores tomar as medidas necess\u00e1rias para que o maior n\u00famero de servidores possa atuar nesse sistema;<\/p>\n<p>b) Trabalhar em sistema de revezamento, garantida a execu\u00e7\u00e3o da medida socioeducativa, sendo que caber\u00e1 ao gestor garantir que isto se d\u00ea com o menor quadro funcional poss\u00edvel.<\/p>\n<p>Artigo 2\u00ba &#8211; Ao final do per\u00edodo de vig\u00eancia da fase emergencial do Plano S\u00e3o Paulo analisar-se-\u00e1 a necessidade de manuten\u00e7\u00e3o dos procedimentos ora adotados.<\/p>\n<p>Artigo 3\u00ba &#8211; Esta Portaria entra em vigor na data de sua publica\u00e7\u00e3o.<\/p>\n<p>Comunique-se. Publique-se. S\u00e3o Paulo, 12 de mar\u00e7o de 2021<\/p>\n<p>&nbsp;<\/p>\n<a href=\"https:\/\/sitsesp.org.br\/novo\/wp-content\/uploads\/2021\/03\/PA-427-21-Medidas-adotadas-para-a-Fase-Emergencial-COVID-19-altera-o-Artigo-1o-da-PA-390-2021_210312_203958_604bfbd898aae9220a5a624a-1.pdf\" class=\"pdfemb-viewer\" style=\"\" data-width=\"max\" data-height=\"max\" data-toolbar=\"bottom\" data-toolbar-fixed=\"off\">PA 427-21 Medidas adotadas para a Fase Emergencial COVID-19 , altera o Artigo 1\u00ba da PA 390-2021_210312_203958_604bfbd898aae9220a5a624a (1)<\/a>\n","protected":false},"excerpt":{"rendered":"<p>D E T E R M I N A: Artigo 1\u00ba &#8211; Fica revogado, entre 15 e 30 de mar\u00e7o de&hellip;<\/p>\n","protected":false},"author":5,"featured_media":5712,"comment_status":"open","ping_status":"open","sticky":false,"template":"","format":"standard","meta":{"cybocfi_hide_featured_image":"","footnotes":""},"categories":[22],"tags":[47,38,48,37],"yoast_head":"<!-- This site is optimized with the Yoast SEO plugin v22.8 - https:\/\/yoast.com\/wordpress\/plugins\/seo\/ -->\n<title>Portaria Administrativa N\u00ba 427, de 12 de mar\u00e7o de 2021. - SITSESP<\/title>\n<meta name=\"robots\" content=\"index, follow, max-snippet:-1, max-image-preview:large, max-video-preview:-1\" \/>\n<link rel=\"canonical\" href=\"https:\/\/www.sitsesp.org.br\/novo\/portaria-administrativa-no-427-de-12-de-marco-de-2021\/\" \/>\n<meta property=\"og:locale\" content=\"pt_BR\" \/>\n<meta property=\"og:type\" content=\"article\" \/>\n<meta property=\"og:title\" content=\"Portaria Administrativa N\u00ba 427, de 12 de mar\u00e7o de 2021. - SITSESP\" \/>\n<meta property=\"og:description\" content=\"D E T E R M I N A: Artigo 1\u00ba &#8211; Fica revogado, entre 15 e 30 de mar\u00e7o de&hellip;\" \/>\n<meta property=\"og:url\" content=\"https:\/\/www.sitsesp.org.br\/novo\/portaria-administrativa-no-427-de-12-de-marco-de-2021\/\" \/>\n<meta property=\"og:site_name\" content=\"SITSESP\" \/>\n<meta property=\"article:published_time\" content=\"2021-03-13T12:50:59+00:00\" \/>\n<meta property=\"og:image\" content=\"https:\/\/www.sitsesp.org.br\/novo\/wp-content\/uploads\/2021\/03\/1303.png\" \/>\n\t<meta property=\"og:image:width\" content=\"800\" \/>\n\t<meta property=\"og:image:height\" content=\"800\" \/>\n\t<meta property=\"og:image:type\" content=\"image\/png\" \/>\n<meta name=\"author\" content=\"imprensa\" \/>\n<meta name=\"twitter:card\" content=\"summary_large_image\" \/>\n<meta name=\"twitter:label1\" content=\"Escrito por\" \/>\n\t<meta name=\"twitter:data1\" content=\"imprensa\" \/>\n\t<meta name=\"twitter:label2\" content=\"Est. tempo de leitura\" \/>\n\t<meta name=\"twitter:data2\" content=\"1 minuto\" \/>\n<script type=\"application\/ld+json\" class=\"yoast-schema-graph\">{\"@context\":\"https:\/\/schema.org\",\"@graph\":[{\"@type\":\"Article\",\"@id\":\"https:\/\/www.sitsesp.org.br\/novo\/portaria-administrativa-no-427-de-12-de-marco-de-2021\/#article\",\"isPartOf\":{\"@id\":\"https:\/\/www.sitsesp.org.br\/novo\/portaria-administrativa-no-427-de-12-de-marco-de-2021\/\"},\"author\":{\"name\":\"imprensa\",\"@id\":\"https:\/\/www.sitsesp.org.br\/novo\/#\/schema\/person\/28e42eec160f373e81d0183b3643edbf\"},\"headline\":\"Portaria Administrativa N\u00ba 427, de 12 de mar\u00e7o de 2021.\",\"datePublished\":\"2021-03-13T12:50:59+00:00\",\"dateModified\":\"2021-03-13T12:50:59+00:00\",\"mainEntityOfPage\":{\"@id\":\"https:\/\/www.sitsesp.org.br\/novo\/portaria-administrativa-no-427-de-12-de-marco-de-2021\/\"},\"wordCount\":210,\"commentCount\":0,\"publisher\":{\"@id\":\"https:\/\/www.sitsesp.org.br\/novo\/#organization\"},\"image\":{\"@id\":\"https:\/\/www.sitsesp.org.br\/novo\/portaria-administrativa-no-427-de-12-de-marco-de-2021\/#primaryimage\"},\"thumbnailUrl\":\"https:\/\/www.sitsesp.org.br\/novo\/wp-content\/uploads\/2021\/03\/1303.png\",\"keywords\":[\"covid19\",\"Funda\u00e7\u00e3o CASA\",\"pandemia\",\"SITSESP\"],\"articleSection\":[\"Noticias\"],\"inLanguage\":\"pt-BR\",\"potentialAction\":[{\"@type\":\"CommentAction\",\"name\":\"Comment\",\"target\":[\"https:\/\/www.sitsesp.org.br\/novo\/portaria-administrativa-no-427-de-12-de-marco-de-2021\/#respond\"]}]},{\"@type\":\"WebPage\",\"@id\":\"https:\/\/www.sitsesp.org.br\/novo\/portaria-administrativa-no-427-de-12-de-marco-de-2021\/\",\"url\":\"https:\/\/www.sitsesp.org.br\/novo\/portaria-administrativa-no-427-de-12-de-marco-de-2021\/\",\"name\":\"Portaria Administrativa N\u00ba 427, de 12 de mar\u00e7o de 2021. - SITSESP\",\"isPartOf\":{\"@id\":\"https:\/\/www.sitsesp.org.br\/novo\/#website\"},\"primaryImageOfPage\":{\"@id\":\"https:\/\/www.sitsesp.org.br\/novo\/portaria-administrativa-no-427-de-12-de-marco-de-2021\/#primaryimage\"},\"image\":{\"@id\":\"https:\/\/www.sitsesp.org.br\/novo\/portaria-administrativa-no-427-de-12-de-marco-de-2021\/#primaryimage\"},\"thumbnailUrl\":\"https:\/\/www.sitsesp.org.br\/novo\/wp-content\/uploads\/2021\/03\/1303.png\",\"datePublished\":\"2021-03-13T12:50:59+00:00\",\"dateModified\":\"2021-03-13T12:50:59+00:00\",\"breadcrumb\":{\"@id\":\"https:\/\/www.sitsesp.org.br\/novo\/portaria-administrativa-no-427-de-12-de-marco-de-2021\/#breadcrumb\"},\"inLanguage\":\"pt-BR\",\"potentialAction\":[{\"@type\":\"ReadAction\",\"target\":[\"https:\/\/www.sitsesp.org.br\/novo\/portaria-administrativa-no-427-de-12-de-marco-de-2021\/\"]}]},{\"@type\":\"ImageObject\",\"inLanguage\":\"pt-BR\",\"@id\":\"https:\/\/www.sitsesp.org.br\/novo\/portaria-administrativa-no-427-de-12-de-marco-de-2021\/#primaryimage\",\"url\":\"https:\/\/www.sitsesp.org.br\/novo\/wp-content\/uploads\/2021\/03\/1303.png\",\"contentUrl\":\"https:\/\/www.sitsesp.org.br\/novo\/wp-content\/uploads\/2021\/03\/1303.png\",\"width\":800,\"height\":800},{\"@type\":\"BreadcrumbList\",\"@id\":\"https:\/\/www.sitsesp.org.br\/novo\/portaria-administrativa-no-427-de-12-de-marco-de-2021\/#breadcrumb\",\"itemListElement\":[{\"@type\":\"ListItem\",\"position\":1,\"name\":\"In\u00edcio\",\"item\":\"https:\/\/www.sitsesp.org.br\/novo\/\"},{\"@type\":\"ListItem\",\"position\":2,\"name\":\"Portaria Administrativa N\u00ba 427, de 12 de mar\u00e7o de 2021.\"}]},{\"@type\":\"WebSite\",\"@id\":\"https:\/\/www.sitsesp.org.br\/novo\/#website\",\"url\":\"https:\/\/www.sitsesp.org.br\/novo\/\",\"name\":\"Sitsesp\",\"description\":\"SIndicato da Socioeduca\u00e7\u00e3o do Estado de S\u00e3o Paulo\",\"publisher\":{\"@id\":\"https:\/\/www.sitsesp.org.br\/novo\/#organization\"},\"potentialAction\":[{\"@type\":\"SearchAction\",\"target\":{\"@type\":\"EntryPoint\",\"urlTemplate\":\"https:\/\/www.sitsesp.org.br\/novo\/?s={search_term_string}\"},\"query-input\":\"required name=search_term_string\"}],\"inLanguage\":\"pt-BR\"},{\"@type\":\"Organization\",\"@id\":\"https:\/\/www.sitsesp.org.br\/novo\/#organization\",\"name\":\"Sitsesp\",\"url\":\"https:\/\/www.sitsesp.org.br\/novo\/\",\"logo\":{\"@type\":\"ImageObject\",\"inLanguage\":\"pt-BR\",\"@id\":\"https:\/\/www.sitsesp.org.br\/novo\/#\/schema\/logo\/image\/\",\"url\":\"https:\/\/www.sitsesp.org.br\/novo\/wp-content\/uploads\/2020\/09\/Design-sem-nome-1.jpg\",\"contentUrl\":\"https:\/\/www.sitsesp.org.br\/novo\/wp-content\/uploads\/2020\/09\/Design-sem-nome-1.jpg\",\"width\":300,\"height\":300,\"caption\":\"Sitsesp\"},\"image\":{\"@id\":\"https:\/\/www.sitsesp.org.br\/novo\/#\/schema\/logo\/image\/\"}},{\"@type\":\"Person\",\"@id\":\"https:\/\/www.sitsesp.org.br\/novo\/#\/schema\/person\/28e42eec160f373e81d0183b3643edbf\",\"name\":\"imprensa\",\"image\":{\"@type\":\"ImageObject\",\"inLanguage\":\"pt-BR\",\"@id\":\"https:\/\/www.sitsesp.org.br\/novo\/#\/schema\/person\/image\/\",\"url\":\"https:\/\/secure.gravatar.com\/avatar\/8d6ccd8d7d52b8959f34154e87d3fa29?s=96&d=mm&r=g\",\"contentUrl\":\"https:\/\/secure.gravatar.com\/avatar\/8d6ccd8d7d52b8959f34154e87d3fa29?s=96&d=mm&r=g\",\"caption\":\"imprensa\"}}]}<\/script>\n<!-- \/ Yoast SEO plugin. -->","yoast_head_json":{"title":"Portaria Administrativa N\u00ba 427, de 12 de mar\u00e7o de 2021. - SITSESP","robots":{"index":"index","follow":"follow","max-snippet":"max-snippet:-1","max-image-preview":"max-image-preview:large","max-video-preview":"max-video-preview:-1"},"canonical":"https:\/\/www.sitsesp.org.br\/novo\/portaria-administrativa-no-427-de-12-de-marco-de-2021\/","og_locale":"pt_BR","og_type":"article","og_title":"Portaria Administrativa N\u00ba 427, de 12 de mar\u00e7o de 2021. - SITSESP","og_description":"D E T E R M I N A: Artigo 1\u00ba &#8211; Fica revogado, entre 15 e 30 de mar\u00e7o de&hellip;","og_url":"https:\/\/www.sitsesp.org.br\/novo\/portaria-administrativa-no-427-de-12-de-marco-de-2021\/","og_site_name":"SITSESP","article_published_time":"2021-03-13T12:50:59+00:00","og_image":[{"width":800,"height":800,"url":"https:\/\/www.sitsesp.org.br\/novo\/wp-content\/uploads\/2021\/03\/1303.png","type":"image\/png"}],"author":"imprensa","twitter_card":"summary_large_image","twitter_misc":{"Escrito por":"imprensa","Est. tempo de leitura":"1 minuto"},"schema":{"@context":"https:\/\/schema.org","@graph":[{"@type":"Article","@id":"https:\/\/www.sitsesp.org.br\/novo\/portaria-administrativa-no-427-de-12-de-marco-de-2021\/#article","isPartOf":{"@id":"https:\/\/www.sitsesp.org.br\/novo\/portaria-administrativa-no-427-de-12-de-marco-de-2021\/"},"author":{"name":"imprensa","@id":"https:\/\/www.sitsesp.org.br\/novo\/#\/schema\/person\/28e42eec160f373e81d0183b3643edbf"},"headline":"Portaria Administrativa N\u00ba 427, de 12 de mar\u00e7o de 2021.","datePublished":"2021-03-13T12:50:59+00:00","dateModified":"2021-03-13T12:50:59+00:00","mainEntityOfPage":{"@id":"https:\/\/www.sitsesp.org.br\/novo\/portaria-administrativa-no-427-de-12-de-marco-de-2021\/"},"wordCount":210,"commentCount":0,"publisher":{"@id":"https:\/\/www.sitsesp.org.br\/novo\/#organization"},"image":{"@id":"https:\/\/www.sitsesp.org.br\/novo\/portaria-administrativa-no-427-de-12-de-marco-de-2021\/#primaryimage"},"thumbnailUrl":"https:\/\/www.sitsesp.org.br\/novo\/wp-content\/uploads\/2021\/03\/1303.png","keywords":["covid19","Funda\u00e7\u00e3o CASA","pandemia","SITSESP"],"articleSection":["Noticias"],"inLanguage":"pt-BR","potentialAction":[{"@type":"CommentAction","name":"Comment","target":["https:\/\/www.sitsesp.org.br\/novo\/portaria-administrativa-no-427-de-12-de-marco-de-2021\/#respond"]}]},{"@type":"WebPage","@id":"https:\/\/www.sitsesp.org.br\/novo\/portaria-administrativa-no-427-de-12-de-marco-de-2021\/","url":"https:\/\/www.sitsesp.org.br\/novo\/portaria-administrativa-no-427-de-12-de-marco-de-2021\/","name":"Portaria Administrativa N\u00ba 427, de 12 de mar\u00e7o de 2021. - SITSESP","isPartOf":{"@id":"https:\/\/www.sitsesp.org.br\/novo\/#website"},"primaryImageOfPage":{"@id":"https:\/\/www.sitsesp.org.br\/novo\/portaria-administrativa-no-427-de-12-de-marco-de-2021\/#primaryimage"},"image":{"@id":"https:\/\/www.sitsesp.org.br\/novo\/portaria-administrativa-no-427-de-12-de-marco-de-2021\/#primaryimage"},"thumbnailUrl":"https:\/\/www.sitsesp.org.br\/novo\/wp-content\/uploads\/2021\/03\/1303.png","datePublished":"2021-03-13T12:50:59+00:00","dateModified":"2021-03-13T12:50:59+00:00","breadcrumb":{"@id":"https:\/\/www.sitsesp.org.br\/novo\/portaria-administrativa-no-427-de-12-de-marco-de-2021\/#breadcrumb"},"inLanguage":"pt-BR","potentialAction":[{"@type":"ReadAction","target":["https:\/\/www.sitsesp.org.br\/novo\/portaria-administrativa-no-427-de-12-de-marco-de-2021\/"]}]},{"@type":"ImageObject","inLanguage":"pt-BR","@id":"https:\/\/www.sitsesp.org.br\/novo\/portaria-administrativa-no-427-de-12-de-marco-de-2021\/#primaryimage","url":"https:\/\/www.sitsesp.org.br\/novo\/wp-content\/uploads\/2021\/03\/1303.png","contentUrl":"https:\/\/www.sitsesp.org.br\/novo\/wp-content\/uploads\/2021\/03\/1303.png","width":800,"height":800},{"@type":"BreadcrumbList","@id":"https:\/\/www.sitsesp.org.br\/novo\/portaria-administrativa-no-427-de-12-de-marco-de-2021\/#breadcrumb","itemListElement":[{"@type":"ListItem","position":1,"name":"In\u00edcio","item":"https:\/\/www.sitsesp.org.br\/novo\/"},{"@type":"ListItem","position":2,"name":"Portaria Administrativa N\u00ba 427, de 12 de mar\u00e7o de 2021."}]},{"@type":"WebSite","@id":"https:\/\/www.sitsesp.org.br\/novo\/#website","url":"https:\/\/www.sitsesp.org.br\/novo\/","name":"Sitsesp","description":"SIndicato da Socioeduca\u00e7\u00e3o do Estado de S\u00e3o Paulo","publisher":{"@id":"https:\/\/www.sitsesp.org.br\/novo\/#organization"},"potentialAction":[{"@type":"SearchAction","target":{"@type":"EntryPoint","urlTemplate":"https:\/\/www.sitsesp.org.br\/novo\/?s={search_term_string}"},"query-input":"required name=search_term_string"}],"inLanguage":"pt-BR"},{"@type":"Organization","@id":"https:\/\/www.sitsesp.org.br\/novo\/#organization","name":"Sitsesp","url":"https:\/\/www.sitsesp.org.br\/novo\/","logo":{"@type":"ImageObject","inLanguage":"pt-BR","@id":"https:\/\/www.sitsesp.org.br\/novo\/#\/schema\/logo\/image\/","url":"https:\/\/www.sitsesp.org.br\/novo\/wp-content\/uploads\/2020\/09\/Design-sem-nome-1.jpg","contentUrl":"https:\/\/www.sitsesp.org.br\/novo\/wp-content\/uploads\/2020\/09\/Design-sem-nome-1.jpg","width":300,"height":300,"caption":"Sitsesp"},"image":{"@id":"https:\/\/www.sitsesp.org.br\/novo\/#\/schema\/logo\/image\/"}},{"@type":"Person","@id":"https:\/\/www.sitsesp.org.br\/novo\/#\/schema\/person\/28e42eec160f373e81d0183b3643edbf","name":"imprensa","image":{"@type":"ImageObject","inLanguage":"pt-BR","@id":"https:\/\/www.sitsesp.org.br\/novo\/#\/schema\/person\/image\/","url":"https:\/\/secure.gravatar.com\/avatar\/8d6ccd8d7d52b8959f34154e87d3fa29?s=96&d=mm&r=g","contentUrl":"https:\/\/secure.gravatar.com\/avatar\/8d6ccd8d7d52b8959f34154e87d3fa29?s=96&d=mm&r=g","caption":"imprensa"}}]}},"_links":{"self":[{"href":"https:\/\/www.sitsesp.org.br\/novo\/wp-json\/wp\/v2\/posts\/5711"}],"collection":[{"href":"https:\/\/www.sitsesp.org.br\/novo\/wp-json\/wp\/v2\/posts"}],"about":[{"href":"https:\/\/www.sitsesp.org.br\/novo\/wp-json\/wp\/v2\/types\/post"}],"author":[{"embeddable":true,"href":"https:\/\/www.sitsesp.org.br\/novo\/wp-json\/wp\/v2\/users\/5"}],"replies":[{"embeddable":true,"href":"https:\/\/www.sitsesp.org.br\/novo\/wp-json\/wp\/v2\/comments?post=5711"}],"version-history":[{"count":1,"href":"https:\/\/www.sitsesp.org.br\/novo\/wp-json\/wp\/v2\/posts\/5711\/revisions"}],"predecessor-version":[{"id":5713,"href":"https:\/\/www.sitsesp.org.br\/novo\/wp-json\/wp\/v2\/posts\/5711\/revisions\/5713"}],"wp:featuredmedia":[{"embeddable":true,"href":"https:\/\/www.sitsesp.org.br\/novo\/wp-json\/wp\/v2\/media\/5712"}],"wp:attachment":[{"href":"https:\/\/www.sitsesp.org.br\/novo\/wp-json\/wp\/v2\/media?parent=5711"}],"wp:term":[{"taxonomy":"category","embeddable":true,"href":"https:\/\/www.sitsesp.org.br\/novo\/wp-json\/wp\/v2\/categories?post=5711"},{"taxonomy":"post_tag","embeddable":true,"href":"https:\/\/www.sitsesp.org.br\/novo\/wp-json\/wp\/v2\/tags?post=5711"}],"curies":[{"name":"wp","href":"https:\/\/api.w.org\/{rel}","templated":true}]}}