{"id":5770,"date":"2021-03-16T18:34:17","date_gmt":"2021-03-16T21:34:17","guid":{"rendered":"https:\/\/sitsesp.org.br\/novo\/?p=5770"},"modified":"2021-03-16T18:34:17","modified_gmt":"2021-03-16T21:34:17","slug":"socioeducativos-de-sao-paulo-em-oracao-pelo-major-olimpio","status":"publish","type":"post","link":"https:\/\/www.sitsesp.org.br\/novo\/socioeducativos-de-sao-paulo-em-oracao-pelo-major-olimpio\/","title":{"rendered":"SOCIOEDUCATIVOS DE S\u00c3O PAULO EM ORA\u00c7\u00c3O PELO MAJOR OL\u00cdMPIO"},"content":{"rendered":"<p><!-- VideographyWP Plugin Message: Automatic video embedding prevented by plugin options. --><br \/>\nO sistema socioeducativo de S\u00e3o Paulo est\u00e1 em ora\u00e7\u00e3o para que o quadro de sa\u00fade do Senador Major Ol\u00edmpio se reverta e ele possa em breve continuar a luta que sempre teve a favor da categoria da Funda\u00e7\u00e3o CASA.<\/p>\n<p>Major Ol\u00edmpio que engajou a luta dos socioeducativos quando Deputado Estadual, sempre sol\u00edcito as nossas causas e opositor ferrenho desses governos que vem destruindo o servi\u00e7o p\u00fablico, \u00e9 mais uma v\u00edtima deste terr\u00edvel mal que se estabeleceu no mundo.<\/p>\n<p>Desde o inicio desse m\u00eas ele vem lutando bravamente como sempre foi na sua carreira militar e politica contra esse mal.<br \/>\nFa\u00e7amos uma corrente de ora\u00e7\u00e3o para que ele possa sair desta e continuar sua luta em favor da categoria.<\/p>\n","protected":false},"excerpt":{"rendered":"<p>O sistema socioeducativo de S\u00e3o Paulo est\u00e1 em ora\u00e7\u00e3o para que o quadro de sa\u00fade do Senador Major Ol\u00edmpio se reverta&hellip;<\/p>\n","protected":false},"author":5,"featured_media":5771,"comment_status":"open","ping_status":"open","sticky":false,"template":"","format":"standard","meta":{"cybocfi_hide_featured_image":"","footnotes":""},"categories":[22],"tags":[],"yoast_head":"<!-- This site is optimized with the Yoast SEO plugin v22.8 - https:\/\/yoast.com\/wordpress\/plugins\/seo\/ -->\n<title>SOCIOEDUCATIVOS DE S\u00c3O PAULO EM ORA\u00c7\u00c3O PELO MAJOR OL\u00cdMPIO - SITSESP<\/title>\n<meta name=\"robots\" content=\"index, follow, max-snippet:-1, max-image-preview:large, max-video-preview:-1\" \/>\n<link rel=\"canonical\" href=\"https:\/\/www.sitsesp.org.br\/novo\/socioeducativos-de-sao-paulo-em-oracao-pelo-major-olimpio\/\" \/>\n<meta property=\"og:locale\" content=\"pt_BR\" \/>\n<meta property=\"og:type\" content=\"article\" \/>\n<meta property=\"og:title\" content=\"SOCIOEDUCATIVOS DE S\u00c3O PAULO EM ORA\u00c7\u00c3O PELO MAJOR OL\u00cdMPIO - SITSESP\" \/>\n<meta property=\"og:description\" content=\"O sistema socioeducativo de S\u00e3o Paulo est\u00e1 em ora\u00e7\u00e3o para que o quadro de sa\u00fade do Senador Major Ol\u00edmpio se reverta&hellip;\" \/>\n<meta property=\"og:url\" content=\"https:\/\/www.sitsesp.org.br\/novo\/socioeducativos-de-sao-paulo-em-oracao-pelo-major-olimpio\/\" \/>\n<meta property=\"og:site_name\" content=\"SITSESP\" \/>\n<meta property=\"article:published_time\" content=\"2021-03-16T21:34:17+00:00\" \/>\n<meta property=\"og:image\" content=\"https:\/\/www.sitsesp.org.br\/novo\/wp-content\/uploads\/2021\/03\/1603c.png\" \/>\n\t<meta property=\"og:image:width\" content=\"800\" \/>\n\t<meta property=\"og:image:height\" content=\"800\" \/>\n\t<meta property=\"og:image:type\" content=\"image\/png\" \/>\n<meta name=\"author\" content=\"imprensa\" \/>\n<meta name=\"twitter:card\" content=\"summary_large_image\" \/>\n<meta name=\"twitter:label1\" content=\"Escrito por\" \/>\n\t<meta name=\"twitter:data1\" content=\"imprensa\" \/>\n\t<meta name=\"twitter:label2\" content=\"Est. tempo de leitura\" \/>\n\t<meta name=\"twitter:data2\" content=\"1 minuto\" \/>\n<script type=\"application\/ld+json\" class=\"yoast-schema-graph\">{\"@context\":\"https:\/\/schema.org\",\"@graph\":[{\"@type\":\"Article\",\"@id\":\"https:\/\/www.sitsesp.org.br\/novo\/socioeducativos-de-sao-paulo-em-oracao-pelo-major-olimpio\/#article\",\"isPartOf\":{\"@id\":\"https:\/\/www.sitsesp.org.br\/novo\/socioeducativos-de-sao-paulo-em-oracao-pelo-major-olimpio\/\"},\"author\":{\"name\":\"imprensa\",\"@id\":\"https:\/\/www.sitsesp.org.br\/novo\/#\/schema\/person\/28e42eec160f373e81d0183b3643edbf\"},\"headline\":\"SOCIOEDUCATIVOS DE S\u00c3O PAULO EM ORA\u00c7\u00c3O PELO MAJOR OL\u00cdMPIO\",\"datePublished\":\"2021-03-16T21:34:17+00:00\",\"dateModified\":\"2021-03-16T21:34:17+00:00\",\"mainEntityOfPage\":{\"@id\":\"https:\/\/www.sitsesp.org.br\/novo\/socioeducativos-de-sao-paulo-em-oracao-pelo-major-olimpio\/\"},\"wordCount\":143,\"commentCount\":0,\"publisher\":{\"@id\":\"https:\/\/www.sitsesp.org.br\/novo\/#organization\"},\"image\":{\"@id\":\"https:\/\/www.sitsesp.org.br\/novo\/socioeducativos-de-sao-paulo-em-oracao-pelo-major-olimpio\/#primaryimage\"},\"thumbnailUrl\":\"https:\/\/www.sitsesp.org.br\/novo\/wp-content\/uploads\/2021\/03\/1603c.png\",\"articleSection\":[\"Noticias\"],\"inLanguage\":\"pt-BR\",\"potentialAction\":[{\"@type\":\"CommentAction\",\"name\":\"Comment\",\"target\":[\"https:\/\/www.sitsesp.org.br\/novo\/socioeducativos-de-sao-paulo-em-oracao-pelo-major-olimpio\/#respond\"]}]},{\"@type\":\"WebPage\",\"@id\":\"https:\/\/www.sitsesp.org.br\/novo\/socioeducativos-de-sao-paulo-em-oracao-pelo-major-olimpio\/\",\"url\":\"https:\/\/www.sitsesp.org.br\/novo\/socioeducativos-de-sao-paulo-em-oracao-pelo-major-olimpio\/\",\"name\":\"SOCIOEDUCATIVOS DE S\u00c3O PAULO EM ORA\u00c7\u00c3O PELO MAJOR OL\u00cdMPIO - SITSESP\",\"isPartOf\":{\"@id\":\"https:\/\/www.sitsesp.org.br\/novo\/#website\"},\"primaryImageOfPage\":{\"@id\":\"https:\/\/www.sitsesp.org.br\/novo\/socioeducativos-de-sao-paulo-em-oracao-pelo-major-olimpio\/#primaryimage\"},\"image\":{\"@id\":\"https:\/\/www.sitsesp.org.br\/novo\/socioeducativos-de-sao-paulo-em-oracao-pelo-major-olimpio\/#primaryimage\"},\"thumbnailUrl\":\"https:\/\/www.sitsesp.org.br\/novo\/wp-content\/uploads\/2021\/03\/1603c.png\",\"datePublished\":\"2021-03-16T21:34:17+00:00\",\"dateModified\":\"2021-03-16T21:34:17+00:00\",\"breadcrumb\":{\"@id\":\"https:\/\/www.sitsesp.org.br\/novo\/socioeducativos-de-sao-paulo-em-oracao-pelo-major-olimpio\/#breadcrumb\"},\"inLanguage\":\"pt-BR\",\"potentialAction\":[{\"@type\":\"ReadAction\",\"target\":[\"https:\/\/www.sitsesp.org.br\/novo\/socioeducativos-de-sao-paulo-em-oracao-pelo-major-olimpio\/\"]}]},{\"@type\":\"ImageObject\",\"inLanguage\":\"pt-BR\",\"@id\":\"https:\/\/www.sitsesp.org.br\/novo\/socioeducativos-de-sao-paulo-em-oracao-pelo-major-olimpio\/#primaryimage\",\"url\":\"https:\/\/www.sitsesp.org.br\/novo\/wp-content\/uploads\/2021\/03\/1603c.png\",\"contentUrl\":\"https:\/\/www.sitsesp.org.br\/novo\/wp-content\/uploads\/2021\/03\/1603c.png\",\"width\":800,\"height\":800},{\"@type\":\"BreadcrumbList\",\"@id\":\"https:\/\/www.sitsesp.org.br\/novo\/socioeducativos-de-sao-paulo-em-oracao-pelo-major-olimpio\/#breadcrumb\",\"itemListElement\":[{\"@type\":\"ListItem\",\"position\":1,\"name\":\"In\u00edcio\",\"item\":\"https:\/\/www.sitsesp.org.br\/novo\/\"},{\"@type\":\"ListItem\",\"position\":2,\"name\":\"SOCIOEDUCATIVOS DE S\u00c3O PAULO EM ORA\u00c7\u00c3O PELO MAJOR OL\u00cdMPIO\"}]},{\"@type\":\"WebSite\",\"@id\":\"https:\/\/www.sitsesp.org.br\/novo\/#website\",\"url\":\"https:\/\/www.sitsesp.org.br\/novo\/\",\"name\":\"Sitsesp\",\"description\":\"SIndicato da Socioeduca\u00e7\u00e3o do Estado de S\u00e3o Paulo\",\"publisher\":{\"@id\":\"https:\/\/www.sitsesp.org.br\/novo\/#organization\"},\"potentialAction\":[{\"@type\":\"SearchAction\",\"target\":{\"@type\":\"EntryPoint\",\"urlTemplate\":\"https:\/\/www.sitsesp.org.br\/novo\/?s={search_term_string}\"},\"query-input\":\"required name=search_term_string\"}],\"inLanguage\":\"pt-BR\"},{\"@type\":\"Organization\",\"@id\":\"https:\/\/www.sitsesp.org.br\/novo\/#organization\",\"name\":\"Sitsesp\",\"url\":\"https:\/\/www.sitsesp.org.br\/novo\/\",\"logo\":{\"@type\":\"ImageObject\",\"inLanguage\":\"pt-BR\",\"@id\":\"https:\/\/www.sitsesp.org.br\/novo\/#\/schema\/logo\/image\/\",\"url\":\"https:\/\/www.sitsesp.org.br\/novo\/wp-content\/uploads\/2020\/09\/Design-sem-nome-1.jpg\",\"contentUrl\":\"https:\/\/www.sitsesp.org.br\/novo\/wp-content\/uploads\/2020\/09\/Design-sem-nome-1.jpg\",\"width\":300,\"height\":300,\"caption\":\"Sitsesp\"},\"image\":{\"@id\":\"https:\/\/www.sitsesp.org.br\/novo\/#\/schema\/logo\/image\/\"}},{\"@type\":\"Person\",\"@id\":\"https:\/\/www.sitsesp.org.br\/novo\/#\/schema\/person\/28e42eec160f373e81d0183b3643edbf\",\"name\":\"imprensa\",\"image\":{\"@type\":\"ImageObject\",\"inLanguage\":\"pt-BR\",\"@id\":\"https:\/\/www.sitsesp.org.br\/novo\/#\/schema\/person\/image\/\",\"url\":\"https:\/\/secure.gravatar.com\/avatar\/8d6ccd8d7d52b8959f34154e87d3fa29?s=96&d=mm&r=g\",\"contentUrl\":\"https:\/\/secure.gravatar.com\/avatar\/8d6ccd8d7d52b8959f34154e87d3fa29?s=96&d=mm&r=g\",\"caption\":\"imprensa\"}}]}<\/script>\n<!-- \/ Yoast SEO plugin. -->","yoast_head_json":{"title":"SOCIOEDUCATIVOS DE S\u00c3O PAULO EM ORA\u00c7\u00c3O PELO MAJOR OL\u00cdMPIO - SITSESP","robots":{"index":"index","follow":"follow","max-snippet":"max-snippet:-1","max-image-preview":"max-image-preview:large","max-video-preview":"max-video-preview:-1"},"canonical":"https:\/\/www.sitsesp.org.br\/novo\/socioeducativos-de-sao-paulo-em-oracao-pelo-major-olimpio\/","og_locale":"pt_BR","og_type":"article","og_title":"SOCIOEDUCATIVOS DE S\u00c3O PAULO EM ORA\u00c7\u00c3O PELO MAJOR OL\u00cdMPIO - SITSESP","og_description":"O sistema socioeducativo de S\u00e3o Paulo est\u00e1 em ora\u00e7\u00e3o para que o quadro de sa\u00fade do Senador Major Ol\u00edmpio se reverta&hellip;","og_url":"https:\/\/www.sitsesp.org.br\/novo\/socioeducativos-de-sao-paulo-em-oracao-pelo-major-olimpio\/","og_site_name":"SITSESP","article_published_time":"2021-03-16T21:34:17+00:00","og_image":[{"width":800,"height":800,"url":"https:\/\/www.sitsesp.org.br\/novo\/wp-content\/uploads\/2021\/03\/1603c.png","type":"image\/png"}],"author":"imprensa","twitter_card":"summary_large_image","twitter_misc":{"Escrito por":"imprensa","Est. tempo de leitura":"1 minuto"},"schema":{"@context":"https:\/\/schema.org","@graph":[{"@type":"Article","@id":"https:\/\/www.sitsesp.org.br\/novo\/socioeducativos-de-sao-paulo-em-oracao-pelo-major-olimpio\/#article","isPartOf":{"@id":"https:\/\/www.sitsesp.org.br\/novo\/socioeducativos-de-sao-paulo-em-oracao-pelo-major-olimpio\/"},"author":{"name":"imprensa","@id":"https:\/\/www.sitsesp.org.br\/novo\/#\/schema\/person\/28e42eec160f373e81d0183b3643edbf"},"headline":"SOCIOEDUCATIVOS DE S\u00c3O PAULO EM ORA\u00c7\u00c3O PELO MAJOR OL\u00cdMPIO","datePublished":"2021-03-16T21:34:17+00:00","dateModified":"2021-03-16T21:34:17+00:00","mainEntityOfPage":{"@id":"https:\/\/www.sitsesp.org.br\/novo\/socioeducativos-de-sao-paulo-em-oracao-pelo-major-olimpio\/"},"wordCount":143,"commentCount":0,"publisher":{"@id":"https:\/\/www.sitsesp.org.br\/novo\/#organization"},"image":{"@id":"https:\/\/www.sitsesp.org.br\/novo\/socioeducativos-de-sao-paulo-em-oracao-pelo-major-olimpio\/#primaryimage"},"thumbnailUrl":"https:\/\/www.sitsesp.org.br\/novo\/wp-content\/uploads\/2021\/03\/1603c.png","articleSection":["Noticias"],"inLanguage":"pt-BR","potentialAction":[{"@type":"CommentAction","name":"Comment","target":["https:\/\/www.sitsesp.org.br\/novo\/socioeducativos-de-sao-paulo-em-oracao-pelo-major-olimpio\/#respond"]}]},{"@type":"WebPage","@id":"https:\/\/www.sitsesp.org.br\/novo\/socioeducativos-de-sao-paulo-em-oracao-pelo-major-olimpio\/","url":"https:\/\/www.sitsesp.org.br\/novo\/socioeducativos-de-sao-paulo-em-oracao-pelo-major-olimpio\/","name":"SOCIOEDUCATIVOS DE S\u00c3O PAULO EM ORA\u00c7\u00c3O PELO MAJOR OL\u00cdMPIO - SITSESP","isPartOf":{"@id":"https:\/\/www.sitsesp.org.br\/novo\/#website"},"primaryImageOfPage":{"@id":"https:\/\/www.sitsesp.org.br\/novo\/socioeducativos-de-sao-paulo-em-oracao-pelo-major-olimpio\/#primaryimage"},"image":{"@id":"https:\/\/www.sitsesp.org.br\/novo\/socioeducativos-de-sao-paulo-em-oracao-pelo-major-olimpio\/#primaryimage"},"thumbnailUrl":"https:\/\/www.sitsesp.org.br\/novo\/wp-content\/uploads\/2021\/03\/1603c.png","datePublished":"2021-03-16T21:34:17+00:00","dateModified":"2021-03-16T21:34:17+00:00","breadcrumb":{"@id":"https:\/\/www.sitsesp.org.br\/novo\/socioeducativos-de-sao-paulo-em-oracao-pelo-major-olimpio\/#breadcrumb"},"inLanguage":"pt-BR","potentialAction":[{"@type":"ReadAction","target":["https:\/\/www.sitsesp.org.br\/novo\/socioeducativos-de-sao-paulo-em-oracao-pelo-major-olimpio\/"]}]},{"@type":"ImageObject","inLanguage":"pt-BR","@id":"https:\/\/www.sitsesp.org.br\/novo\/socioeducativos-de-sao-paulo-em-oracao-pelo-major-olimpio\/#primaryimage","url":"https:\/\/www.sitsesp.org.br\/novo\/wp-content\/uploads\/2021\/03\/1603c.png","contentUrl":"https:\/\/www.sitsesp.org.br\/novo\/wp-content\/uploads\/2021\/03\/1603c.png","width":800,"height":800},{"@type":"BreadcrumbList","@id":"https:\/\/www.sitsesp.org.br\/novo\/socioeducativos-de-sao-paulo-em-oracao-pelo-major-olimpio\/#breadcrumb","itemListElement":[{"@type":"ListItem","position":1,"name":"In\u00edcio","item":"https:\/\/www.sitsesp.org.br\/novo\/"},{"@type":"ListItem","position":2,"name":"SOCIOEDUCATIVOS DE S\u00c3O PAULO EM ORA\u00c7\u00c3O PELO MAJOR OL\u00cdMPIO"}]},{"@type":"WebSite","@id":"https:\/\/www.sitsesp.org.br\/novo\/#website","url":"https:\/\/www.sitsesp.org.br\/novo\/","name":"Sitsesp","description":"SIndicato da Socioeduca\u00e7\u00e3o do Estado de S\u00e3o Paulo","publisher":{"@id":"https:\/\/www.sitsesp.org.br\/novo\/#organization"},"potentialAction":[{"@type":"SearchAction","target":{"@type":"EntryPoint","urlTemplate":"https:\/\/www.sitsesp.org.br\/novo\/?s={search_term_string}"},"query-input":"required name=search_term_string"}],"inLanguage":"pt-BR"},{"@type":"Organization","@id":"https:\/\/www.sitsesp.org.br\/novo\/#organization","name":"Sitsesp","url":"https:\/\/www.sitsesp.org.br\/novo\/","logo":{"@type":"ImageObject","inLanguage":"pt-BR","@id":"https:\/\/www.sitsesp.org.br\/novo\/#\/schema\/logo\/image\/","url":"https:\/\/www.sitsesp.org.br\/novo\/wp-content\/uploads\/2020\/09\/Design-sem-nome-1.jpg","contentUrl":"https:\/\/www.sitsesp.org.br\/novo\/wp-content\/uploads\/2020\/09\/Design-sem-nome-1.jpg","width":300,"height":300,"caption":"Sitsesp"},"image":{"@id":"https:\/\/www.sitsesp.org.br\/novo\/#\/schema\/logo\/image\/"}},{"@type":"Person","@id":"https:\/\/www.sitsesp.org.br\/novo\/#\/schema\/person\/28e42eec160f373e81d0183b3643edbf","name":"imprensa","image":{"@type":"ImageObject","inLanguage":"pt-BR","@id":"https:\/\/www.sitsesp.org.br\/novo\/#\/schema\/person\/image\/","url":"https:\/\/secure.gravatar.com\/avatar\/8d6ccd8d7d52b8959f34154e87d3fa29?s=96&d=mm&r=g","contentUrl":"https:\/\/secure.gravatar.com\/avatar\/8d6ccd8d7d52b8959f34154e87d3fa29?s=96&d=mm&r=g","caption":"imprensa"}}]}},"_links":{"self":[{"href":"https:\/\/www.sitsesp.org.br\/novo\/wp-json\/wp\/v2\/posts\/5770"}],"collection":[{"href":"https:\/\/www.sitsesp.org.br\/novo\/wp-json\/wp\/v2\/posts"}],"about":[{"href":"https:\/\/www.sitsesp.org.br\/novo\/wp-json\/wp\/v2\/types\/post"}],"author":[{"embeddable":true,"href":"https:\/\/www.sitsesp.org.br\/novo\/wp-json\/wp\/v2\/users\/5"}],"replies":[{"embeddable":true,"href":"https:\/\/www.sitsesp.org.br\/novo\/wp-json\/wp\/v2\/comments?post=5770"}],"version-history":[{"count":1,"href":"https:\/\/www.sitsesp.org.br\/novo\/wp-json\/wp\/v2\/posts\/5770\/revisions"}],"predecessor-version":[{"id":5772,"href":"https:\/\/www.sitsesp.org.br\/novo\/wp-json\/wp\/v2\/posts\/5770\/revisions\/5772"}],"wp:featuredmedia":[{"embeddable":true,"href":"https:\/\/www.sitsesp.org.br\/novo\/wp-json\/wp\/v2\/media\/5771"}],"wp:attachment":[{"href":"https:\/\/www.sitsesp.org.br\/novo\/wp-json\/wp\/v2\/media?parent=5770"}],"wp:term":[{"taxonomy":"category","embeddable":true,"href":"https:\/\/www.sitsesp.org.br\/novo\/wp-json\/wp\/v2\/categories?post=5770"},{"taxonomy":"post_tag","embeddable":true,"href":"https:\/\/www.sitsesp.org.br\/novo\/wp-json\/wp\/v2\/tags?post=5770"}],"curies":[{"name":"wp","href":"https:\/\/api.w.org\/{rel}","templated":true}]}}