{"id":5773,"date":"2021-03-16T21:07:01","date_gmt":"2021-03-17T00:07:01","guid":{"rendered":"https:\/\/sitsesp.org.br\/novo\/?p=5773"},"modified":"2021-03-16T21:07:01","modified_gmt":"2021-03-17T00:07:01","slug":"sob-pressao-do-mpt-enfim-a-fundacao-casa-responde-o-oficio-sindical-063-2021","status":"publish","type":"post","link":"https:\/\/www.sitsesp.org.br\/novo\/sob-pressao-do-mpt-enfim-a-fundacao-casa-responde-o-oficio-sindical-063-2021\/","title":{"rendered":"SOB PRESS\u00c3O DO MPT, ENFIM A FUNDA\u00c7\u00c3O CASA RESPONDE O OF\u00cdCIO SINDICAL 063\/2021"},"content":{"rendered":"<p><!-- VideographyWP Plugin Message: Automatic video embedding prevented by plugin options. --><br \/>\nInfelizmente a Funda\u00e7\u00e3o CASA vem usando de diversos artif\u00edcios para protelar as respostas aos of\u00edcios do Sindicato, e isso j\u00e1 se v\u00e3o anos. Sen\u00e3o vejamos:\u00a0 Na data de 11 de mar\u00e7o de 2021 a Funda\u00e7\u00e3o CASA lan\u00e7ou uma enquete carregada de m\u00e1 inten\u00e7\u00e3o convidando a categoria para que fosse direcionada a participar da \u201cescolha de um modelo de plano de sa\u00fade da sua prefer\u00eancia\u201d usando ainda o termo \u201ctranspar\u00eancia nos rumos da assist\u00eancia \u00e0 sa\u00fade\u201d no per\u00edodo de 11 a 17 de mar\u00e7o de 2021 (at\u00e9 amanh\u00e3).<\/p>\n<p>Naquele mesmo dia -11\/03 &#8211; a Gest\u00e3o Sindical e o Jur\u00eddico come\u00e7aram a trabalhar no sentido de obter informa\u00e7\u00f5es sobre a pr\u00e1tica antissindical que a institui\u00e7\u00e3o patronal estava cometendo, haja vista que, em assembleia a ampla maioria rejeitou a proposta da Funda\u00e7\u00e3o CASA de receber R$ 350,00 por 12 meses para deixar o plano AMIL e aderir o IAMSP, o Of\u00edcio 063\/2021 de 11\/03 assinado pela Pres. Claudia Maria deixa claro, bem como refor\u00e7a e detalha minunciosamente ao MPT a den\u00fancia que nossos advogados Dr. Ot\u00e1vio e Dr. Sergio impetraram na 2\u00aa Regi\u00e3o \u2013 IC n\u00ba 008070.2019.02.000\/0.<\/p>\n<p>A Funda\u00e7\u00e3o CASA s\u00f3 respondeu na data de hoje 16\/03 (v\u00e9spera do encerramento da enquete) o Of\u00edcio 063\/2021, por conta da notifica\u00e7\u00e3o que recebeu ontem 15\/03 do MPT pedindo esclarecimentos sobre a den\u00fancia feita por nossos advogados.<\/p>\n<p>A Entidade Sindical, vem trabalhando diuturnamente no intuito de manter os direitos j\u00e1 conquistados pela categoria nesses anos de lutas e mesmo numa situa\u00e7\u00e3o pand\u00eamica, tentar fazer com que mais direitos e benef\u00edcios venham fazer parte e n\u00e3o a retirada de direitos e de benef\u00edcios.<\/p>\n<p>Entre no nosso site ou clique no link que ser\u00e1 disponibilizado para que todos os servidores possam acessar os documentos de resposta da Funda\u00e7\u00e3o CASA, Of\u00edcio do Sindicato e Den\u00fancia ao MPT.<\/p>\n<a href=\"https:\/\/sitsesp.org.br\/novo\/wp-content\/uploads\/2021\/03\/Pedido-continuidade-ICP-fatos-supervenientes.pdf\" class=\"pdfemb-viewer\" style=\"\" data-width=\"max\" data-height=\"max\" data-toolbar=\"bottom\" data-toolbar-fixed=\"off\">Pedido continuidade ICP (fatos supervenientes)<\/a>\n<a href=\"https:\/\/sitsesp.org.br\/novo\/wp-content\/uploads\/2021\/03\/063-2021-Enquete-Convenio-Medico-1.pdf\" class=\"pdfemb-viewer\" style=\"\" data-width=\"max\" data-height=\"max\" data-toolbar=\"bottom\" data-toolbar-fixed=\"off\">063- 2021 Enquete Conv\u00eanio M\u00e9dico (1)<\/a>\n<a href=\"https:\/\/sitsesp.org.br\/novo\/wp-content\/uploads\/2021\/03\/Oficio-GP-159-21-SITSESP-Resposta-ao-Oficio-Sindical-063-2021-Solicita-a-retirada-imediata-do-sitio-eletronico-da-Fundacao-CASA-a-Enquete-sobre-o-Convenio-Medico.pdf\" class=\"pdfemb-viewer\" style=\"\" data-width=\"max\" data-height=\"max\" data-toolbar=\"bottom\" data-toolbar-fixed=\"off\">Oficio GP 159 21 SITSESP Resposta ao Of\u00edcio Sindical 063-2021 Solicita a retirada imediata do s\u00edtio eletr\u00f4nico da Funda\u00e7\u00e3o CASA a Enquete sobre o Conv\u00eanio M\u00e9dico<\/a>\n<p><strong>O SITSESP \u00c9 DE TODOS, PARA TODOS, LUTANDO COM TODOS!<br \/>\n<\/strong><strong>FA\u00c7A VALER A LUTA, N\u00c3O ESPERE QUE OUTROS FA\u00c7AM POR VOC\u00ca!<br \/>\n<\/strong><strong>FILIA-SE E TRANSFORME O SINDICATO AINDA MAIS FORTE!<br \/>\n<\/strong><strong>N\u00c3O A PERDA DE DIREITOS E NENHUM DIREITO A MENOS!<\/strong><\/p>\n","protected":false},"excerpt":{"rendered":"<p>Infelizmente a Funda\u00e7\u00e3o CASA vem usando de diversos artif\u00edcios para protelar as respostas aos of\u00edcios do Sindicato, e isso j\u00e1 se&hellip;<\/p>\n","protected":false},"author":5,"featured_media":5776,"comment_status":"open","ping_status":"open","sticky":false,"template":"","format":"standard","meta":{"cybocfi_hide_featured_image":"","footnotes":""},"categories":[27,22],"tags":[],"yoast_head":"<!-- This site is optimized with the Yoast SEO plugin v22.8 - https:\/\/yoast.com\/wordpress\/plugins\/seo\/ -->\n<title>SOB PRESS\u00c3O DO MPT, ENFIM A FUNDA\u00c7\u00c3O CASA RESPONDE O OF\u00cdCIO SINDICAL 063\/2021 - SITSESP<\/title>\n<meta name=\"robots\" content=\"index, follow, max-snippet:-1, max-image-preview:large, max-video-preview:-1\" \/>\n<link rel=\"canonical\" href=\"https:\/\/www.sitsesp.org.br\/novo\/sob-pressao-do-mpt-enfim-a-fundacao-casa-responde-o-oficio-sindical-063-2021\/\" \/>\n<meta property=\"og:locale\" content=\"pt_BR\" \/>\n<meta property=\"og:type\" content=\"article\" \/>\n<meta property=\"og:title\" content=\"SOB PRESS\u00c3O DO MPT, ENFIM A FUNDA\u00c7\u00c3O CASA RESPONDE O OF\u00cdCIO SINDICAL 063\/2021 - SITSESP\" \/>\n<meta property=\"og:description\" content=\"Infelizmente a Funda\u00e7\u00e3o CASA vem usando de diversos artif\u00edcios para protelar as respostas aos of\u00edcios do Sindicato, e isso j\u00e1 se&hellip;\" \/>\n<meta property=\"og:url\" content=\"https:\/\/www.sitsesp.org.br\/novo\/sob-pressao-do-mpt-enfim-a-fundacao-casa-responde-o-oficio-sindical-063-2021\/\" \/>\n<meta property=\"og:site_name\" content=\"SITSESP\" \/>\n<meta property=\"article:published_time\" content=\"2021-03-17T00:07:01+00:00\" \/>\n<meta property=\"og:image\" content=\"https:\/\/www.sitsesp.org.br\/novo\/wp-content\/uploads\/2021\/03\/1603mpt.png\" \/>\n\t<meta property=\"og:image:width\" content=\"800\" \/>\n\t<meta property=\"og:image:height\" content=\"800\" \/>\n\t<meta property=\"og:image:type\" content=\"image\/png\" \/>\n<meta name=\"author\" content=\"imprensa\" \/>\n<meta name=\"twitter:card\" content=\"summary_large_image\" \/>\n<meta name=\"twitter:label1\" content=\"Escrito por\" \/>\n\t<meta name=\"twitter:data1\" content=\"imprensa\" \/>\n\t<meta name=\"twitter:label2\" content=\"Est. tempo de leitura\" \/>\n\t<meta name=\"twitter:data2\" content=\"2 minutos\" \/>\n<script type=\"application\/ld+json\" class=\"yoast-schema-graph\">{\"@context\":\"https:\/\/schema.org\",\"@graph\":[{\"@type\":\"Article\",\"@id\":\"https:\/\/www.sitsesp.org.br\/novo\/sob-pressao-do-mpt-enfim-a-fundacao-casa-responde-o-oficio-sindical-063-2021\/#article\",\"isPartOf\":{\"@id\":\"https:\/\/www.sitsesp.org.br\/novo\/sob-pressao-do-mpt-enfim-a-fundacao-casa-responde-o-oficio-sindical-063-2021\/\"},\"author\":{\"name\":\"imprensa\",\"@id\":\"https:\/\/www.sitsesp.org.br\/novo\/#\/schema\/person\/28e42eec160f373e81d0183b3643edbf\"},\"headline\":\"SOB PRESS\u00c3O DO MPT, ENFIM A FUNDA\u00c7\u00c3O CASA RESPONDE O OF\u00cdCIO SINDICAL 063\/2021\",\"datePublished\":\"2021-03-17T00:07:01+00:00\",\"dateModified\":\"2021-03-17T00:07:01+00:00\",\"mainEntityOfPage\":{\"@id\":\"https:\/\/www.sitsesp.org.br\/novo\/sob-pressao-do-mpt-enfim-a-fundacao-casa-responde-o-oficio-sindical-063-2021\/\"},\"wordCount\":462,\"commentCount\":0,\"publisher\":{\"@id\":\"https:\/\/www.sitsesp.org.br\/novo\/#organization\"},\"image\":{\"@id\":\"https:\/\/www.sitsesp.org.br\/novo\/sob-pressao-do-mpt-enfim-a-fundacao-casa-responde-o-oficio-sindical-063-2021\/#primaryimage\"},\"thumbnailUrl\":\"https:\/\/www.sitsesp.org.br\/novo\/wp-content\/uploads\/2021\/03\/1603mpt.png\",\"articleSection\":[\"Destaque\",\"Noticias\"],\"inLanguage\":\"pt-BR\",\"potentialAction\":[{\"@type\":\"CommentAction\",\"name\":\"Comment\",\"target\":[\"https:\/\/www.sitsesp.org.br\/novo\/sob-pressao-do-mpt-enfim-a-fundacao-casa-responde-o-oficio-sindical-063-2021\/#respond\"]}]},{\"@type\":\"WebPage\",\"@id\":\"https:\/\/www.sitsesp.org.br\/novo\/sob-pressao-do-mpt-enfim-a-fundacao-casa-responde-o-oficio-sindical-063-2021\/\",\"url\":\"https:\/\/www.sitsesp.org.br\/novo\/sob-pressao-do-mpt-enfim-a-fundacao-casa-responde-o-oficio-sindical-063-2021\/\",\"name\":\"SOB PRESS\u00c3O DO MPT, ENFIM A FUNDA\u00c7\u00c3O CASA RESPONDE O OF\u00cdCIO SINDICAL 063\/2021 - SITSESP\",\"isPartOf\":{\"@id\":\"https:\/\/www.sitsesp.org.br\/novo\/#website\"},\"primaryImageOfPage\":{\"@id\":\"https:\/\/www.sitsesp.org.br\/novo\/sob-pressao-do-mpt-enfim-a-fundacao-casa-responde-o-oficio-sindical-063-2021\/#primaryimage\"},\"image\":{\"@id\":\"https:\/\/www.sitsesp.org.br\/novo\/sob-pressao-do-mpt-enfim-a-fundacao-casa-responde-o-oficio-sindical-063-2021\/#primaryimage\"},\"thumbnailUrl\":\"https:\/\/www.sitsesp.org.br\/novo\/wp-content\/uploads\/2021\/03\/1603mpt.png\",\"datePublished\":\"2021-03-17T00:07:01+00:00\",\"dateModified\":\"2021-03-17T00:07:01+00:00\",\"breadcrumb\":{\"@id\":\"https:\/\/www.sitsesp.org.br\/novo\/sob-pressao-do-mpt-enfim-a-fundacao-casa-responde-o-oficio-sindical-063-2021\/#breadcrumb\"},\"inLanguage\":\"pt-BR\",\"potentialAction\":[{\"@type\":\"ReadAction\",\"target\":[\"https:\/\/www.sitsesp.org.br\/novo\/sob-pressao-do-mpt-enfim-a-fundacao-casa-responde-o-oficio-sindical-063-2021\/\"]}]},{\"@type\":\"ImageObject\",\"inLanguage\":\"pt-BR\",\"@id\":\"https:\/\/www.sitsesp.org.br\/novo\/sob-pressao-do-mpt-enfim-a-fundacao-casa-responde-o-oficio-sindical-063-2021\/#primaryimage\",\"url\":\"https:\/\/www.sitsesp.org.br\/novo\/wp-content\/uploads\/2021\/03\/1603mpt.png\",\"contentUrl\":\"https:\/\/www.sitsesp.org.br\/novo\/wp-content\/uploads\/2021\/03\/1603mpt.png\",\"width\":800,\"height\":800},{\"@type\":\"BreadcrumbList\",\"@id\":\"https:\/\/www.sitsesp.org.br\/novo\/sob-pressao-do-mpt-enfim-a-fundacao-casa-responde-o-oficio-sindical-063-2021\/#breadcrumb\",\"itemListElement\":[{\"@type\":\"ListItem\",\"position\":1,\"name\":\"In\u00edcio\",\"item\":\"https:\/\/www.sitsesp.org.br\/novo\/\"},{\"@type\":\"ListItem\",\"position\":2,\"name\":\"SOB PRESS\u00c3O DO MPT, ENFIM A FUNDA\u00c7\u00c3O CASA RESPONDE O OF\u00cdCIO SINDICAL 063\/2021\"}]},{\"@type\":\"WebSite\",\"@id\":\"https:\/\/www.sitsesp.org.br\/novo\/#website\",\"url\":\"https:\/\/www.sitsesp.org.br\/novo\/\",\"name\":\"Sitsesp\",\"description\":\"SIndicato da Socioeduca\u00e7\u00e3o do Estado de S\u00e3o Paulo\",\"publisher\":{\"@id\":\"https:\/\/www.sitsesp.org.br\/novo\/#organization\"},\"potentialAction\":[{\"@type\":\"SearchAction\",\"target\":{\"@type\":\"EntryPoint\",\"urlTemplate\":\"https:\/\/www.sitsesp.org.br\/novo\/?s={search_term_string}\"},\"query-input\":\"required name=search_term_string\"}],\"inLanguage\":\"pt-BR\"},{\"@type\":\"Organization\",\"@id\":\"https:\/\/www.sitsesp.org.br\/novo\/#organization\",\"name\":\"Sitsesp\",\"url\":\"https:\/\/www.sitsesp.org.br\/novo\/\",\"logo\":{\"@type\":\"ImageObject\",\"inLanguage\":\"pt-BR\",\"@id\":\"https:\/\/www.sitsesp.org.br\/novo\/#\/schema\/logo\/image\/\",\"url\":\"https:\/\/www.sitsesp.org.br\/novo\/wp-content\/uploads\/2020\/09\/Design-sem-nome-1.jpg\",\"contentUrl\":\"https:\/\/www.sitsesp.org.br\/novo\/wp-content\/uploads\/2020\/09\/Design-sem-nome-1.jpg\",\"width\":300,\"height\":300,\"caption\":\"Sitsesp\"},\"image\":{\"@id\":\"https:\/\/www.sitsesp.org.br\/novo\/#\/schema\/logo\/image\/\"}},{\"@type\":\"Person\",\"@id\":\"https:\/\/www.sitsesp.org.br\/novo\/#\/schema\/person\/28e42eec160f373e81d0183b3643edbf\",\"name\":\"imprensa\",\"image\":{\"@type\":\"ImageObject\",\"inLanguage\":\"pt-BR\",\"@id\":\"https:\/\/www.sitsesp.org.br\/novo\/#\/schema\/person\/image\/\",\"url\":\"https:\/\/secure.gravatar.com\/avatar\/8d6ccd8d7d52b8959f34154e87d3fa29?s=96&d=mm&r=g\",\"contentUrl\":\"https:\/\/secure.gravatar.com\/avatar\/8d6ccd8d7d52b8959f34154e87d3fa29?s=96&d=mm&r=g\",\"caption\":\"imprensa\"}}]}<\/script>\n<!-- \/ Yoast SEO plugin. -->","yoast_head_json":{"title":"SOB PRESS\u00c3O DO MPT, ENFIM A FUNDA\u00c7\u00c3O CASA RESPONDE O OF\u00cdCIO SINDICAL 063\/2021 - SITSESP","robots":{"index":"index","follow":"follow","max-snippet":"max-snippet:-1","max-image-preview":"max-image-preview:large","max-video-preview":"max-video-preview:-1"},"canonical":"https:\/\/www.sitsesp.org.br\/novo\/sob-pressao-do-mpt-enfim-a-fundacao-casa-responde-o-oficio-sindical-063-2021\/","og_locale":"pt_BR","og_type":"article","og_title":"SOB PRESS\u00c3O DO MPT, ENFIM A FUNDA\u00c7\u00c3O CASA RESPONDE O OF\u00cdCIO SINDICAL 063\/2021 - SITSESP","og_description":"Infelizmente a Funda\u00e7\u00e3o CASA vem usando de diversos artif\u00edcios para protelar as respostas aos of\u00edcios do Sindicato, e isso j\u00e1 se&hellip;","og_url":"https:\/\/www.sitsesp.org.br\/novo\/sob-pressao-do-mpt-enfim-a-fundacao-casa-responde-o-oficio-sindical-063-2021\/","og_site_name":"SITSESP","article_published_time":"2021-03-17T00:07:01+00:00","og_image":[{"width":800,"height":800,"url":"https:\/\/www.sitsesp.org.br\/novo\/wp-content\/uploads\/2021\/03\/1603mpt.png","type":"image\/png"}],"author":"imprensa","twitter_card":"summary_large_image","twitter_misc":{"Escrito por":"imprensa","Est. tempo de leitura":"2 minutos"},"schema":{"@context":"https:\/\/schema.org","@graph":[{"@type":"Article","@id":"https:\/\/www.sitsesp.org.br\/novo\/sob-pressao-do-mpt-enfim-a-fundacao-casa-responde-o-oficio-sindical-063-2021\/#article","isPartOf":{"@id":"https:\/\/www.sitsesp.org.br\/novo\/sob-pressao-do-mpt-enfim-a-fundacao-casa-responde-o-oficio-sindical-063-2021\/"},"author":{"name":"imprensa","@id":"https:\/\/www.sitsesp.org.br\/novo\/#\/schema\/person\/28e42eec160f373e81d0183b3643edbf"},"headline":"SOB PRESS\u00c3O DO MPT, ENFIM A FUNDA\u00c7\u00c3O CASA RESPONDE O OF\u00cdCIO SINDICAL 063\/2021","datePublished":"2021-03-17T00:07:01+00:00","dateModified":"2021-03-17T00:07:01+00:00","mainEntityOfPage":{"@id":"https:\/\/www.sitsesp.org.br\/novo\/sob-pressao-do-mpt-enfim-a-fundacao-casa-responde-o-oficio-sindical-063-2021\/"},"wordCount":462,"commentCount":0,"publisher":{"@id":"https:\/\/www.sitsesp.org.br\/novo\/#organization"},"image":{"@id":"https:\/\/www.sitsesp.org.br\/novo\/sob-pressao-do-mpt-enfim-a-fundacao-casa-responde-o-oficio-sindical-063-2021\/#primaryimage"},"thumbnailUrl":"https:\/\/www.sitsesp.org.br\/novo\/wp-content\/uploads\/2021\/03\/1603mpt.png","articleSection":["Destaque","Noticias"],"inLanguage":"pt-BR","potentialAction":[{"@type":"CommentAction","name":"Comment","target":["https:\/\/www.sitsesp.org.br\/novo\/sob-pressao-do-mpt-enfim-a-fundacao-casa-responde-o-oficio-sindical-063-2021\/#respond"]}]},{"@type":"WebPage","@id":"https:\/\/www.sitsesp.org.br\/novo\/sob-pressao-do-mpt-enfim-a-fundacao-casa-responde-o-oficio-sindical-063-2021\/","url":"https:\/\/www.sitsesp.org.br\/novo\/sob-pressao-do-mpt-enfim-a-fundacao-casa-responde-o-oficio-sindical-063-2021\/","name":"SOB PRESS\u00c3O DO MPT, ENFIM A FUNDA\u00c7\u00c3O CASA RESPONDE O OF\u00cdCIO SINDICAL 063\/2021 - SITSESP","isPartOf":{"@id":"https:\/\/www.sitsesp.org.br\/novo\/#website"},"primaryImageOfPage":{"@id":"https:\/\/www.sitsesp.org.br\/novo\/sob-pressao-do-mpt-enfim-a-fundacao-casa-responde-o-oficio-sindical-063-2021\/#primaryimage"},"image":{"@id":"https:\/\/www.sitsesp.org.br\/novo\/sob-pressao-do-mpt-enfim-a-fundacao-casa-responde-o-oficio-sindical-063-2021\/#primaryimage"},"thumbnailUrl":"https:\/\/www.sitsesp.org.br\/novo\/wp-content\/uploads\/2021\/03\/1603mpt.png","datePublished":"2021-03-17T00:07:01+00:00","dateModified":"2021-03-17T00:07:01+00:00","breadcrumb":{"@id":"https:\/\/www.sitsesp.org.br\/novo\/sob-pressao-do-mpt-enfim-a-fundacao-casa-responde-o-oficio-sindical-063-2021\/#breadcrumb"},"inLanguage":"pt-BR","potentialAction":[{"@type":"ReadAction","target":["https:\/\/www.sitsesp.org.br\/novo\/sob-pressao-do-mpt-enfim-a-fundacao-casa-responde-o-oficio-sindical-063-2021\/"]}]},{"@type":"ImageObject","inLanguage":"pt-BR","@id":"https:\/\/www.sitsesp.org.br\/novo\/sob-pressao-do-mpt-enfim-a-fundacao-casa-responde-o-oficio-sindical-063-2021\/#primaryimage","url":"https:\/\/www.sitsesp.org.br\/novo\/wp-content\/uploads\/2021\/03\/1603mpt.png","contentUrl":"https:\/\/www.sitsesp.org.br\/novo\/wp-content\/uploads\/2021\/03\/1603mpt.png","width":800,"height":800},{"@type":"BreadcrumbList","@id":"https:\/\/www.sitsesp.org.br\/novo\/sob-pressao-do-mpt-enfim-a-fundacao-casa-responde-o-oficio-sindical-063-2021\/#breadcrumb","itemListElement":[{"@type":"ListItem","position":1,"name":"In\u00edcio","item":"https:\/\/www.sitsesp.org.br\/novo\/"},{"@type":"ListItem","position":2,"name":"SOB PRESS\u00c3O DO MPT, ENFIM A FUNDA\u00c7\u00c3O CASA RESPONDE O OF\u00cdCIO SINDICAL 063\/2021"}]},{"@type":"WebSite","@id":"https:\/\/www.sitsesp.org.br\/novo\/#website","url":"https:\/\/www.sitsesp.org.br\/novo\/","name":"Sitsesp","description":"SIndicato da Socioeduca\u00e7\u00e3o do Estado de S\u00e3o Paulo","publisher":{"@id":"https:\/\/www.sitsesp.org.br\/novo\/#organization"},"potentialAction":[{"@type":"SearchAction","target":{"@type":"EntryPoint","urlTemplate":"https:\/\/www.sitsesp.org.br\/novo\/?s={search_term_string}"},"query-input":"required name=search_term_string"}],"inLanguage":"pt-BR"},{"@type":"Organization","@id":"https:\/\/www.sitsesp.org.br\/novo\/#organization","name":"Sitsesp","url":"https:\/\/www.sitsesp.org.br\/novo\/","logo":{"@type":"ImageObject","inLanguage":"pt-BR","@id":"https:\/\/www.sitsesp.org.br\/novo\/#\/schema\/logo\/image\/","url":"https:\/\/www.sitsesp.org.br\/novo\/wp-content\/uploads\/2020\/09\/Design-sem-nome-1.jpg","contentUrl":"https:\/\/www.sitsesp.org.br\/novo\/wp-content\/uploads\/2020\/09\/Design-sem-nome-1.jpg","width":300,"height":300,"caption":"Sitsesp"},"image":{"@id":"https:\/\/www.sitsesp.org.br\/novo\/#\/schema\/logo\/image\/"}},{"@type":"Person","@id":"https:\/\/www.sitsesp.org.br\/novo\/#\/schema\/person\/28e42eec160f373e81d0183b3643edbf","name":"imprensa","image":{"@type":"ImageObject","inLanguage":"pt-BR","@id":"https:\/\/www.sitsesp.org.br\/novo\/#\/schema\/person\/image\/","url":"https:\/\/secure.gravatar.com\/avatar\/8d6ccd8d7d52b8959f34154e87d3fa29?s=96&d=mm&r=g","contentUrl":"https:\/\/secure.gravatar.com\/avatar\/8d6ccd8d7d52b8959f34154e87d3fa29?s=96&d=mm&r=g","caption":"imprensa"}}]}},"_links":{"self":[{"href":"https:\/\/www.sitsesp.org.br\/novo\/wp-json\/wp\/v2\/posts\/5773"}],"collection":[{"href":"https:\/\/www.sitsesp.org.br\/novo\/wp-json\/wp\/v2\/posts"}],"about":[{"href":"https:\/\/www.sitsesp.org.br\/novo\/wp-json\/wp\/v2\/types\/post"}],"author":[{"embeddable":true,"href":"https:\/\/www.sitsesp.org.br\/novo\/wp-json\/wp\/v2\/users\/5"}],"replies":[{"embeddable":true,"href":"https:\/\/www.sitsesp.org.br\/novo\/wp-json\/wp\/v2\/comments?post=5773"}],"version-history":[{"count":1,"href":"https:\/\/www.sitsesp.org.br\/novo\/wp-json\/wp\/v2\/posts\/5773\/revisions"}],"predecessor-version":[{"id":5780,"href":"https:\/\/www.sitsesp.org.br\/novo\/wp-json\/wp\/v2\/posts\/5773\/revisions\/5780"}],"wp:featuredmedia":[{"embeddable":true,"href":"https:\/\/www.sitsesp.org.br\/novo\/wp-json\/wp\/v2\/media\/5776"}],"wp:attachment":[{"href":"https:\/\/www.sitsesp.org.br\/novo\/wp-json\/wp\/v2\/media?parent=5773"}],"wp:term":[{"taxonomy":"category","embeddable":true,"href":"https:\/\/www.sitsesp.org.br\/novo\/wp-json\/wp\/v2\/categories?post=5773"},{"taxonomy":"post_tag","embeddable":true,"href":"https:\/\/www.sitsesp.org.br\/novo\/wp-json\/wp\/v2\/tags?post=5773"}],"curies":[{"name":"wp","href":"https:\/\/api.w.org\/{rel}","templated":true}]}}