{"id":5839,"date":"2021-03-24T11:07:27","date_gmt":"2021-03-24T14:07:27","guid":{"rendered":"https:\/\/sitsesp.org.br\/novo\/?p=5839"},"modified":"2021-03-24T11:07:27","modified_gmt":"2021-03-24T14:07:27","slug":"dia-24-de-marco-dia-de-luta-unificada-dos-servidores-publicos","status":"publish","type":"post","link":"https:\/\/www.sitsesp.org.br\/novo\/dia-24-de-marco-dia-de-luta-unificada-dos-servidores-publicos\/","title":{"rendered":"DIA 24 DE MAR\u00c7O, DIA DE LUTA UNIFICADA DOS SERVIDORES P\u00daBLICOS"},"content":{"rendered":"<p><!-- VideographyWP Plugin Message: Automatic video embedding prevented by plugin options. --><br \/>\n<strong>DIA 24 DE MAR\u00c7O, DIA DE LUTA UNIFICADA DOS SERVIDORES P\u00daBLICOS<\/strong><br \/>\n<em>Por Iuri Teixeira \u2013 Diretor de Pol\u00edticas Sindical SITSESP<\/em><\/p>\n<p>A classe trabalhadora est\u00e1 vivenciando, infelizmente, momentos dif\u00edceis de ataques aos direitos hist\u00f3ricos e diante da atual conjuntura pol\u00edtica e econ\u00f4mica, juntamente com uma pandemia que chega h\u00e1 quase 300 mil mortos e v\u00e1rios casos de contamina\u00e7\u00e3o que n\u00e3o param de aumentar estatisticamente, trouxeram muita inseguran\u00e7a aos trabalhadores.<\/p>\n<p>N\u00f3s, servidores do sistema socioeducativo de S\u00e3o Paulo, somos servi\u00e7o essencial e apesar de v\u00e1rios \u00f3bitos na categoria, sobretudo nos \u00faltimos dias, estamos laborando apesar dos riscos iminentes do trabalho e principalmente do risco as nossas pr\u00f3prias vidas diante do v\u00edrus COVID-19. H\u00e1 v\u00e1rios casos da doen\u00e7a na categoria e at\u00e9 mesmo entre adolescentes e, apesar da fase vermelha, os trabalhadores do sistema socioeducativo n\u00e3o pararam e seguem firmes nos seus postos de trabalho mesmo com a defasagem no corpo funcional.<\/p>\n<p>Por\u00e9m, a Funda\u00e7\u00e3o CASA e o Governo do Estado sequer v\u00eam se preocupando com tudo que est\u00e1 acontecendo com os trabalhadores. Cad\u00ea a valoriza\u00e7\u00e3o? Cad\u00ea a seguran\u00e7a no local de trabalho? Cad\u00ea as propostas da campanha salarial 2021? Cad\u00ea a HUMANIZA\u00c7\u00c3O t\u00e3o pregada pela Funda\u00e7\u00e3o CASA? E principalmente cad\u00ea a vacina\u00e7\u00e3o dos servidores?<br \/>\nA Funda\u00e7\u00e3o CASA e o Governo do Estado est\u00e3o de olhos fechados para tudo que est\u00e1 acontecendo dentro da entidade quando se trata da seguran\u00e7a de seus trabalhadores. Por outro lado a institui\u00e7\u00e3o vem aumentando ainda mais as cobran\u00e7as aos servidores e praticando ass\u00e9dios segundo relatos de trabalhadores ao sindicato.<\/p>\n<p>O dia 24 de mar\u00e7o \u00e9 um dia de luta unificada dos servidores p\u00fablicos que v\u00eam sofrendo duros ataques dos governos de uma forma geral e somente a luta pode ajudar a resistir a tudo isso.<\/p>\n<p>Valoriza\u00e7\u00e3o dos trabalhadores do sistema socioeducativo de S\u00e3o Paulo j\u00e1!<br \/>\nVacina\u00e7\u00e3o j\u00e1 e para ontem!<br \/>\nVidas dos trabalhadores do sistema socioeducativo importam!<\/p>\n","protected":false},"excerpt":{"rendered":"<p>DIA 24 DE MAR\u00c7O, DIA DE LUTA UNIFICADA DOS SERVIDORES P\u00daBLICOS Por Iuri Teixeira \u2013 Diretor de Pol\u00edticas Sindical SITSESP A&hellip;<\/p>\n","protected":false},"author":5,"featured_media":5840,"comment_status":"open","ping_status":"open","sticky":false,"template":"","format":"standard","meta":{"cybocfi_hide_featured_image":"","footnotes":""},"categories":[27,22],"tags":[],"yoast_head":"<!-- This site is optimized with the Yoast SEO plugin v22.8 - https:\/\/yoast.com\/wordpress\/plugins\/seo\/ -->\n<title>DIA 24 DE MAR\u00c7O, DIA DE LUTA UNIFICADA DOS SERVIDORES P\u00daBLICOS - SITSESP<\/title>\n<meta name=\"robots\" content=\"index, follow, max-snippet:-1, max-image-preview:large, max-video-preview:-1\" \/>\n<link rel=\"canonical\" href=\"https:\/\/www.sitsesp.org.br\/novo\/dia-24-de-marco-dia-de-luta-unificada-dos-servidores-publicos\/\" \/>\n<meta property=\"og:locale\" content=\"pt_BR\" \/>\n<meta property=\"og:type\" content=\"article\" \/>\n<meta property=\"og:title\" content=\"DIA 24 DE MAR\u00c7O, DIA DE LUTA UNIFICADA DOS SERVIDORES P\u00daBLICOS - SITSESP\" \/>\n<meta property=\"og:description\" content=\"DIA 24 DE MAR\u00c7O, DIA DE LUTA UNIFICADA DOS SERVIDORES P\u00daBLICOS Por Iuri Teixeira \u2013 Diretor de Pol\u00edticas Sindical SITSESP A&hellip;\" \/>\n<meta property=\"og:url\" content=\"https:\/\/www.sitsesp.org.br\/novo\/dia-24-de-marco-dia-de-luta-unificada-dos-servidores-publicos\/\" \/>\n<meta property=\"og:site_name\" content=\"SITSESP\" \/>\n<meta property=\"article:published_time\" content=\"2021-03-24T14:07:27+00:00\" \/>\n<meta property=\"og:image\" content=\"https:\/\/www.sitsesp.org.br\/novo\/wp-content\/uploads\/2021\/03\/24M.jpg\" \/>\n\t<meta property=\"og:image:width\" content=\"800\" \/>\n\t<meta property=\"og:image:height\" content=\"800\" \/>\n\t<meta property=\"og:image:type\" content=\"image\/jpeg\" \/>\n<meta name=\"author\" content=\"imprensa\" \/>\n<meta name=\"twitter:card\" content=\"summary_large_image\" \/>\n<meta name=\"twitter:label1\" content=\"Escrito por\" \/>\n\t<meta name=\"twitter:data1\" content=\"imprensa\" \/>\n\t<meta name=\"twitter:label2\" content=\"Est. tempo de leitura\" \/>\n\t<meta name=\"twitter:data2\" content=\"2 minutos\" \/>\n<script type=\"application\/ld+json\" class=\"yoast-schema-graph\">{\"@context\":\"https:\/\/schema.org\",\"@graph\":[{\"@type\":\"Article\",\"@id\":\"https:\/\/www.sitsesp.org.br\/novo\/dia-24-de-marco-dia-de-luta-unificada-dos-servidores-publicos\/#article\",\"isPartOf\":{\"@id\":\"https:\/\/www.sitsesp.org.br\/novo\/dia-24-de-marco-dia-de-luta-unificada-dos-servidores-publicos\/\"},\"author\":{\"name\":\"imprensa\",\"@id\":\"https:\/\/www.sitsesp.org.br\/novo\/#\/schema\/person\/28e42eec160f373e81d0183b3643edbf\"},\"headline\":\"DIA 24 DE MAR\u00c7O, DIA DE LUTA UNIFICADA DOS SERVIDORES P\u00daBLICOS\",\"datePublished\":\"2021-03-24T14:07:27+00:00\",\"dateModified\":\"2021-03-24T14:07:27+00:00\",\"mainEntityOfPage\":{\"@id\":\"https:\/\/www.sitsesp.org.br\/novo\/dia-24-de-marco-dia-de-luta-unificada-dos-servidores-publicos\/\"},\"wordCount\":357,\"commentCount\":0,\"publisher\":{\"@id\":\"https:\/\/www.sitsesp.org.br\/novo\/#organization\"},\"image\":{\"@id\":\"https:\/\/www.sitsesp.org.br\/novo\/dia-24-de-marco-dia-de-luta-unificada-dos-servidores-publicos\/#primaryimage\"},\"thumbnailUrl\":\"https:\/\/www.sitsesp.org.br\/novo\/wp-content\/uploads\/2021\/03\/24M.jpg\",\"articleSection\":[\"Destaque\",\"Noticias\"],\"inLanguage\":\"pt-BR\",\"potentialAction\":[{\"@type\":\"CommentAction\",\"name\":\"Comment\",\"target\":[\"https:\/\/www.sitsesp.org.br\/novo\/dia-24-de-marco-dia-de-luta-unificada-dos-servidores-publicos\/#respond\"]}]},{\"@type\":\"WebPage\",\"@id\":\"https:\/\/www.sitsesp.org.br\/novo\/dia-24-de-marco-dia-de-luta-unificada-dos-servidores-publicos\/\",\"url\":\"https:\/\/www.sitsesp.org.br\/novo\/dia-24-de-marco-dia-de-luta-unificada-dos-servidores-publicos\/\",\"name\":\"DIA 24 DE MAR\u00c7O, DIA DE LUTA UNIFICADA DOS SERVIDORES P\u00daBLICOS - SITSESP\",\"isPartOf\":{\"@id\":\"https:\/\/www.sitsesp.org.br\/novo\/#website\"},\"primaryImageOfPage\":{\"@id\":\"https:\/\/www.sitsesp.org.br\/novo\/dia-24-de-marco-dia-de-luta-unificada-dos-servidores-publicos\/#primaryimage\"},\"image\":{\"@id\":\"https:\/\/www.sitsesp.org.br\/novo\/dia-24-de-marco-dia-de-luta-unificada-dos-servidores-publicos\/#primaryimage\"},\"thumbnailUrl\":\"https:\/\/www.sitsesp.org.br\/novo\/wp-content\/uploads\/2021\/03\/24M.jpg\",\"datePublished\":\"2021-03-24T14:07:27+00:00\",\"dateModified\":\"2021-03-24T14:07:27+00:00\",\"breadcrumb\":{\"@id\":\"https:\/\/www.sitsesp.org.br\/novo\/dia-24-de-marco-dia-de-luta-unificada-dos-servidores-publicos\/#breadcrumb\"},\"inLanguage\":\"pt-BR\",\"potentialAction\":[{\"@type\":\"ReadAction\",\"target\":[\"https:\/\/www.sitsesp.org.br\/novo\/dia-24-de-marco-dia-de-luta-unificada-dos-servidores-publicos\/\"]}]},{\"@type\":\"ImageObject\",\"inLanguage\":\"pt-BR\",\"@id\":\"https:\/\/www.sitsesp.org.br\/novo\/dia-24-de-marco-dia-de-luta-unificada-dos-servidores-publicos\/#primaryimage\",\"url\":\"https:\/\/www.sitsesp.org.br\/novo\/wp-content\/uploads\/2021\/03\/24M.jpg\",\"contentUrl\":\"https:\/\/www.sitsesp.org.br\/novo\/wp-content\/uploads\/2021\/03\/24M.jpg\",\"width\":800,\"height\":800},{\"@type\":\"BreadcrumbList\",\"@id\":\"https:\/\/www.sitsesp.org.br\/novo\/dia-24-de-marco-dia-de-luta-unificada-dos-servidores-publicos\/#breadcrumb\",\"itemListElement\":[{\"@type\":\"ListItem\",\"position\":1,\"name\":\"In\u00edcio\",\"item\":\"https:\/\/www.sitsesp.org.br\/novo\/\"},{\"@type\":\"ListItem\",\"position\":2,\"name\":\"DIA 24 DE MAR\u00c7O, DIA DE LUTA UNIFICADA DOS SERVIDORES P\u00daBLICOS\"}]},{\"@type\":\"WebSite\",\"@id\":\"https:\/\/www.sitsesp.org.br\/novo\/#website\",\"url\":\"https:\/\/www.sitsesp.org.br\/novo\/\",\"name\":\"Sitsesp\",\"description\":\"SIndicato da Socioeduca\u00e7\u00e3o do Estado de S\u00e3o Paulo\",\"publisher\":{\"@id\":\"https:\/\/www.sitsesp.org.br\/novo\/#organization\"},\"potentialAction\":[{\"@type\":\"SearchAction\",\"target\":{\"@type\":\"EntryPoint\",\"urlTemplate\":\"https:\/\/www.sitsesp.org.br\/novo\/?s={search_term_string}\"},\"query-input\":\"required name=search_term_string\"}],\"inLanguage\":\"pt-BR\"},{\"@type\":\"Organization\",\"@id\":\"https:\/\/www.sitsesp.org.br\/novo\/#organization\",\"name\":\"Sitsesp\",\"url\":\"https:\/\/www.sitsesp.org.br\/novo\/\",\"logo\":{\"@type\":\"ImageObject\",\"inLanguage\":\"pt-BR\",\"@id\":\"https:\/\/www.sitsesp.org.br\/novo\/#\/schema\/logo\/image\/\",\"url\":\"https:\/\/www.sitsesp.org.br\/novo\/wp-content\/uploads\/2020\/09\/Design-sem-nome-1.jpg\",\"contentUrl\":\"https:\/\/www.sitsesp.org.br\/novo\/wp-content\/uploads\/2020\/09\/Design-sem-nome-1.jpg\",\"width\":300,\"height\":300,\"caption\":\"Sitsesp\"},\"image\":{\"@id\":\"https:\/\/www.sitsesp.org.br\/novo\/#\/schema\/logo\/image\/\"}},{\"@type\":\"Person\",\"@id\":\"https:\/\/www.sitsesp.org.br\/novo\/#\/schema\/person\/28e42eec160f373e81d0183b3643edbf\",\"name\":\"imprensa\",\"image\":{\"@type\":\"ImageObject\",\"inLanguage\":\"pt-BR\",\"@id\":\"https:\/\/www.sitsesp.org.br\/novo\/#\/schema\/person\/image\/\",\"url\":\"https:\/\/secure.gravatar.com\/avatar\/8d6ccd8d7d52b8959f34154e87d3fa29?s=96&d=mm&r=g\",\"contentUrl\":\"https:\/\/secure.gravatar.com\/avatar\/8d6ccd8d7d52b8959f34154e87d3fa29?s=96&d=mm&r=g\",\"caption\":\"imprensa\"}}]}<\/script>\n<!-- \/ Yoast SEO plugin. -->","yoast_head_json":{"title":"DIA 24 DE MAR\u00c7O, DIA DE LUTA UNIFICADA DOS SERVIDORES P\u00daBLICOS - SITSESP","robots":{"index":"index","follow":"follow","max-snippet":"max-snippet:-1","max-image-preview":"max-image-preview:large","max-video-preview":"max-video-preview:-1"},"canonical":"https:\/\/www.sitsesp.org.br\/novo\/dia-24-de-marco-dia-de-luta-unificada-dos-servidores-publicos\/","og_locale":"pt_BR","og_type":"article","og_title":"DIA 24 DE MAR\u00c7O, DIA DE LUTA UNIFICADA DOS SERVIDORES P\u00daBLICOS - SITSESP","og_description":"DIA 24 DE MAR\u00c7O, DIA DE LUTA UNIFICADA DOS SERVIDORES P\u00daBLICOS Por Iuri Teixeira \u2013 Diretor de Pol\u00edticas Sindical SITSESP A&hellip;","og_url":"https:\/\/www.sitsesp.org.br\/novo\/dia-24-de-marco-dia-de-luta-unificada-dos-servidores-publicos\/","og_site_name":"SITSESP","article_published_time":"2021-03-24T14:07:27+00:00","og_image":[{"width":800,"height":800,"url":"https:\/\/www.sitsesp.org.br\/novo\/wp-content\/uploads\/2021\/03\/24M.jpg","type":"image\/jpeg"}],"author":"imprensa","twitter_card":"summary_large_image","twitter_misc":{"Escrito por":"imprensa","Est. tempo de leitura":"2 minutos"},"schema":{"@context":"https:\/\/schema.org","@graph":[{"@type":"Article","@id":"https:\/\/www.sitsesp.org.br\/novo\/dia-24-de-marco-dia-de-luta-unificada-dos-servidores-publicos\/#article","isPartOf":{"@id":"https:\/\/www.sitsesp.org.br\/novo\/dia-24-de-marco-dia-de-luta-unificada-dos-servidores-publicos\/"},"author":{"name":"imprensa","@id":"https:\/\/www.sitsesp.org.br\/novo\/#\/schema\/person\/28e42eec160f373e81d0183b3643edbf"},"headline":"DIA 24 DE MAR\u00c7O, DIA DE LUTA UNIFICADA DOS SERVIDORES P\u00daBLICOS","datePublished":"2021-03-24T14:07:27+00:00","dateModified":"2021-03-24T14:07:27+00:00","mainEntityOfPage":{"@id":"https:\/\/www.sitsesp.org.br\/novo\/dia-24-de-marco-dia-de-luta-unificada-dos-servidores-publicos\/"},"wordCount":357,"commentCount":0,"publisher":{"@id":"https:\/\/www.sitsesp.org.br\/novo\/#organization"},"image":{"@id":"https:\/\/www.sitsesp.org.br\/novo\/dia-24-de-marco-dia-de-luta-unificada-dos-servidores-publicos\/#primaryimage"},"thumbnailUrl":"https:\/\/www.sitsesp.org.br\/novo\/wp-content\/uploads\/2021\/03\/24M.jpg","articleSection":["Destaque","Noticias"],"inLanguage":"pt-BR","potentialAction":[{"@type":"CommentAction","name":"Comment","target":["https:\/\/www.sitsesp.org.br\/novo\/dia-24-de-marco-dia-de-luta-unificada-dos-servidores-publicos\/#respond"]}]},{"@type":"WebPage","@id":"https:\/\/www.sitsesp.org.br\/novo\/dia-24-de-marco-dia-de-luta-unificada-dos-servidores-publicos\/","url":"https:\/\/www.sitsesp.org.br\/novo\/dia-24-de-marco-dia-de-luta-unificada-dos-servidores-publicos\/","name":"DIA 24 DE MAR\u00c7O, DIA DE LUTA UNIFICADA DOS SERVIDORES P\u00daBLICOS - SITSESP","isPartOf":{"@id":"https:\/\/www.sitsesp.org.br\/novo\/#website"},"primaryImageOfPage":{"@id":"https:\/\/www.sitsesp.org.br\/novo\/dia-24-de-marco-dia-de-luta-unificada-dos-servidores-publicos\/#primaryimage"},"image":{"@id":"https:\/\/www.sitsesp.org.br\/novo\/dia-24-de-marco-dia-de-luta-unificada-dos-servidores-publicos\/#primaryimage"},"thumbnailUrl":"https:\/\/www.sitsesp.org.br\/novo\/wp-content\/uploads\/2021\/03\/24M.jpg","datePublished":"2021-03-24T14:07:27+00:00","dateModified":"2021-03-24T14:07:27+00:00","breadcrumb":{"@id":"https:\/\/www.sitsesp.org.br\/novo\/dia-24-de-marco-dia-de-luta-unificada-dos-servidores-publicos\/#breadcrumb"},"inLanguage":"pt-BR","potentialAction":[{"@type":"ReadAction","target":["https:\/\/www.sitsesp.org.br\/novo\/dia-24-de-marco-dia-de-luta-unificada-dos-servidores-publicos\/"]}]},{"@type":"ImageObject","inLanguage":"pt-BR","@id":"https:\/\/www.sitsesp.org.br\/novo\/dia-24-de-marco-dia-de-luta-unificada-dos-servidores-publicos\/#primaryimage","url":"https:\/\/www.sitsesp.org.br\/novo\/wp-content\/uploads\/2021\/03\/24M.jpg","contentUrl":"https:\/\/www.sitsesp.org.br\/novo\/wp-content\/uploads\/2021\/03\/24M.jpg","width":800,"height":800},{"@type":"BreadcrumbList","@id":"https:\/\/www.sitsesp.org.br\/novo\/dia-24-de-marco-dia-de-luta-unificada-dos-servidores-publicos\/#breadcrumb","itemListElement":[{"@type":"ListItem","position":1,"name":"In\u00edcio","item":"https:\/\/www.sitsesp.org.br\/novo\/"},{"@type":"ListItem","position":2,"name":"DIA 24 DE MAR\u00c7O, DIA DE LUTA UNIFICADA DOS SERVIDORES P\u00daBLICOS"}]},{"@type":"WebSite","@id":"https:\/\/www.sitsesp.org.br\/novo\/#website","url":"https:\/\/www.sitsesp.org.br\/novo\/","name":"Sitsesp","description":"SIndicato da Socioeduca\u00e7\u00e3o do Estado de S\u00e3o Paulo","publisher":{"@id":"https:\/\/www.sitsesp.org.br\/novo\/#organization"},"potentialAction":[{"@type":"SearchAction","target":{"@type":"EntryPoint","urlTemplate":"https:\/\/www.sitsesp.org.br\/novo\/?s={search_term_string}"},"query-input":"required name=search_term_string"}],"inLanguage":"pt-BR"},{"@type":"Organization","@id":"https:\/\/www.sitsesp.org.br\/novo\/#organization","name":"Sitsesp","url":"https:\/\/www.sitsesp.org.br\/novo\/","logo":{"@type":"ImageObject","inLanguage":"pt-BR","@id":"https:\/\/www.sitsesp.org.br\/novo\/#\/schema\/logo\/image\/","url":"https:\/\/www.sitsesp.org.br\/novo\/wp-content\/uploads\/2020\/09\/Design-sem-nome-1.jpg","contentUrl":"https:\/\/www.sitsesp.org.br\/novo\/wp-content\/uploads\/2020\/09\/Design-sem-nome-1.jpg","width":300,"height":300,"caption":"Sitsesp"},"image":{"@id":"https:\/\/www.sitsesp.org.br\/novo\/#\/schema\/logo\/image\/"}},{"@type":"Person","@id":"https:\/\/www.sitsesp.org.br\/novo\/#\/schema\/person\/28e42eec160f373e81d0183b3643edbf","name":"imprensa","image":{"@type":"ImageObject","inLanguage":"pt-BR","@id":"https:\/\/www.sitsesp.org.br\/novo\/#\/schema\/person\/image\/","url":"https:\/\/secure.gravatar.com\/avatar\/8d6ccd8d7d52b8959f34154e87d3fa29?s=96&d=mm&r=g","contentUrl":"https:\/\/secure.gravatar.com\/avatar\/8d6ccd8d7d52b8959f34154e87d3fa29?s=96&d=mm&r=g","caption":"imprensa"}}]}},"_links":{"self":[{"href":"https:\/\/www.sitsesp.org.br\/novo\/wp-json\/wp\/v2\/posts\/5839"}],"collection":[{"href":"https:\/\/www.sitsesp.org.br\/novo\/wp-json\/wp\/v2\/posts"}],"about":[{"href":"https:\/\/www.sitsesp.org.br\/novo\/wp-json\/wp\/v2\/types\/post"}],"author":[{"embeddable":true,"href":"https:\/\/www.sitsesp.org.br\/novo\/wp-json\/wp\/v2\/users\/5"}],"replies":[{"embeddable":true,"href":"https:\/\/www.sitsesp.org.br\/novo\/wp-json\/wp\/v2\/comments?post=5839"}],"version-history":[{"count":1,"href":"https:\/\/www.sitsesp.org.br\/novo\/wp-json\/wp\/v2\/posts\/5839\/revisions"}],"predecessor-version":[{"id":5841,"href":"https:\/\/www.sitsesp.org.br\/novo\/wp-json\/wp\/v2\/posts\/5839\/revisions\/5841"}],"wp:featuredmedia":[{"embeddable":true,"href":"https:\/\/www.sitsesp.org.br\/novo\/wp-json\/wp\/v2\/media\/5840"}],"wp:attachment":[{"href":"https:\/\/www.sitsesp.org.br\/novo\/wp-json\/wp\/v2\/media?parent=5839"}],"wp:term":[{"taxonomy":"category","embeddable":true,"href":"https:\/\/www.sitsesp.org.br\/novo\/wp-json\/wp\/v2\/categories?post=5839"},{"taxonomy":"post_tag","embeddable":true,"href":"https:\/\/www.sitsesp.org.br\/novo\/wp-json\/wp\/v2\/tags?post=5839"}],"curies":[{"name":"wp","href":"https:\/\/api.w.org\/{rel}","templated":true}]}}