{"id":5849,"date":"2021-03-25T13:56:23","date_gmt":"2021-03-25T16:56:23","guid":{"rendered":"https:\/\/sitsesp.org.br\/novo\/?p=5849"},"modified":"2021-03-25T13:56:23","modified_gmt":"2021-03-25T16:56:23","slug":"sitsesp-em-movimento-sindicato-entra-com-acao-referente-as-alteracoes-da-cota-parte-no-convenio-da-amil","status":"publish","type":"post","link":"https:\/\/www.sitsesp.org.br\/novo\/sitsesp-em-movimento-sindicato-entra-com-acao-referente-as-alteracoes-da-cota-parte-no-convenio-da-amil\/","title":{"rendered":"SITSESP EM MOVIMENTO | Sindicato entra com a\u00e7\u00e3o referente as altera\u00e7\u00f5es da COTA PARTE no conv\u00eanio da AMIL"},"content":{"rendered":"<p><!-- VideographyWP Plugin Message: Automatic video embedding prevented by plugin options. --><br \/>\nA diretoria do SITSESP, atrav\u00e9s do departamento jur\u00eddico, ingressou na tarde de ontem com a\u00e7\u00e3o referente as altera\u00e7\u00f5es da COTA PARTE realizadas pela Funda\u00e7\u00e3o CASA (1000346-4.2021.5.02.0070).<\/p>\n<p>A justificativa oferecida pela Funda\u00e7\u00e3o CASA para os servidores s\u00e3o as mais esdr\u00faxulas poss\u00edveis, vejamos abaixo um trecho da nota:<\/p>\n<p>\u201cDiante do acima exposto e a atual situa\u00e7\u00e3o econ\u00f4mica e financeira que o Estado est\u00e1 atravessando, n\u00e3o houve condi\u00e7\u00f5es para que o governo liberasse aporte financeiro no or\u00e7amento para custeio do valor do reajuste. Assim, visando a manuten\u00e7\u00e3o do plano nesse momento cr\u00edtico e a continuidade da presta\u00e7\u00e3o de servi\u00e7os \u00e0 sa\u00fade da popula\u00e7\u00e3o, os valores do reajuste ser\u00e3o integralmente absorvidos pelos servidores, conforme tabela abaixo. \u201d<\/p>\n<p>Ser\u00e1 que os servidores est\u00e3o nadando em dinheiro? Sem aumento real e sem repasse da infla\u00e7\u00e3o a institui\u00e7\u00e3o realiza mais um achatamento salarial, isso \u00e9 n\u00e3o reconhecer o trabalho desenvolvido pela Socioeduca\u00e7\u00e3o.<\/p>\n<p>A Funda\u00e7\u00e3o CASA realiza integralmente a transfer\u00eancia dos reajustes aos servidores do sistema socioeducativo gerando uma economia de milh\u00f5es para seu caixa. Esta \u00e9 a pol\u00edtica que o Sr. Jo\u00e3o D\u00f3ria e Sr. Jos\u00e9 Fernando tem para com os servidores p\u00fablicos estaduais<\/p>\n<p>J\u00e1 n\u00e3o basta o nosso poder aquisitivo ser minado m\u00eas a m\u00eas, ano a ano e agora a Funda\u00e7\u00e3o CASA quer que arquemos com a permissividade que a institui\u00e7\u00e3o sempre teve com a AMIL, ou a Funda\u00e7\u00e3o acha que esquecemos dos aumentos abusivos praticados nos anos de 2015, 2016 e 2017?<\/p>\n<p>Iremos reverter esta quest\u00e3o, pode ser que n\u00e3o seja hoje, mas iremos lutar incansavelmente para que nossos direitos sejam mantidos. <strong>NENHUM DIREITO A MENOS!<\/strong><\/p>\n<p><strong>VACINA J\u00c1 \u2013 VACINA SIM \u2013 VACINA AGORA!<\/strong><\/p>\n<p>O Governo do Estado de S\u00e3o Paulo ao divulgar na data de ontem 24 de mar\u00e7o o calend\u00e1rio de vacina\u00e7\u00e3o para os servidores da seguran\u00e7a p\u00fablica, mais uma vez atenta contra a categoria socioeducativa, nos deixando de fora do plano de vacina\u00e7\u00e3o.<\/p>\n<p>Foram diversos of\u00edcios, al\u00e9m de in\u00fameras discuss\u00f5es sobre o tema, do SITSESP para com a gest\u00e3o da Funda\u00e7\u00e3o CASA, ao Governo do Estado e \u00f3rg\u00e3os respons\u00e1veis pelo controle de vacina\u00e7\u00e3o. Realizamos notas de rep\u00fadio sistematicamente, todas divulgadas no site do SITSESP e suas redes sociais.<\/p>\n<p>Ap\u00f3s o pronunciamento do plano de Vacina\u00e7\u00e3o da Seguran\u00e7a P\u00fablica por parte do Governo do Estado excluindo a Socioeduca\u00e7\u00e3o, realizamos uma interven\u00e7\u00e3o mais incisiva junto a Gest\u00e3o que nos garantiu que at\u00e9 o final do dia haveria o an\u00fancio da inclus\u00e3o da Socioeduca\u00e7\u00e3o no plano de vacina\u00e7\u00e3o que iniciar\u00e1 no dia 05\/04, assim acabou acontecendo com o comunicado do Secret\u00e1rio de Justi\u00e7a e Presidente da Funda\u00e7\u00e3o CASA Jos\u00e9 Fernando da Costa.<\/p>\n<p>O m\u00e9rito desta inclus\u00e3o \u00e9 de cada trabalhador da Funda\u00e7\u00e3o CASA que sempre cobrou e apoiou a entidade sindical na luta, logo traremos mais informa\u00e7\u00f5es sobre o cronograma de vacina\u00e7\u00e3o para inform\u00e1-los.<\/p>\n<p><strong>JUNTOS SOMOS MUITO MAIS FORTES!<\/strong><\/p>\n","protected":false},"excerpt":{"rendered":"<p>A diretoria do SITSESP, atrav\u00e9s do departamento jur\u00eddico, ingressou na tarde de ontem com a\u00e7\u00e3o referente as altera\u00e7\u00f5es da COTA PARTE&hellip;<\/p>\n","protected":false},"author":5,"featured_media":5850,"comment_status":"open","ping_status":"open","sticky":false,"template":"","format":"standard","meta":{"cybocfi_hide_featured_image":"","footnotes":""},"categories":[27,22],"tags":[],"yoast_head":"<!-- This site is optimized with the Yoast SEO plugin v22.8 - https:\/\/yoast.com\/wordpress\/plugins\/seo\/ -->\n<title>SITSESP EM MOVIMENTO | Sindicato entra com a\u00e7\u00e3o referente as altera\u00e7\u00f5es da COTA PARTE no conv\u00eanio da AMIL - SITSESP<\/title>\n<meta name=\"robots\" content=\"index, follow, max-snippet:-1, max-image-preview:large, max-video-preview:-1\" \/>\n<link rel=\"canonical\" href=\"https:\/\/www.sitsesp.org.br\/novo\/sitsesp-em-movimento-sindicato-entra-com-acao-referente-as-alteracoes-da-cota-parte-no-convenio-da-amil\/\" \/>\n<meta property=\"og:locale\" content=\"pt_BR\" \/>\n<meta property=\"og:type\" content=\"article\" \/>\n<meta property=\"og:title\" content=\"SITSESP EM MOVIMENTO | Sindicato entra com a\u00e7\u00e3o referente as altera\u00e7\u00f5es da COTA PARTE no conv\u00eanio da AMIL - SITSESP\" \/>\n<meta property=\"og:description\" content=\"A diretoria do SITSESP, atrav\u00e9s do departamento jur\u00eddico, ingressou na tarde de ontem com a\u00e7\u00e3o referente as altera\u00e7\u00f5es da COTA PARTE&hellip;\" \/>\n<meta property=\"og:url\" content=\"https:\/\/www.sitsesp.org.br\/novo\/sitsesp-em-movimento-sindicato-entra-com-acao-referente-as-alteracoes-da-cota-parte-no-convenio-da-amil\/\" \/>\n<meta property=\"og:site_name\" content=\"SITSESP\" \/>\n<meta property=\"article:published_time\" content=\"2021-03-25T16:56:23+00:00\" \/>\n<meta property=\"og:image\" content=\"https:\/\/www.sitsesp.org.br\/novo\/wp-content\/uploads\/2021\/03\/SITSESP-EM-MOVIMENTO-2503.gif\" \/>\n\t<meta property=\"og:image:width\" content=\"800\" \/>\n\t<meta property=\"og:image:height\" content=\"800\" \/>\n\t<meta property=\"og:image:type\" content=\"image\/gif\" \/>\n<meta name=\"author\" content=\"imprensa\" \/>\n<meta name=\"twitter:card\" content=\"summary_large_image\" \/>\n<meta name=\"twitter:label1\" content=\"Escrito por\" \/>\n\t<meta name=\"twitter:data1\" content=\"imprensa\" \/>\n\t<meta name=\"twitter:label2\" content=\"Est. tempo de leitura\" \/>\n\t<meta name=\"twitter:data2\" content=\"3 minutos\" \/>\n<script type=\"application\/ld+json\" class=\"yoast-schema-graph\">{\"@context\":\"https:\/\/schema.org\",\"@graph\":[{\"@type\":\"Article\",\"@id\":\"https:\/\/www.sitsesp.org.br\/novo\/sitsesp-em-movimento-sindicato-entra-com-acao-referente-as-alteracoes-da-cota-parte-no-convenio-da-amil\/#article\",\"isPartOf\":{\"@id\":\"https:\/\/www.sitsesp.org.br\/novo\/sitsesp-em-movimento-sindicato-entra-com-acao-referente-as-alteracoes-da-cota-parte-no-convenio-da-amil\/\"},\"author\":{\"name\":\"imprensa\",\"@id\":\"https:\/\/www.sitsesp.org.br\/novo\/#\/schema\/person\/28e42eec160f373e81d0183b3643edbf\"},\"headline\":\"SITSESP EM MOVIMENTO | Sindicato entra com a\u00e7\u00e3o referente as altera\u00e7\u00f5es da COTA PARTE no conv\u00eanio da AMIL\",\"datePublished\":\"2021-03-25T16:56:23+00:00\",\"dateModified\":\"2021-03-25T16:56:23+00:00\",\"mainEntityOfPage\":{\"@id\":\"https:\/\/www.sitsesp.org.br\/novo\/sitsesp-em-movimento-sindicato-entra-com-acao-referente-as-alteracoes-da-cota-parte-no-convenio-da-amil\/\"},\"wordCount\":551,\"commentCount\":0,\"publisher\":{\"@id\":\"https:\/\/www.sitsesp.org.br\/novo\/#organization\"},\"image\":{\"@id\":\"https:\/\/www.sitsesp.org.br\/novo\/sitsesp-em-movimento-sindicato-entra-com-acao-referente-as-alteracoes-da-cota-parte-no-convenio-da-amil\/#primaryimage\"},\"thumbnailUrl\":\"https:\/\/www.sitsesp.org.br\/novo\/wp-content\/uploads\/2021\/03\/SITSESP-EM-MOVIMENTO-2503.gif\",\"articleSection\":[\"Destaque\",\"Noticias\"],\"inLanguage\":\"pt-BR\",\"potentialAction\":[{\"@type\":\"CommentAction\",\"name\":\"Comment\",\"target\":[\"https:\/\/www.sitsesp.org.br\/novo\/sitsesp-em-movimento-sindicato-entra-com-acao-referente-as-alteracoes-da-cota-parte-no-convenio-da-amil\/#respond\"]}]},{\"@type\":\"WebPage\",\"@id\":\"https:\/\/www.sitsesp.org.br\/novo\/sitsesp-em-movimento-sindicato-entra-com-acao-referente-as-alteracoes-da-cota-parte-no-convenio-da-amil\/\",\"url\":\"https:\/\/www.sitsesp.org.br\/novo\/sitsesp-em-movimento-sindicato-entra-com-acao-referente-as-alteracoes-da-cota-parte-no-convenio-da-amil\/\",\"name\":\"SITSESP EM MOVIMENTO | Sindicato entra com a\u00e7\u00e3o referente as altera\u00e7\u00f5es da COTA PARTE no conv\u00eanio da AMIL - SITSESP\",\"isPartOf\":{\"@id\":\"https:\/\/www.sitsesp.org.br\/novo\/#website\"},\"primaryImageOfPage\":{\"@id\":\"https:\/\/www.sitsesp.org.br\/novo\/sitsesp-em-movimento-sindicato-entra-com-acao-referente-as-alteracoes-da-cota-parte-no-convenio-da-amil\/#primaryimage\"},\"image\":{\"@id\":\"https:\/\/www.sitsesp.org.br\/novo\/sitsesp-em-movimento-sindicato-entra-com-acao-referente-as-alteracoes-da-cota-parte-no-convenio-da-amil\/#primaryimage\"},\"thumbnailUrl\":\"https:\/\/www.sitsesp.org.br\/novo\/wp-content\/uploads\/2021\/03\/SITSESP-EM-MOVIMENTO-2503.gif\",\"datePublished\":\"2021-03-25T16:56:23+00:00\",\"dateModified\":\"2021-03-25T16:56:23+00:00\",\"breadcrumb\":{\"@id\":\"https:\/\/www.sitsesp.org.br\/novo\/sitsesp-em-movimento-sindicato-entra-com-acao-referente-as-alteracoes-da-cota-parte-no-convenio-da-amil\/#breadcrumb\"},\"inLanguage\":\"pt-BR\",\"potentialAction\":[{\"@type\":\"ReadAction\",\"target\":[\"https:\/\/www.sitsesp.org.br\/novo\/sitsesp-em-movimento-sindicato-entra-com-acao-referente-as-alteracoes-da-cota-parte-no-convenio-da-amil\/\"]}]},{\"@type\":\"ImageObject\",\"inLanguage\":\"pt-BR\",\"@id\":\"https:\/\/www.sitsesp.org.br\/novo\/sitsesp-em-movimento-sindicato-entra-com-acao-referente-as-alteracoes-da-cota-parte-no-convenio-da-amil\/#primaryimage\",\"url\":\"https:\/\/www.sitsesp.org.br\/novo\/wp-content\/uploads\/2021\/03\/SITSESP-EM-MOVIMENTO-2503.gif\",\"contentUrl\":\"https:\/\/www.sitsesp.org.br\/novo\/wp-content\/uploads\/2021\/03\/SITSESP-EM-MOVIMENTO-2503.gif\",\"width\":800,\"height\":800,\"caption\":\"SITSESP EM MOVIMENTO\"},{\"@type\":\"BreadcrumbList\",\"@id\":\"https:\/\/www.sitsesp.org.br\/novo\/sitsesp-em-movimento-sindicato-entra-com-acao-referente-as-alteracoes-da-cota-parte-no-convenio-da-amil\/#breadcrumb\",\"itemListElement\":[{\"@type\":\"ListItem\",\"position\":1,\"name\":\"In\u00edcio\",\"item\":\"https:\/\/www.sitsesp.org.br\/novo\/\"},{\"@type\":\"ListItem\",\"position\":2,\"name\":\"SITSESP EM MOVIMENTO | Sindicato entra com a\u00e7\u00e3o referente as altera\u00e7\u00f5es da COTA PARTE no conv\u00eanio da AMIL\"}]},{\"@type\":\"WebSite\",\"@id\":\"https:\/\/www.sitsesp.org.br\/novo\/#website\",\"url\":\"https:\/\/www.sitsesp.org.br\/novo\/\",\"name\":\"Sitsesp\",\"description\":\"SIndicato da Socioeduca\u00e7\u00e3o do Estado de S\u00e3o Paulo\",\"publisher\":{\"@id\":\"https:\/\/www.sitsesp.org.br\/novo\/#organization\"},\"potentialAction\":[{\"@type\":\"SearchAction\",\"target\":{\"@type\":\"EntryPoint\",\"urlTemplate\":\"https:\/\/www.sitsesp.org.br\/novo\/?s={search_term_string}\"},\"query-input\":\"required name=search_term_string\"}],\"inLanguage\":\"pt-BR\"},{\"@type\":\"Organization\",\"@id\":\"https:\/\/www.sitsesp.org.br\/novo\/#organization\",\"name\":\"Sitsesp\",\"url\":\"https:\/\/www.sitsesp.org.br\/novo\/\",\"logo\":{\"@type\":\"ImageObject\",\"inLanguage\":\"pt-BR\",\"@id\":\"https:\/\/www.sitsesp.org.br\/novo\/#\/schema\/logo\/image\/\",\"url\":\"https:\/\/www.sitsesp.org.br\/novo\/wp-content\/uploads\/2020\/09\/Design-sem-nome-1.jpg\",\"contentUrl\":\"https:\/\/www.sitsesp.org.br\/novo\/wp-content\/uploads\/2020\/09\/Design-sem-nome-1.jpg\",\"width\":300,\"height\":300,\"caption\":\"Sitsesp\"},\"image\":{\"@id\":\"https:\/\/www.sitsesp.org.br\/novo\/#\/schema\/logo\/image\/\"}},{\"@type\":\"Person\",\"@id\":\"https:\/\/www.sitsesp.org.br\/novo\/#\/schema\/person\/28e42eec160f373e81d0183b3643edbf\",\"name\":\"imprensa\",\"image\":{\"@type\":\"ImageObject\",\"inLanguage\":\"pt-BR\",\"@id\":\"https:\/\/www.sitsesp.org.br\/novo\/#\/schema\/person\/image\/\",\"url\":\"https:\/\/secure.gravatar.com\/avatar\/8d6ccd8d7d52b8959f34154e87d3fa29?s=96&d=mm&r=g\",\"contentUrl\":\"https:\/\/secure.gravatar.com\/avatar\/8d6ccd8d7d52b8959f34154e87d3fa29?s=96&d=mm&r=g\",\"caption\":\"imprensa\"}}]}<\/script>\n<!-- \/ Yoast SEO plugin. -->","yoast_head_json":{"title":"SITSESP EM MOVIMENTO | Sindicato entra com a\u00e7\u00e3o referente as altera\u00e7\u00f5es da COTA PARTE no conv\u00eanio da AMIL - SITSESP","robots":{"index":"index","follow":"follow","max-snippet":"max-snippet:-1","max-image-preview":"max-image-preview:large","max-video-preview":"max-video-preview:-1"},"canonical":"https:\/\/www.sitsesp.org.br\/novo\/sitsesp-em-movimento-sindicato-entra-com-acao-referente-as-alteracoes-da-cota-parte-no-convenio-da-amil\/","og_locale":"pt_BR","og_type":"article","og_title":"SITSESP EM MOVIMENTO | Sindicato entra com a\u00e7\u00e3o referente as altera\u00e7\u00f5es da COTA PARTE no conv\u00eanio da AMIL - SITSESP","og_description":"A diretoria do SITSESP, atrav\u00e9s do departamento jur\u00eddico, ingressou na tarde de ontem com a\u00e7\u00e3o referente as altera\u00e7\u00f5es da COTA PARTE&hellip;","og_url":"https:\/\/www.sitsesp.org.br\/novo\/sitsesp-em-movimento-sindicato-entra-com-acao-referente-as-alteracoes-da-cota-parte-no-convenio-da-amil\/","og_site_name":"SITSESP","article_published_time":"2021-03-25T16:56:23+00:00","og_image":[{"width":800,"height":800,"url":"https:\/\/www.sitsesp.org.br\/novo\/wp-content\/uploads\/2021\/03\/SITSESP-EM-MOVIMENTO-2503.gif","type":"image\/gif"}],"author":"imprensa","twitter_card":"summary_large_image","twitter_misc":{"Escrito por":"imprensa","Est. tempo de leitura":"3 minutos"},"schema":{"@context":"https:\/\/schema.org","@graph":[{"@type":"Article","@id":"https:\/\/www.sitsesp.org.br\/novo\/sitsesp-em-movimento-sindicato-entra-com-acao-referente-as-alteracoes-da-cota-parte-no-convenio-da-amil\/#article","isPartOf":{"@id":"https:\/\/www.sitsesp.org.br\/novo\/sitsesp-em-movimento-sindicato-entra-com-acao-referente-as-alteracoes-da-cota-parte-no-convenio-da-amil\/"},"author":{"name":"imprensa","@id":"https:\/\/www.sitsesp.org.br\/novo\/#\/schema\/person\/28e42eec160f373e81d0183b3643edbf"},"headline":"SITSESP EM MOVIMENTO | Sindicato entra com a\u00e7\u00e3o referente as altera\u00e7\u00f5es da COTA PARTE no conv\u00eanio da AMIL","datePublished":"2021-03-25T16:56:23+00:00","dateModified":"2021-03-25T16:56:23+00:00","mainEntityOfPage":{"@id":"https:\/\/www.sitsesp.org.br\/novo\/sitsesp-em-movimento-sindicato-entra-com-acao-referente-as-alteracoes-da-cota-parte-no-convenio-da-amil\/"},"wordCount":551,"commentCount":0,"publisher":{"@id":"https:\/\/www.sitsesp.org.br\/novo\/#organization"},"image":{"@id":"https:\/\/www.sitsesp.org.br\/novo\/sitsesp-em-movimento-sindicato-entra-com-acao-referente-as-alteracoes-da-cota-parte-no-convenio-da-amil\/#primaryimage"},"thumbnailUrl":"https:\/\/www.sitsesp.org.br\/novo\/wp-content\/uploads\/2021\/03\/SITSESP-EM-MOVIMENTO-2503.gif","articleSection":["Destaque","Noticias"],"inLanguage":"pt-BR","potentialAction":[{"@type":"CommentAction","name":"Comment","target":["https:\/\/www.sitsesp.org.br\/novo\/sitsesp-em-movimento-sindicato-entra-com-acao-referente-as-alteracoes-da-cota-parte-no-convenio-da-amil\/#respond"]}]},{"@type":"WebPage","@id":"https:\/\/www.sitsesp.org.br\/novo\/sitsesp-em-movimento-sindicato-entra-com-acao-referente-as-alteracoes-da-cota-parte-no-convenio-da-amil\/","url":"https:\/\/www.sitsesp.org.br\/novo\/sitsesp-em-movimento-sindicato-entra-com-acao-referente-as-alteracoes-da-cota-parte-no-convenio-da-amil\/","name":"SITSESP EM MOVIMENTO | Sindicato entra com a\u00e7\u00e3o referente as altera\u00e7\u00f5es da COTA PARTE no conv\u00eanio da AMIL - SITSESP","isPartOf":{"@id":"https:\/\/www.sitsesp.org.br\/novo\/#website"},"primaryImageOfPage":{"@id":"https:\/\/www.sitsesp.org.br\/novo\/sitsesp-em-movimento-sindicato-entra-com-acao-referente-as-alteracoes-da-cota-parte-no-convenio-da-amil\/#primaryimage"},"image":{"@id":"https:\/\/www.sitsesp.org.br\/novo\/sitsesp-em-movimento-sindicato-entra-com-acao-referente-as-alteracoes-da-cota-parte-no-convenio-da-amil\/#primaryimage"},"thumbnailUrl":"https:\/\/www.sitsesp.org.br\/novo\/wp-content\/uploads\/2021\/03\/SITSESP-EM-MOVIMENTO-2503.gif","datePublished":"2021-03-25T16:56:23+00:00","dateModified":"2021-03-25T16:56:23+00:00","breadcrumb":{"@id":"https:\/\/www.sitsesp.org.br\/novo\/sitsesp-em-movimento-sindicato-entra-com-acao-referente-as-alteracoes-da-cota-parte-no-convenio-da-amil\/#breadcrumb"},"inLanguage":"pt-BR","potentialAction":[{"@type":"ReadAction","target":["https:\/\/www.sitsesp.org.br\/novo\/sitsesp-em-movimento-sindicato-entra-com-acao-referente-as-alteracoes-da-cota-parte-no-convenio-da-amil\/"]}]},{"@type":"ImageObject","inLanguage":"pt-BR","@id":"https:\/\/www.sitsesp.org.br\/novo\/sitsesp-em-movimento-sindicato-entra-com-acao-referente-as-alteracoes-da-cota-parte-no-convenio-da-amil\/#primaryimage","url":"https:\/\/www.sitsesp.org.br\/novo\/wp-content\/uploads\/2021\/03\/SITSESP-EM-MOVIMENTO-2503.gif","contentUrl":"https:\/\/www.sitsesp.org.br\/novo\/wp-content\/uploads\/2021\/03\/SITSESP-EM-MOVIMENTO-2503.gif","width":800,"height":800,"caption":"SITSESP EM MOVIMENTO"},{"@type":"BreadcrumbList","@id":"https:\/\/www.sitsesp.org.br\/novo\/sitsesp-em-movimento-sindicato-entra-com-acao-referente-as-alteracoes-da-cota-parte-no-convenio-da-amil\/#breadcrumb","itemListElement":[{"@type":"ListItem","position":1,"name":"In\u00edcio","item":"https:\/\/www.sitsesp.org.br\/novo\/"},{"@type":"ListItem","position":2,"name":"SITSESP EM MOVIMENTO | Sindicato entra com a\u00e7\u00e3o referente as altera\u00e7\u00f5es da COTA PARTE no conv\u00eanio da AMIL"}]},{"@type":"WebSite","@id":"https:\/\/www.sitsesp.org.br\/novo\/#website","url":"https:\/\/www.sitsesp.org.br\/novo\/","name":"Sitsesp","description":"SIndicato da Socioeduca\u00e7\u00e3o do Estado de S\u00e3o Paulo","publisher":{"@id":"https:\/\/www.sitsesp.org.br\/novo\/#organization"},"potentialAction":[{"@type":"SearchAction","target":{"@type":"EntryPoint","urlTemplate":"https:\/\/www.sitsesp.org.br\/novo\/?s={search_term_string}"},"query-input":"required name=search_term_string"}],"inLanguage":"pt-BR"},{"@type":"Organization","@id":"https:\/\/www.sitsesp.org.br\/novo\/#organization","name":"Sitsesp","url":"https:\/\/www.sitsesp.org.br\/novo\/","logo":{"@type":"ImageObject","inLanguage":"pt-BR","@id":"https:\/\/www.sitsesp.org.br\/novo\/#\/schema\/logo\/image\/","url":"https:\/\/www.sitsesp.org.br\/novo\/wp-content\/uploads\/2020\/09\/Design-sem-nome-1.jpg","contentUrl":"https:\/\/www.sitsesp.org.br\/novo\/wp-content\/uploads\/2020\/09\/Design-sem-nome-1.jpg","width":300,"height":300,"caption":"Sitsesp"},"image":{"@id":"https:\/\/www.sitsesp.org.br\/novo\/#\/schema\/logo\/image\/"}},{"@type":"Person","@id":"https:\/\/www.sitsesp.org.br\/novo\/#\/schema\/person\/28e42eec160f373e81d0183b3643edbf","name":"imprensa","image":{"@type":"ImageObject","inLanguage":"pt-BR","@id":"https:\/\/www.sitsesp.org.br\/novo\/#\/schema\/person\/image\/","url":"https:\/\/secure.gravatar.com\/avatar\/8d6ccd8d7d52b8959f34154e87d3fa29?s=96&d=mm&r=g","contentUrl":"https:\/\/secure.gravatar.com\/avatar\/8d6ccd8d7d52b8959f34154e87d3fa29?s=96&d=mm&r=g","caption":"imprensa"}}]}},"_links":{"self":[{"href":"https:\/\/www.sitsesp.org.br\/novo\/wp-json\/wp\/v2\/posts\/5849"}],"collection":[{"href":"https:\/\/www.sitsesp.org.br\/novo\/wp-json\/wp\/v2\/posts"}],"about":[{"href":"https:\/\/www.sitsesp.org.br\/novo\/wp-json\/wp\/v2\/types\/post"}],"author":[{"embeddable":true,"href":"https:\/\/www.sitsesp.org.br\/novo\/wp-json\/wp\/v2\/users\/5"}],"replies":[{"embeddable":true,"href":"https:\/\/www.sitsesp.org.br\/novo\/wp-json\/wp\/v2\/comments?post=5849"}],"version-history":[{"count":1,"href":"https:\/\/www.sitsesp.org.br\/novo\/wp-json\/wp\/v2\/posts\/5849\/revisions"}],"predecessor-version":[{"id":5851,"href":"https:\/\/www.sitsesp.org.br\/novo\/wp-json\/wp\/v2\/posts\/5849\/revisions\/5851"}],"wp:featuredmedia":[{"embeddable":true,"href":"https:\/\/www.sitsesp.org.br\/novo\/wp-json\/wp\/v2\/media\/5850"}],"wp:attachment":[{"href":"https:\/\/www.sitsesp.org.br\/novo\/wp-json\/wp\/v2\/media?parent=5849"}],"wp:term":[{"taxonomy":"category","embeddable":true,"href":"https:\/\/www.sitsesp.org.br\/novo\/wp-json\/wp\/v2\/categories?post=5849"},{"taxonomy":"post_tag","embeddable":true,"href":"https:\/\/www.sitsesp.org.br\/novo\/wp-json\/wp\/v2\/tags?post=5849"}],"curies":[{"name":"wp","href":"https:\/\/api.w.org\/{rel}","templated":true}]}}