{"id":5852,"date":"2021-03-25T15:32:12","date_gmt":"2021-03-25T18:32:12","guid":{"rendered":"https:\/\/sitsesp.org.br\/novo\/?p=5852"},"modified":"2021-03-25T16:33:52","modified_gmt":"2021-03-25T19:33:52","slug":"sitsesp-entra-com-acao-para-que-a-fundacao-casa-respeite-as-medidas-adotadas-nos-municipios-que-visam-diminuir-a-proliferacao-da-covid-19","status":"publish","type":"post","link":"https:\/\/www.sitsesp.org.br\/novo\/sitsesp-entra-com-acao-para-que-a-fundacao-casa-respeite-as-medidas-adotadas-nos-municipios-que-visam-diminuir-a-proliferacao-da-covid-19\/","title":{"rendered":"SITSESP ENTRA COM A\u00c7\u00c3O PARA QUE A FUNDA\u00c7\u00c3O CASA RESPEITE AS MEDIDAS ADOTADAS NOS MUNIC\u00cdPIOS QUE VISAM DIMINUIR A PROLIFERA\u00c7\u00c3O DA COVID-19"},"content":{"rendered":"<p><!-- VideographyWP Plugin Message: Automatic video embedding prevented by plugin options. --><\/p>\n<div>No dia de hoje o SITSESP entrou com a\u00e7\u00e3o civil coletiva, protocolo 1000346-42.2021.5.0025, pois a Funda\u00e7\u00e3o CASA se recusa em aderir a antecipa\u00e7\u00e3o dos feriados, medida que busca diminuir a prolifera\u00e7\u00e3o da covid-19 nos munic\u00edpios de S\u00e3o Paulo.<\/div>\n<div><\/div>\n<div>S\u00e3o Paulo \u00e9 o estado com mais \u00f3bitos e cont\u00e1gios de COVID-19, o sistema socioeducativo no estado est\u00e1 sofrendo perdas irrepar\u00e1veis. Toda medida que venha a combater a prolifera\u00e7\u00e3o do v\u00edrus deveria ser adotada pela Funda\u00e7\u00e3o CASA, mas o que vemos \u00e9 a irresponsabilidade da institui\u00e7\u00e3o com as vidas e sa\u00fade dos servidores e servidoras do sistema socioeducativo. A Funda\u00e7\u00e3o CASA \u201cafronta diretamente o alcance social dos atos normativos municipais que adotaram medidas restritivas \u00e0 circula\u00e7\u00e3o de pessoas pelo per\u00edodo de 26 de mar\u00e7o at\u00e9 04 de abril de 2.021\u201d. Acrescentamos, \u201cas regras sanit\u00e1rias fixadas nos Munic\u00edpios atrav\u00e9s dos seus Prefeitos devem ser respeitadas uma a uma, sob pena de viola\u00e7\u00e3o do princ\u00edpio da autonomia administrativa dos Munic\u00edpios\u201d.<\/div>\n<div><\/div>\n<div>A entidade sindical \u2013 SITSESP, preza pelo bem estar da categoria e por uma socioeduca\u00e7\u00e3o de excel\u00eancia e sempre estar\u00e1 em defesa da categoria denunciando as m\u00e1s gest\u00f5es da institui\u00e7\u00e3o e do governador de S\u00e3o Paulo. O SITSESP exige da Funda\u00e7\u00e3o que adote as medidas restritivas \u00e0 circula\u00e7\u00e3o de pessoas nos dias 26, 29, 30 e 31 de mar\u00e7o de 2021 e 1\u00ba de abril de 2021 e que se abstenha de exigir a presta\u00e7\u00e3o de servi\u00e7os dos servidores que exercem atividades nos setores administrativos, pedag\u00f3gico, psicossocial e operacional.<\/div>\n","protected":false},"excerpt":{"rendered":"<p>No dia de hoje o SITSESP entrou com a\u00e7\u00e3o civil coletiva, protocolo 1000346-42.2021.5.0025, pois a Funda\u00e7\u00e3o CASA se recusa em aderir&hellip;<\/p>\n","protected":false},"author":5,"featured_media":5862,"comment_status":"open","ping_status":"open","sticky":false,"template":"","format":"standard","meta":{"cybocfi_hide_featured_image":"","footnotes":""},"categories":[27,22],"tags":[45,47,50,49,37],"yoast_head":"<!-- This site is optimized with the Yoast SEO plugin v22.8 - https:\/\/yoast.com\/wordpress\/plugins\/seo\/ -->\n<title>SITSESP ENTRA COM A\u00c7\u00c3O PARA QUE A FUNDA\u00c7\u00c3O CASA RESPEITE AS MEDIDAS ADOTADAS NOS MUNIC\u00cdPIOS QUE VISAM DIMINUIR A PROLIFERA\u00c7\u00c3O DA COVID-19 - SITSESP<\/title>\n<meta name=\"robots\" content=\"index, follow, max-snippet:-1, max-image-preview:large, max-video-preview:-1\" \/>\n<link rel=\"canonical\" href=\"https:\/\/www.sitsesp.org.br\/novo\/sitsesp-entra-com-acao-para-que-a-fundacao-casa-respeite-as-medidas-adotadas-nos-municipios-que-visam-diminuir-a-proliferacao-da-covid-19\/\" \/>\n<meta property=\"og:locale\" content=\"pt_BR\" \/>\n<meta property=\"og:type\" content=\"article\" \/>\n<meta property=\"og:title\" content=\"SITSESP ENTRA COM A\u00c7\u00c3O PARA QUE A FUNDA\u00c7\u00c3O CASA RESPEITE AS MEDIDAS ADOTADAS NOS MUNIC\u00cdPIOS QUE VISAM DIMINUIR A PROLIFERA\u00c7\u00c3O DA COVID-19 - SITSESP\" \/>\n<meta property=\"og:description\" content=\"No dia de hoje o SITSESP entrou com a\u00e7\u00e3o civil coletiva, protocolo 1000346-42.2021.5.0025, pois a Funda\u00e7\u00e3o CASA se recusa em aderir&hellip;\" \/>\n<meta property=\"og:url\" content=\"https:\/\/www.sitsesp.org.br\/novo\/sitsesp-entra-com-acao-para-que-a-fundacao-casa-respeite-as-medidas-adotadas-nos-municipios-que-visam-diminuir-a-proliferacao-da-covid-19\/\" \/>\n<meta property=\"og:site_name\" content=\"SITSESP\" \/>\n<meta property=\"article:published_time\" content=\"2021-03-25T18:32:12+00:00\" \/>\n<meta property=\"article:modified_time\" content=\"2021-03-25T19:33:52+00:00\" \/>\n<meta property=\"og:image\" content=\"https:\/\/www.sitsesp.org.br\/novo\/wp-content\/uploads\/2021\/03\/atualizar.gif\" \/>\n\t<meta property=\"og:image:width\" content=\"800\" \/>\n\t<meta property=\"og:image:height\" content=\"800\" \/>\n\t<meta property=\"og:image:type\" content=\"image\/gif\" \/>\n<meta name=\"author\" content=\"imprensa\" \/>\n<meta name=\"twitter:card\" content=\"summary_large_image\" \/>\n<meta name=\"twitter:label1\" content=\"Escrito por\" \/>\n\t<meta name=\"twitter:data1\" content=\"imprensa\" \/>\n\t<meta name=\"twitter:label2\" content=\"Est. tempo de leitura\" \/>\n\t<meta name=\"twitter:data2\" content=\"1 minuto\" \/>\n<script type=\"application\/ld+json\" class=\"yoast-schema-graph\">{\"@context\":\"https:\/\/schema.org\",\"@graph\":[{\"@type\":\"Article\",\"@id\":\"https:\/\/www.sitsesp.org.br\/novo\/sitsesp-entra-com-acao-para-que-a-fundacao-casa-respeite-as-medidas-adotadas-nos-municipios-que-visam-diminuir-a-proliferacao-da-covid-19\/#article\",\"isPartOf\":{\"@id\":\"https:\/\/www.sitsesp.org.br\/novo\/sitsesp-entra-com-acao-para-que-a-fundacao-casa-respeite-as-medidas-adotadas-nos-municipios-que-visam-diminuir-a-proliferacao-da-covid-19\/\"},\"author\":{\"name\":\"imprensa\",\"@id\":\"https:\/\/www.sitsesp.org.br\/novo\/#\/schema\/person\/28e42eec160f373e81d0183b3643edbf\"},\"headline\":\"SITSESP ENTRA COM A\u00c7\u00c3O PARA QUE A FUNDA\u00c7\u00c3O CASA RESPEITE AS MEDIDAS ADOTADAS NOS MUNIC\u00cdPIOS QUE VISAM DIMINUIR A PROLIFERA\u00c7\u00c3O DA COVID-19\",\"datePublished\":\"2021-03-25T18:32:12+00:00\",\"dateModified\":\"2021-03-25T19:33:52+00:00\",\"mainEntityOfPage\":{\"@id\":\"https:\/\/www.sitsesp.org.br\/novo\/sitsesp-entra-com-acao-para-que-a-fundacao-casa-respeite-as-medidas-adotadas-nos-municipios-que-visam-diminuir-a-proliferacao-da-covid-19\/\"},\"wordCount\":292,\"commentCount\":0,\"publisher\":{\"@id\":\"https:\/\/www.sitsesp.org.br\/novo\/#organization\"},\"image\":{\"@id\":\"https:\/\/www.sitsesp.org.br\/novo\/sitsesp-entra-com-acao-para-que-a-fundacao-casa-respeite-as-medidas-adotadas-nos-municipios-que-visam-diminuir-a-proliferacao-da-covid-19\/#primaryimage\"},\"thumbnailUrl\":\"https:\/\/www.sitsesp.org.br\/novo\/wp-content\/uploads\/2021\/03\/atualizar.gif\",\"keywords\":[\"2021\",\"covid19\",\"JUR\u00cdDICO\",\"sa\u00fade\",\"SITSESP\"],\"articleSection\":[\"Destaque\",\"Noticias\"],\"inLanguage\":\"pt-BR\",\"potentialAction\":[{\"@type\":\"CommentAction\",\"name\":\"Comment\",\"target\":[\"https:\/\/www.sitsesp.org.br\/novo\/sitsesp-entra-com-acao-para-que-a-fundacao-casa-respeite-as-medidas-adotadas-nos-municipios-que-visam-diminuir-a-proliferacao-da-covid-19\/#respond\"]}]},{\"@type\":\"WebPage\",\"@id\":\"https:\/\/www.sitsesp.org.br\/novo\/sitsesp-entra-com-acao-para-que-a-fundacao-casa-respeite-as-medidas-adotadas-nos-municipios-que-visam-diminuir-a-proliferacao-da-covid-19\/\",\"url\":\"https:\/\/www.sitsesp.org.br\/novo\/sitsesp-entra-com-acao-para-que-a-fundacao-casa-respeite-as-medidas-adotadas-nos-municipios-que-visam-diminuir-a-proliferacao-da-covid-19\/\",\"name\":\"SITSESP ENTRA COM A\u00c7\u00c3O PARA QUE A FUNDA\u00c7\u00c3O CASA RESPEITE AS MEDIDAS ADOTADAS NOS MUNIC\u00cdPIOS QUE VISAM DIMINUIR A PROLIFERA\u00c7\u00c3O DA COVID-19 - SITSESP\",\"isPartOf\":{\"@id\":\"https:\/\/www.sitsesp.org.br\/novo\/#website\"},\"primaryImageOfPage\":{\"@id\":\"https:\/\/www.sitsesp.org.br\/novo\/sitsesp-entra-com-acao-para-que-a-fundacao-casa-respeite-as-medidas-adotadas-nos-municipios-que-visam-diminuir-a-proliferacao-da-covid-19\/#primaryimage\"},\"image\":{\"@id\":\"https:\/\/www.sitsesp.org.br\/novo\/sitsesp-entra-com-acao-para-que-a-fundacao-casa-respeite-as-medidas-adotadas-nos-municipios-que-visam-diminuir-a-proliferacao-da-covid-19\/#primaryimage\"},\"thumbnailUrl\":\"https:\/\/www.sitsesp.org.br\/novo\/wp-content\/uploads\/2021\/03\/atualizar.gif\",\"datePublished\":\"2021-03-25T18:32:12+00:00\",\"dateModified\":\"2021-03-25T19:33:52+00:00\",\"breadcrumb\":{\"@id\":\"https:\/\/www.sitsesp.org.br\/novo\/sitsesp-entra-com-acao-para-que-a-fundacao-casa-respeite-as-medidas-adotadas-nos-municipios-que-visam-diminuir-a-proliferacao-da-covid-19\/#breadcrumb\"},\"inLanguage\":\"pt-BR\",\"potentialAction\":[{\"@type\":\"ReadAction\",\"target\":[\"https:\/\/www.sitsesp.org.br\/novo\/sitsesp-entra-com-acao-para-que-a-fundacao-casa-respeite-as-medidas-adotadas-nos-municipios-que-visam-diminuir-a-proliferacao-da-covid-19\/\"]}]},{\"@type\":\"ImageObject\",\"inLanguage\":\"pt-BR\",\"@id\":\"https:\/\/www.sitsesp.org.br\/novo\/sitsesp-entra-com-acao-para-que-a-fundacao-casa-respeite-as-medidas-adotadas-nos-municipios-que-visam-diminuir-a-proliferacao-da-covid-19\/#primaryimage\",\"url\":\"https:\/\/www.sitsesp.org.br\/novo\/wp-content\/uploads\/2021\/03\/atualizar.gif\",\"contentUrl\":\"https:\/\/www.sitsesp.org.br\/novo\/wp-content\/uploads\/2021\/03\/atualizar.gif\",\"width\":800,\"height\":800},{\"@type\":\"BreadcrumbList\",\"@id\":\"https:\/\/www.sitsesp.org.br\/novo\/sitsesp-entra-com-acao-para-que-a-fundacao-casa-respeite-as-medidas-adotadas-nos-municipios-que-visam-diminuir-a-proliferacao-da-covid-19\/#breadcrumb\",\"itemListElement\":[{\"@type\":\"ListItem\",\"position\":1,\"name\":\"In\u00edcio\",\"item\":\"https:\/\/www.sitsesp.org.br\/novo\/\"},{\"@type\":\"ListItem\",\"position\":2,\"name\":\"SITSESP ENTRA COM A\u00c7\u00c3O PARA QUE A FUNDA\u00c7\u00c3O CASA RESPEITE AS MEDIDAS ADOTADAS NOS MUNIC\u00cdPIOS QUE VISAM DIMINUIR A PROLIFERA\u00c7\u00c3O DA COVID-19\"}]},{\"@type\":\"WebSite\",\"@id\":\"https:\/\/www.sitsesp.org.br\/novo\/#website\",\"url\":\"https:\/\/www.sitsesp.org.br\/novo\/\",\"name\":\"Sitsesp\",\"description\":\"SIndicato da Socioeduca\u00e7\u00e3o do Estado de S\u00e3o Paulo\",\"publisher\":{\"@id\":\"https:\/\/www.sitsesp.org.br\/novo\/#organization\"},\"potentialAction\":[{\"@type\":\"SearchAction\",\"target\":{\"@type\":\"EntryPoint\",\"urlTemplate\":\"https:\/\/www.sitsesp.org.br\/novo\/?s={search_term_string}\"},\"query-input\":\"required name=search_term_string\"}],\"inLanguage\":\"pt-BR\"},{\"@type\":\"Organization\",\"@id\":\"https:\/\/www.sitsesp.org.br\/novo\/#organization\",\"name\":\"Sitsesp\",\"url\":\"https:\/\/www.sitsesp.org.br\/novo\/\",\"logo\":{\"@type\":\"ImageObject\",\"inLanguage\":\"pt-BR\",\"@id\":\"https:\/\/www.sitsesp.org.br\/novo\/#\/schema\/logo\/image\/\",\"url\":\"https:\/\/www.sitsesp.org.br\/novo\/wp-content\/uploads\/2020\/09\/Design-sem-nome-1.jpg\",\"contentUrl\":\"https:\/\/www.sitsesp.org.br\/novo\/wp-content\/uploads\/2020\/09\/Design-sem-nome-1.jpg\",\"width\":300,\"height\":300,\"caption\":\"Sitsesp\"},\"image\":{\"@id\":\"https:\/\/www.sitsesp.org.br\/novo\/#\/schema\/logo\/image\/\"}},{\"@type\":\"Person\",\"@id\":\"https:\/\/www.sitsesp.org.br\/novo\/#\/schema\/person\/28e42eec160f373e81d0183b3643edbf\",\"name\":\"imprensa\",\"image\":{\"@type\":\"ImageObject\",\"inLanguage\":\"pt-BR\",\"@id\":\"https:\/\/www.sitsesp.org.br\/novo\/#\/schema\/person\/image\/\",\"url\":\"https:\/\/secure.gravatar.com\/avatar\/8d6ccd8d7d52b8959f34154e87d3fa29?s=96&d=mm&r=g\",\"contentUrl\":\"https:\/\/secure.gravatar.com\/avatar\/8d6ccd8d7d52b8959f34154e87d3fa29?s=96&d=mm&r=g\",\"caption\":\"imprensa\"}}]}<\/script>\n<!-- \/ Yoast SEO plugin. -->","yoast_head_json":{"title":"SITSESP ENTRA COM A\u00c7\u00c3O PARA QUE A FUNDA\u00c7\u00c3O CASA RESPEITE AS MEDIDAS ADOTADAS NOS MUNIC\u00cdPIOS QUE VISAM DIMINUIR A PROLIFERA\u00c7\u00c3O DA COVID-19 - SITSESP","robots":{"index":"index","follow":"follow","max-snippet":"max-snippet:-1","max-image-preview":"max-image-preview:large","max-video-preview":"max-video-preview:-1"},"canonical":"https:\/\/www.sitsesp.org.br\/novo\/sitsesp-entra-com-acao-para-que-a-fundacao-casa-respeite-as-medidas-adotadas-nos-municipios-que-visam-diminuir-a-proliferacao-da-covid-19\/","og_locale":"pt_BR","og_type":"article","og_title":"SITSESP ENTRA COM A\u00c7\u00c3O PARA QUE A FUNDA\u00c7\u00c3O CASA RESPEITE AS MEDIDAS ADOTADAS NOS MUNIC\u00cdPIOS QUE VISAM DIMINUIR A PROLIFERA\u00c7\u00c3O DA COVID-19 - SITSESP","og_description":"No dia de hoje o SITSESP entrou com a\u00e7\u00e3o civil coletiva, protocolo 1000346-42.2021.5.0025, pois a Funda\u00e7\u00e3o CASA se recusa em aderir&hellip;","og_url":"https:\/\/www.sitsesp.org.br\/novo\/sitsesp-entra-com-acao-para-que-a-fundacao-casa-respeite-as-medidas-adotadas-nos-municipios-que-visam-diminuir-a-proliferacao-da-covid-19\/","og_site_name":"SITSESP","article_published_time":"2021-03-25T18:32:12+00:00","article_modified_time":"2021-03-25T19:33:52+00:00","og_image":[{"width":800,"height":800,"url":"https:\/\/www.sitsesp.org.br\/novo\/wp-content\/uploads\/2021\/03\/atualizar.gif","type":"image\/gif"}],"author":"imprensa","twitter_card":"summary_large_image","twitter_misc":{"Escrito por":"imprensa","Est. tempo de leitura":"1 minuto"},"schema":{"@context":"https:\/\/schema.org","@graph":[{"@type":"Article","@id":"https:\/\/www.sitsesp.org.br\/novo\/sitsesp-entra-com-acao-para-que-a-fundacao-casa-respeite-as-medidas-adotadas-nos-municipios-que-visam-diminuir-a-proliferacao-da-covid-19\/#article","isPartOf":{"@id":"https:\/\/www.sitsesp.org.br\/novo\/sitsesp-entra-com-acao-para-que-a-fundacao-casa-respeite-as-medidas-adotadas-nos-municipios-que-visam-diminuir-a-proliferacao-da-covid-19\/"},"author":{"name":"imprensa","@id":"https:\/\/www.sitsesp.org.br\/novo\/#\/schema\/person\/28e42eec160f373e81d0183b3643edbf"},"headline":"SITSESP ENTRA COM A\u00c7\u00c3O PARA QUE A FUNDA\u00c7\u00c3O CASA RESPEITE AS MEDIDAS ADOTADAS NOS MUNIC\u00cdPIOS QUE VISAM DIMINUIR A PROLIFERA\u00c7\u00c3O DA COVID-19","datePublished":"2021-03-25T18:32:12+00:00","dateModified":"2021-03-25T19:33:52+00:00","mainEntityOfPage":{"@id":"https:\/\/www.sitsesp.org.br\/novo\/sitsesp-entra-com-acao-para-que-a-fundacao-casa-respeite-as-medidas-adotadas-nos-municipios-que-visam-diminuir-a-proliferacao-da-covid-19\/"},"wordCount":292,"commentCount":0,"publisher":{"@id":"https:\/\/www.sitsesp.org.br\/novo\/#organization"},"image":{"@id":"https:\/\/www.sitsesp.org.br\/novo\/sitsesp-entra-com-acao-para-que-a-fundacao-casa-respeite-as-medidas-adotadas-nos-municipios-que-visam-diminuir-a-proliferacao-da-covid-19\/#primaryimage"},"thumbnailUrl":"https:\/\/www.sitsesp.org.br\/novo\/wp-content\/uploads\/2021\/03\/atualizar.gif","keywords":["2021","covid19","JUR\u00cdDICO","sa\u00fade","SITSESP"],"articleSection":["Destaque","Noticias"],"inLanguage":"pt-BR","potentialAction":[{"@type":"CommentAction","name":"Comment","target":["https:\/\/www.sitsesp.org.br\/novo\/sitsesp-entra-com-acao-para-que-a-fundacao-casa-respeite-as-medidas-adotadas-nos-municipios-que-visam-diminuir-a-proliferacao-da-covid-19\/#respond"]}]},{"@type":"WebPage","@id":"https:\/\/www.sitsesp.org.br\/novo\/sitsesp-entra-com-acao-para-que-a-fundacao-casa-respeite-as-medidas-adotadas-nos-municipios-que-visam-diminuir-a-proliferacao-da-covid-19\/","url":"https:\/\/www.sitsesp.org.br\/novo\/sitsesp-entra-com-acao-para-que-a-fundacao-casa-respeite-as-medidas-adotadas-nos-municipios-que-visam-diminuir-a-proliferacao-da-covid-19\/","name":"SITSESP ENTRA COM A\u00c7\u00c3O PARA QUE A FUNDA\u00c7\u00c3O CASA RESPEITE AS MEDIDAS ADOTADAS NOS MUNIC\u00cdPIOS QUE VISAM DIMINUIR A PROLIFERA\u00c7\u00c3O DA COVID-19 - SITSESP","isPartOf":{"@id":"https:\/\/www.sitsesp.org.br\/novo\/#website"},"primaryImageOfPage":{"@id":"https:\/\/www.sitsesp.org.br\/novo\/sitsesp-entra-com-acao-para-que-a-fundacao-casa-respeite-as-medidas-adotadas-nos-municipios-que-visam-diminuir-a-proliferacao-da-covid-19\/#primaryimage"},"image":{"@id":"https:\/\/www.sitsesp.org.br\/novo\/sitsesp-entra-com-acao-para-que-a-fundacao-casa-respeite-as-medidas-adotadas-nos-municipios-que-visam-diminuir-a-proliferacao-da-covid-19\/#primaryimage"},"thumbnailUrl":"https:\/\/www.sitsesp.org.br\/novo\/wp-content\/uploads\/2021\/03\/atualizar.gif","datePublished":"2021-03-25T18:32:12+00:00","dateModified":"2021-03-25T19:33:52+00:00","breadcrumb":{"@id":"https:\/\/www.sitsesp.org.br\/novo\/sitsesp-entra-com-acao-para-que-a-fundacao-casa-respeite-as-medidas-adotadas-nos-municipios-que-visam-diminuir-a-proliferacao-da-covid-19\/#breadcrumb"},"inLanguage":"pt-BR","potentialAction":[{"@type":"ReadAction","target":["https:\/\/www.sitsesp.org.br\/novo\/sitsesp-entra-com-acao-para-que-a-fundacao-casa-respeite-as-medidas-adotadas-nos-municipios-que-visam-diminuir-a-proliferacao-da-covid-19\/"]}]},{"@type":"ImageObject","inLanguage":"pt-BR","@id":"https:\/\/www.sitsesp.org.br\/novo\/sitsesp-entra-com-acao-para-que-a-fundacao-casa-respeite-as-medidas-adotadas-nos-municipios-que-visam-diminuir-a-proliferacao-da-covid-19\/#primaryimage","url":"https:\/\/www.sitsesp.org.br\/novo\/wp-content\/uploads\/2021\/03\/atualizar.gif","contentUrl":"https:\/\/www.sitsesp.org.br\/novo\/wp-content\/uploads\/2021\/03\/atualizar.gif","width":800,"height":800},{"@type":"BreadcrumbList","@id":"https:\/\/www.sitsesp.org.br\/novo\/sitsesp-entra-com-acao-para-que-a-fundacao-casa-respeite-as-medidas-adotadas-nos-municipios-que-visam-diminuir-a-proliferacao-da-covid-19\/#breadcrumb","itemListElement":[{"@type":"ListItem","position":1,"name":"In\u00edcio","item":"https:\/\/www.sitsesp.org.br\/novo\/"},{"@type":"ListItem","position":2,"name":"SITSESP ENTRA COM A\u00c7\u00c3O PARA QUE A FUNDA\u00c7\u00c3O CASA RESPEITE AS MEDIDAS ADOTADAS NOS MUNIC\u00cdPIOS QUE VISAM DIMINUIR A PROLIFERA\u00c7\u00c3O DA COVID-19"}]},{"@type":"WebSite","@id":"https:\/\/www.sitsesp.org.br\/novo\/#website","url":"https:\/\/www.sitsesp.org.br\/novo\/","name":"Sitsesp","description":"SIndicato da Socioeduca\u00e7\u00e3o do Estado de S\u00e3o Paulo","publisher":{"@id":"https:\/\/www.sitsesp.org.br\/novo\/#organization"},"potentialAction":[{"@type":"SearchAction","target":{"@type":"EntryPoint","urlTemplate":"https:\/\/www.sitsesp.org.br\/novo\/?s={search_term_string}"},"query-input":"required name=search_term_string"}],"inLanguage":"pt-BR"},{"@type":"Organization","@id":"https:\/\/www.sitsesp.org.br\/novo\/#organization","name":"Sitsesp","url":"https:\/\/www.sitsesp.org.br\/novo\/","logo":{"@type":"ImageObject","inLanguage":"pt-BR","@id":"https:\/\/www.sitsesp.org.br\/novo\/#\/schema\/logo\/image\/","url":"https:\/\/www.sitsesp.org.br\/novo\/wp-content\/uploads\/2020\/09\/Design-sem-nome-1.jpg","contentUrl":"https:\/\/www.sitsesp.org.br\/novo\/wp-content\/uploads\/2020\/09\/Design-sem-nome-1.jpg","width":300,"height":300,"caption":"Sitsesp"},"image":{"@id":"https:\/\/www.sitsesp.org.br\/novo\/#\/schema\/logo\/image\/"}},{"@type":"Person","@id":"https:\/\/www.sitsesp.org.br\/novo\/#\/schema\/person\/28e42eec160f373e81d0183b3643edbf","name":"imprensa","image":{"@type":"ImageObject","inLanguage":"pt-BR","@id":"https:\/\/www.sitsesp.org.br\/novo\/#\/schema\/person\/image\/","url":"https:\/\/secure.gravatar.com\/avatar\/8d6ccd8d7d52b8959f34154e87d3fa29?s=96&d=mm&r=g","contentUrl":"https:\/\/secure.gravatar.com\/avatar\/8d6ccd8d7d52b8959f34154e87d3fa29?s=96&d=mm&r=g","caption":"imprensa"}}]}},"_links":{"self":[{"href":"https:\/\/www.sitsesp.org.br\/novo\/wp-json\/wp\/v2\/posts\/5852"}],"collection":[{"href":"https:\/\/www.sitsesp.org.br\/novo\/wp-json\/wp\/v2\/posts"}],"about":[{"href":"https:\/\/www.sitsesp.org.br\/novo\/wp-json\/wp\/v2\/types\/post"}],"author":[{"embeddable":true,"href":"https:\/\/www.sitsesp.org.br\/novo\/wp-json\/wp\/v2\/users\/5"}],"replies":[{"embeddable":true,"href":"https:\/\/www.sitsesp.org.br\/novo\/wp-json\/wp\/v2\/comments?post=5852"}],"version-history":[{"count":2,"href":"https:\/\/www.sitsesp.org.br\/novo\/wp-json\/wp\/v2\/posts\/5852\/revisions"}],"predecessor-version":[{"id":5863,"href":"https:\/\/www.sitsesp.org.br\/novo\/wp-json\/wp\/v2\/posts\/5852\/revisions\/5863"}],"wp:featuredmedia":[{"embeddable":true,"href":"https:\/\/www.sitsesp.org.br\/novo\/wp-json\/wp\/v2\/media\/5862"}],"wp:attachment":[{"href":"https:\/\/www.sitsesp.org.br\/novo\/wp-json\/wp\/v2\/media?parent=5852"}],"wp:term":[{"taxonomy":"category","embeddable":true,"href":"https:\/\/www.sitsesp.org.br\/novo\/wp-json\/wp\/v2\/categories?post=5852"},{"taxonomy":"post_tag","embeddable":true,"href":"https:\/\/www.sitsesp.org.br\/novo\/wp-json\/wp\/v2\/tags?post=5852"}],"curies":[{"name":"wp","href":"https:\/\/api.w.org\/{rel}","templated":true}]}}