{"id":5882,"date":"2021-03-26T11:05:43","date_gmt":"2021-03-26T14:05:43","guid":{"rendered":"https:\/\/sitsesp.org.br\/novo\/?p=5882"},"modified":"2021-03-26T11:19:39","modified_gmt":"2021-03-26T14:19:39","slug":"fundacao-casa-encerra-compartilhamento-com-a-pastoral-do-menor-de-franca-e-em-diversas-diretorias-regionais-pelo-estado","status":"publish","type":"post","link":"https:\/\/www.sitsesp.org.br\/novo\/fundacao-casa-encerra-compartilhamento-com-a-pastoral-do-menor-de-franca-e-em-diversas-diretorias-regionais-pelo-estado\/","title":{"rendered":"FUNDA\u00c7\u00c3O CASA ENCERRA COMPARTILHAMENTO COM A PASTORAL DO MENOR DE FRANCA E EM DIVERSAS DIRETORIAS REGIONAIS PELO ESTADO"},"content":{"rendered":"<p><!-- VideographyWP Plugin Message: Automatic video embedding prevented by plugin options. --><br \/>\nAp\u00f3s comunicar \u00e0 Pastoral do Menor de Franca (DRN) que o sistema de compartilhamento entre Funda\u00e7\u00e3o e Pastoral ter\u00e1 seu encerramento a partir do dia 31 de outubro pr\u00f3ximo, a Funda\u00e7\u00e3o CASA abre uma enxurrada de vagas para diversas Diretorias Regionais.<\/p>\n<p>N\u00f3s como trabalhadores devemos ser condolentes com a situa\u00e7\u00e3o desses profissionais que estar\u00e3o perdendo seus empregos aumentando ainda mais a lista de desempregados por todo o pa\u00eds e especificamente, em S\u00e3o Paulo.<\/p>\n<p>Por outro lado, estar\u00e1 aberta oportunidades para que centenas de servidores concursados possam retornar para seus locais de origem domiciliar, sen\u00e3o, perto deles.<\/p>\n<p>Ainda \u00e9 prematuro fazermos uma an\u00e1lise de direito pelo que poder\u00e1 vir por a\u00ed, haja vista que, a Funda\u00e7\u00e3o CASA foi, \u00e9 e sempre ser\u00e1 uma caixinha de surpresas para a categoria socioeducativa. N\u00e3o \u00e9 de hoje que escutamos pelos bastidores que uma certa organiza\u00e7\u00e3o evang\u00e9lica tem o interesse de \u201cabra\u00e7ar\u201d o sistema socioeducativo no Estado de S\u00e3o Paulo.<\/p>\n<p>O SITSESP se mant\u00e9m atento aos acontecimentos e, mais uma vez, condolente com a situa\u00e7\u00e3o dos trabalhadores que est\u00e3o prestes a perderem seus empregos em um momento t\u00e3o dif\u00edcil para todos.<\/p>\n<a href=\"https:\/\/sitsesp.org.br\/novo\/wp-content\/uploads\/2021\/03\/COMUNICADO-DRH-021.21-COMPL.-CERQ.-CESAR-CASA-ANITA-GARIBALDI.pdf\" class=\"pdfemb-viewer\" style=\"\" data-width=\"max\" data-height=\"max\" data-toolbar=\"bottom\" data-toolbar-fixed=\"off\">COMUNICADO DRH 021.21- COMPL. CERQ. CESAR - CASA ANITA GARIBALDI<\/a>\n<a href=\"https:\/\/sitsesp.org.br\/novo\/wp-content\/uploads\/2021\/03\/COMUNICADO-DRH-023.21-CASA-CARAGUATATUBA.pdf\" class=\"pdfemb-viewer\" style=\"\" data-width=\"max\" data-height=\"max\" data-toolbar=\"bottom\" data-toolbar-fixed=\"off\">COMUNICADO DRH 023.21 - CASA CARAGUATATUBA<\/a>\n<a href=\"https:\/\/sitsesp.org.br\/novo\/wp-content\/uploads\/2021\/03\/COMUNICADO-DRH-024.21-CASA-DIADEMA.pdf\" class=\"pdfemb-viewer\" style=\"\" data-width=\"max\" data-height=\"max\" data-toolbar=\"bottom\" data-toolbar-fixed=\"off\">COMUNICADO DRH 024.21 - CASA DIADEMA<\/a>\n<a href=\"https:\/\/sitsesp.org.br\/novo\/wp-content\/uploads\/2021\/03\/COMUNICADO-DRH-025.21-CASA-TANABI.pdf\" class=\"pdfemb-viewer\" style=\"\" data-width=\"max\" data-height=\"max\" data-toolbar=\"bottom\" data-toolbar-fixed=\"off\">COMUNICADO DRH 025.21 - CASA TANABI<\/a>\n<a href=\"https:\/\/sitsesp.org.br\/novo\/wp-content\/uploads\/2021\/03\/COMUNICADO-DRH-026.21-CASA-BOTUCATU.pdf\" class=\"pdfemb-viewer\" style=\"\" data-width=\"max\" data-height=\"max\" data-toolbar=\"bottom\" data-toolbar-fixed=\"off\">COMUNICADO DRH 026.21 - CASA BOTUCATU<\/a>\n<a href=\"https:\/\/sitsesp.org.br\/novo\/wp-content\/uploads\/2021\/03\/COMUNICADO-DRH-027.21-COMPL.-SOROCABA-1.pdf\" class=\"pdfemb-viewer\" style=\"\" data-width=\"max\" data-height=\"max\" data-toolbar=\"bottom\" data-toolbar-fixed=\"off\">COMUNICADO DRH 027.21 - COMPL. SOROCABA (1)<\/a>\n<a href=\"https:\/\/sitsesp.org.br\/novo\/wp-content\/uploads\/2021\/03\/COMUNICADO-DRH-028.21-CASA-ESCOLA-RIO-CLARO.pdf\" class=\"pdfemb-viewer\" style=\"\" data-width=\"max\" data-height=\"max\" data-toolbar=\"bottom\" data-toolbar-fixed=\"off\">COMUNICADO DRH 028.21 - CASA ESCOLA RIO CLARO<\/a>\n<a href=\"https:\/\/sitsesp.org.br\/novo\/wp-content\/uploads\/2021\/03\/COMUNICADO-DRH-029.21-COMPL.-FRANCA.pdf\" class=\"pdfemb-viewer\" style=\"\" data-width=\"max\" data-height=\"max\" data-toolbar=\"bottom\" data-toolbar-fixed=\"off\">COMUNICADO DRH 029.21 - COMPL. FRANCA<\/a>\n","protected":false},"excerpt":{"rendered":"<p>Ap\u00f3s comunicar \u00e0 Pastoral do Menor de Franca (DRN) que o sistema de compartilhamento entre Funda\u00e7\u00e3o e Pastoral ter\u00e1 seu encerramento&hellip;<\/p>\n","protected":false},"author":5,"featured_media":5883,"comment_status":"open","ping_status":"open","sticky":false,"template":"","format":"standard","meta":{"cybocfi_hide_featured_image":"","footnotes":""},"categories":[27,22],"tags":[45,38,50,37,39],"yoast_head":"<!-- This site is optimized with the Yoast SEO plugin v22.8 - https:\/\/yoast.com\/wordpress\/plugins\/seo\/ -->\n<title>FUNDA\u00c7\u00c3O CASA ENCERRA COMPARTILHAMENTO COM A PASTORAL DO MENOR DE FRANCA E EM DIVERSAS DIRETORIAS REGIONAIS PELO ESTADO - SITSESP<\/title>\n<meta name=\"robots\" content=\"index, follow, max-snippet:-1, max-image-preview:large, max-video-preview:-1\" \/>\n<link rel=\"canonical\" href=\"https:\/\/www.sitsesp.org.br\/novo\/fundacao-casa-encerra-compartilhamento-com-a-pastoral-do-menor-de-franca-e-em-diversas-diretorias-regionais-pelo-estado\/\" \/>\n<meta property=\"og:locale\" content=\"pt_BR\" \/>\n<meta property=\"og:type\" content=\"article\" \/>\n<meta property=\"og:title\" content=\"FUNDA\u00c7\u00c3O CASA ENCERRA COMPARTILHAMENTO COM A PASTORAL DO MENOR DE FRANCA E EM DIVERSAS DIRETORIAS REGIONAIS PELO ESTADO - SITSESP\" \/>\n<meta property=\"og:description\" content=\"Ap\u00f3s comunicar \u00e0 Pastoral do Menor de Franca (DRN) que o sistema de compartilhamento entre Funda\u00e7\u00e3o e Pastoral ter\u00e1 seu encerramento&hellip;\" \/>\n<meta property=\"og:url\" content=\"https:\/\/www.sitsesp.org.br\/novo\/fundacao-casa-encerra-compartilhamento-com-a-pastoral-do-menor-de-franca-e-em-diversas-diretorias-regionais-pelo-estado\/\" \/>\n<meta property=\"og:site_name\" content=\"SITSESP\" \/>\n<meta property=\"article:published_time\" content=\"2021-03-26T14:05:43+00:00\" \/>\n<meta property=\"article:modified_time\" content=\"2021-03-26T14:19:39+00:00\" \/>\n<meta property=\"og:image\" content=\"https:\/\/www.sitsesp.org.br\/novo\/wp-content\/uploads\/2021\/03\/FUNDACAO-CASA-ENCERRA-COMPARTILHAMENTO-COM-A-PASTORAL-DO-MENOR-DE-FRANCA-E-EM-DIVERSAS-DIRETORIAS-REGIONAIS-PELO-ESTADO.gif\" \/>\n\t<meta property=\"og:image:width\" content=\"800\" \/>\n\t<meta property=\"og:image:height\" content=\"800\" \/>\n\t<meta property=\"og:image:type\" content=\"image\/gif\" \/>\n<meta name=\"author\" content=\"imprensa\" \/>\n<meta name=\"twitter:card\" content=\"summary_large_image\" \/>\n<meta name=\"twitter:label1\" content=\"Escrito por\" \/>\n\t<meta name=\"twitter:data1\" content=\"imprensa\" \/>\n\t<meta name=\"twitter:label2\" content=\"Est. tempo de leitura\" \/>\n\t<meta name=\"twitter:data2\" content=\"2 minutos\" \/>\n<script type=\"application\/ld+json\" class=\"yoast-schema-graph\">{\"@context\":\"https:\/\/schema.org\",\"@graph\":[{\"@type\":\"Article\",\"@id\":\"https:\/\/www.sitsesp.org.br\/novo\/fundacao-casa-encerra-compartilhamento-com-a-pastoral-do-menor-de-franca-e-em-diversas-diretorias-regionais-pelo-estado\/#article\",\"isPartOf\":{\"@id\":\"https:\/\/www.sitsesp.org.br\/novo\/fundacao-casa-encerra-compartilhamento-com-a-pastoral-do-menor-de-franca-e-em-diversas-diretorias-regionais-pelo-estado\/\"},\"author\":{\"name\":\"imprensa\",\"@id\":\"https:\/\/www.sitsesp.org.br\/novo\/#\/schema\/person\/28e42eec160f373e81d0183b3643edbf\"},\"headline\":\"FUNDA\u00c7\u00c3O CASA ENCERRA COMPARTILHAMENTO COM A PASTORAL DO MENOR DE FRANCA E EM DIVERSAS DIRETORIAS REGIONAIS PELO ESTADO\",\"datePublished\":\"2021-03-26T14:05:43+00:00\",\"dateModified\":\"2021-03-26T14:19:39+00:00\",\"mainEntityOfPage\":{\"@id\":\"https:\/\/www.sitsesp.org.br\/novo\/fundacao-casa-encerra-compartilhamento-com-a-pastoral-do-menor-de-franca-e-em-diversas-diretorias-regionais-pelo-estado\/\"},\"wordCount\":377,\"commentCount\":0,\"publisher\":{\"@id\":\"https:\/\/www.sitsesp.org.br\/novo\/#organization\"},\"image\":{\"@id\":\"https:\/\/www.sitsesp.org.br\/novo\/fundacao-casa-encerra-compartilhamento-com-a-pastoral-do-menor-de-franca-e-em-diversas-diretorias-regionais-pelo-estado\/#primaryimage\"},\"thumbnailUrl\":\"https:\/\/www.sitsesp.org.br\/novo\/wp-content\/uploads\/2021\/03\/FUNDACAO-CASA-ENCERRA-COMPARTILHAMENTO-COM-A-PASTORAL-DO-MENOR-DE-FRANCA-E-EM-DIVERSAS-DIRETORIAS-REGIONAIS-PELO-ESTADO.gif\",\"keywords\":[\"2021\",\"Funda\u00e7\u00e3o CASA\",\"JUR\u00cdDICO\",\"SITSESP\",\"SOCIOEDUCA\u00c7\u00c3O\"],\"articleSection\":[\"Destaque\",\"Noticias\"],\"inLanguage\":\"pt-BR\",\"potentialAction\":[{\"@type\":\"CommentAction\",\"name\":\"Comment\",\"target\":[\"https:\/\/www.sitsesp.org.br\/novo\/fundacao-casa-encerra-compartilhamento-com-a-pastoral-do-menor-de-franca-e-em-diversas-diretorias-regionais-pelo-estado\/#respond\"]}]},{\"@type\":\"WebPage\",\"@id\":\"https:\/\/www.sitsesp.org.br\/novo\/fundacao-casa-encerra-compartilhamento-com-a-pastoral-do-menor-de-franca-e-em-diversas-diretorias-regionais-pelo-estado\/\",\"url\":\"https:\/\/www.sitsesp.org.br\/novo\/fundacao-casa-encerra-compartilhamento-com-a-pastoral-do-menor-de-franca-e-em-diversas-diretorias-regionais-pelo-estado\/\",\"name\":\"FUNDA\u00c7\u00c3O CASA ENCERRA COMPARTILHAMENTO COM A PASTORAL DO MENOR DE FRANCA E EM DIVERSAS DIRETORIAS REGIONAIS PELO ESTADO - SITSESP\",\"isPartOf\":{\"@id\":\"https:\/\/www.sitsesp.org.br\/novo\/#website\"},\"primaryImageOfPage\":{\"@id\":\"https:\/\/www.sitsesp.org.br\/novo\/fundacao-casa-encerra-compartilhamento-com-a-pastoral-do-menor-de-franca-e-em-diversas-diretorias-regionais-pelo-estado\/#primaryimage\"},\"image\":{\"@id\":\"https:\/\/www.sitsesp.org.br\/novo\/fundacao-casa-encerra-compartilhamento-com-a-pastoral-do-menor-de-franca-e-em-diversas-diretorias-regionais-pelo-estado\/#primaryimage\"},\"thumbnailUrl\":\"https:\/\/www.sitsesp.org.br\/novo\/wp-content\/uploads\/2021\/03\/FUNDACAO-CASA-ENCERRA-COMPARTILHAMENTO-COM-A-PASTORAL-DO-MENOR-DE-FRANCA-E-EM-DIVERSAS-DIRETORIAS-REGIONAIS-PELO-ESTADO.gif\",\"datePublished\":\"2021-03-26T14:05:43+00:00\",\"dateModified\":\"2021-03-26T14:19:39+00:00\",\"breadcrumb\":{\"@id\":\"https:\/\/www.sitsesp.org.br\/novo\/fundacao-casa-encerra-compartilhamento-com-a-pastoral-do-menor-de-franca-e-em-diversas-diretorias-regionais-pelo-estado\/#breadcrumb\"},\"inLanguage\":\"pt-BR\",\"potentialAction\":[{\"@type\":\"ReadAction\",\"target\":[\"https:\/\/www.sitsesp.org.br\/novo\/fundacao-casa-encerra-compartilhamento-com-a-pastoral-do-menor-de-franca-e-em-diversas-diretorias-regionais-pelo-estado\/\"]}]},{\"@type\":\"ImageObject\",\"inLanguage\":\"pt-BR\",\"@id\":\"https:\/\/www.sitsesp.org.br\/novo\/fundacao-casa-encerra-compartilhamento-com-a-pastoral-do-menor-de-franca-e-em-diversas-diretorias-regionais-pelo-estado\/#primaryimage\",\"url\":\"https:\/\/www.sitsesp.org.br\/novo\/wp-content\/uploads\/2021\/03\/FUNDACAO-CASA-ENCERRA-COMPARTILHAMENTO-COM-A-PASTORAL-DO-MENOR-DE-FRANCA-E-EM-DIVERSAS-DIRETORIAS-REGIONAIS-PELO-ESTADO.gif\",\"contentUrl\":\"https:\/\/www.sitsesp.org.br\/novo\/wp-content\/uploads\/2021\/03\/FUNDACAO-CASA-ENCERRA-COMPARTILHAMENTO-COM-A-PASTORAL-DO-MENOR-DE-FRANCA-E-EM-DIVERSAS-DIRETORIAS-REGIONAIS-PELO-ESTADO.gif\",\"width\":800,\"height\":800},{\"@type\":\"BreadcrumbList\",\"@id\":\"https:\/\/www.sitsesp.org.br\/novo\/fundacao-casa-encerra-compartilhamento-com-a-pastoral-do-menor-de-franca-e-em-diversas-diretorias-regionais-pelo-estado\/#breadcrumb\",\"itemListElement\":[{\"@type\":\"ListItem\",\"position\":1,\"name\":\"In\u00edcio\",\"item\":\"https:\/\/www.sitsesp.org.br\/novo\/\"},{\"@type\":\"ListItem\",\"position\":2,\"name\":\"FUNDA\u00c7\u00c3O CASA ENCERRA COMPARTILHAMENTO COM A PASTORAL DO MENOR DE FRANCA E EM DIVERSAS DIRETORIAS REGIONAIS PELO ESTADO\"}]},{\"@type\":\"WebSite\",\"@id\":\"https:\/\/www.sitsesp.org.br\/novo\/#website\",\"url\":\"https:\/\/www.sitsesp.org.br\/novo\/\",\"name\":\"Sitsesp\",\"description\":\"SIndicato da Socioeduca\u00e7\u00e3o do Estado de S\u00e3o Paulo\",\"publisher\":{\"@id\":\"https:\/\/www.sitsesp.org.br\/novo\/#organization\"},\"potentialAction\":[{\"@type\":\"SearchAction\",\"target\":{\"@type\":\"EntryPoint\",\"urlTemplate\":\"https:\/\/www.sitsesp.org.br\/novo\/?s={search_term_string}\"},\"query-input\":\"required name=search_term_string\"}],\"inLanguage\":\"pt-BR\"},{\"@type\":\"Organization\",\"@id\":\"https:\/\/www.sitsesp.org.br\/novo\/#organization\",\"name\":\"Sitsesp\",\"url\":\"https:\/\/www.sitsesp.org.br\/novo\/\",\"logo\":{\"@type\":\"ImageObject\",\"inLanguage\":\"pt-BR\",\"@id\":\"https:\/\/www.sitsesp.org.br\/novo\/#\/schema\/logo\/image\/\",\"url\":\"https:\/\/www.sitsesp.org.br\/novo\/wp-content\/uploads\/2020\/09\/Design-sem-nome-1.jpg\",\"contentUrl\":\"https:\/\/www.sitsesp.org.br\/novo\/wp-content\/uploads\/2020\/09\/Design-sem-nome-1.jpg\",\"width\":300,\"height\":300,\"caption\":\"Sitsesp\"},\"image\":{\"@id\":\"https:\/\/www.sitsesp.org.br\/novo\/#\/schema\/logo\/image\/\"}},{\"@type\":\"Person\",\"@id\":\"https:\/\/www.sitsesp.org.br\/novo\/#\/schema\/person\/28e42eec160f373e81d0183b3643edbf\",\"name\":\"imprensa\",\"image\":{\"@type\":\"ImageObject\",\"inLanguage\":\"pt-BR\",\"@id\":\"https:\/\/www.sitsesp.org.br\/novo\/#\/schema\/person\/image\/\",\"url\":\"https:\/\/secure.gravatar.com\/avatar\/8d6ccd8d7d52b8959f34154e87d3fa29?s=96&d=mm&r=g\",\"contentUrl\":\"https:\/\/secure.gravatar.com\/avatar\/8d6ccd8d7d52b8959f34154e87d3fa29?s=96&d=mm&r=g\",\"caption\":\"imprensa\"}}]}<\/script>\n<!-- \/ Yoast SEO plugin. -->","yoast_head_json":{"title":"FUNDA\u00c7\u00c3O CASA ENCERRA COMPARTILHAMENTO COM A PASTORAL DO MENOR DE FRANCA E EM DIVERSAS DIRETORIAS REGIONAIS PELO ESTADO - SITSESP","robots":{"index":"index","follow":"follow","max-snippet":"max-snippet:-1","max-image-preview":"max-image-preview:large","max-video-preview":"max-video-preview:-1"},"canonical":"https:\/\/www.sitsesp.org.br\/novo\/fundacao-casa-encerra-compartilhamento-com-a-pastoral-do-menor-de-franca-e-em-diversas-diretorias-regionais-pelo-estado\/","og_locale":"pt_BR","og_type":"article","og_title":"FUNDA\u00c7\u00c3O CASA ENCERRA COMPARTILHAMENTO COM A PASTORAL DO MENOR DE FRANCA E EM DIVERSAS DIRETORIAS REGIONAIS PELO ESTADO - SITSESP","og_description":"Ap\u00f3s comunicar \u00e0 Pastoral do Menor de Franca (DRN) que o sistema de compartilhamento entre Funda\u00e7\u00e3o e Pastoral ter\u00e1 seu encerramento&hellip;","og_url":"https:\/\/www.sitsesp.org.br\/novo\/fundacao-casa-encerra-compartilhamento-com-a-pastoral-do-menor-de-franca-e-em-diversas-diretorias-regionais-pelo-estado\/","og_site_name":"SITSESP","article_published_time":"2021-03-26T14:05:43+00:00","article_modified_time":"2021-03-26T14:19:39+00:00","og_image":[{"width":800,"height":800,"url":"https:\/\/www.sitsesp.org.br\/novo\/wp-content\/uploads\/2021\/03\/FUNDACAO-CASA-ENCERRA-COMPARTILHAMENTO-COM-A-PASTORAL-DO-MENOR-DE-FRANCA-E-EM-DIVERSAS-DIRETORIAS-REGIONAIS-PELO-ESTADO.gif","type":"image\/gif"}],"author":"imprensa","twitter_card":"summary_large_image","twitter_misc":{"Escrito por":"imprensa","Est. tempo de leitura":"2 minutos"},"schema":{"@context":"https:\/\/schema.org","@graph":[{"@type":"Article","@id":"https:\/\/www.sitsesp.org.br\/novo\/fundacao-casa-encerra-compartilhamento-com-a-pastoral-do-menor-de-franca-e-em-diversas-diretorias-regionais-pelo-estado\/#article","isPartOf":{"@id":"https:\/\/www.sitsesp.org.br\/novo\/fundacao-casa-encerra-compartilhamento-com-a-pastoral-do-menor-de-franca-e-em-diversas-diretorias-regionais-pelo-estado\/"},"author":{"name":"imprensa","@id":"https:\/\/www.sitsesp.org.br\/novo\/#\/schema\/person\/28e42eec160f373e81d0183b3643edbf"},"headline":"FUNDA\u00c7\u00c3O CASA ENCERRA COMPARTILHAMENTO COM A PASTORAL DO MENOR DE FRANCA E EM DIVERSAS DIRETORIAS REGIONAIS PELO ESTADO","datePublished":"2021-03-26T14:05:43+00:00","dateModified":"2021-03-26T14:19:39+00:00","mainEntityOfPage":{"@id":"https:\/\/www.sitsesp.org.br\/novo\/fundacao-casa-encerra-compartilhamento-com-a-pastoral-do-menor-de-franca-e-em-diversas-diretorias-regionais-pelo-estado\/"},"wordCount":377,"commentCount":0,"publisher":{"@id":"https:\/\/www.sitsesp.org.br\/novo\/#organization"},"image":{"@id":"https:\/\/www.sitsesp.org.br\/novo\/fundacao-casa-encerra-compartilhamento-com-a-pastoral-do-menor-de-franca-e-em-diversas-diretorias-regionais-pelo-estado\/#primaryimage"},"thumbnailUrl":"https:\/\/www.sitsesp.org.br\/novo\/wp-content\/uploads\/2021\/03\/FUNDACAO-CASA-ENCERRA-COMPARTILHAMENTO-COM-A-PASTORAL-DO-MENOR-DE-FRANCA-E-EM-DIVERSAS-DIRETORIAS-REGIONAIS-PELO-ESTADO.gif","keywords":["2021","Funda\u00e7\u00e3o CASA","JUR\u00cdDICO","SITSESP","SOCIOEDUCA\u00c7\u00c3O"],"articleSection":["Destaque","Noticias"],"inLanguage":"pt-BR","potentialAction":[{"@type":"CommentAction","name":"Comment","target":["https:\/\/www.sitsesp.org.br\/novo\/fundacao-casa-encerra-compartilhamento-com-a-pastoral-do-menor-de-franca-e-em-diversas-diretorias-regionais-pelo-estado\/#respond"]}]},{"@type":"WebPage","@id":"https:\/\/www.sitsesp.org.br\/novo\/fundacao-casa-encerra-compartilhamento-com-a-pastoral-do-menor-de-franca-e-em-diversas-diretorias-regionais-pelo-estado\/","url":"https:\/\/www.sitsesp.org.br\/novo\/fundacao-casa-encerra-compartilhamento-com-a-pastoral-do-menor-de-franca-e-em-diversas-diretorias-regionais-pelo-estado\/","name":"FUNDA\u00c7\u00c3O CASA ENCERRA COMPARTILHAMENTO COM A PASTORAL DO MENOR DE FRANCA E EM DIVERSAS DIRETORIAS REGIONAIS PELO ESTADO - SITSESP","isPartOf":{"@id":"https:\/\/www.sitsesp.org.br\/novo\/#website"},"primaryImageOfPage":{"@id":"https:\/\/www.sitsesp.org.br\/novo\/fundacao-casa-encerra-compartilhamento-com-a-pastoral-do-menor-de-franca-e-em-diversas-diretorias-regionais-pelo-estado\/#primaryimage"},"image":{"@id":"https:\/\/www.sitsesp.org.br\/novo\/fundacao-casa-encerra-compartilhamento-com-a-pastoral-do-menor-de-franca-e-em-diversas-diretorias-regionais-pelo-estado\/#primaryimage"},"thumbnailUrl":"https:\/\/www.sitsesp.org.br\/novo\/wp-content\/uploads\/2021\/03\/FUNDACAO-CASA-ENCERRA-COMPARTILHAMENTO-COM-A-PASTORAL-DO-MENOR-DE-FRANCA-E-EM-DIVERSAS-DIRETORIAS-REGIONAIS-PELO-ESTADO.gif","datePublished":"2021-03-26T14:05:43+00:00","dateModified":"2021-03-26T14:19:39+00:00","breadcrumb":{"@id":"https:\/\/www.sitsesp.org.br\/novo\/fundacao-casa-encerra-compartilhamento-com-a-pastoral-do-menor-de-franca-e-em-diversas-diretorias-regionais-pelo-estado\/#breadcrumb"},"inLanguage":"pt-BR","potentialAction":[{"@type":"ReadAction","target":["https:\/\/www.sitsesp.org.br\/novo\/fundacao-casa-encerra-compartilhamento-com-a-pastoral-do-menor-de-franca-e-em-diversas-diretorias-regionais-pelo-estado\/"]}]},{"@type":"ImageObject","inLanguage":"pt-BR","@id":"https:\/\/www.sitsesp.org.br\/novo\/fundacao-casa-encerra-compartilhamento-com-a-pastoral-do-menor-de-franca-e-em-diversas-diretorias-regionais-pelo-estado\/#primaryimage","url":"https:\/\/www.sitsesp.org.br\/novo\/wp-content\/uploads\/2021\/03\/FUNDACAO-CASA-ENCERRA-COMPARTILHAMENTO-COM-A-PASTORAL-DO-MENOR-DE-FRANCA-E-EM-DIVERSAS-DIRETORIAS-REGIONAIS-PELO-ESTADO.gif","contentUrl":"https:\/\/www.sitsesp.org.br\/novo\/wp-content\/uploads\/2021\/03\/FUNDACAO-CASA-ENCERRA-COMPARTILHAMENTO-COM-A-PASTORAL-DO-MENOR-DE-FRANCA-E-EM-DIVERSAS-DIRETORIAS-REGIONAIS-PELO-ESTADO.gif","width":800,"height":800},{"@type":"BreadcrumbList","@id":"https:\/\/www.sitsesp.org.br\/novo\/fundacao-casa-encerra-compartilhamento-com-a-pastoral-do-menor-de-franca-e-em-diversas-diretorias-regionais-pelo-estado\/#breadcrumb","itemListElement":[{"@type":"ListItem","position":1,"name":"In\u00edcio","item":"https:\/\/www.sitsesp.org.br\/novo\/"},{"@type":"ListItem","position":2,"name":"FUNDA\u00c7\u00c3O CASA ENCERRA COMPARTILHAMENTO COM A PASTORAL DO MENOR DE FRANCA E EM DIVERSAS DIRETORIAS REGIONAIS PELO ESTADO"}]},{"@type":"WebSite","@id":"https:\/\/www.sitsesp.org.br\/novo\/#website","url":"https:\/\/www.sitsesp.org.br\/novo\/","name":"Sitsesp","description":"SIndicato da Socioeduca\u00e7\u00e3o do Estado de S\u00e3o Paulo","publisher":{"@id":"https:\/\/www.sitsesp.org.br\/novo\/#organization"},"potentialAction":[{"@type":"SearchAction","target":{"@type":"EntryPoint","urlTemplate":"https:\/\/www.sitsesp.org.br\/novo\/?s={search_term_string}"},"query-input":"required name=search_term_string"}],"inLanguage":"pt-BR"},{"@type":"Organization","@id":"https:\/\/www.sitsesp.org.br\/novo\/#organization","name":"Sitsesp","url":"https:\/\/www.sitsesp.org.br\/novo\/","logo":{"@type":"ImageObject","inLanguage":"pt-BR","@id":"https:\/\/www.sitsesp.org.br\/novo\/#\/schema\/logo\/image\/","url":"https:\/\/www.sitsesp.org.br\/novo\/wp-content\/uploads\/2020\/09\/Design-sem-nome-1.jpg","contentUrl":"https:\/\/www.sitsesp.org.br\/novo\/wp-content\/uploads\/2020\/09\/Design-sem-nome-1.jpg","width":300,"height":300,"caption":"Sitsesp"},"image":{"@id":"https:\/\/www.sitsesp.org.br\/novo\/#\/schema\/logo\/image\/"}},{"@type":"Person","@id":"https:\/\/www.sitsesp.org.br\/novo\/#\/schema\/person\/28e42eec160f373e81d0183b3643edbf","name":"imprensa","image":{"@type":"ImageObject","inLanguage":"pt-BR","@id":"https:\/\/www.sitsesp.org.br\/novo\/#\/schema\/person\/image\/","url":"https:\/\/secure.gravatar.com\/avatar\/8d6ccd8d7d52b8959f34154e87d3fa29?s=96&d=mm&r=g","contentUrl":"https:\/\/secure.gravatar.com\/avatar\/8d6ccd8d7d52b8959f34154e87d3fa29?s=96&d=mm&r=g","caption":"imprensa"}}]}},"_links":{"self":[{"href":"https:\/\/www.sitsesp.org.br\/novo\/wp-json\/wp\/v2\/posts\/5882"}],"collection":[{"href":"https:\/\/www.sitsesp.org.br\/novo\/wp-json\/wp\/v2\/posts"}],"about":[{"href":"https:\/\/www.sitsesp.org.br\/novo\/wp-json\/wp\/v2\/types\/post"}],"author":[{"embeddable":true,"href":"https:\/\/www.sitsesp.org.br\/novo\/wp-json\/wp\/v2\/users\/5"}],"replies":[{"embeddable":true,"href":"https:\/\/www.sitsesp.org.br\/novo\/wp-json\/wp\/v2\/comments?post=5882"}],"version-history":[{"count":3,"href":"https:\/\/www.sitsesp.org.br\/novo\/wp-json\/wp\/v2\/posts\/5882\/revisions"}],"predecessor-version":[{"id":5894,"href":"https:\/\/www.sitsesp.org.br\/novo\/wp-json\/wp\/v2\/posts\/5882\/revisions\/5894"}],"wp:featuredmedia":[{"embeddable":true,"href":"https:\/\/www.sitsesp.org.br\/novo\/wp-json\/wp\/v2\/media\/5883"}],"wp:attachment":[{"href":"https:\/\/www.sitsesp.org.br\/novo\/wp-json\/wp\/v2\/media?parent=5882"}],"wp:term":[{"taxonomy":"category","embeddable":true,"href":"https:\/\/www.sitsesp.org.br\/novo\/wp-json\/wp\/v2\/categories?post=5882"},{"taxonomy":"post_tag","embeddable":true,"href":"https:\/\/www.sitsesp.org.br\/novo\/wp-json\/wp\/v2\/tags?post=5882"}],"curies":[{"name":"wp","href":"https:\/\/api.w.org\/{rel}","templated":true}]}}