{"id":5906,"date":"2021-03-28T10:35:05","date_gmt":"2021-03-28T13:35:05","guid":{"rendered":"https:\/\/sitsesp.org.br\/novo\/?p=5906"},"modified":"2021-03-30T08:49:58","modified_gmt":"2021-03-30T11:49:58","slug":"diretores-do-sitsesp-em-mobilizacao-politica-conversam-com-o-deputado-federal-cel-tadeu","status":"publish","type":"post","link":"https:\/\/www.sitsesp.org.br\/novo\/diretores-do-sitsesp-em-mobilizacao-politica-conversam-com-o-deputado-federal-cel-tadeu\/","title":{"rendered":"DIRETORES DO SITSESP EM MOBILIZA\u00c7\u00c3O POL\u00cdTICA, CONVERSAM COM O DEPUTADO FEDERAL CEL. TADEU"},"content":{"rendered":"<p><!-- VideographyWP Plugin Message: Automatic video embedding prevented by plugin options. --><br \/>\nOs diretores Vice-Presidente do SITSESP Ma\u00edlson, o Diretor Sindical na DRO Claudio Alonso com a articula\u00e7\u00e3o a dist\u00e2ncia do Diretor Sindical da Regional de Ribeir\u00e3o Preto Daniel Barrado, estiveram na \u00faltima quinta-feira 25\/03 no escrit\u00f3rio de trabalho em S\u00e3o Paulo do Deputado Federal Cel. Tadeu para tratar de assuntos inerentes a categoria socioeducativa no Estado de S\u00e3o Paulo.<\/p>\n<p>Entre as pautas discutidas na reuni\u00e3o esteve a PEC (Proposta de Emenda \u00e0 Constitui\u00e7\u00e3o) 32\/2020 que confere maior seguran\u00e7a jur\u00eddica aos profissionais de seguran\u00e7a p\u00fablica (Reforma Administrativa);<\/p>\n<p>Uma ponte para que seja realizada uma reuni\u00e3o com membros do CONASSE para tratativas sobre o sistema socioeducativo nacional e no Estado de S\u00e3o Paulo;<\/p>\n<p>Uma edi\u00e7\u00e3o de PEC incluindo o Sistema Socioeducativo no Art. 144 da Constitui\u00e7\u00e3o Federal em conjunto com a Pol\u00edcia Cient\u00edfica;<\/p>\n<p>Do Porte de arma institucional e a poss\u00edvel mudan\u00e7a para a secretaria de seguran\u00e7a, a exemplo de alguns Estados que conseguiram a transfer\u00eancia para esta secretaria e assim, pleitearmos com o apoio se poss\u00edvel atrav\u00e9s de Projeto de Lei, para que sejamos realocados na Secretaria de Seguran\u00e7a P\u00fablica do Estado e, que o Estado conceda aos interessados o porte de arma institucional, isentando-nos das tarifas e encargos pertinentes a aquisi\u00e7\u00e3o do porte;<\/p>\n<p>Apoio pol\u00edtico para que seja editado um Projeto de Lei e a Funda\u00e7\u00e3o CASA coloque em pr\u00e1tica o nosso PCCS (Plano de Cargos, Carreiras e Sal\u00e1rios) conforme estudos e an\u00e1lises, enaltecendo e valorizando o trabalho socioeducativo e social que a categoria vem prestando ao Estado de S\u00e3o Paulo, inclusive apoio a implanta\u00e7\u00e3o de um plano de cargos e carreira nacional para o Sistema Socioeducativo;<\/p>\n<p>Da mudan\u00e7a de nomenclatura e regulamenta\u00e7\u00e3o da profiss\u00e3o, conforme projetos e realidade de outros Estados da federa\u00e7\u00e3o, o sistema socioeducativo do Estado de S\u00e3o Paulo n\u00e3o pode deixar de lutar por essa causa que \u00e9 justa e de extremo valor para os servidores na \u00e1rea de seguran\u00e7a, cuja pretens\u00e3o \u00e9 a mudan\u00e7a da nomenclatura de AAS \u2013 Agente de Apoio Socioeducativo, para ASS \u2013 Agente de Seguran\u00e7a Socioeducativo, conforme conquistas de outros Estados que executam as mesmas fun\u00e7\u00f5es;<\/p>\n<p>Da inclus\u00e3o da categoria no grupo de prioridades na vacina\u00e7\u00e3o antiviral COVID-19, conforme inclus\u00e3o pelo Minist\u00e9rio da Mulher, da Fam\u00edlia e dos Direitos Humanos publicado em 24\/02\/2021 colocando os Agentes Socioeducativos como priorit\u00e1rios no Plano Nacional de Vacina\u00e7\u00e3o, mesmo porqu\u00ea, os trabalhadores do sistema socioeducativo v\u00eam atuando na linha de frente, mantendo o funcionamento eficaz dos centros;<\/p>\n<p>Da nossa campanha salarial, vamos solicitar aos (as) deputados (as) apoio para nos ajudar junto as Secretarias pertinentes na aprova\u00e7\u00e3o das cl\u00e1usulas econ\u00f4micas e sociais, inclusive com rela\u00e7\u00e3o ao reajuste salarial\/Piso Salarial da categoria que n\u00e3o vislumbra um aumento real desde 2015 e nem mesmo os repasses da infla\u00e7\u00e3o foram realizadas nos anos 2019 e 2020.<\/p>\n<p>JUNTOS SOMOS MAIS FORTE!<\/p>\n","protected":false},"excerpt":{"rendered":"<p>Os diretores Vice-Presidente do SITSESP Ma\u00edlson, o Diretor Sindical na DRO Claudio Alonso com a articula\u00e7\u00e3o a dist\u00e2ncia do Diretor Sindical&hellip;<\/p>\n","protected":false},"author":5,"featured_media":5923,"comment_status":"open","ping_status":"open","sticky":false,"template":"","format":"standard","meta":{"cybocfi_hide_featured_image":"","footnotes":""},"categories":[27,22],"tags":[],"yoast_head":"<!-- This site is optimized with the Yoast SEO plugin v22.8 - https:\/\/yoast.com\/wordpress\/plugins\/seo\/ -->\n<title>DIRETORES DO SITSESP EM MOBILIZA\u00c7\u00c3O POL\u00cdTICA, CONVERSAM COM O DEPUTADO FEDERAL CEL. TADEU - SITSESP<\/title>\n<meta name=\"robots\" content=\"index, follow, max-snippet:-1, max-image-preview:large, max-video-preview:-1\" \/>\n<link rel=\"canonical\" href=\"https:\/\/www.sitsesp.org.br\/novo\/diretores-do-sitsesp-em-mobilizacao-politica-conversam-com-o-deputado-federal-cel-tadeu\/\" \/>\n<meta property=\"og:locale\" content=\"pt_BR\" \/>\n<meta property=\"og:type\" content=\"article\" \/>\n<meta property=\"og:title\" content=\"DIRETORES DO SITSESP EM MOBILIZA\u00c7\u00c3O POL\u00cdTICA, CONVERSAM COM O DEPUTADO FEDERAL CEL. TADEU - SITSESP\" \/>\n<meta property=\"og:description\" content=\"Os diretores Vice-Presidente do SITSESP Ma\u00edlson, o Diretor Sindical na DRO Claudio Alonso com a articula\u00e7\u00e3o a dist\u00e2ncia do Diretor Sindical&hellip;\" \/>\n<meta property=\"og:url\" content=\"https:\/\/www.sitsesp.org.br\/novo\/diretores-do-sitsesp-em-mobilizacao-politica-conversam-com-o-deputado-federal-cel-tadeu\/\" \/>\n<meta property=\"og:site_name\" content=\"SITSESP\" \/>\n<meta property=\"article:published_time\" content=\"2021-03-28T13:35:05+00:00\" \/>\n<meta property=\"article:modified_time\" content=\"2021-03-30T11:49:58+00:00\" \/>\n<meta property=\"og:image\" content=\"https:\/\/www.sitsesp.org.br\/novo\/wp-content\/uploads\/2021\/03\/WhatsApp-Image-2021-03-27-at-10.03.36-PM.jpeg\" \/>\n\t<meta property=\"og:image:width\" content=\"800\" \/>\n\t<meta property=\"og:image:height\" content=\"599\" \/>\n\t<meta property=\"og:image:type\" content=\"image\/jpeg\" \/>\n<meta name=\"author\" content=\"imprensa\" \/>\n<meta name=\"twitter:card\" content=\"summary_large_image\" \/>\n<meta name=\"twitter:label1\" content=\"Escrito por\" \/>\n\t<meta name=\"twitter:data1\" content=\"imprensa\" \/>\n\t<meta name=\"twitter:label2\" content=\"Est. tempo de leitura\" \/>\n\t<meta name=\"twitter:data2\" content=\"3 minutos\" \/>\n<script type=\"application\/ld+json\" class=\"yoast-schema-graph\">{\"@context\":\"https:\/\/schema.org\",\"@graph\":[{\"@type\":\"Article\",\"@id\":\"https:\/\/www.sitsesp.org.br\/novo\/diretores-do-sitsesp-em-mobilizacao-politica-conversam-com-o-deputado-federal-cel-tadeu\/#article\",\"isPartOf\":{\"@id\":\"https:\/\/www.sitsesp.org.br\/novo\/diretores-do-sitsesp-em-mobilizacao-politica-conversam-com-o-deputado-federal-cel-tadeu\/\"},\"author\":{\"name\":\"imprensa\",\"@id\":\"https:\/\/www.sitsesp.org.br\/novo\/#\/schema\/person\/28e42eec160f373e81d0183b3643edbf\"},\"headline\":\"DIRETORES DO SITSESP EM MOBILIZA\u00c7\u00c3O POL\u00cdTICA, CONVERSAM COM O DEPUTADO FEDERAL CEL. TADEU\",\"datePublished\":\"2021-03-28T13:35:05+00:00\",\"dateModified\":\"2021-03-30T11:49:58+00:00\",\"mainEntityOfPage\":{\"@id\":\"https:\/\/www.sitsesp.org.br\/novo\/diretores-do-sitsesp-em-mobilizacao-politica-conversam-com-o-deputado-federal-cel-tadeu\/\"},\"wordCount\":525,\"commentCount\":0,\"publisher\":{\"@id\":\"https:\/\/www.sitsesp.org.br\/novo\/#organization\"},\"image\":{\"@id\":\"https:\/\/www.sitsesp.org.br\/novo\/diretores-do-sitsesp-em-mobilizacao-politica-conversam-com-o-deputado-federal-cel-tadeu\/#primaryimage\"},\"thumbnailUrl\":\"https:\/\/www.sitsesp.org.br\/novo\/wp-content\/uploads\/2021\/03\/WhatsApp-Image-2021-03-27-at-10.03.36-PM.jpeg\",\"articleSection\":[\"Destaque\",\"Noticias\"],\"inLanguage\":\"pt-BR\",\"potentialAction\":[{\"@type\":\"CommentAction\",\"name\":\"Comment\",\"target\":[\"https:\/\/www.sitsesp.org.br\/novo\/diretores-do-sitsesp-em-mobilizacao-politica-conversam-com-o-deputado-federal-cel-tadeu\/#respond\"]}]},{\"@type\":\"WebPage\",\"@id\":\"https:\/\/www.sitsesp.org.br\/novo\/diretores-do-sitsesp-em-mobilizacao-politica-conversam-com-o-deputado-federal-cel-tadeu\/\",\"url\":\"https:\/\/www.sitsesp.org.br\/novo\/diretores-do-sitsesp-em-mobilizacao-politica-conversam-com-o-deputado-federal-cel-tadeu\/\",\"name\":\"DIRETORES DO SITSESP EM MOBILIZA\u00c7\u00c3O POL\u00cdTICA, CONVERSAM COM O DEPUTADO FEDERAL CEL. TADEU - SITSESP\",\"isPartOf\":{\"@id\":\"https:\/\/www.sitsesp.org.br\/novo\/#website\"},\"primaryImageOfPage\":{\"@id\":\"https:\/\/www.sitsesp.org.br\/novo\/diretores-do-sitsesp-em-mobilizacao-politica-conversam-com-o-deputado-federal-cel-tadeu\/#primaryimage\"},\"image\":{\"@id\":\"https:\/\/www.sitsesp.org.br\/novo\/diretores-do-sitsesp-em-mobilizacao-politica-conversam-com-o-deputado-federal-cel-tadeu\/#primaryimage\"},\"thumbnailUrl\":\"https:\/\/www.sitsesp.org.br\/novo\/wp-content\/uploads\/2021\/03\/WhatsApp-Image-2021-03-27-at-10.03.36-PM.jpeg\",\"datePublished\":\"2021-03-28T13:35:05+00:00\",\"dateModified\":\"2021-03-30T11:49:58+00:00\",\"breadcrumb\":{\"@id\":\"https:\/\/www.sitsesp.org.br\/novo\/diretores-do-sitsesp-em-mobilizacao-politica-conversam-com-o-deputado-federal-cel-tadeu\/#breadcrumb\"},\"inLanguage\":\"pt-BR\",\"potentialAction\":[{\"@type\":\"ReadAction\",\"target\":[\"https:\/\/www.sitsesp.org.br\/novo\/diretores-do-sitsesp-em-mobilizacao-politica-conversam-com-o-deputado-federal-cel-tadeu\/\"]}]},{\"@type\":\"ImageObject\",\"inLanguage\":\"pt-BR\",\"@id\":\"https:\/\/www.sitsesp.org.br\/novo\/diretores-do-sitsesp-em-mobilizacao-politica-conversam-com-o-deputado-federal-cel-tadeu\/#primaryimage\",\"url\":\"https:\/\/www.sitsesp.org.br\/novo\/wp-content\/uploads\/2021\/03\/WhatsApp-Image-2021-03-27-at-10.03.36-PM.jpeg\",\"contentUrl\":\"https:\/\/www.sitsesp.org.br\/novo\/wp-content\/uploads\/2021\/03\/WhatsApp-Image-2021-03-27-at-10.03.36-PM.jpeg\",\"width\":800,\"height\":599},{\"@type\":\"BreadcrumbList\",\"@id\":\"https:\/\/www.sitsesp.org.br\/novo\/diretores-do-sitsesp-em-mobilizacao-politica-conversam-com-o-deputado-federal-cel-tadeu\/#breadcrumb\",\"itemListElement\":[{\"@type\":\"ListItem\",\"position\":1,\"name\":\"In\u00edcio\",\"item\":\"https:\/\/www.sitsesp.org.br\/novo\/\"},{\"@type\":\"ListItem\",\"position\":2,\"name\":\"DIRETORES DO SITSESP EM MOBILIZA\u00c7\u00c3O POL\u00cdTICA, CONVERSAM COM O DEPUTADO FEDERAL CEL. TADEU\"}]},{\"@type\":\"WebSite\",\"@id\":\"https:\/\/www.sitsesp.org.br\/novo\/#website\",\"url\":\"https:\/\/www.sitsesp.org.br\/novo\/\",\"name\":\"Sitsesp\",\"description\":\"SIndicato da Socioeduca\u00e7\u00e3o do Estado de S\u00e3o Paulo\",\"publisher\":{\"@id\":\"https:\/\/www.sitsesp.org.br\/novo\/#organization\"},\"potentialAction\":[{\"@type\":\"SearchAction\",\"target\":{\"@type\":\"EntryPoint\",\"urlTemplate\":\"https:\/\/www.sitsesp.org.br\/novo\/?s={search_term_string}\"},\"query-input\":\"required name=search_term_string\"}],\"inLanguage\":\"pt-BR\"},{\"@type\":\"Organization\",\"@id\":\"https:\/\/www.sitsesp.org.br\/novo\/#organization\",\"name\":\"Sitsesp\",\"url\":\"https:\/\/www.sitsesp.org.br\/novo\/\",\"logo\":{\"@type\":\"ImageObject\",\"inLanguage\":\"pt-BR\",\"@id\":\"https:\/\/www.sitsesp.org.br\/novo\/#\/schema\/logo\/image\/\",\"url\":\"https:\/\/www.sitsesp.org.br\/novo\/wp-content\/uploads\/2020\/09\/Design-sem-nome-1.jpg\",\"contentUrl\":\"https:\/\/www.sitsesp.org.br\/novo\/wp-content\/uploads\/2020\/09\/Design-sem-nome-1.jpg\",\"width\":300,\"height\":300,\"caption\":\"Sitsesp\"},\"image\":{\"@id\":\"https:\/\/www.sitsesp.org.br\/novo\/#\/schema\/logo\/image\/\"}},{\"@type\":\"Person\",\"@id\":\"https:\/\/www.sitsesp.org.br\/novo\/#\/schema\/person\/28e42eec160f373e81d0183b3643edbf\",\"name\":\"imprensa\",\"image\":{\"@type\":\"ImageObject\",\"inLanguage\":\"pt-BR\",\"@id\":\"https:\/\/www.sitsesp.org.br\/novo\/#\/schema\/person\/image\/\",\"url\":\"https:\/\/secure.gravatar.com\/avatar\/8d6ccd8d7d52b8959f34154e87d3fa29?s=96&d=mm&r=g\",\"contentUrl\":\"https:\/\/secure.gravatar.com\/avatar\/8d6ccd8d7d52b8959f34154e87d3fa29?s=96&d=mm&r=g\",\"caption\":\"imprensa\"}}]}<\/script>\n<!-- \/ Yoast SEO plugin. -->","yoast_head_json":{"title":"DIRETORES DO SITSESP EM MOBILIZA\u00c7\u00c3O POL\u00cdTICA, CONVERSAM COM O DEPUTADO FEDERAL CEL. TADEU - SITSESP","robots":{"index":"index","follow":"follow","max-snippet":"max-snippet:-1","max-image-preview":"max-image-preview:large","max-video-preview":"max-video-preview:-1"},"canonical":"https:\/\/www.sitsesp.org.br\/novo\/diretores-do-sitsesp-em-mobilizacao-politica-conversam-com-o-deputado-federal-cel-tadeu\/","og_locale":"pt_BR","og_type":"article","og_title":"DIRETORES DO SITSESP EM MOBILIZA\u00c7\u00c3O POL\u00cdTICA, CONVERSAM COM O DEPUTADO FEDERAL CEL. TADEU - SITSESP","og_description":"Os diretores Vice-Presidente do SITSESP Ma\u00edlson, o Diretor Sindical na DRO Claudio Alonso com a articula\u00e7\u00e3o a dist\u00e2ncia do Diretor Sindical&hellip;","og_url":"https:\/\/www.sitsesp.org.br\/novo\/diretores-do-sitsesp-em-mobilizacao-politica-conversam-com-o-deputado-federal-cel-tadeu\/","og_site_name":"SITSESP","article_published_time":"2021-03-28T13:35:05+00:00","article_modified_time":"2021-03-30T11:49:58+00:00","og_image":[{"width":800,"height":599,"url":"https:\/\/www.sitsesp.org.br\/novo\/wp-content\/uploads\/2021\/03\/WhatsApp-Image-2021-03-27-at-10.03.36-PM.jpeg","type":"image\/jpeg"}],"author":"imprensa","twitter_card":"summary_large_image","twitter_misc":{"Escrito por":"imprensa","Est. tempo de leitura":"3 minutos"},"schema":{"@context":"https:\/\/schema.org","@graph":[{"@type":"Article","@id":"https:\/\/www.sitsesp.org.br\/novo\/diretores-do-sitsesp-em-mobilizacao-politica-conversam-com-o-deputado-federal-cel-tadeu\/#article","isPartOf":{"@id":"https:\/\/www.sitsesp.org.br\/novo\/diretores-do-sitsesp-em-mobilizacao-politica-conversam-com-o-deputado-federal-cel-tadeu\/"},"author":{"name":"imprensa","@id":"https:\/\/www.sitsesp.org.br\/novo\/#\/schema\/person\/28e42eec160f373e81d0183b3643edbf"},"headline":"DIRETORES DO SITSESP EM MOBILIZA\u00c7\u00c3O POL\u00cdTICA, CONVERSAM COM O DEPUTADO FEDERAL CEL. TADEU","datePublished":"2021-03-28T13:35:05+00:00","dateModified":"2021-03-30T11:49:58+00:00","mainEntityOfPage":{"@id":"https:\/\/www.sitsesp.org.br\/novo\/diretores-do-sitsesp-em-mobilizacao-politica-conversam-com-o-deputado-federal-cel-tadeu\/"},"wordCount":525,"commentCount":0,"publisher":{"@id":"https:\/\/www.sitsesp.org.br\/novo\/#organization"},"image":{"@id":"https:\/\/www.sitsesp.org.br\/novo\/diretores-do-sitsesp-em-mobilizacao-politica-conversam-com-o-deputado-federal-cel-tadeu\/#primaryimage"},"thumbnailUrl":"https:\/\/www.sitsesp.org.br\/novo\/wp-content\/uploads\/2021\/03\/WhatsApp-Image-2021-03-27-at-10.03.36-PM.jpeg","articleSection":["Destaque","Noticias"],"inLanguage":"pt-BR","potentialAction":[{"@type":"CommentAction","name":"Comment","target":["https:\/\/www.sitsesp.org.br\/novo\/diretores-do-sitsesp-em-mobilizacao-politica-conversam-com-o-deputado-federal-cel-tadeu\/#respond"]}]},{"@type":"WebPage","@id":"https:\/\/www.sitsesp.org.br\/novo\/diretores-do-sitsesp-em-mobilizacao-politica-conversam-com-o-deputado-federal-cel-tadeu\/","url":"https:\/\/www.sitsesp.org.br\/novo\/diretores-do-sitsesp-em-mobilizacao-politica-conversam-com-o-deputado-federal-cel-tadeu\/","name":"DIRETORES DO SITSESP EM MOBILIZA\u00c7\u00c3O POL\u00cdTICA, CONVERSAM COM O DEPUTADO FEDERAL CEL. TADEU - SITSESP","isPartOf":{"@id":"https:\/\/www.sitsesp.org.br\/novo\/#website"},"primaryImageOfPage":{"@id":"https:\/\/www.sitsesp.org.br\/novo\/diretores-do-sitsesp-em-mobilizacao-politica-conversam-com-o-deputado-federal-cel-tadeu\/#primaryimage"},"image":{"@id":"https:\/\/www.sitsesp.org.br\/novo\/diretores-do-sitsesp-em-mobilizacao-politica-conversam-com-o-deputado-federal-cel-tadeu\/#primaryimage"},"thumbnailUrl":"https:\/\/www.sitsesp.org.br\/novo\/wp-content\/uploads\/2021\/03\/WhatsApp-Image-2021-03-27-at-10.03.36-PM.jpeg","datePublished":"2021-03-28T13:35:05+00:00","dateModified":"2021-03-30T11:49:58+00:00","breadcrumb":{"@id":"https:\/\/www.sitsesp.org.br\/novo\/diretores-do-sitsesp-em-mobilizacao-politica-conversam-com-o-deputado-federal-cel-tadeu\/#breadcrumb"},"inLanguage":"pt-BR","potentialAction":[{"@type":"ReadAction","target":["https:\/\/www.sitsesp.org.br\/novo\/diretores-do-sitsesp-em-mobilizacao-politica-conversam-com-o-deputado-federal-cel-tadeu\/"]}]},{"@type":"ImageObject","inLanguage":"pt-BR","@id":"https:\/\/www.sitsesp.org.br\/novo\/diretores-do-sitsesp-em-mobilizacao-politica-conversam-com-o-deputado-federal-cel-tadeu\/#primaryimage","url":"https:\/\/www.sitsesp.org.br\/novo\/wp-content\/uploads\/2021\/03\/WhatsApp-Image-2021-03-27-at-10.03.36-PM.jpeg","contentUrl":"https:\/\/www.sitsesp.org.br\/novo\/wp-content\/uploads\/2021\/03\/WhatsApp-Image-2021-03-27-at-10.03.36-PM.jpeg","width":800,"height":599},{"@type":"BreadcrumbList","@id":"https:\/\/www.sitsesp.org.br\/novo\/diretores-do-sitsesp-em-mobilizacao-politica-conversam-com-o-deputado-federal-cel-tadeu\/#breadcrumb","itemListElement":[{"@type":"ListItem","position":1,"name":"In\u00edcio","item":"https:\/\/www.sitsesp.org.br\/novo\/"},{"@type":"ListItem","position":2,"name":"DIRETORES DO SITSESP EM MOBILIZA\u00c7\u00c3O POL\u00cdTICA, CONVERSAM COM O DEPUTADO FEDERAL CEL. TADEU"}]},{"@type":"WebSite","@id":"https:\/\/www.sitsesp.org.br\/novo\/#website","url":"https:\/\/www.sitsesp.org.br\/novo\/","name":"Sitsesp","description":"SIndicato da Socioeduca\u00e7\u00e3o do Estado de S\u00e3o Paulo","publisher":{"@id":"https:\/\/www.sitsesp.org.br\/novo\/#organization"},"potentialAction":[{"@type":"SearchAction","target":{"@type":"EntryPoint","urlTemplate":"https:\/\/www.sitsesp.org.br\/novo\/?s={search_term_string}"},"query-input":"required name=search_term_string"}],"inLanguage":"pt-BR"},{"@type":"Organization","@id":"https:\/\/www.sitsesp.org.br\/novo\/#organization","name":"Sitsesp","url":"https:\/\/www.sitsesp.org.br\/novo\/","logo":{"@type":"ImageObject","inLanguage":"pt-BR","@id":"https:\/\/www.sitsesp.org.br\/novo\/#\/schema\/logo\/image\/","url":"https:\/\/www.sitsesp.org.br\/novo\/wp-content\/uploads\/2020\/09\/Design-sem-nome-1.jpg","contentUrl":"https:\/\/www.sitsesp.org.br\/novo\/wp-content\/uploads\/2020\/09\/Design-sem-nome-1.jpg","width":300,"height":300,"caption":"Sitsesp"},"image":{"@id":"https:\/\/www.sitsesp.org.br\/novo\/#\/schema\/logo\/image\/"}},{"@type":"Person","@id":"https:\/\/www.sitsesp.org.br\/novo\/#\/schema\/person\/28e42eec160f373e81d0183b3643edbf","name":"imprensa","image":{"@type":"ImageObject","inLanguage":"pt-BR","@id":"https:\/\/www.sitsesp.org.br\/novo\/#\/schema\/person\/image\/","url":"https:\/\/secure.gravatar.com\/avatar\/8d6ccd8d7d52b8959f34154e87d3fa29?s=96&d=mm&r=g","contentUrl":"https:\/\/secure.gravatar.com\/avatar\/8d6ccd8d7d52b8959f34154e87d3fa29?s=96&d=mm&r=g","caption":"imprensa"}}]}},"_links":{"self":[{"href":"https:\/\/www.sitsesp.org.br\/novo\/wp-json\/wp\/v2\/posts\/5906"}],"collection":[{"href":"https:\/\/www.sitsesp.org.br\/novo\/wp-json\/wp\/v2\/posts"}],"about":[{"href":"https:\/\/www.sitsesp.org.br\/novo\/wp-json\/wp\/v2\/types\/post"}],"author":[{"embeddable":true,"href":"https:\/\/www.sitsesp.org.br\/novo\/wp-json\/wp\/v2\/users\/5"}],"replies":[{"embeddable":true,"href":"https:\/\/www.sitsesp.org.br\/novo\/wp-json\/wp\/v2\/comments?post=5906"}],"version-history":[{"count":1,"href":"https:\/\/www.sitsesp.org.br\/novo\/wp-json\/wp\/v2\/posts\/5906\/revisions"}],"predecessor-version":[{"id":5908,"href":"https:\/\/www.sitsesp.org.br\/novo\/wp-json\/wp\/v2\/posts\/5906\/revisions\/5908"}],"wp:featuredmedia":[{"embeddable":true,"href":"https:\/\/www.sitsesp.org.br\/novo\/wp-json\/wp\/v2\/media\/5923"}],"wp:attachment":[{"href":"https:\/\/www.sitsesp.org.br\/novo\/wp-json\/wp\/v2\/media?parent=5906"}],"wp:term":[{"taxonomy":"category","embeddable":true,"href":"https:\/\/www.sitsesp.org.br\/novo\/wp-json\/wp\/v2\/categories?post=5906"},{"taxonomy":"post_tag","embeddable":true,"href":"https:\/\/www.sitsesp.org.br\/novo\/wp-json\/wp\/v2\/tags?post=5906"}],"curies":[{"name":"wp","href":"https:\/\/api.w.org\/{rel}","templated":true}]}}