{"id":5917,"date":"2021-03-29T13:07:54","date_gmt":"2021-03-29T16:07:54","guid":{"rendered":"https:\/\/sitsesp.org.br\/novo\/?p=5917"},"modified":"2021-03-29T13:07:54","modified_gmt":"2021-03-29T16:07:54","slug":"fundacao-casa-cega-surda-e-muda-diante-das-mortes-dos-servidores-e-servidoras-do-sistema-socioeducativo","status":"publish","type":"post","link":"https:\/\/www.sitsesp.org.br\/novo\/fundacao-casa-cega-surda-e-muda-diante-das-mortes-dos-servidores-e-servidoras-do-sistema-socioeducativo\/","title":{"rendered":"Funda\u00e7\u00e3o CASA: cega, surda e muda diante das mortes dos servidores e servidoras do sistema socioeducativo."},"content":{"rendered":"<p><!-- VideographyWP Plugin Message: Automatic video embedding prevented by plugin options. --><br \/>\n<strong>Funda\u00e7\u00e3o CASA: cega, surda e muda diante das mortes dos servidores e servidoras do sistema socioeducativo.<\/strong><br \/>\n<strong><em>Editorial Diretoria de Imprensa SITSESP<\/em><\/strong><\/p>\n<p>Estamos vivendo um momento muito dif\u00edcil para nossas vidas. Este per\u00edodo de pandemia est\u00e1 nos deixando dia a dia com os nervos \u00e0 flor da pele, com o estresse no limite e a preocupa\u00e7\u00e3o de perdas daqueles que amamos, nos levam ao extremo da sensa\u00e7\u00e3o que em qualquer momento receberemos a not\u00edcia que um parente, um amigo ou um colega de trabalho perdeu sua vida.<\/p>\n<p>Esta sensa\u00e7\u00e3o piora ainda mais quando se trata da nossa categoria de trabalho, um setor que para algumas fun\u00e7\u00f5es como os Agentes de Apoio &#8211; Seguran\u00e7a &#8211; Socioeducativos que vivem no seu limite extremo dentro e fora das muralhas do sistema socioeducativo.<\/p>\n<p>Esta sensa\u00e7\u00e3o est\u00e1 institu\u00edda principalmente pela falta de sensibilidade, apoio, acompanhamento e tratamento por parte do setor que deveria ser competente dentro da Funda\u00e7\u00e3o CASA, identificando e encaminhando aqueles servidores que manifestam algum tipo de comportamento estranho ao seu trabalho para um tratamento preventivo e eficaz. Mas este setor n\u00e3o se preocupa com isso pois, para o patr\u00e3o somos apenas n\u00fameros, RE\u2019s que s\u00e3o devidamente substitu\u00eddos depois da baixa no RH.<\/p>\n<p>Isso \u00e9 de f\u00e1cil constata\u00e7\u00e3o quando um servidor sofre um acidente de trabalho ou \u00e9 afastado por alguma doen\u00e7a, o setor \u201ccompetente\u201d faz um primeiro contato para informa\u00e7\u00f5es b\u00e1sicas e depois abandona o servidor \u00e0 pr\u00f3pria sorte.<\/p>\n<p>Estamos perdendo guerreiros que este mal que atende pelo nome de COVID-19 est\u00e1 levando embora, e aqueles que est\u00e3o desistindo da pr\u00f3pria vida, deixando para tr\u00e1s uma vida produtiva que se tivessem tido o apoio necess\u00e1rio e um acompanhamento devido, ainda estariam aqui conosco.<\/p>\n<p>Nossa colega de trabalho do setor psicossocial Maria Helena Machado, tipifica bem com suas palavras, aquilo que dever\u00edamos fazer para constatar esses comportamentos:<\/p>\n<p><strong><em>\u201cSei que o momento est\u00e1 muito desgastante para todos (as) os trabalhadores (as) da FC, a pandemia que nos cerca, esses fechamentos de centros, essas transfer\u00eancias descabidas, distante das suas casas, levando as pessoas a desmotiva\u00e7\u00e3o e des\u00e2nimo, entre tantas demandas de abuso j\u00e1 t\u00e3o conhecida na institui\u00e7\u00e3o; mas pe\u00e7o que minhas colegas e meus colegas psic\u00f3logas deem uma aten\u00e7\u00e3o ao perceberem um colega trabalhando com depress\u00e3o, angustiado, triste, ansioso, acelerado, irritado ou muito estressado. A maioria dos colegas em sofrimento emitem algum sinal, os que est\u00e3o com idea\u00e7\u00e3o suicida, as vezes mandam sinais de sua extrema dor. As vezes parar e fazer uma conversa de 30 minutos com um colega faz toda a diferen\u00e7a. Sei que o dia a dia nos centros \u00e9 uma sucess\u00e3o de tarefas sem fim, mas quem puder, acolha quem est\u00e1 ao lado, muitas vezes precisando de apenas uma aten\u00e7\u00e3o, uma palavra de consolo, uma orienta\u00e7\u00e3o para buscar ajuda, uma escuta, um olhar. \u201d\u00a0 <\/em><\/strong>Finaliza com muita perspic\u00e1cia Maria Helena.<\/p>\n<p>Somos pais, m\u00e3es, av\u00f3s, filhos, seres humanos e Servidores p\u00fablicos num trabalho essencial e na linha de frente da socioeduca\u00e7\u00e3o no Estado de S\u00e3o Paulo, n\u00e3o deixemos mais a Funda\u00e7\u00e3o CASA e este governo exterminador do servi\u00e7o p\u00fablico continuar nos tratando como meros n\u00fameros substitu\u00edveis.<\/p>\n","protected":false},"excerpt":{"rendered":"<p>Funda\u00e7\u00e3o CASA: cega, surda e muda diante das mortes dos servidores e servidoras do sistema socioeducativo. Editorial Diretoria de Imprensa SITSESP&hellip;<\/p>\n","protected":false},"author":5,"featured_media":5918,"comment_status":"open","ping_status":"open","sticky":false,"template":"","format":"standard","meta":{"cybocfi_hide_featured_image":"","footnotes":""},"categories":[27,22],"tags":[45,47,38,48,49,46,37,39],"yoast_head":"<!-- This site is optimized with the Yoast SEO plugin v22.8 - https:\/\/yoast.com\/wordpress\/plugins\/seo\/ -->\n<title>Funda\u00e7\u00e3o CASA: cega, surda e muda diante das mortes dos servidores e servidoras do sistema socioeducativo. - SITSESP<\/title>\n<meta name=\"robots\" content=\"index, follow, max-snippet:-1, max-image-preview:large, max-video-preview:-1\" \/>\n<link rel=\"canonical\" href=\"https:\/\/www.sitsesp.org.br\/novo\/fundacao-casa-cega-surda-e-muda-diante-das-mortes-dos-servidores-e-servidoras-do-sistema-socioeducativo\/\" \/>\n<meta property=\"og:locale\" content=\"pt_BR\" \/>\n<meta property=\"og:type\" content=\"article\" \/>\n<meta property=\"og:title\" content=\"Funda\u00e7\u00e3o CASA: cega, surda e muda diante das mortes dos servidores e servidoras do sistema socioeducativo. - SITSESP\" \/>\n<meta property=\"og:description\" content=\"Funda\u00e7\u00e3o CASA: cega, surda e muda diante das mortes dos servidores e servidoras do sistema socioeducativo. Editorial Diretoria de Imprensa SITSESP&hellip;\" \/>\n<meta property=\"og:url\" content=\"https:\/\/www.sitsesp.org.br\/novo\/fundacao-casa-cega-surda-e-muda-diante-das-mortes-dos-servidores-e-servidoras-do-sistema-socioeducativo\/\" \/>\n<meta property=\"og:site_name\" content=\"SITSESP\" \/>\n<meta property=\"article:published_time\" content=\"2021-03-29T16:07:54+00:00\" \/>\n<meta property=\"og:image\" content=\"https:\/\/www.sitsesp.org.br\/novo\/wp-content\/uploads\/2021\/03\/editorial29.gif\" \/>\n\t<meta property=\"og:image:width\" content=\"800\" \/>\n\t<meta property=\"og:image:height\" content=\"800\" \/>\n\t<meta property=\"og:image:type\" content=\"image\/gif\" \/>\n<meta name=\"author\" content=\"imprensa\" \/>\n<meta name=\"twitter:card\" content=\"summary_large_image\" \/>\n<meta name=\"twitter:label1\" content=\"Escrito por\" \/>\n\t<meta name=\"twitter:data1\" content=\"imprensa\" \/>\n\t<meta name=\"twitter:label2\" content=\"Est. tempo de leitura\" \/>\n\t<meta name=\"twitter:data2\" content=\"3 minutos\" \/>\n<script type=\"application\/ld+json\" class=\"yoast-schema-graph\">{\"@context\":\"https:\/\/schema.org\",\"@graph\":[{\"@type\":\"Article\",\"@id\":\"https:\/\/www.sitsesp.org.br\/novo\/fundacao-casa-cega-surda-e-muda-diante-das-mortes-dos-servidores-e-servidoras-do-sistema-socioeducativo\/#article\",\"isPartOf\":{\"@id\":\"https:\/\/www.sitsesp.org.br\/novo\/fundacao-casa-cega-surda-e-muda-diante-das-mortes-dos-servidores-e-servidoras-do-sistema-socioeducativo\/\"},\"author\":{\"name\":\"imprensa\",\"@id\":\"https:\/\/www.sitsesp.org.br\/novo\/#\/schema\/person\/28e42eec160f373e81d0183b3643edbf\"},\"headline\":\"Funda\u00e7\u00e3o CASA: cega, surda e muda diante das mortes dos servidores e servidoras do sistema socioeducativo.\",\"datePublished\":\"2021-03-29T16:07:54+00:00\",\"dateModified\":\"2021-03-29T16:07:54+00:00\",\"mainEntityOfPage\":{\"@id\":\"https:\/\/www.sitsesp.org.br\/novo\/fundacao-casa-cega-surda-e-muda-diante-das-mortes-dos-servidores-e-servidoras-do-sistema-socioeducativo\/\"},\"wordCount\":579,\"commentCount\":0,\"publisher\":{\"@id\":\"https:\/\/www.sitsesp.org.br\/novo\/#organization\"},\"image\":{\"@id\":\"https:\/\/www.sitsesp.org.br\/novo\/fundacao-casa-cega-surda-e-muda-diante-das-mortes-dos-servidores-e-servidoras-do-sistema-socioeducativo\/#primaryimage\"},\"thumbnailUrl\":\"https:\/\/www.sitsesp.org.br\/novo\/wp-content\/uploads\/2021\/03\/editorial29.gif\",\"keywords\":[\"2021\",\"covid19\",\"Funda\u00e7\u00e3o CASA\",\"pandemia\",\"sa\u00fade\",\"SA\u00daDE MENTAL\",\"SITSESP\",\"SOCIOEDUCA\u00c7\u00c3O\"],\"articleSection\":[\"Destaque\",\"Noticias\"],\"inLanguage\":\"pt-BR\",\"potentialAction\":[{\"@type\":\"CommentAction\",\"name\":\"Comment\",\"target\":[\"https:\/\/www.sitsesp.org.br\/novo\/fundacao-casa-cega-surda-e-muda-diante-das-mortes-dos-servidores-e-servidoras-do-sistema-socioeducativo\/#respond\"]}]},{\"@type\":\"WebPage\",\"@id\":\"https:\/\/www.sitsesp.org.br\/novo\/fundacao-casa-cega-surda-e-muda-diante-das-mortes-dos-servidores-e-servidoras-do-sistema-socioeducativo\/\",\"url\":\"https:\/\/www.sitsesp.org.br\/novo\/fundacao-casa-cega-surda-e-muda-diante-das-mortes-dos-servidores-e-servidoras-do-sistema-socioeducativo\/\",\"name\":\"Funda\u00e7\u00e3o CASA: cega, surda e muda diante das mortes dos servidores e servidoras do sistema socioeducativo. - SITSESP\",\"isPartOf\":{\"@id\":\"https:\/\/www.sitsesp.org.br\/novo\/#website\"},\"primaryImageOfPage\":{\"@id\":\"https:\/\/www.sitsesp.org.br\/novo\/fundacao-casa-cega-surda-e-muda-diante-das-mortes-dos-servidores-e-servidoras-do-sistema-socioeducativo\/#primaryimage\"},\"image\":{\"@id\":\"https:\/\/www.sitsesp.org.br\/novo\/fundacao-casa-cega-surda-e-muda-diante-das-mortes-dos-servidores-e-servidoras-do-sistema-socioeducativo\/#primaryimage\"},\"thumbnailUrl\":\"https:\/\/www.sitsesp.org.br\/novo\/wp-content\/uploads\/2021\/03\/editorial29.gif\",\"datePublished\":\"2021-03-29T16:07:54+00:00\",\"dateModified\":\"2021-03-29T16:07:54+00:00\",\"breadcrumb\":{\"@id\":\"https:\/\/www.sitsesp.org.br\/novo\/fundacao-casa-cega-surda-e-muda-diante-das-mortes-dos-servidores-e-servidoras-do-sistema-socioeducativo\/#breadcrumb\"},\"inLanguage\":\"pt-BR\",\"potentialAction\":[{\"@type\":\"ReadAction\",\"target\":[\"https:\/\/www.sitsesp.org.br\/novo\/fundacao-casa-cega-surda-e-muda-diante-das-mortes-dos-servidores-e-servidoras-do-sistema-socioeducativo\/\"]}]},{\"@type\":\"ImageObject\",\"inLanguage\":\"pt-BR\",\"@id\":\"https:\/\/www.sitsesp.org.br\/novo\/fundacao-casa-cega-surda-e-muda-diante-das-mortes-dos-servidores-e-servidoras-do-sistema-socioeducativo\/#primaryimage\",\"url\":\"https:\/\/www.sitsesp.org.br\/novo\/wp-content\/uploads\/2021\/03\/editorial29.gif\",\"contentUrl\":\"https:\/\/www.sitsesp.org.br\/novo\/wp-content\/uploads\/2021\/03\/editorial29.gif\",\"width\":800,\"height\":800},{\"@type\":\"BreadcrumbList\",\"@id\":\"https:\/\/www.sitsesp.org.br\/novo\/fundacao-casa-cega-surda-e-muda-diante-das-mortes-dos-servidores-e-servidoras-do-sistema-socioeducativo\/#breadcrumb\",\"itemListElement\":[{\"@type\":\"ListItem\",\"position\":1,\"name\":\"In\u00edcio\",\"item\":\"https:\/\/www.sitsesp.org.br\/novo\/\"},{\"@type\":\"ListItem\",\"position\":2,\"name\":\"Funda\u00e7\u00e3o CASA: cega, surda e muda diante das mortes dos servidores e servidoras do sistema socioeducativo.\"}]},{\"@type\":\"WebSite\",\"@id\":\"https:\/\/www.sitsesp.org.br\/novo\/#website\",\"url\":\"https:\/\/www.sitsesp.org.br\/novo\/\",\"name\":\"Sitsesp\",\"description\":\"SIndicato da Socioeduca\u00e7\u00e3o do Estado de S\u00e3o Paulo\",\"publisher\":{\"@id\":\"https:\/\/www.sitsesp.org.br\/novo\/#organization\"},\"potentialAction\":[{\"@type\":\"SearchAction\",\"target\":{\"@type\":\"EntryPoint\",\"urlTemplate\":\"https:\/\/www.sitsesp.org.br\/novo\/?s={search_term_string}\"},\"query-input\":\"required name=search_term_string\"}],\"inLanguage\":\"pt-BR\"},{\"@type\":\"Organization\",\"@id\":\"https:\/\/www.sitsesp.org.br\/novo\/#organization\",\"name\":\"Sitsesp\",\"url\":\"https:\/\/www.sitsesp.org.br\/novo\/\",\"logo\":{\"@type\":\"ImageObject\",\"inLanguage\":\"pt-BR\",\"@id\":\"https:\/\/www.sitsesp.org.br\/novo\/#\/schema\/logo\/image\/\",\"url\":\"https:\/\/www.sitsesp.org.br\/novo\/wp-content\/uploads\/2020\/09\/Design-sem-nome-1.jpg\",\"contentUrl\":\"https:\/\/www.sitsesp.org.br\/novo\/wp-content\/uploads\/2020\/09\/Design-sem-nome-1.jpg\",\"width\":300,\"height\":300,\"caption\":\"Sitsesp\"},\"image\":{\"@id\":\"https:\/\/www.sitsesp.org.br\/novo\/#\/schema\/logo\/image\/\"}},{\"@type\":\"Person\",\"@id\":\"https:\/\/www.sitsesp.org.br\/novo\/#\/schema\/person\/28e42eec160f373e81d0183b3643edbf\",\"name\":\"imprensa\",\"image\":{\"@type\":\"ImageObject\",\"inLanguage\":\"pt-BR\",\"@id\":\"https:\/\/www.sitsesp.org.br\/novo\/#\/schema\/person\/image\/\",\"url\":\"https:\/\/secure.gravatar.com\/avatar\/8d6ccd8d7d52b8959f34154e87d3fa29?s=96&d=mm&r=g\",\"contentUrl\":\"https:\/\/secure.gravatar.com\/avatar\/8d6ccd8d7d52b8959f34154e87d3fa29?s=96&d=mm&r=g\",\"caption\":\"imprensa\"}}]}<\/script>\n<!-- \/ Yoast SEO plugin. -->","yoast_head_json":{"title":"Funda\u00e7\u00e3o CASA: cega, surda e muda diante das mortes dos servidores e servidoras do sistema socioeducativo. - SITSESP","robots":{"index":"index","follow":"follow","max-snippet":"max-snippet:-1","max-image-preview":"max-image-preview:large","max-video-preview":"max-video-preview:-1"},"canonical":"https:\/\/www.sitsesp.org.br\/novo\/fundacao-casa-cega-surda-e-muda-diante-das-mortes-dos-servidores-e-servidoras-do-sistema-socioeducativo\/","og_locale":"pt_BR","og_type":"article","og_title":"Funda\u00e7\u00e3o CASA: cega, surda e muda diante das mortes dos servidores e servidoras do sistema socioeducativo. - SITSESP","og_description":"Funda\u00e7\u00e3o CASA: cega, surda e muda diante das mortes dos servidores e servidoras do sistema socioeducativo. Editorial Diretoria de Imprensa SITSESP&hellip;","og_url":"https:\/\/www.sitsesp.org.br\/novo\/fundacao-casa-cega-surda-e-muda-diante-das-mortes-dos-servidores-e-servidoras-do-sistema-socioeducativo\/","og_site_name":"SITSESP","article_published_time":"2021-03-29T16:07:54+00:00","og_image":[{"width":800,"height":800,"url":"https:\/\/www.sitsesp.org.br\/novo\/wp-content\/uploads\/2021\/03\/editorial29.gif","type":"image\/gif"}],"author":"imprensa","twitter_card":"summary_large_image","twitter_misc":{"Escrito por":"imprensa","Est. tempo de leitura":"3 minutos"},"schema":{"@context":"https:\/\/schema.org","@graph":[{"@type":"Article","@id":"https:\/\/www.sitsesp.org.br\/novo\/fundacao-casa-cega-surda-e-muda-diante-das-mortes-dos-servidores-e-servidoras-do-sistema-socioeducativo\/#article","isPartOf":{"@id":"https:\/\/www.sitsesp.org.br\/novo\/fundacao-casa-cega-surda-e-muda-diante-das-mortes-dos-servidores-e-servidoras-do-sistema-socioeducativo\/"},"author":{"name":"imprensa","@id":"https:\/\/www.sitsesp.org.br\/novo\/#\/schema\/person\/28e42eec160f373e81d0183b3643edbf"},"headline":"Funda\u00e7\u00e3o CASA: cega, surda e muda diante das mortes dos servidores e servidoras do sistema socioeducativo.","datePublished":"2021-03-29T16:07:54+00:00","dateModified":"2021-03-29T16:07:54+00:00","mainEntityOfPage":{"@id":"https:\/\/www.sitsesp.org.br\/novo\/fundacao-casa-cega-surda-e-muda-diante-das-mortes-dos-servidores-e-servidoras-do-sistema-socioeducativo\/"},"wordCount":579,"commentCount":0,"publisher":{"@id":"https:\/\/www.sitsesp.org.br\/novo\/#organization"},"image":{"@id":"https:\/\/www.sitsesp.org.br\/novo\/fundacao-casa-cega-surda-e-muda-diante-das-mortes-dos-servidores-e-servidoras-do-sistema-socioeducativo\/#primaryimage"},"thumbnailUrl":"https:\/\/www.sitsesp.org.br\/novo\/wp-content\/uploads\/2021\/03\/editorial29.gif","keywords":["2021","covid19","Funda\u00e7\u00e3o CASA","pandemia","sa\u00fade","SA\u00daDE MENTAL","SITSESP","SOCIOEDUCA\u00c7\u00c3O"],"articleSection":["Destaque","Noticias"],"inLanguage":"pt-BR","potentialAction":[{"@type":"CommentAction","name":"Comment","target":["https:\/\/www.sitsesp.org.br\/novo\/fundacao-casa-cega-surda-e-muda-diante-das-mortes-dos-servidores-e-servidoras-do-sistema-socioeducativo\/#respond"]}]},{"@type":"WebPage","@id":"https:\/\/www.sitsesp.org.br\/novo\/fundacao-casa-cega-surda-e-muda-diante-das-mortes-dos-servidores-e-servidoras-do-sistema-socioeducativo\/","url":"https:\/\/www.sitsesp.org.br\/novo\/fundacao-casa-cega-surda-e-muda-diante-das-mortes-dos-servidores-e-servidoras-do-sistema-socioeducativo\/","name":"Funda\u00e7\u00e3o CASA: cega, surda e muda diante das mortes dos servidores e servidoras do sistema socioeducativo. - SITSESP","isPartOf":{"@id":"https:\/\/www.sitsesp.org.br\/novo\/#website"},"primaryImageOfPage":{"@id":"https:\/\/www.sitsesp.org.br\/novo\/fundacao-casa-cega-surda-e-muda-diante-das-mortes-dos-servidores-e-servidoras-do-sistema-socioeducativo\/#primaryimage"},"image":{"@id":"https:\/\/www.sitsesp.org.br\/novo\/fundacao-casa-cega-surda-e-muda-diante-das-mortes-dos-servidores-e-servidoras-do-sistema-socioeducativo\/#primaryimage"},"thumbnailUrl":"https:\/\/www.sitsesp.org.br\/novo\/wp-content\/uploads\/2021\/03\/editorial29.gif","datePublished":"2021-03-29T16:07:54+00:00","dateModified":"2021-03-29T16:07:54+00:00","breadcrumb":{"@id":"https:\/\/www.sitsesp.org.br\/novo\/fundacao-casa-cega-surda-e-muda-diante-das-mortes-dos-servidores-e-servidoras-do-sistema-socioeducativo\/#breadcrumb"},"inLanguage":"pt-BR","potentialAction":[{"@type":"ReadAction","target":["https:\/\/www.sitsesp.org.br\/novo\/fundacao-casa-cega-surda-e-muda-diante-das-mortes-dos-servidores-e-servidoras-do-sistema-socioeducativo\/"]}]},{"@type":"ImageObject","inLanguage":"pt-BR","@id":"https:\/\/www.sitsesp.org.br\/novo\/fundacao-casa-cega-surda-e-muda-diante-das-mortes-dos-servidores-e-servidoras-do-sistema-socioeducativo\/#primaryimage","url":"https:\/\/www.sitsesp.org.br\/novo\/wp-content\/uploads\/2021\/03\/editorial29.gif","contentUrl":"https:\/\/www.sitsesp.org.br\/novo\/wp-content\/uploads\/2021\/03\/editorial29.gif","width":800,"height":800},{"@type":"BreadcrumbList","@id":"https:\/\/www.sitsesp.org.br\/novo\/fundacao-casa-cega-surda-e-muda-diante-das-mortes-dos-servidores-e-servidoras-do-sistema-socioeducativo\/#breadcrumb","itemListElement":[{"@type":"ListItem","position":1,"name":"In\u00edcio","item":"https:\/\/www.sitsesp.org.br\/novo\/"},{"@type":"ListItem","position":2,"name":"Funda\u00e7\u00e3o CASA: cega, surda e muda diante das mortes dos servidores e servidoras do sistema socioeducativo."}]},{"@type":"WebSite","@id":"https:\/\/www.sitsesp.org.br\/novo\/#website","url":"https:\/\/www.sitsesp.org.br\/novo\/","name":"Sitsesp","description":"SIndicato da Socioeduca\u00e7\u00e3o do Estado de S\u00e3o Paulo","publisher":{"@id":"https:\/\/www.sitsesp.org.br\/novo\/#organization"},"potentialAction":[{"@type":"SearchAction","target":{"@type":"EntryPoint","urlTemplate":"https:\/\/www.sitsesp.org.br\/novo\/?s={search_term_string}"},"query-input":"required name=search_term_string"}],"inLanguage":"pt-BR"},{"@type":"Organization","@id":"https:\/\/www.sitsesp.org.br\/novo\/#organization","name":"Sitsesp","url":"https:\/\/www.sitsesp.org.br\/novo\/","logo":{"@type":"ImageObject","inLanguage":"pt-BR","@id":"https:\/\/www.sitsesp.org.br\/novo\/#\/schema\/logo\/image\/","url":"https:\/\/www.sitsesp.org.br\/novo\/wp-content\/uploads\/2020\/09\/Design-sem-nome-1.jpg","contentUrl":"https:\/\/www.sitsesp.org.br\/novo\/wp-content\/uploads\/2020\/09\/Design-sem-nome-1.jpg","width":300,"height":300,"caption":"Sitsesp"},"image":{"@id":"https:\/\/www.sitsesp.org.br\/novo\/#\/schema\/logo\/image\/"}},{"@type":"Person","@id":"https:\/\/www.sitsesp.org.br\/novo\/#\/schema\/person\/28e42eec160f373e81d0183b3643edbf","name":"imprensa","image":{"@type":"ImageObject","inLanguage":"pt-BR","@id":"https:\/\/www.sitsesp.org.br\/novo\/#\/schema\/person\/image\/","url":"https:\/\/secure.gravatar.com\/avatar\/8d6ccd8d7d52b8959f34154e87d3fa29?s=96&d=mm&r=g","contentUrl":"https:\/\/secure.gravatar.com\/avatar\/8d6ccd8d7d52b8959f34154e87d3fa29?s=96&d=mm&r=g","caption":"imprensa"}}]}},"_links":{"self":[{"href":"https:\/\/www.sitsesp.org.br\/novo\/wp-json\/wp\/v2\/posts\/5917"}],"collection":[{"href":"https:\/\/www.sitsesp.org.br\/novo\/wp-json\/wp\/v2\/posts"}],"about":[{"href":"https:\/\/www.sitsesp.org.br\/novo\/wp-json\/wp\/v2\/types\/post"}],"author":[{"embeddable":true,"href":"https:\/\/www.sitsesp.org.br\/novo\/wp-json\/wp\/v2\/users\/5"}],"replies":[{"embeddable":true,"href":"https:\/\/www.sitsesp.org.br\/novo\/wp-json\/wp\/v2\/comments?post=5917"}],"version-history":[{"count":1,"href":"https:\/\/www.sitsesp.org.br\/novo\/wp-json\/wp\/v2\/posts\/5917\/revisions"}],"predecessor-version":[{"id":5919,"href":"https:\/\/www.sitsesp.org.br\/novo\/wp-json\/wp\/v2\/posts\/5917\/revisions\/5919"}],"wp:featuredmedia":[{"embeddable":true,"href":"https:\/\/www.sitsesp.org.br\/novo\/wp-json\/wp\/v2\/media\/5918"}],"wp:attachment":[{"href":"https:\/\/www.sitsesp.org.br\/novo\/wp-json\/wp\/v2\/media?parent=5917"}],"wp:term":[{"taxonomy":"category","embeddable":true,"href":"https:\/\/www.sitsesp.org.br\/novo\/wp-json\/wp\/v2\/categories?post=5917"},{"taxonomy":"post_tag","embeddable":true,"href":"https:\/\/www.sitsesp.org.br\/novo\/wp-json\/wp\/v2\/tags?post=5917"}],"curies":[{"name":"wp","href":"https:\/\/api.w.org\/{rel}","templated":true}]}}