{"id":5931,"date":"2021-03-31T11:07:36","date_gmt":"2021-03-31T14:07:36","guid":{"rendered":"https:\/\/sitsesp.org.br\/novo\/?p=5931"},"modified":"2021-03-31T11:07:36","modified_gmt":"2021-03-31T14:07:36","slug":"aconteceu-de-novo-ate-quando-os-a-a-ss-servirao-de-tapa-buracos-dentro-da-fundacao-casa","status":"publish","type":"post","link":"https:\/\/www.sitsesp.org.br\/novo\/aconteceu-de-novo-ate-quando-os-a-a-ss-servirao-de-tapa-buracos-dentro-da-fundacao-casa\/","title":{"rendered":"ACONTECEU DE NOVO!  AT\u00c9 QUANDO OS A.A.S\u2019s SERVIR\u00c3O DE TAPA BURACOS DENTRO DA FUNDA\u00c7\u00c3O CASA?"},"content":{"rendered":"<p><!-- VideographyWP Plugin Message: Automatic video embedding prevented by plugin options. --><br \/>\nJ\u00e1 vem de longe a situa\u00e7\u00e3o de m\u00e1 gest\u00e3o dentro da Funda\u00e7\u00e3o CASA no que se trata das licita\u00e7\u00f5es que escolhem as empresas de vigil\u00e2ncia e portarias nos Centros espalhados pelas DR\u2019s em todo Estado de S\u00e3o Paulo, principalmente no interior.<\/p>\n<p>Os Agentes de Apoio Socioeducativos h\u00e1 anos v\u00eam servindo de \u201cbucha de canh\u00e3o e tapa buracos\u201d para a Funda\u00e7\u00e3o CASA por conta da incompet\u00eancia em direcionar uma licita\u00e7\u00e3o para empresas que s\u00e3o genu\u00ednas e de longos anos de experi\u00eancia nesta \u00e1rea t\u00e3o importante no andamento complexo da medida Socioeducativa. Esses gestores da \u00e1rea licitat\u00f3ria, preferem o baixo custo de empresas de cunho duvidosos, rec\u00e9m-abertas para simplesmente participar das licita\u00e7\u00f5es da Funda\u00e7\u00e3o CASA e, muitas vezes, propriedades dos pr\u00f3prios empres\u00e1rios que j\u00e1 passaram por prestadores de servi\u00e7os na mesma \u00e1rea com outros CNPJ\u2019s e nomes fantasias que abandonam os contratos mesmo antes do seu t\u00e9rmino.<\/p>\n<p>Sobra para quem quando isso acontece? Em primeiro lugar para os trabalhadores destas empresas, que come\u00e7am deixando de pagar os vales refei\u00e7\u00f5es desses trabalhadores, depois os sal\u00e1rios e por fim, as custas rescis\u00f3rias que acabar\u00e1 sobrando para a Funda\u00e7\u00e3o CASA ser responsabilizada e passar anos tentando receber desses empres\u00e1rios inescrupulosos, mas com a coniv\u00eancia da Funda\u00e7\u00e3o CASA, ou seja, o barato sempre vai sair muito mais caro. Em segundo lugar, para os Agentes de Apoio Socioeducativos, aqueles que tapam todos os buracos deixados pela incompet\u00eancia incondicional da Funda\u00e7\u00e3o CASA; aqueles que no seu dia a dia j\u00e1 s\u00e3o seguran\u00e7as, educadores, pedagogos, psic\u00f3logos, assistentes sociais, enfermeiros, operacionais e agora, com a sa\u00edda dessas empresas, suas novas fun\u00e7\u00f5es agregadas passam a ser vigilantes e porteiros. Hoje na DRN \u00e9 o \u00faltimo dia da empresa de vigil\u00e2ncia EMAX neste servi\u00e7o terceirizado, e o nosso colaborador Ricardo Lopes define bem o que acontecer\u00e1 com os poucos AAS\u2019s que trabalham nos Centros da DRN:<\/p>\n<p><strong><em>\u201cOs CASA\u2019s onde a empresa EMAX presta servi\u00e7os, ficar\u00e3o sem vigilantes, os AGENTES que ir\u00e3o fazer o papel dos vigilantes, dia e noite por tempo indeterminado, ou seja, perderemos 1 agente no diurno e 2 no noturno, o quadro funcional dos agentes j\u00e1 s\u00e3o reduzidos, fazemos o trabalho de todas a \u00e1reas e agora tamb\u00e9m iremos fazer o trabalho dos terceirizados, se continuar desse jeito logo-logo, os agentes ter\u00e3o que TRABALHAR na cozinha, para fazer as refei\u00e7\u00f5es dos adolescentes.<\/em><\/strong><\/p>\n<p><strong><em>Toda vez que termina ou est\u00e1 prestes a terminar o contrato de uma empresa terceirizada, a mesma d\u00e1 um calote nos vigilantes, n\u00e3o paga os direitos trabalhistas e quem paga o pato s\u00e3o os AGENTES, que tem que se desdobrar dentro do p\u00e1tio e fora dele, fazendo o trabalho dos terceirizados, isso tem que acabar, a institui\u00e7\u00e3o e os \u00f3rg\u00e3os competentes teriam que tomar as provid\u00eancias cab\u00edveis para que essa situa\u00e7\u00e3o n\u00e3o voltasse a acontecer! \u201d <\/em><\/strong>Resume Ricardo.<\/p>\n<p>Segundo informa\u00e7\u00f5es, na DRO isso vem acontecendo h\u00e1 v\u00e1rios meses, isso chama-se <strong>DESVIO DE FUN\u00c7\u00c3O <\/strong>e n\u00e3o podemos mais aceitar os desmandos da Funda\u00e7\u00e3o CASA fazendo economias \u00e0s custas da explora\u00e7\u00e3o de seus servidores que h\u00e1 anos n\u00e3o v\u00ea um s\u00f3 centavo de aumento nos seus sal\u00e1rios como pagamento daquilo que foram contratados por concurso p\u00fablico.<\/p>\n<p>A categoria ir\u00e1 oficializar a Funda\u00e7\u00e3o CASA e se for o caso, o MPT para obter respostas de at\u00e9 quando esta situa\u00e7\u00e3o vai continuar. Estamos atentos \u00e0s demandas dos nossos trabalhadores.<\/p>\n","protected":false},"excerpt":{"rendered":"<p>J\u00e1 vem de longe a situa\u00e7\u00e3o de m\u00e1 gest\u00e3o dentro da Funda\u00e7\u00e3o CASA no que se trata das licita\u00e7\u00f5es que escolhem&hellip;<\/p>\n","protected":false},"author":5,"featured_media":5932,"comment_status":"open","ping_status":"open","sticky":false,"template":"","format":"standard","meta":{"cybocfi_hide_featured_image":"","footnotes":""},"categories":[27,22],"tags":[45,38,39],"yoast_head":"<!-- This site is optimized with the Yoast SEO plugin v22.8 - https:\/\/yoast.com\/wordpress\/plugins\/seo\/ -->\n<title>ACONTECEU DE NOVO! AT\u00c9 QUANDO OS A.A.S\u2019s SERVIR\u00c3O DE TAPA BURACOS DENTRO DA FUNDA\u00c7\u00c3O CASA? - SITSESP<\/title>\n<meta name=\"robots\" content=\"index, follow, max-snippet:-1, max-image-preview:large, max-video-preview:-1\" \/>\n<link rel=\"canonical\" href=\"https:\/\/www.sitsesp.org.br\/novo\/aconteceu-de-novo-ate-quando-os-a-a-ss-servirao-de-tapa-buracos-dentro-da-fundacao-casa\/\" \/>\n<meta property=\"og:locale\" content=\"pt_BR\" \/>\n<meta property=\"og:type\" content=\"article\" \/>\n<meta property=\"og:title\" content=\"ACONTECEU DE NOVO! AT\u00c9 QUANDO OS A.A.S\u2019s SERVIR\u00c3O DE TAPA BURACOS DENTRO DA FUNDA\u00c7\u00c3O CASA? - SITSESP\" \/>\n<meta property=\"og:description\" content=\"J\u00e1 vem de longe a situa\u00e7\u00e3o de m\u00e1 gest\u00e3o dentro da Funda\u00e7\u00e3o CASA no que se trata das licita\u00e7\u00f5es que escolhem&hellip;\" \/>\n<meta property=\"og:url\" content=\"https:\/\/www.sitsesp.org.br\/novo\/aconteceu-de-novo-ate-quando-os-a-a-ss-servirao-de-tapa-buracos-dentro-da-fundacao-casa\/\" \/>\n<meta property=\"og:site_name\" content=\"SITSESP\" \/>\n<meta property=\"article:published_time\" content=\"2021-03-31T14:07:36+00:00\" \/>\n<meta property=\"og:image\" content=\"https:\/\/www.sitsesp.org.br\/novo\/wp-content\/uploads\/2021\/03\/3103b.png\" \/>\n\t<meta property=\"og:image:width\" content=\"800\" \/>\n\t<meta property=\"og:image:height\" content=\"800\" \/>\n\t<meta property=\"og:image:type\" content=\"image\/png\" \/>\n<meta name=\"author\" content=\"imprensa\" \/>\n<meta name=\"twitter:card\" content=\"summary_large_image\" \/>\n<meta name=\"twitter:label1\" content=\"Escrito por\" \/>\n\t<meta name=\"twitter:data1\" content=\"imprensa\" \/>\n\t<meta name=\"twitter:label2\" content=\"Est. tempo de leitura\" \/>\n\t<meta name=\"twitter:data2\" content=\"3 minutos\" \/>\n<script type=\"application\/ld+json\" class=\"yoast-schema-graph\">{\"@context\":\"https:\/\/schema.org\",\"@graph\":[{\"@type\":\"Article\",\"@id\":\"https:\/\/www.sitsesp.org.br\/novo\/aconteceu-de-novo-ate-quando-os-a-a-ss-servirao-de-tapa-buracos-dentro-da-fundacao-casa\/#article\",\"isPartOf\":{\"@id\":\"https:\/\/www.sitsesp.org.br\/novo\/aconteceu-de-novo-ate-quando-os-a-a-ss-servirao-de-tapa-buracos-dentro-da-fundacao-casa\/\"},\"author\":{\"name\":\"imprensa\",\"@id\":\"https:\/\/www.sitsesp.org.br\/novo\/#\/schema\/person\/28e42eec160f373e81d0183b3643edbf\"},\"headline\":\"ACONTECEU DE NOVO! AT\u00c9 QUANDO OS A.A.S\u2019s SERVIR\u00c3O DE TAPA BURACOS DENTRO DA FUNDA\u00c7\u00c3O CASA?\",\"datePublished\":\"2021-03-31T14:07:36+00:00\",\"dateModified\":\"2021-03-31T14:07:36+00:00\",\"mainEntityOfPage\":{\"@id\":\"https:\/\/www.sitsesp.org.br\/novo\/aconteceu-de-novo-ate-quando-os-a-a-ss-servirao-de-tapa-buracos-dentro-da-fundacao-casa\/\"},\"wordCount\":635,\"commentCount\":0,\"publisher\":{\"@id\":\"https:\/\/www.sitsesp.org.br\/novo\/#organization\"},\"image\":{\"@id\":\"https:\/\/www.sitsesp.org.br\/novo\/aconteceu-de-novo-ate-quando-os-a-a-ss-servirao-de-tapa-buracos-dentro-da-fundacao-casa\/#primaryimage\"},\"thumbnailUrl\":\"https:\/\/www.sitsesp.org.br\/novo\/wp-content\/uploads\/2021\/03\/3103b.png\",\"keywords\":[\"2021\",\"Funda\u00e7\u00e3o CASA\",\"SOCIOEDUCA\u00c7\u00c3O\"],\"articleSection\":[\"Destaque\",\"Noticias\"],\"inLanguage\":\"pt-BR\",\"potentialAction\":[{\"@type\":\"CommentAction\",\"name\":\"Comment\",\"target\":[\"https:\/\/www.sitsesp.org.br\/novo\/aconteceu-de-novo-ate-quando-os-a-a-ss-servirao-de-tapa-buracos-dentro-da-fundacao-casa\/#respond\"]}]},{\"@type\":\"WebPage\",\"@id\":\"https:\/\/www.sitsesp.org.br\/novo\/aconteceu-de-novo-ate-quando-os-a-a-ss-servirao-de-tapa-buracos-dentro-da-fundacao-casa\/\",\"url\":\"https:\/\/www.sitsesp.org.br\/novo\/aconteceu-de-novo-ate-quando-os-a-a-ss-servirao-de-tapa-buracos-dentro-da-fundacao-casa\/\",\"name\":\"ACONTECEU DE NOVO! AT\u00c9 QUANDO OS A.A.S\u2019s SERVIR\u00c3O DE TAPA BURACOS DENTRO DA FUNDA\u00c7\u00c3O CASA? - SITSESP\",\"isPartOf\":{\"@id\":\"https:\/\/www.sitsesp.org.br\/novo\/#website\"},\"primaryImageOfPage\":{\"@id\":\"https:\/\/www.sitsesp.org.br\/novo\/aconteceu-de-novo-ate-quando-os-a-a-ss-servirao-de-tapa-buracos-dentro-da-fundacao-casa\/#primaryimage\"},\"image\":{\"@id\":\"https:\/\/www.sitsesp.org.br\/novo\/aconteceu-de-novo-ate-quando-os-a-a-ss-servirao-de-tapa-buracos-dentro-da-fundacao-casa\/#primaryimage\"},\"thumbnailUrl\":\"https:\/\/www.sitsesp.org.br\/novo\/wp-content\/uploads\/2021\/03\/3103b.png\",\"datePublished\":\"2021-03-31T14:07:36+00:00\",\"dateModified\":\"2021-03-31T14:07:36+00:00\",\"breadcrumb\":{\"@id\":\"https:\/\/www.sitsesp.org.br\/novo\/aconteceu-de-novo-ate-quando-os-a-a-ss-servirao-de-tapa-buracos-dentro-da-fundacao-casa\/#breadcrumb\"},\"inLanguage\":\"pt-BR\",\"potentialAction\":[{\"@type\":\"ReadAction\",\"target\":[\"https:\/\/www.sitsesp.org.br\/novo\/aconteceu-de-novo-ate-quando-os-a-a-ss-servirao-de-tapa-buracos-dentro-da-fundacao-casa\/\"]}]},{\"@type\":\"ImageObject\",\"inLanguage\":\"pt-BR\",\"@id\":\"https:\/\/www.sitsesp.org.br\/novo\/aconteceu-de-novo-ate-quando-os-a-a-ss-servirao-de-tapa-buracos-dentro-da-fundacao-casa\/#primaryimage\",\"url\":\"https:\/\/www.sitsesp.org.br\/novo\/wp-content\/uploads\/2021\/03\/3103b.png\",\"contentUrl\":\"https:\/\/www.sitsesp.org.br\/novo\/wp-content\/uploads\/2021\/03\/3103b.png\",\"width\":800,\"height\":800},{\"@type\":\"BreadcrumbList\",\"@id\":\"https:\/\/www.sitsesp.org.br\/novo\/aconteceu-de-novo-ate-quando-os-a-a-ss-servirao-de-tapa-buracos-dentro-da-fundacao-casa\/#breadcrumb\",\"itemListElement\":[{\"@type\":\"ListItem\",\"position\":1,\"name\":\"In\u00edcio\",\"item\":\"https:\/\/www.sitsesp.org.br\/novo\/\"},{\"@type\":\"ListItem\",\"position\":2,\"name\":\"ACONTECEU DE NOVO! AT\u00c9 QUANDO OS A.A.S\u2019s SERVIR\u00c3O DE TAPA BURACOS DENTRO DA FUNDA\u00c7\u00c3O CASA?\"}]},{\"@type\":\"WebSite\",\"@id\":\"https:\/\/www.sitsesp.org.br\/novo\/#website\",\"url\":\"https:\/\/www.sitsesp.org.br\/novo\/\",\"name\":\"Sitsesp\",\"description\":\"SIndicato da Socioeduca\u00e7\u00e3o do Estado de S\u00e3o Paulo\",\"publisher\":{\"@id\":\"https:\/\/www.sitsesp.org.br\/novo\/#organization\"},\"potentialAction\":[{\"@type\":\"SearchAction\",\"target\":{\"@type\":\"EntryPoint\",\"urlTemplate\":\"https:\/\/www.sitsesp.org.br\/novo\/?s={search_term_string}\"},\"query-input\":\"required name=search_term_string\"}],\"inLanguage\":\"pt-BR\"},{\"@type\":\"Organization\",\"@id\":\"https:\/\/www.sitsesp.org.br\/novo\/#organization\",\"name\":\"Sitsesp\",\"url\":\"https:\/\/www.sitsesp.org.br\/novo\/\",\"logo\":{\"@type\":\"ImageObject\",\"inLanguage\":\"pt-BR\",\"@id\":\"https:\/\/www.sitsesp.org.br\/novo\/#\/schema\/logo\/image\/\",\"url\":\"https:\/\/www.sitsesp.org.br\/novo\/wp-content\/uploads\/2020\/09\/Design-sem-nome-1.jpg\",\"contentUrl\":\"https:\/\/www.sitsesp.org.br\/novo\/wp-content\/uploads\/2020\/09\/Design-sem-nome-1.jpg\",\"width\":300,\"height\":300,\"caption\":\"Sitsesp\"},\"image\":{\"@id\":\"https:\/\/www.sitsesp.org.br\/novo\/#\/schema\/logo\/image\/\"}},{\"@type\":\"Person\",\"@id\":\"https:\/\/www.sitsesp.org.br\/novo\/#\/schema\/person\/28e42eec160f373e81d0183b3643edbf\",\"name\":\"imprensa\",\"image\":{\"@type\":\"ImageObject\",\"inLanguage\":\"pt-BR\",\"@id\":\"https:\/\/www.sitsesp.org.br\/novo\/#\/schema\/person\/image\/\",\"url\":\"https:\/\/secure.gravatar.com\/avatar\/8d6ccd8d7d52b8959f34154e87d3fa29?s=96&d=mm&r=g\",\"contentUrl\":\"https:\/\/secure.gravatar.com\/avatar\/8d6ccd8d7d52b8959f34154e87d3fa29?s=96&d=mm&r=g\",\"caption\":\"imprensa\"}}]}<\/script>\n<!-- \/ Yoast SEO plugin. -->","yoast_head_json":{"title":"ACONTECEU DE NOVO! AT\u00c9 QUANDO OS A.A.S\u2019s SERVIR\u00c3O DE TAPA BURACOS DENTRO DA FUNDA\u00c7\u00c3O CASA? - SITSESP","robots":{"index":"index","follow":"follow","max-snippet":"max-snippet:-1","max-image-preview":"max-image-preview:large","max-video-preview":"max-video-preview:-1"},"canonical":"https:\/\/www.sitsesp.org.br\/novo\/aconteceu-de-novo-ate-quando-os-a-a-ss-servirao-de-tapa-buracos-dentro-da-fundacao-casa\/","og_locale":"pt_BR","og_type":"article","og_title":"ACONTECEU DE NOVO! AT\u00c9 QUANDO OS A.A.S\u2019s SERVIR\u00c3O DE TAPA BURACOS DENTRO DA FUNDA\u00c7\u00c3O CASA? - SITSESP","og_description":"J\u00e1 vem de longe a situa\u00e7\u00e3o de m\u00e1 gest\u00e3o dentro da Funda\u00e7\u00e3o CASA no que se trata das licita\u00e7\u00f5es que escolhem&hellip;","og_url":"https:\/\/www.sitsesp.org.br\/novo\/aconteceu-de-novo-ate-quando-os-a-a-ss-servirao-de-tapa-buracos-dentro-da-fundacao-casa\/","og_site_name":"SITSESP","article_published_time":"2021-03-31T14:07:36+00:00","og_image":[{"width":800,"height":800,"url":"https:\/\/www.sitsesp.org.br\/novo\/wp-content\/uploads\/2021\/03\/3103b.png","type":"image\/png"}],"author":"imprensa","twitter_card":"summary_large_image","twitter_misc":{"Escrito por":"imprensa","Est. tempo de leitura":"3 minutos"},"schema":{"@context":"https:\/\/schema.org","@graph":[{"@type":"Article","@id":"https:\/\/www.sitsesp.org.br\/novo\/aconteceu-de-novo-ate-quando-os-a-a-ss-servirao-de-tapa-buracos-dentro-da-fundacao-casa\/#article","isPartOf":{"@id":"https:\/\/www.sitsesp.org.br\/novo\/aconteceu-de-novo-ate-quando-os-a-a-ss-servirao-de-tapa-buracos-dentro-da-fundacao-casa\/"},"author":{"name":"imprensa","@id":"https:\/\/www.sitsesp.org.br\/novo\/#\/schema\/person\/28e42eec160f373e81d0183b3643edbf"},"headline":"ACONTECEU DE NOVO! AT\u00c9 QUANDO OS A.A.S\u2019s SERVIR\u00c3O DE TAPA BURACOS DENTRO DA FUNDA\u00c7\u00c3O CASA?","datePublished":"2021-03-31T14:07:36+00:00","dateModified":"2021-03-31T14:07:36+00:00","mainEntityOfPage":{"@id":"https:\/\/www.sitsesp.org.br\/novo\/aconteceu-de-novo-ate-quando-os-a-a-ss-servirao-de-tapa-buracos-dentro-da-fundacao-casa\/"},"wordCount":635,"commentCount":0,"publisher":{"@id":"https:\/\/www.sitsesp.org.br\/novo\/#organization"},"image":{"@id":"https:\/\/www.sitsesp.org.br\/novo\/aconteceu-de-novo-ate-quando-os-a-a-ss-servirao-de-tapa-buracos-dentro-da-fundacao-casa\/#primaryimage"},"thumbnailUrl":"https:\/\/www.sitsesp.org.br\/novo\/wp-content\/uploads\/2021\/03\/3103b.png","keywords":["2021","Funda\u00e7\u00e3o CASA","SOCIOEDUCA\u00c7\u00c3O"],"articleSection":["Destaque","Noticias"],"inLanguage":"pt-BR","potentialAction":[{"@type":"CommentAction","name":"Comment","target":["https:\/\/www.sitsesp.org.br\/novo\/aconteceu-de-novo-ate-quando-os-a-a-ss-servirao-de-tapa-buracos-dentro-da-fundacao-casa\/#respond"]}]},{"@type":"WebPage","@id":"https:\/\/www.sitsesp.org.br\/novo\/aconteceu-de-novo-ate-quando-os-a-a-ss-servirao-de-tapa-buracos-dentro-da-fundacao-casa\/","url":"https:\/\/www.sitsesp.org.br\/novo\/aconteceu-de-novo-ate-quando-os-a-a-ss-servirao-de-tapa-buracos-dentro-da-fundacao-casa\/","name":"ACONTECEU DE NOVO! AT\u00c9 QUANDO OS A.A.S\u2019s SERVIR\u00c3O DE TAPA BURACOS DENTRO DA FUNDA\u00c7\u00c3O CASA? - SITSESP","isPartOf":{"@id":"https:\/\/www.sitsesp.org.br\/novo\/#website"},"primaryImageOfPage":{"@id":"https:\/\/www.sitsesp.org.br\/novo\/aconteceu-de-novo-ate-quando-os-a-a-ss-servirao-de-tapa-buracos-dentro-da-fundacao-casa\/#primaryimage"},"image":{"@id":"https:\/\/www.sitsesp.org.br\/novo\/aconteceu-de-novo-ate-quando-os-a-a-ss-servirao-de-tapa-buracos-dentro-da-fundacao-casa\/#primaryimage"},"thumbnailUrl":"https:\/\/www.sitsesp.org.br\/novo\/wp-content\/uploads\/2021\/03\/3103b.png","datePublished":"2021-03-31T14:07:36+00:00","dateModified":"2021-03-31T14:07:36+00:00","breadcrumb":{"@id":"https:\/\/www.sitsesp.org.br\/novo\/aconteceu-de-novo-ate-quando-os-a-a-ss-servirao-de-tapa-buracos-dentro-da-fundacao-casa\/#breadcrumb"},"inLanguage":"pt-BR","potentialAction":[{"@type":"ReadAction","target":["https:\/\/www.sitsesp.org.br\/novo\/aconteceu-de-novo-ate-quando-os-a-a-ss-servirao-de-tapa-buracos-dentro-da-fundacao-casa\/"]}]},{"@type":"ImageObject","inLanguage":"pt-BR","@id":"https:\/\/www.sitsesp.org.br\/novo\/aconteceu-de-novo-ate-quando-os-a-a-ss-servirao-de-tapa-buracos-dentro-da-fundacao-casa\/#primaryimage","url":"https:\/\/www.sitsesp.org.br\/novo\/wp-content\/uploads\/2021\/03\/3103b.png","contentUrl":"https:\/\/www.sitsesp.org.br\/novo\/wp-content\/uploads\/2021\/03\/3103b.png","width":800,"height":800},{"@type":"BreadcrumbList","@id":"https:\/\/www.sitsesp.org.br\/novo\/aconteceu-de-novo-ate-quando-os-a-a-ss-servirao-de-tapa-buracos-dentro-da-fundacao-casa\/#breadcrumb","itemListElement":[{"@type":"ListItem","position":1,"name":"In\u00edcio","item":"https:\/\/www.sitsesp.org.br\/novo\/"},{"@type":"ListItem","position":2,"name":"ACONTECEU DE NOVO! AT\u00c9 QUANDO OS A.A.S\u2019s SERVIR\u00c3O DE TAPA BURACOS DENTRO DA FUNDA\u00c7\u00c3O CASA?"}]},{"@type":"WebSite","@id":"https:\/\/www.sitsesp.org.br\/novo\/#website","url":"https:\/\/www.sitsesp.org.br\/novo\/","name":"Sitsesp","description":"SIndicato da Socioeduca\u00e7\u00e3o do Estado de S\u00e3o Paulo","publisher":{"@id":"https:\/\/www.sitsesp.org.br\/novo\/#organization"},"potentialAction":[{"@type":"SearchAction","target":{"@type":"EntryPoint","urlTemplate":"https:\/\/www.sitsesp.org.br\/novo\/?s={search_term_string}"},"query-input":"required name=search_term_string"}],"inLanguage":"pt-BR"},{"@type":"Organization","@id":"https:\/\/www.sitsesp.org.br\/novo\/#organization","name":"Sitsesp","url":"https:\/\/www.sitsesp.org.br\/novo\/","logo":{"@type":"ImageObject","inLanguage":"pt-BR","@id":"https:\/\/www.sitsesp.org.br\/novo\/#\/schema\/logo\/image\/","url":"https:\/\/www.sitsesp.org.br\/novo\/wp-content\/uploads\/2020\/09\/Design-sem-nome-1.jpg","contentUrl":"https:\/\/www.sitsesp.org.br\/novo\/wp-content\/uploads\/2020\/09\/Design-sem-nome-1.jpg","width":300,"height":300,"caption":"Sitsesp"},"image":{"@id":"https:\/\/www.sitsesp.org.br\/novo\/#\/schema\/logo\/image\/"}},{"@type":"Person","@id":"https:\/\/www.sitsesp.org.br\/novo\/#\/schema\/person\/28e42eec160f373e81d0183b3643edbf","name":"imprensa","image":{"@type":"ImageObject","inLanguage":"pt-BR","@id":"https:\/\/www.sitsesp.org.br\/novo\/#\/schema\/person\/image\/","url":"https:\/\/secure.gravatar.com\/avatar\/8d6ccd8d7d52b8959f34154e87d3fa29?s=96&d=mm&r=g","contentUrl":"https:\/\/secure.gravatar.com\/avatar\/8d6ccd8d7d52b8959f34154e87d3fa29?s=96&d=mm&r=g","caption":"imprensa"}}]}},"_links":{"self":[{"href":"https:\/\/www.sitsesp.org.br\/novo\/wp-json\/wp\/v2\/posts\/5931"}],"collection":[{"href":"https:\/\/www.sitsesp.org.br\/novo\/wp-json\/wp\/v2\/posts"}],"about":[{"href":"https:\/\/www.sitsesp.org.br\/novo\/wp-json\/wp\/v2\/types\/post"}],"author":[{"embeddable":true,"href":"https:\/\/www.sitsesp.org.br\/novo\/wp-json\/wp\/v2\/users\/5"}],"replies":[{"embeddable":true,"href":"https:\/\/www.sitsesp.org.br\/novo\/wp-json\/wp\/v2\/comments?post=5931"}],"version-history":[{"count":1,"href":"https:\/\/www.sitsesp.org.br\/novo\/wp-json\/wp\/v2\/posts\/5931\/revisions"}],"predecessor-version":[{"id":5933,"href":"https:\/\/www.sitsesp.org.br\/novo\/wp-json\/wp\/v2\/posts\/5931\/revisions\/5933"}],"wp:featuredmedia":[{"embeddable":true,"href":"https:\/\/www.sitsesp.org.br\/novo\/wp-json\/wp\/v2\/media\/5932"}],"wp:attachment":[{"href":"https:\/\/www.sitsesp.org.br\/novo\/wp-json\/wp\/v2\/media?parent=5931"}],"wp:term":[{"taxonomy":"category","embeddable":true,"href":"https:\/\/www.sitsesp.org.br\/novo\/wp-json\/wp\/v2\/categories?post=5931"},{"taxonomy":"post_tag","embeddable":true,"href":"https:\/\/www.sitsesp.org.br\/novo\/wp-json\/wp\/v2\/tags?post=5931"}],"curies":[{"name":"wp","href":"https:\/\/api.w.org\/{rel}","templated":true}]}}