{"id":5943,"date":"2021-03-31T16:23:41","date_gmt":"2021-03-31T19:23:41","guid":{"rendered":"https:\/\/sitsesp.org.br\/novo\/?p=5943"},"modified":"2021-03-31T16:23:41","modified_gmt":"2021-03-31T19:23:41","slug":"principio-de-rebeliao-hoje-no-casa-mirassol-dro","status":"publish","type":"post","link":"https:\/\/www.sitsesp.org.br\/novo\/principio-de-rebeliao-hoje-no-casa-mirassol-dro\/","title":{"rendered":"PRINC\u00cdPIO DE REBELI\u00c3O HOJE NO CASA MIRASSOL \u2013 DRO"},"content":{"rendered":"<p><!-- VideographyWP Plugin Message: Automatic video embedding prevented by plugin options. --><br \/>\nNosso Diretor regional do SITSESP na DRO Claudio Alonso, foi acionado hoje pela manh\u00e3 por servidores que informaram um princ\u00edpio de rebeli\u00e3o que estava acontecendo no Centro CASA Mirassol. Prontamente foi atendido o pedido da sua presen\u00e7a no local, mas infelizmente, mais uma vez, a gest\u00e3o local dificultou o m\u00e1ximo a libera\u00e7\u00e3o do Diretor nas depend\u00eancias deixando-o plantado do lado de fora da unidade por mais de uma hora, descumprindo o acordo coletivo que d\u00e1 livre acesso aos Diretores Sindicais as depend\u00eancias do Centro.<\/p>\n<p>Ap\u00f3s este per\u00edodo e a chegada do grupo de Apoio de S\u00e3o Jos\u00e9 do Rio Preto, foi liberada a entrada do Diretor para fazer um levantamento do que estava acontecendo.<\/p>\n<p>O Diretor Claudio Alonso, constatou que a situa\u00e7\u00e3o j\u00e1 havia sido regularizada e que dois servidores haviam sido agredidos por adolescentes. O Diretor Claudio orientou aos servidores de todos os procedimentos inclusive, para fazerem um boletim de ocorr\u00eancia.<\/p>\n<p>Assistam o v\u00eddeo enviado pelo Diretor Claudio Alonso e deixamos os parab\u00e9ns pelo trabalho realizado naquele Centro demostrando que o SITSESP est\u00e1 atento as demandas dos nossos trabalhadores.<\/p>\n<div style=\"width: 640px;\" class=\"wp-video\"><!--[if lt IE 9]><script>document.createElement('video');<\/script><![endif]-->\n<video class=\"wp-video-shortcode\" id=\"video-5943-1\" width=\"640\" height=\"352\" preload=\"metadata\" controls=\"controls\"><source type=\"video\/mp4\" src=\"https:\/\/sitsesp.org.br\/novo\/wp-content\/uploads\/2021\/03\/ca.mp4?_=1\" \/><a href=\"https:\/\/sitsesp.org.br\/novo\/wp-content\/uploads\/2021\/03\/ca.mp4\">https:\/\/sitsesp.org.br\/novo\/wp-content\/uploads\/2021\/03\/ca.mp4<\/a><\/video><\/div>\n","protected":false},"excerpt":{"rendered":"<p>Nosso Diretor regional do SITSESP na DRO Claudio Alonso, foi acionado hoje pela manh\u00e3 por servidores que informaram um princ\u00edpio de&hellip;<\/p>\n","protected":false},"author":5,"featured_media":5942,"comment_status":"open","ping_status":"open","sticky":false,"template":"","format":"standard","meta":{"cybocfi_hide_featured_image":"","footnotes":""},"categories":[27,22],"tags":[],"yoast_head":"<!-- This site is optimized with the Yoast SEO plugin v22.8 - https:\/\/yoast.com\/wordpress\/plugins\/seo\/ -->\n<title>PRINC\u00cdPIO DE REBELI\u00c3O HOJE NO CASA MIRASSOL \u2013 DRO - SITSESP<\/title>\n<meta name=\"robots\" content=\"index, follow, max-snippet:-1, max-image-preview:large, max-video-preview:-1\" \/>\n<link rel=\"canonical\" href=\"https:\/\/www.sitsesp.org.br\/novo\/principio-de-rebeliao-hoje-no-casa-mirassol-dro\/\" \/>\n<meta property=\"og:locale\" content=\"pt_BR\" \/>\n<meta property=\"og:type\" content=\"article\" \/>\n<meta property=\"og:title\" content=\"PRINC\u00cdPIO DE REBELI\u00c3O HOJE NO CASA MIRASSOL \u2013 DRO - SITSESP\" \/>\n<meta property=\"og:description\" content=\"Nosso Diretor regional do SITSESP na DRO Claudio Alonso, foi acionado hoje pela manh\u00e3 por servidores que informaram um princ\u00edpio de&hellip;\" \/>\n<meta property=\"og:url\" content=\"https:\/\/www.sitsesp.org.br\/novo\/principio-de-rebeliao-hoje-no-casa-mirassol-dro\/\" \/>\n<meta property=\"og:site_name\" content=\"SITSESP\" \/>\n<meta property=\"article:published_time\" content=\"2021-03-31T19:23:41+00:00\" \/>\n<meta property=\"og:image\" content=\"https:\/\/www.sitsesp.org.br\/novo\/wp-content\/uploads\/2021\/03\/WhatsApp-Image-2021-03-31-at-3.39.40-PM.jpeg\" \/>\n\t<meta property=\"og:image:width\" content=\"800\" \/>\n\t<meta property=\"og:image:height\" content=\"450\" \/>\n\t<meta property=\"og:image:type\" content=\"image\/jpeg\" \/>\n<meta name=\"author\" content=\"imprensa\" \/>\n<meta name=\"twitter:card\" content=\"summary_large_image\" \/>\n<meta name=\"twitter:label1\" content=\"Escrito por\" \/>\n\t<meta name=\"twitter:data1\" content=\"imprensa\" \/>\n\t<meta name=\"twitter:label2\" content=\"Est. tempo de leitura\" \/>\n\t<meta name=\"twitter:data2\" content=\"1 minuto\" \/>\n<script type=\"application\/ld+json\" class=\"yoast-schema-graph\">{\"@context\":\"https:\/\/schema.org\",\"@graph\":[{\"@type\":\"Article\",\"@id\":\"https:\/\/www.sitsesp.org.br\/novo\/principio-de-rebeliao-hoje-no-casa-mirassol-dro\/#article\",\"isPartOf\":{\"@id\":\"https:\/\/www.sitsesp.org.br\/novo\/principio-de-rebeliao-hoje-no-casa-mirassol-dro\/\"},\"author\":{\"name\":\"imprensa\",\"@id\":\"https:\/\/www.sitsesp.org.br\/novo\/#\/schema\/person\/28e42eec160f373e81d0183b3643edbf\"},\"headline\":\"PRINC\u00cdPIO DE REBELI\u00c3O HOJE NO CASA MIRASSOL \u2013 DRO\",\"datePublished\":\"2021-03-31T19:23:41+00:00\",\"dateModified\":\"2021-03-31T19:23:41+00:00\",\"mainEntityOfPage\":{\"@id\":\"https:\/\/www.sitsesp.org.br\/novo\/principio-de-rebeliao-hoje-no-casa-mirassol-dro\/\"},\"wordCount\":219,\"commentCount\":0,\"publisher\":{\"@id\":\"https:\/\/www.sitsesp.org.br\/novo\/#organization\"},\"image\":{\"@id\":\"https:\/\/www.sitsesp.org.br\/novo\/principio-de-rebeliao-hoje-no-casa-mirassol-dro\/#primaryimage\"},\"thumbnailUrl\":\"https:\/\/www.sitsesp.org.br\/novo\/wp-content\/uploads\/2021\/03\/WhatsApp-Image-2021-03-31-at-3.39.40-PM.jpeg\",\"articleSection\":[\"Destaque\",\"Noticias\"],\"inLanguage\":\"pt-BR\",\"potentialAction\":[{\"@type\":\"CommentAction\",\"name\":\"Comment\",\"target\":[\"https:\/\/www.sitsesp.org.br\/novo\/principio-de-rebeliao-hoje-no-casa-mirassol-dro\/#respond\"]}]},{\"@type\":\"WebPage\",\"@id\":\"https:\/\/www.sitsesp.org.br\/novo\/principio-de-rebeliao-hoje-no-casa-mirassol-dro\/\",\"url\":\"https:\/\/www.sitsesp.org.br\/novo\/principio-de-rebeliao-hoje-no-casa-mirassol-dro\/\",\"name\":\"PRINC\u00cdPIO DE REBELI\u00c3O HOJE NO CASA MIRASSOL \u2013 DRO - SITSESP\",\"isPartOf\":{\"@id\":\"https:\/\/www.sitsesp.org.br\/novo\/#website\"},\"primaryImageOfPage\":{\"@id\":\"https:\/\/www.sitsesp.org.br\/novo\/principio-de-rebeliao-hoje-no-casa-mirassol-dro\/#primaryimage\"},\"image\":{\"@id\":\"https:\/\/www.sitsesp.org.br\/novo\/principio-de-rebeliao-hoje-no-casa-mirassol-dro\/#primaryimage\"},\"thumbnailUrl\":\"https:\/\/www.sitsesp.org.br\/novo\/wp-content\/uploads\/2021\/03\/WhatsApp-Image-2021-03-31-at-3.39.40-PM.jpeg\",\"datePublished\":\"2021-03-31T19:23:41+00:00\",\"dateModified\":\"2021-03-31T19:23:41+00:00\",\"breadcrumb\":{\"@id\":\"https:\/\/www.sitsesp.org.br\/novo\/principio-de-rebeliao-hoje-no-casa-mirassol-dro\/#breadcrumb\"},\"inLanguage\":\"pt-BR\",\"potentialAction\":[{\"@type\":\"ReadAction\",\"target\":[\"https:\/\/www.sitsesp.org.br\/novo\/principio-de-rebeliao-hoje-no-casa-mirassol-dro\/\"]}]},{\"@type\":\"ImageObject\",\"inLanguage\":\"pt-BR\",\"@id\":\"https:\/\/www.sitsesp.org.br\/novo\/principio-de-rebeliao-hoje-no-casa-mirassol-dro\/#primaryimage\",\"url\":\"https:\/\/www.sitsesp.org.br\/novo\/wp-content\/uploads\/2021\/03\/WhatsApp-Image-2021-03-31-at-3.39.40-PM.jpeg\",\"contentUrl\":\"https:\/\/www.sitsesp.org.br\/novo\/wp-content\/uploads\/2021\/03\/WhatsApp-Image-2021-03-31-at-3.39.40-PM.jpeg\",\"width\":800,\"height\":450},{\"@type\":\"BreadcrumbList\",\"@id\":\"https:\/\/www.sitsesp.org.br\/novo\/principio-de-rebeliao-hoje-no-casa-mirassol-dro\/#breadcrumb\",\"itemListElement\":[{\"@type\":\"ListItem\",\"position\":1,\"name\":\"In\u00edcio\",\"item\":\"https:\/\/www.sitsesp.org.br\/novo\/\"},{\"@type\":\"ListItem\",\"position\":2,\"name\":\"PRINC\u00cdPIO DE REBELI\u00c3O HOJE NO CASA MIRASSOL \u2013 DRO\"}]},{\"@type\":\"WebSite\",\"@id\":\"https:\/\/www.sitsesp.org.br\/novo\/#website\",\"url\":\"https:\/\/www.sitsesp.org.br\/novo\/\",\"name\":\"Sitsesp\",\"description\":\"SIndicato da Socioeduca\u00e7\u00e3o do Estado de S\u00e3o Paulo\",\"publisher\":{\"@id\":\"https:\/\/www.sitsesp.org.br\/novo\/#organization\"},\"potentialAction\":[{\"@type\":\"SearchAction\",\"target\":{\"@type\":\"EntryPoint\",\"urlTemplate\":\"https:\/\/www.sitsesp.org.br\/novo\/?s={search_term_string}\"},\"query-input\":\"required name=search_term_string\"}],\"inLanguage\":\"pt-BR\"},{\"@type\":\"Organization\",\"@id\":\"https:\/\/www.sitsesp.org.br\/novo\/#organization\",\"name\":\"Sitsesp\",\"url\":\"https:\/\/www.sitsesp.org.br\/novo\/\",\"logo\":{\"@type\":\"ImageObject\",\"inLanguage\":\"pt-BR\",\"@id\":\"https:\/\/www.sitsesp.org.br\/novo\/#\/schema\/logo\/image\/\",\"url\":\"https:\/\/www.sitsesp.org.br\/novo\/wp-content\/uploads\/2020\/09\/Design-sem-nome-1.jpg\",\"contentUrl\":\"https:\/\/www.sitsesp.org.br\/novo\/wp-content\/uploads\/2020\/09\/Design-sem-nome-1.jpg\",\"width\":300,\"height\":300,\"caption\":\"Sitsesp\"},\"image\":{\"@id\":\"https:\/\/www.sitsesp.org.br\/novo\/#\/schema\/logo\/image\/\"}},{\"@type\":\"Person\",\"@id\":\"https:\/\/www.sitsesp.org.br\/novo\/#\/schema\/person\/28e42eec160f373e81d0183b3643edbf\",\"name\":\"imprensa\",\"image\":{\"@type\":\"ImageObject\",\"inLanguage\":\"pt-BR\",\"@id\":\"https:\/\/www.sitsesp.org.br\/novo\/#\/schema\/person\/image\/\",\"url\":\"https:\/\/secure.gravatar.com\/avatar\/8d6ccd8d7d52b8959f34154e87d3fa29?s=96&d=mm&r=g\",\"contentUrl\":\"https:\/\/secure.gravatar.com\/avatar\/8d6ccd8d7d52b8959f34154e87d3fa29?s=96&d=mm&r=g\",\"caption\":\"imprensa\"}}]}<\/script>\n<!-- \/ Yoast SEO plugin. -->","yoast_head_json":{"title":"PRINC\u00cdPIO DE REBELI\u00c3O HOJE NO CASA MIRASSOL \u2013 DRO - SITSESP","robots":{"index":"index","follow":"follow","max-snippet":"max-snippet:-1","max-image-preview":"max-image-preview:large","max-video-preview":"max-video-preview:-1"},"canonical":"https:\/\/www.sitsesp.org.br\/novo\/principio-de-rebeliao-hoje-no-casa-mirassol-dro\/","og_locale":"pt_BR","og_type":"article","og_title":"PRINC\u00cdPIO DE REBELI\u00c3O HOJE NO CASA MIRASSOL \u2013 DRO - SITSESP","og_description":"Nosso Diretor regional do SITSESP na DRO Claudio Alonso, foi acionado hoje pela manh\u00e3 por servidores que informaram um princ\u00edpio de&hellip;","og_url":"https:\/\/www.sitsesp.org.br\/novo\/principio-de-rebeliao-hoje-no-casa-mirassol-dro\/","og_site_name":"SITSESP","article_published_time":"2021-03-31T19:23:41+00:00","og_image":[{"width":800,"height":450,"url":"https:\/\/www.sitsesp.org.br\/novo\/wp-content\/uploads\/2021\/03\/WhatsApp-Image-2021-03-31-at-3.39.40-PM.jpeg","type":"image\/jpeg"}],"author":"imprensa","twitter_card":"summary_large_image","twitter_misc":{"Escrito por":"imprensa","Est. tempo de leitura":"1 minuto"},"schema":{"@context":"https:\/\/schema.org","@graph":[{"@type":"Article","@id":"https:\/\/www.sitsesp.org.br\/novo\/principio-de-rebeliao-hoje-no-casa-mirassol-dro\/#article","isPartOf":{"@id":"https:\/\/www.sitsesp.org.br\/novo\/principio-de-rebeliao-hoje-no-casa-mirassol-dro\/"},"author":{"name":"imprensa","@id":"https:\/\/www.sitsesp.org.br\/novo\/#\/schema\/person\/28e42eec160f373e81d0183b3643edbf"},"headline":"PRINC\u00cdPIO DE REBELI\u00c3O HOJE NO CASA MIRASSOL \u2013 DRO","datePublished":"2021-03-31T19:23:41+00:00","dateModified":"2021-03-31T19:23:41+00:00","mainEntityOfPage":{"@id":"https:\/\/www.sitsesp.org.br\/novo\/principio-de-rebeliao-hoje-no-casa-mirassol-dro\/"},"wordCount":219,"commentCount":0,"publisher":{"@id":"https:\/\/www.sitsesp.org.br\/novo\/#organization"},"image":{"@id":"https:\/\/www.sitsesp.org.br\/novo\/principio-de-rebeliao-hoje-no-casa-mirassol-dro\/#primaryimage"},"thumbnailUrl":"https:\/\/www.sitsesp.org.br\/novo\/wp-content\/uploads\/2021\/03\/WhatsApp-Image-2021-03-31-at-3.39.40-PM.jpeg","articleSection":["Destaque","Noticias"],"inLanguage":"pt-BR","potentialAction":[{"@type":"CommentAction","name":"Comment","target":["https:\/\/www.sitsesp.org.br\/novo\/principio-de-rebeliao-hoje-no-casa-mirassol-dro\/#respond"]}]},{"@type":"WebPage","@id":"https:\/\/www.sitsesp.org.br\/novo\/principio-de-rebeliao-hoje-no-casa-mirassol-dro\/","url":"https:\/\/www.sitsesp.org.br\/novo\/principio-de-rebeliao-hoje-no-casa-mirassol-dro\/","name":"PRINC\u00cdPIO DE REBELI\u00c3O HOJE NO CASA MIRASSOL \u2013 DRO - SITSESP","isPartOf":{"@id":"https:\/\/www.sitsesp.org.br\/novo\/#website"},"primaryImageOfPage":{"@id":"https:\/\/www.sitsesp.org.br\/novo\/principio-de-rebeliao-hoje-no-casa-mirassol-dro\/#primaryimage"},"image":{"@id":"https:\/\/www.sitsesp.org.br\/novo\/principio-de-rebeliao-hoje-no-casa-mirassol-dro\/#primaryimage"},"thumbnailUrl":"https:\/\/www.sitsesp.org.br\/novo\/wp-content\/uploads\/2021\/03\/WhatsApp-Image-2021-03-31-at-3.39.40-PM.jpeg","datePublished":"2021-03-31T19:23:41+00:00","dateModified":"2021-03-31T19:23:41+00:00","breadcrumb":{"@id":"https:\/\/www.sitsesp.org.br\/novo\/principio-de-rebeliao-hoje-no-casa-mirassol-dro\/#breadcrumb"},"inLanguage":"pt-BR","potentialAction":[{"@type":"ReadAction","target":["https:\/\/www.sitsesp.org.br\/novo\/principio-de-rebeliao-hoje-no-casa-mirassol-dro\/"]}]},{"@type":"ImageObject","inLanguage":"pt-BR","@id":"https:\/\/www.sitsesp.org.br\/novo\/principio-de-rebeliao-hoje-no-casa-mirassol-dro\/#primaryimage","url":"https:\/\/www.sitsesp.org.br\/novo\/wp-content\/uploads\/2021\/03\/WhatsApp-Image-2021-03-31-at-3.39.40-PM.jpeg","contentUrl":"https:\/\/www.sitsesp.org.br\/novo\/wp-content\/uploads\/2021\/03\/WhatsApp-Image-2021-03-31-at-3.39.40-PM.jpeg","width":800,"height":450},{"@type":"BreadcrumbList","@id":"https:\/\/www.sitsesp.org.br\/novo\/principio-de-rebeliao-hoje-no-casa-mirassol-dro\/#breadcrumb","itemListElement":[{"@type":"ListItem","position":1,"name":"In\u00edcio","item":"https:\/\/www.sitsesp.org.br\/novo\/"},{"@type":"ListItem","position":2,"name":"PRINC\u00cdPIO DE REBELI\u00c3O HOJE NO CASA MIRASSOL \u2013 DRO"}]},{"@type":"WebSite","@id":"https:\/\/www.sitsesp.org.br\/novo\/#website","url":"https:\/\/www.sitsesp.org.br\/novo\/","name":"Sitsesp","description":"SIndicato da Socioeduca\u00e7\u00e3o do Estado de S\u00e3o Paulo","publisher":{"@id":"https:\/\/www.sitsesp.org.br\/novo\/#organization"},"potentialAction":[{"@type":"SearchAction","target":{"@type":"EntryPoint","urlTemplate":"https:\/\/www.sitsesp.org.br\/novo\/?s={search_term_string}"},"query-input":"required name=search_term_string"}],"inLanguage":"pt-BR"},{"@type":"Organization","@id":"https:\/\/www.sitsesp.org.br\/novo\/#organization","name":"Sitsesp","url":"https:\/\/www.sitsesp.org.br\/novo\/","logo":{"@type":"ImageObject","inLanguage":"pt-BR","@id":"https:\/\/www.sitsesp.org.br\/novo\/#\/schema\/logo\/image\/","url":"https:\/\/www.sitsesp.org.br\/novo\/wp-content\/uploads\/2020\/09\/Design-sem-nome-1.jpg","contentUrl":"https:\/\/www.sitsesp.org.br\/novo\/wp-content\/uploads\/2020\/09\/Design-sem-nome-1.jpg","width":300,"height":300,"caption":"Sitsesp"},"image":{"@id":"https:\/\/www.sitsesp.org.br\/novo\/#\/schema\/logo\/image\/"}},{"@type":"Person","@id":"https:\/\/www.sitsesp.org.br\/novo\/#\/schema\/person\/28e42eec160f373e81d0183b3643edbf","name":"imprensa","image":{"@type":"ImageObject","inLanguage":"pt-BR","@id":"https:\/\/www.sitsesp.org.br\/novo\/#\/schema\/person\/image\/","url":"https:\/\/secure.gravatar.com\/avatar\/8d6ccd8d7d52b8959f34154e87d3fa29?s=96&d=mm&r=g","contentUrl":"https:\/\/secure.gravatar.com\/avatar\/8d6ccd8d7d52b8959f34154e87d3fa29?s=96&d=mm&r=g","caption":"imprensa"}}]}},"_links":{"self":[{"href":"https:\/\/www.sitsesp.org.br\/novo\/wp-json\/wp\/v2\/posts\/5943"}],"collection":[{"href":"https:\/\/www.sitsesp.org.br\/novo\/wp-json\/wp\/v2\/posts"}],"about":[{"href":"https:\/\/www.sitsesp.org.br\/novo\/wp-json\/wp\/v2\/types\/post"}],"author":[{"embeddable":true,"href":"https:\/\/www.sitsesp.org.br\/novo\/wp-json\/wp\/v2\/users\/5"}],"replies":[{"embeddable":true,"href":"https:\/\/www.sitsesp.org.br\/novo\/wp-json\/wp\/v2\/comments?post=5943"}],"version-history":[{"count":1,"href":"https:\/\/www.sitsesp.org.br\/novo\/wp-json\/wp\/v2\/posts\/5943\/revisions"}],"predecessor-version":[{"id":5945,"href":"https:\/\/www.sitsesp.org.br\/novo\/wp-json\/wp\/v2\/posts\/5943\/revisions\/5945"}],"wp:featuredmedia":[{"embeddable":true,"href":"https:\/\/www.sitsesp.org.br\/novo\/wp-json\/wp\/v2\/media\/5942"}],"wp:attachment":[{"href":"https:\/\/www.sitsesp.org.br\/novo\/wp-json\/wp\/v2\/media?parent=5943"}],"wp:term":[{"taxonomy":"category","embeddable":true,"href":"https:\/\/www.sitsesp.org.br\/novo\/wp-json\/wp\/v2\/categories?post=5943"},{"taxonomy":"post_tag","embeddable":true,"href":"https:\/\/www.sitsesp.org.br\/novo\/wp-json\/wp\/v2\/tags?post=5943"}],"curies":[{"name":"wp","href":"https:\/\/api.w.org\/{rel}","templated":true}]}}