{"id":5946,"date":"2021-03-31T16:30:39","date_gmt":"2021-03-31T19:30:39","guid":{"rendered":"https:\/\/sitsesp.org.br\/novo\/?p=5946"},"modified":"2021-03-31T16:30:39","modified_gmt":"2021-03-31T19:30:39","slug":"sitsesp-em-movimento-ouvindo-demandas-de-trabalhadores-em-varios-centros","status":"publish","type":"post","link":"https:\/\/www.sitsesp.org.br\/novo\/sitsesp-em-movimento-ouvindo-demandas-de-trabalhadores-em-varios-centros\/","title":{"rendered":"SITSESP EM MOVIMENTO OUVINDO DEMANDAS DE TRABALHADORES EM V\u00c1RIOS CENTROS"},"content":{"rendered":"<p><!-- VideographyWP Plugin Message: Automatic video embedding prevented by plugin options. --><br \/>\nMeio de semana, quarta feira e o SITSESP atrav\u00e9s de den\u00fancias e demandas de servidores, os diretores da entidade tiveram que montar uma verdadeira peregrina\u00e7\u00e3o para atender essas demandas.<\/p>\n<p>Entre den\u00fancias e demandas, est\u00e3o a falta de revezamentos em Centros, d\u00favidas sobre a vacina\u00e7\u00e3o, plano de sa\u00fade, ass\u00e9dios, princ\u00edpio de rebeli\u00e3o entre outras, nossos diretores tiveram que orientar os trabalhadores quanto aos procedimentos.<\/p>\n<p>Equipes formadas pelos diretores Presidente Claudia, Emerson, Aline, Cesar Horta, Josilda, Edna, Iuri e Claudio Alonso, foram cruciais para o atendimento nos Centros durante este meio de semana.<\/p>\n<p>Foram atendidos os Centros CASA Santo Andr\u00e9 1 e 2, Taubat\u00e9, Br\u00e1s Rio Tamisa, Ip\u00ea Raposo Tavares e Mirassol.<\/p>\n<p>\u00c9 a Gest\u00e3o Reconstru\u00e7\u00e3o e Luta \u2013 SITSESP trabalhando, trabalhando sempre!<\/p>\n<div id=\"penci-post-gallery__78425\" class=\"penci-post-gallery-container justified column-4\" data-height=\"150\" data-margin=\"3\"><a class=\"item-gallery-justified\" href=\"https:\/\/www.sitsesp.org.br\/novo\/wp-content\/uploads\/2021\/03\/WhatsApp-Image-2021-03-31-at-4.19.48-PM-1.jpeg\"><img decoding=\"async\" src=\"https:\/\/www.sitsesp.org.br\/novo\/wp-content\/uploads\/2021\/03\/WhatsApp-Image-2021-03-31-at-4.19.48-PM-1-585x329.jpeg\" alt=\"\" title=\"WhatsApp Image 2021-03-31 at 4.19.48 PM (1)\"><\/a><a class=\"item-gallery-justified\" href=\"https:\/\/www.sitsesp.org.br\/novo\/wp-content\/uploads\/2021\/03\/WhatsApp-Image-2021-03-31-at-4.19.48-PM.jpeg\"><img decoding=\"async\" src=\"https:\/\/www.sitsesp.org.br\/novo\/wp-content\/uploads\/2021\/03\/WhatsApp-Image-2021-03-31-at-4.19.48-PM-585x439.jpeg\" alt=\"\" title=\"WhatsApp Image 2021-03-31 at 4.19.48 PM\"><\/a><a class=\"item-gallery-justified\" href=\"https:\/\/www.sitsesp.org.br\/novo\/wp-content\/uploads\/2021\/03\/WhatsApp-Image-2021-03-31-at-4.19.48-PM-2.jpeg\"><img decoding=\"async\" src=\"https:\/\/www.sitsesp.org.br\/novo\/wp-content\/uploads\/2021\/03\/WhatsApp-Image-2021-03-31-at-4.19.48-PM-2-585x438.jpeg\" alt=\"\" title=\"WhatsApp Image 2021-03-31 at 4.19.48 PM (2)\"><\/a><a class=\"item-gallery-justified\" href=\"https:\/\/www.sitsesp.org.br\/novo\/wp-content\/uploads\/2021\/03\/WhatsApp-Image-2021-03-31-at-4.19.47-PM.jpeg\"><img decoding=\"async\" src=\"https:\/\/www.sitsesp.org.br\/novo\/wp-content\/uploads\/2021\/03\/WhatsApp-Image-2021-03-31-at-4.19.47-PM-585x439.jpeg\" alt=\"\" title=\"WhatsApp Image 2021-03-31 at 4.19.47 PM\"><\/a><\/div>\n","protected":false},"excerpt":{"rendered":"<p>Meio de semana, quarta feira e o SITSESP atrav\u00e9s de den\u00fancias e demandas de servidores, os diretores da entidade tiveram que&hellip;<\/p>\n","protected":false},"author":5,"featured_media":5948,"comment_status":"open","ping_status":"open","sticky":false,"template":"","format":"standard","meta":{"cybocfi_hide_featured_image":"","footnotes":""},"categories":[27,22],"tags":[],"yoast_head":"<!-- This site is optimized with the Yoast SEO plugin v22.8 - https:\/\/yoast.com\/wordpress\/plugins\/seo\/ -->\n<title>SITSESP EM MOVIMENTO OUVINDO DEMANDAS DE TRABALHADORES EM V\u00c1RIOS CENTROS - SITSESP<\/title>\n<meta name=\"robots\" content=\"index, follow, max-snippet:-1, max-image-preview:large, max-video-preview:-1\" \/>\n<link rel=\"canonical\" href=\"https:\/\/www.sitsesp.org.br\/novo\/sitsesp-em-movimento-ouvindo-demandas-de-trabalhadores-em-varios-centros\/\" \/>\n<meta property=\"og:locale\" content=\"pt_BR\" \/>\n<meta property=\"og:type\" content=\"article\" \/>\n<meta property=\"og:title\" content=\"SITSESP EM MOVIMENTO OUVINDO DEMANDAS DE TRABALHADORES EM V\u00c1RIOS CENTROS - SITSESP\" \/>\n<meta property=\"og:description\" content=\"Meio de semana, quarta feira e o SITSESP atrav\u00e9s de den\u00fancias e demandas de servidores, os diretores da entidade tiveram que&hellip;\" \/>\n<meta property=\"og:url\" content=\"https:\/\/www.sitsesp.org.br\/novo\/sitsesp-em-movimento-ouvindo-demandas-de-trabalhadores-em-varios-centros\/\" \/>\n<meta property=\"og:site_name\" content=\"SITSESP\" \/>\n<meta property=\"article:published_time\" content=\"2021-03-31T19:30:39+00:00\" \/>\n<meta property=\"og:image\" content=\"https:\/\/www.sitsesp.org.br\/novo\/wp-content\/uploads\/2021\/03\/WhatsApp-Image-2021-03-31-at-4.19.48-PM-2.jpeg\" \/>\n\t<meta property=\"og:image:width\" content=\"800\" \/>\n\t<meta property=\"og:image:height\" content=\"599\" \/>\n\t<meta property=\"og:image:type\" content=\"image\/jpeg\" \/>\n<meta name=\"author\" content=\"imprensa\" \/>\n<meta name=\"twitter:card\" content=\"summary_large_image\" \/>\n<meta name=\"twitter:label1\" content=\"Escrito por\" \/>\n\t<meta name=\"twitter:data1\" content=\"imprensa\" \/>\n\t<meta name=\"twitter:label2\" content=\"Est. tempo de leitura\" \/>\n\t<meta name=\"twitter:data2\" content=\"1 minuto\" \/>\n<script type=\"application\/ld+json\" class=\"yoast-schema-graph\">{\"@context\":\"https:\/\/schema.org\",\"@graph\":[{\"@type\":\"Article\",\"@id\":\"https:\/\/www.sitsesp.org.br\/novo\/sitsesp-em-movimento-ouvindo-demandas-de-trabalhadores-em-varios-centros\/#article\",\"isPartOf\":{\"@id\":\"https:\/\/www.sitsesp.org.br\/novo\/sitsesp-em-movimento-ouvindo-demandas-de-trabalhadores-em-varios-centros\/\"},\"author\":{\"name\":\"imprensa\",\"@id\":\"https:\/\/www.sitsesp.org.br\/novo\/#\/schema\/person\/28e42eec160f373e81d0183b3643edbf\"},\"headline\":\"SITSESP EM MOVIMENTO OUVINDO DEMANDAS DE TRABALHADORES EM V\u00c1RIOS CENTROS\",\"datePublished\":\"2021-03-31T19:30:39+00:00\",\"dateModified\":\"2021-03-31T19:30:39+00:00\",\"mainEntityOfPage\":{\"@id\":\"https:\/\/www.sitsesp.org.br\/novo\/sitsesp-em-movimento-ouvindo-demandas-de-trabalhadores-em-varios-centros\/\"},\"wordCount\":145,\"commentCount\":0,\"publisher\":{\"@id\":\"https:\/\/www.sitsesp.org.br\/novo\/#organization\"},\"image\":{\"@id\":\"https:\/\/www.sitsesp.org.br\/novo\/sitsesp-em-movimento-ouvindo-demandas-de-trabalhadores-em-varios-centros\/#primaryimage\"},\"thumbnailUrl\":\"https:\/\/www.sitsesp.org.br\/novo\/wp-content\/uploads\/2021\/03\/WhatsApp-Image-2021-03-31-at-4.19.48-PM-2.jpeg\",\"articleSection\":[\"Destaque\",\"Noticias\"],\"inLanguage\":\"pt-BR\",\"potentialAction\":[{\"@type\":\"CommentAction\",\"name\":\"Comment\",\"target\":[\"https:\/\/www.sitsesp.org.br\/novo\/sitsesp-em-movimento-ouvindo-demandas-de-trabalhadores-em-varios-centros\/#respond\"]}]},{\"@type\":\"WebPage\",\"@id\":\"https:\/\/www.sitsesp.org.br\/novo\/sitsesp-em-movimento-ouvindo-demandas-de-trabalhadores-em-varios-centros\/\",\"url\":\"https:\/\/www.sitsesp.org.br\/novo\/sitsesp-em-movimento-ouvindo-demandas-de-trabalhadores-em-varios-centros\/\",\"name\":\"SITSESP EM MOVIMENTO OUVINDO DEMANDAS DE TRABALHADORES EM V\u00c1RIOS CENTROS - SITSESP\",\"isPartOf\":{\"@id\":\"https:\/\/www.sitsesp.org.br\/novo\/#website\"},\"primaryImageOfPage\":{\"@id\":\"https:\/\/www.sitsesp.org.br\/novo\/sitsesp-em-movimento-ouvindo-demandas-de-trabalhadores-em-varios-centros\/#primaryimage\"},\"image\":{\"@id\":\"https:\/\/www.sitsesp.org.br\/novo\/sitsesp-em-movimento-ouvindo-demandas-de-trabalhadores-em-varios-centros\/#primaryimage\"},\"thumbnailUrl\":\"https:\/\/www.sitsesp.org.br\/novo\/wp-content\/uploads\/2021\/03\/WhatsApp-Image-2021-03-31-at-4.19.48-PM-2.jpeg\",\"datePublished\":\"2021-03-31T19:30:39+00:00\",\"dateModified\":\"2021-03-31T19:30:39+00:00\",\"breadcrumb\":{\"@id\":\"https:\/\/www.sitsesp.org.br\/novo\/sitsesp-em-movimento-ouvindo-demandas-de-trabalhadores-em-varios-centros\/#breadcrumb\"},\"inLanguage\":\"pt-BR\",\"potentialAction\":[{\"@type\":\"ReadAction\",\"target\":[\"https:\/\/www.sitsesp.org.br\/novo\/sitsesp-em-movimento-ouvindo-demandas-de-trabalhadores-em-varios-centros\/\"]}]},{\"@type\":\"ImageObject\",\"inLanguage\":\"pt-BR\",\"@id\":\"https:\/\/www.sitsesp.org.br\/novo\/sitsesp-em-movimento-ouvindo-demandas-de-trabalhadores-em-varios-centros\/#primaryimage\",\"url\":\"https:\/\/www.sitsesp.org.br\/novo\/wp-content\/uploads\/2021\/03\/WhatsApp-Image-2021-03-31-at-4.19.48-PM-2.jpeg\",\"contentUrl\":\"https:\/\/www.sitsesp.org.br\/novo\/wp-content\/uploads\/2021\/03\/WhatsApp-Image-2021-03-31-at-4.19.48-PM-2.jpeg\",\"width\":800,\"height\":599},{\"@type\":\"BreadcrumbList\",\"@id\":\"https:\/\/www.sitsesp.org.br\/novo\/sitsesp-em-movimento-ouvindo-demandas-de-trabalhadores-em-varios-centros\/#breadcrumb\",\"itemListElement\":[{\"@type\":\"ListItem\",\"position\":1,\"name\":\"In\u00edcio\",\"item\":\"https:\/\/www.sitsesp.org.br\/novo\/\"},{\"@type\":\"ListItem\",\"position\":2,\"name\":\"SITSESP EM MOVIMENTO OUVINDO DEMANDAS DE TRABALHADORES EM V\u00c1RIOS CENTROS\"}]},{\"@type\":\"WebSite\",\"@id\":\"https:\/\/www.sitsesp.org.br\/novo\/#website\",\"url\":\"https:\/\/www.sitsesp.org.br\/novo\/\",\"name\":\"Sitsesp\",\"description\":\"SIndicato da Socioeduca\u00e7\u00e3o do Estado de S\u00e3o Paulo\",\"publisher\":{\"@id\":\"https:\/\/www.sitsesp.org.br\/novo\/#organization\"},\"potentialAction\":[{\"@type\":\"SearchAction\",\"target\":{\"@type\":\"EntryPoint\",\"urlTemplate\":\"https:\/\/www.sitsesp.org.br\/novo\/?s={search_term_string}\"},\"query-input\":\"required name=search_term_string\"}],\"inLanguage\":\"pt-BR\"},{\"@type\":\"Organization\",\"@id\":\"https:\/\/www.sitsesp.org.br\/novo\/#organization\",\"name\":\"Sitsesp\",\"url\":\"https:\/\/www.sitsesp.org.br\/novo\/\",\"logo\":{\"@type\":\"ImageObject\",\"inLanguage\":\"pt-BR\",\"@id\":\"https:\/\/www.sitsesp.org.br\/novo\/#\/schema\/logo\/image\/\",\"url\":\"https:\/\/www.sitsesp.org.br\/novo\/wp-content\/uploads\/2020\/09\/Design-sem-nome-1.jpg\",\"contentUrl\":\"https:\/\/www.sitsesp.org.br\/novo\/wp-content\/uploads\/2020\/09\/Design-sem-nome-1.jpg\",\"width\":300,\"height\":300,\"caption\":\"Sitsesp\"},\"image\":{\"@id\":\"https:\/\/www.sitsesp.org.br\/novo\/#\/schema\/logo\/image\/\"}},{\"@type\":\"Person\",\"@id\":\"https:\/\/www.sitsesp.org.br\/novo\/#\/schema\/person\/28e42eec160f373e81d0183b3643edbf\",\"name\":\"imprensa\",\"image\":{\"@type\":\"ImageObject\",\"inLanguage\":\"pt-BR\",\"@id\":\"https:\/\/www.sitsesp.org.br\/novo\/#\/schema\/person\/image\/\",\"url\":\"https:\/\/secure.gravatar.com\/avatar\/8d6ccd8d7d52b8959f34154e87d3fa29?s=96&d=mm&r=g\",\"contentUrl\":\"https:\/\/secure.gravatar.com\/avatar\/8d6ccd8d7d52b8959f34154e87d3fa29?s=96&d=mm&r=g\",\"caption\":\"imprensa\"}}]}<\/script>\n<!-- \/ Yoast SEO plugin. -->","yoast_head_json":{"title":"SITSESP EM MOVIMENTO OUVINDO DEMANDAS DE TRABALHADORES EM V\u00c1RIOS CENTROS - SITSESP","robots":{"index":"index","follow":"follow","max-snippet":"max-snippet:-1","max-image-preview":"max-image-preview:large","max-video-preview":"max-video-preview:-1"},"canonical":"https:\/\/www.sitsesp.org.br\/novo\/sitsesp-em-movimento-ouvindo-demandas-de-trabalhadores-em-varios-centros\/","og_locale":"pt_BR","og_type":"article","og_title":"SITSESP EM MOVIMENTO OUVINDO DEMANDAS DE TRABALHADORES EM V\u00c1RIOS CENTROS - SITSESP","og_description":"Meio de semana, quarta feira e o SITSESP atrav\u00e9s de den\u00fancias e demandas de servidores, os diretores da entidade tiveram que&hellip;","og_url":"https:\/\/www.sitsesp.org.br\/novo\/sitsesp-em-movimento-ouvindo-demandas-de-trabalhadores-em-varios-centros\/","og_site_name":"SITSESP","article_published_time":"2021-03-31T19:30:39+00:00","og_image":[{"width":800,"height":599,"url":"https:\/\/www.sitsesp.org.br\/novo\/wp-content\/uploads\/2021\/03\/WhatsApp-Image-2021-03-31-at-4.19.48-PM-2.jpeg","type":"image\/jpeg"}],"author":"imprensa","twitter_card":"summary_large_image","twitter_misc":{"Escrito por":"imprensa","Est. tempo de leitura":"1 minuto"},"schema":{"@context":"https:\/\/schema.org","@graph":[{"@type":"Article","@id":"https:\/\/www.sitsesp.org.br\/novo\/sitsesp-em-movimento-ouvindo-demandas-de-trabalhadores-em-varios-centros\/#article","isPartOf":{"@id":"https:\/\/www.sitsesp.org.br\/novo\/sitsesp-em-movimento-ouvindo-demandas-de-trabalhadores-em-varios-centros\/"},"author":{"name":"imprensa","@id":"https:\/\/www.sitsesp.org.br\/novo\/#\/schema\/person\/28e42eec160f373e81d0183b3643edbf"},"headline":"SITSESP EM MOVIMENTO OUVINDO DEMANDAS DE TRABALHADORES EM V\u00c1RIOS CENTROS","datePublished":"2021-03-31T19:30:39+00:00","dateModified":"2021-03-31T19:30:39+00:00","mainEntityOfPage":{"@id":"https:\/\/www.sitsesp.org.br\/novo\/sitsesp-em-movimento-ouvindo-demandas-de-trabalhadores-em-varios-centros\/"},"wordCount":145,"commentCount":0,"publisher":{"@id":"https:\/\/www.sitsesp.org.br\/novo\/#organization"},"image":{"@id":"https:\/\/www.sitsesp.org.br\/novo\/sitsesp-em-movimento-ouvindo-demandas-de-trabalhadores-em-varios-centros\/#primaryimage"},"thumbnailUrl":"https:\/\/www.sitsesp.org.br\/novo\/wp-content\/uploads\/2021\/03\/WhatsApp-Image-2021-03-31-at-4.19.48-PM-2.jpeg","articleSection":["Destaque","Noticias"],"inLanguage":"pt-BR","potentialAction":[{"@type":"CommentAction","name":"Comment","target":["https:\/\/www.sitsesp.org.br\/novo\/sitsesp-em-movimento-ouvindo-demandas-de-trabalhadores-em-varios-centros\/#respond"]}]},{"@type":"WebPage","@id":"https:\/\/www.sitsesp.org.br\/novo\/sitsesp-em-movimento-ouvindo-demandas-de-trabalhadores-em-varios-centros\/","url":"https:\/\/www.sitsesp.org.br\/novo\/sitsesp-em-movimento-ouvindo-demandas-de-trabalhadores-em-varios-centros\/","name":"SITSESP EM MOVIMENTO OUVINDO DEMANDAS DE TRABALHADORES EM V\u00c1RIOS CENTROS - SITSESP","isPartOf":{"@id":"https:\/\/www.sitsesp.org.br\/novo\/#website"},"primaryImageOfPage":{"@id":"https:\/\/www.sitsesp.org.br\/novo\/sitsesp-em-movimento-ouvindo-demandas-de-trabalhadores-em-varios-centros\/#primaryimage"},"image":{"@id":"https:\/\/www.sitsesp.org.br\/novo\/sitsesp-em-movimento-ouvindo-demandas-de-trabalhadores-em-varios-centros\/#primaryimage"},"thumbnailUrl":"https:\/\/www.sitsesp.org.br\/novo\/wp-content\/uploads\/2021\/03\/WhatsApp-Image-2021-03-31-at-4.19.48-PM-2.jpeg","datePublished":"2021-03-31T19:30:39+00:00","dateModified":"2021-03-31T19:30:39+00:00","breadcrumb":{"@id":"https:\/\/www.sitsesp.org.br\/novo\/sitsesp-em-movimento-ouvindo-demandas-de-trabalhadores-em-varios-centros\/#breadcrumb"},"inLanguage":"pt-BR","potentialAction":[{"@type":"ReadAction","target":["https:\/\/www.sitsesp.org.br\/novo\/sitsesp-em-movimento-ouvindo-demandas-de-trabalhadores-em-varios-centros\/"]}]},{"@type":"ImageObject","inLanguage":"pt-BR","@id":"https:\/\/www.sitsesp.org.br\/novo\/sitsesp-em-movimento-ouvindo-demandas-de-trabalhadores-em-varios-centros\/#primaryimage","url":"https:\/\/www.sitsesp.org.br\/novo\/wp-content\/uploads\/2021\/03\/WhatsApp-Image-2021-03-31-at-4.19.48-PM-2.jpeg","contentUrl":"https:\/\/www.sitsesp.org.br\/novo\/wp-content\/uploads\/2021\/03\/WhatsApp-Image-2021-03-31-at-4.19.48-PM-2.jpeg","width":800,"height":599},{"@type":"BreadcrumbList","@id":"https:\/\/www.sitsesp.org.br\/novo\/sitsesp-em-movimento-ouvindo-demandas-de-trabalhadores-em-varios-centros\/#breadcrumb","itemListElement":[{"@type":"ListItem","position":1,"name":"In\u00edcio","item":"https:\/\/www.sitsesp.org.br\/novo\/"},{"@type":"ListItem","position":2,"name":"SITSESP EM MOVIMENTO OUVINDO DEMANDAS DE TRABALHADORES EM V\u00c1RIOS CENTROS"}]},{"@type":"WebSite","@id":"https:\/\/www.sitsesp.org.br\/novo\/#website","url":"https:\/\/www.sitsesp.org.br\/novo\/","name":"Sitsesp","description":"SIndicato da Socioeduca\u00e7\u00e3o do Estado de S\u00e3o Paulo","publisher":{"@id":"https:\/\/www.sitsesp.org.br\/novo\/#organization"},"potentialAction":[{"@type":"SearchAction","target":{"@type":"EntryPoint","urlTemplate":"https:\/\/www.sitsesp.org.br\/novo\/?s={search_term_string}"},"query-input":"required name=search_term_string"}],"inLanguage":"pt-BR"},{"@type":"Organization","@id":"https:\/\/www.sitsesp.org.br\/novo\/#organization","name":"Sitsesp","url":"https:\/\/www.sitsesp.org.br\/novo\/","logo":{"@type":"ImageObject","inLanguage":"pt-BR","@id":"https:\/\/www.sitsesp.org.br\/novo\/#\/schema\/logo\/image\/","url":"https:\/\/www.sitsesp.org.br\/novo\/wp-content\/uploads\/2020\/09\/Design-sem-nome-1.jpg","contentUrl":"https:\/\/www.sitsesp.org.br\/novo\/wp-content\/uploads\/2020\/09\/Design-sem-nome-1.jpg","width":300,"height":300,"caption":"Sitsesp"},"image":{"@id":"https:\/\/www.sitsesp.org.br\/novo\/#\/schema\/logo\/image\/"}},{"@type":"Person","@id":"https:\/\/www.sitsesp.org.br\/novo\/#\/schema\/person\/28e42eec160f373e81d0183b3643edbf","name":"imprensa","image":{"@type":"ImageObject","inLanguage":"pt-BR","@id":"https:\/\/www.sitsesp.org.br\/novo\/#\/schema\/person\/image\/","url":"https:\/\/secure.gravatar.com\/avatar\/8d6ccd8d7d52b8959f34154e87d3fa29?s=96&d=mm&r=g","contentUrl":"https:\/\/secure.gravatar.com\/avatar\/8d6ccd8d7d52b8959f34154e87d3fa29?s=96&d=mm&r=g","caption":"imprensa"}}]}},"_links":{"self":[{"href":"https:\/\/www.sitsesp.org.br\/novo\/wp-json\/wp\/v2\/posts\/5946"}],"collection":[{"href":"https:\/\/www.sitsesp.org.br\/novo\/wp-json\/wp\/v2\/posts"}],"about":[{"href":"https:\/\/www.sitsesp.org.br\/novo\/wp-json\/wp\/v2\/types\/post"}],"author":[{"embeddable":true,"href":"https:\/\/www.sitsesp.org.br\/novo\/wp-json\/wp\/v2\/users\/5"}],"replies":[{"embeddable":true,"href":"https:\/\/www.sitsesp.org.br\/novo\/wp-json\/wp\/v2\/comments?post=5946"}],"version-history":[{"count":1,"href":"https:\/\/www.sitsesp.org.br\/novo\/wp-json\/wp\/v2\/posts\/5946\/revisions"}],"predecessor-version":[{"id":5951,"href":"https:\/\/www.sitsesp.org.br\/novo\/wp-json\/wp\/v2\/posts\/5946\/revisions\/5951"}],"wp:featuredmedia":[{"embeddable":true,"href":"https:\/\/www.sitsesp.org.br\/novo\/wp-json\/wp\/v2\/media\/5948"}],"wp:attachment":[{"href":"https:\/\/www.sitsesp.org.br\/novo\/wp-json\/wp\/v2\/media?parent=5946"}],"wp:term":[{"taxonomy":"category","embeddable":true,"href":"https:\/\/www.sitsesp.org.br\/novo\/wp-json\/wp\/v2\/categories?post=5946"},{"taxonomy":"post_tag","embeddable":true,"href":"https:\/\/www.sitsesp.org.br\/novo\/wp-json\/wp\/v2\/tags?post=5946"}],"curies":[{"name":"wp","href":"https:\/\/api.w.org\/{rel}","templated":true}]}}