{"id":5973,"date":"2021-04-06T20:57:05","date_gmt":"2021-04-06T23:57:05","guid":{"rendered":"https:\/\/sitsesp.org.br\/novo\/?p=5973"},"modified":"2021-04-10T09:09:03","modified_gmt":"2021-04-10T12:09:03","slug":"ficha-de-cadastro-para-levar-na-vacinacao-confira-o-calendario-da-vacinacao-para-a-socioeducacao","status":"publish","type":"post","link":"https:\/\/www.sitsesp.org.br\/novo\/ficha-de-cadastro-para-levar-na-vacinacao-confira-o-calendario-da-vacinacao-para-a-socioeducacao\/","title":{"rendered":"FICHA DE CADASTRO PARA LEVAR NA VACINA\u00c7\u00c3O | CONFIRA O CALEND\u00c1RIO DA VACINA\u00c7\u00c3O PARA A SOCIOEDUCA\u00c7\u00c3O"},"content":{"rendered":"<p><!-- VideographyWP Plugin Message: Automatic video embedding prevented by plugin options. --><br \/>\nIMPORTANTE: NO DIA DA SUA VACINA\u00c7\u00c3O LEVE 1 KG DE ALIMENTO N\u00c3O PEREC\u00cdVEL PARA COMBATER \u00c0 FOME<\/p>\n<div id=\"penci-post-gallery__57178\" class=\"penci-post-gallery-container justified column-3\" data-height=\"150\" data-margin=\"3\"><a class=\"item-gallery-justified\" href=\"https:\/\/www.sitsesp.org.br\/novo\/wp-content\/uploads\/2021\/04\/sjrp.png\"><img decoding=\"async\" src=\"https:\/\/www.sitsesp.org.br\/novo\/wp-content\/uploads\/2021\/04\/sjrp-585x585.png\" alt=\"\" title=\"sjrp\"><\/a><a class=\"item-gallery-justified\" href=\"https:\/\/www.sitsesp.org.br\/novo\/wp-content\/uploads\/2021\/04\/rio-claro.png\"><img decoding=\"async\" src=\"https:\/\/www.sitsesp.org.br\/novo\/wp-content\/uploads\/2021\/04\/rio-claro-585x585.png\" alt=\"\" title=\"rio claro\"><\/a><a class=\"item-gallery-justified\" href=\"https:\/\/www.sitsesp.org.br\/novo\/wp-content\/uploads\/2021\/04\/JEQUETIBA-2.png\"><img decoding=\"async\" src=\"https:\/\/www.sitsesp.org.br\/novo\/wp-content\/uploads\/2021\/04\/JEQUETIBA-2-585x585.png\" alt=\"\" title=\"JEQUETIBA\"><\/a><a class=\"item-gallery-justified\" href=\"https:\/\/www.sitsesp.org.br\/novo\/wp-content\/uploads\/2021\/04\/sertcaozinhi.png\"><img decoding=\"async\" src=\"https:\/\/www.sitsesp.org.br\/novo\/wp-content\/uploads\/2021\/04\/sertcaozinhi-585x585.png\" alt=\"\"><\/a><a class=\"item-gallery-justified\" href=\"https:\/\/www.sitsesp.org.br\/novo\/wp-content\/uploads\/2021\/04\/francabatatais.png\"><img decoding=\"async\" src=\"https:\/\/www.sitsesp.org.br\/novo\/wp-content\/uploads\/2021\/04\/francabatatais-585x585.png\" alt=\"\"><\/a><a class=\"item-gallery-justified\" href=\"https:\/\/www.sitsesp.org.br\/novo\/wp-content\/uploads\/2021\/04\/SAOCAR.png\"><img decoding=\"async\" src=\"https:\/\/www.sitsesp.org.br\/novo\/wp-content\/uploads\/2021\/04\/SAOCAR-585x585.png\" alt=\"\" title=\"S\u00c3OCAR\"><\/a><a class=\"item-gallery-justified\" href=\"https:\/\/www.sitsesp.org.br\/novo\/wp-content\/uploads\/2021\/04\/araca.png\"><img decoding=\"async\" src=\"https:\/\/www.sitsesp.org.br\/novo\/wp-content\/uploads\/2021\/04\/araca-585x585.png\" alt=\"\" title=\"ara\u00e7a\"><\/a><a class=\"item-gallery-justified\" href=\"https:\/\/www.sitsesp.org.br\/novo\/wp-content\/uploads\/2021\/04\/TAQ.png\"><img decoding=\"async\" src=\"https:\/\/www.sitsesp.org.br\/novo\/wp-content\/uploads\/2021\/04\/TAQ-585x585.png\" alt=\"\" title=\"TAQ\"><\/a><a class=\"item-gallery-justified\" href=\"https:\/\/www.sitsesp.org.br\/novo\/wp-content\/uploads\/2021\/04\/mogi.png\"><img decoding=\"async\" src=\"https:\/\/www.sitsesp.org.br\/novo\/wp-content\/uploads\/2021\/04\/mogi-585x585.png\" alt=\"\" title=\"mogi\"><\/a><a class=\"item-gallery-justified\" href=\"https:\/\/www.sitsesp.org.br\/novo\/wp-content\/uploads\/2021\/04\/RIBEIRAO.png\"><img decoding=\"async\" src=\"https:\/\/www.sitsesp.org.br\/novo\/wp-content\/uploads\/2021\/04\/RIBEIRAO-585x585.png\" alt=\"\" title=\"RIBEIR\u00c3O\"><\/a><\/div>\n<p><strong>ATEN\u00c7\u00c3O SERVIDORES E SERVIDORAS DO COMPLEXO MOGI MIRIM<br \/>\n<\/strong><strong>VACINA\u00c7\u00c3O DIA 09 DE ABRIL DAS 09H \u00c0S 14H<br \/>\nLOCAL DE VACINA\u00c7\u00c3O: 26\u00ba BPM\/1 &#8211; Rua Jos\u00e9 Penteado, 90. Jardim Novo I &#8211; Mogi Gua\u00e7u <\/strong><\/p>\n<p><strong>ATEN\u00c7\u00c3O SERVIDORES E SERVIDORAS DE TAQUARITINGA E ARARAQUARA<br \/>\nVACINA\u00c7\u00c3O DIA 09 E 12 DE ABRIL DAS 07H30 \u00c0S 11H E DAS 13H \u00c0S 15H<br \/>\nLOCAL DE VACINA\u00c7\u00c3O: 13 BPMI &#8211; Avenida Jorge Biller Teixeira 519 &#8211; Vila Ferrovi\u00e1rio &#8211; Araraquara<br \/>\nOs servidores dever\u00e3o ir de ve\u00edculo, n\u00e3o ser\u00e1 permitido ir a p\u00e9.<\/strong><\/p>\n<p><strong>ATEN\u00c7\u00c3O SERVIDORES E SERVIDORAS DOS CASA\u2019s ARA\u00c7\u00c1 E ARA\u00c7ATUBA<br \/>\nVACINA\u00c7\u00c3O DIA 09 E 12 DE ABRIL DAS 09H \u00c0S 17H<br \/>\nLOCAL DE VACINA\u00c7\u00c3O: CPI 10 &#8211; Rua Capit\u00e3o Alberto Mendes Junior 238. <\/strong><\/p>\n<p><strong>ATEN\u00c7\u00c3O SERVIDORES E SERVIDORAS DE SAO JOS\u00c9 DO RIO PRETO <\/strong><br \/>\n<strong>VACINA\u00c7\u00c3O DIA 09 DE ABRIL DAS 08H30 \u00c0S 17H <\/strong><br \/>\n<strong>LOCAL DE VACINA\u00c7\u00c3O: Batalh\u00e3o da Pol\u00edcia Militar &#8211; Avenida dos Estudantes n\u00b0 1980, Jardim Aeroporto <\/strong><\/p>\n<p><strong>ATEN\u00c7\u00c3O SERVIDORES E SERVIDORAS DE RIO CLARO <\/strong><br \/>\n<strong>VACINA\u00c7\u00c3O DIA 07 DE ABRIL DAS 09H \u00c0S 11H30 E DAS 13H \u00c0S 15H <\/strong><br \/>\n<strong>LOCAL DE VACINA\u00c7\u00c3O: Rodovia Washington Luiz, KM 172 (pr\u00f3ximo da base da pol\u00edcia rodovi\u00e1ria) <\/strong><\/p>\n<p><strong>ATEN\u00c7\u00c3O SERVIDORES E SERVIDORAS DO CASA JEQUITIB\u00c1 <\/strong><br \/>\n<strong>VACINA\u00c7\u00c3O DIA 07 DE ABRIL A PARTIR DAS 10H <\/strong><br \/>\n<strong>LOCAL DE VACINA\u00c7\u00c3O: Av. Jo\u00e3o Jorge (Batalh\u00e3o da PM em Campinas)<\/strong><\/p>\n<p><strong>ATEN\u00c7\u00c3O SERVIDORES E SERVIDORAS DE S\u00c3O CARLOS <\/strong><br \/>\n<strong>VACINA\u00c7\u00c3O DIA 09 DE ABRIL DAS 15H30 \u00c0S 17H30 <\/strong><br \/>\n<strong>LOCAL DE VACINA\u00c7\u00c3O: 38BPMI -Rua Bento Carlos 930 Bairro Centriville S\u00e3o Carlos\/SP<\/strong><\/p>\n<p><strong>ATEN\u00c7\u00c3O SERVIDORES E SERVIDORAS DE FRANCA E BATATAIS <\/strong><br \/>\n<strong>VACINA\u00c7\u00c3O DIA 08 E 09 DE ABRIL DAS 08H \u00c0S 17H <\/strong><br \/>\n<strong>LOCAL DE VACINA\u00c7\u00c3O: 15\u00b0 BPM\/1, Rua Alfredo Tosi, 1200 &#8211; N\u00facleo Alpha &#8211; Franca\u00a0<\/strong><\/p>\n<p><strong>ATEN\u00c7\u00c3O SERVIDORES E SERVIDORAS DE SERT\u00c3OZINHO <\/strong><br \/>\n<strong>VACINA\u00c7\u00c3O DIA 08 E 12 DE ABRIL DAS 08H \u00c0S 12H E DAS 13H \u00c0S 14H30 <\/strong><br \/>\n<strong>LOCAL DE VACINA\u00c7\u00c3O: 43\u00b0 BPM\/1, Av. Jo\u00e3o Pignata, 922 &#8211; Jardim S\u00e3o Sebasti\u00e3o &#8211; Sert\u00e3ozinho<br \/>\n<\/strong><\/p>\n<div class=\"kvgmc6g5 cxmmr5t8 oygrvhab hcukyx3x c1et5uql ii04i59q\">\n<div dir=\"auto\"><strong>ATEN\u00c7\u00c3O SERVIDORES E SERVIDORAS DE RIBEIR\u00c3O PRETO<\/strong><\/div>\n<div dir=\"auto\"><strong>VACINA\u00c7\u00c3O &#8211; 12 DE ABRIL DAS 08H \u00c0S 15H<\/strong><\/div>\n<\/div>\n<div class=\"o9v6fnle cxmmr5t8 oygrvhab hcukyx3x c1et5uql ii04i59q\">\n<div dir=\"auto\"><strong>LOCAL DE VACINA\u00c7\u00c3O:<\/strong><\/div>\n<div dir=\"auto\"><strong>BATALH\u00c3O. Av. Cavalheiro Paschoal Innecchi, 1538 &#8211; Independ\u00eancia, Ribeir\u00e3o Preto &#8211; SP, 14076-010<\/strong><\/div>\n<\/div>\n<div class=\"o9v6fnle cxmmr5t8 oygrvhab hcukyx3x c1et5uql ii04i59q\">\n<div dir=\"auto\"><em>*Aten\u00e7\u00e3o a vacina\u00e7\u00e3o ser\u00e1 somente amanh\u00e3 (07\/04) das 08h as 17h, para os servidores do Complexo Ribeir\u00e3o Preto, Semi-Liberdade e NAI do munic\u00edpio de Ribeir\u00e3o Preto<\/em><\/div>\n<\/div>\n<p><strong>Baixe, preencha e leve a Ficha de Cadastro no dia da sua vacina\u00e7\u00e3o:<\/strong><\/p>\n<p><a href=\"https:\/\/sitsesp.org.br\/novo\/wp-content\/uploads\/2021\/04\/FICHA-DE-CADASTRO-MANUAL-VACIVIDA-2021.pdf\" class=\"pdfemb-viewer\" style=\"\" data-width=\"max\" data-height=\"max\" data-toolbar=\"bottom\" data-toolbar-fixed=\"off\">FICHA DE CADASTRO MANUAL VACIVIDA 2021<\/a><img fetchpriority=\"high\" decoding=\"async\" class=\"alignnone size-full wp-image-6018\" src=\"https:\/\/sitsesp.org.br\/novo\/wp-content\/uploads\/2021\/04\/TAQ.png\" alt=\"\" width=\"800\" height=\"800\" srcset=\"https:\/\/www.sitsesp.org.br\/novo\/wp-content\/uploads\/2021\/04\/TAQ.png 800w, https:\/\/www.sitsesp.org.br\/novo\/wp-content\/uploads\/2021\/04\/TAQ-300x300.png 300w, https:\/\/www.sitsesp.org.br\/novo\/wp-content\/uploads\/2021\/04\/TAQ-150x150.png 150w, https:\/\/www.sitsesp.org.br\/novo\/wp-content\/uploads\/2021\/04\/TAQ-768x768.png 768w, https:\/\/www.sitsesp.org.br\/novo\/wp-content\/uploads\/2021\/04\/TAQ-585x585.png 585w\" sizes=\"(max-width: 800px) 100vw, 800px\" \/><img fetchpriority=\"high\" decoding=\"async\" class=\"alignnone size-full wp-image-6018\" src=\"https:\/\/sitsesp.org.br\/novo\/wp-content\/uploads\/2021\/04\/TAQ.png\" alt=\"\" width=\"800\" height=\"800\" srcset=\"https:\/\/www.sitsesp.org.br\/novo\/wp-content\/uploads\/2021\/04\/TAQ.png 800w, https:\/\/www.sitsesp.org.br\/novo\/wp-content\/uploads\/2021\/04\/TAQ-300x300.png 300w, https:\/\/www.sitsesp.org.br\/novo\/wp-content\/uploads\/2021\/04\/TAQ-150x150.png 150w, https:\/\/www.sitsesp.org.br\/novo\/wp-content\/uploads\/2021\/04\/TAQ-768x768.png 768w, https:\/\/www.sitsesp.org.br\/novo\/wp-content\/uploads\/2021\/04\/TAQ-585x585.png 585w\" sizes=\"(max-width: 800px) 100vw, 800px\" \/><\/p>\n","protected":false},"excerpt":{"rendered":"<p>IMPORTANTE: NO DIA DA SUA VACINA\u00c7\u00c3O LEVE 1 KG DE ALIMENTO N\u00c3O PEREC\u00cdVEL PARA COMBATER \u00c0 FOME ATEN\u00c7\u00c3O SERVIDORES E SERVIDORAS&hellip;<\/p>\n","protected":false},"author":5,"featured_media":5978,"comment_status":"open","ping_status":"open","sticky":false,"template":"","format":"standard","meta":{"cybocfi_hide_featured_image":"","footnotes":""},"categories":[27,22],"tags":[47,38,48,49,37,39,58],"yoast_head":"<!-- This site is optimized with the Yoast SEO plugin v22.8 - https:\/\/yoast.com\/wordpress\/plugins\/seo\/ -->\n<title>FICHA DE CADASTRO PARA LEVAR NA VACINA\u00c7\u00c3O | CONFIRA O CALEND\u00c1RIO DA VACINA\u00c7\u00c3O PARA A SOCIOEDUCA\u00c7\u00c3O - SITSESP<\/title>\n<meta name=\"robots\" content=\"index, follow, max-snippet:-1, max-image-preview:large, max-video-preview:-1\" \/>\n<link rel=\"canonical\" href=\"https:\/\/www.sitsesp.org.br\/novo\/ficha-de-cadastro-para-levar-na-vacinacao-confira-o-calendario-da-vacinacao-para-a-socioeducacao\/\" \/>\n<meta property=\"og:locale\" content=\"pt_BR\" \/>\n<meta property=\"og:type\" content=\"article\" \/>\n<meta property=\"og:title\" content=\"FICHA DE CADASTRO PARA LEVAR NA VACINA\u00c7\u00c3O | CONFIRA O CALEND\u00c1RIO DA VACINA\u00c7\u00c3O PARA A SOCIOEDUCA\u00c7\u00c3O - SITSESP\" \/>\n<meta property=\"og:description\" content=\"IMPORTANTE: NO DIA DA SUA VACINA\u00c7\u00c3O LEVE 1 KG DE ALIMENTO N\u00c3O PEREC\u00cdVEL PARA COMBATER \u00c0 FOME ATEN\u00c7\u00c3O SERVIDORES E SERVIDORAS&hellip;\" \/>\n<meta property=\"og:url\" content=\"https:\/\/www.sitsesp.org.br\/novo\/ficha-de-cadastro-para-levar-na-vacinacao-confira-o-calendario-da-vacinacao-para-a-socioeducacao\/\" \/>\n<meta property=\"og:site_name\" content=\"SITSESP\" \/>\n<meta property=\"article:published_time\" content=\"2021-04-06T23:57:05+00:00\" \/>\n<meta property=\"article:modified_time\" content=\"2021-04-10T12:09:03+00:00\" \/>\n<meta property=\"og:image\" content=\"https:\/\/www.sitsesp.org.br\/novo\/wp-content\/uploads\/2021\/04\/VACINACAOCALENDARIO.jpg\" \/>\n\t<meta property=\"og:image:width\" content=\"800\" \/>\n\t<meta property=\"og:image:height\" content=\"800\" \/>\n\t<meta property=\"og:image:type\" content=\"image\/jpeg\" \/>\n<meta name=\"author\" content=\"imprensa\" \/>\n<meta name=\"twitter:card\" content=\"summary_large_image\" \/>\n<meta name=\"twitter:label1\" content=\"Escrito por\" \/>\n\t<meta name=\"twitter:data1\" content=\"imprensa\" \/>\n\t<meta name=\"twitter:label2\" content=\"Est. tempo de leitura\" \/>\n\t<meta name=\"twitter:data2\" content=\"2 minutos\" \/>\n<script type=\"application\/ld+json\" class=\"yoast-schema-graph\">{\"@context\":\"https:\/\/schema.org\",\"@graph\":[{\"@type\":\"Article\",\"@id\":\"https:\/\/www.sitsesp.org.br\/novo\/ficha-de-cadastro-para-levar-na-vacinacao-confira-o-calendario-da-vacinacao-para-a-socioeducacao\/#article\",\"isPartOf\":{\"@id\":\"https:\/\/www.sitsesp.org.br\/novo\/ficha-de-cadastro-para-levar-na-vacinacao-confira-o-calendario-da-vacinacao-para-a-socioeducacao\/\"},\"author\":{\"name\":\"imprensa\",\"@id\":\"https:\/\/www.sitsesp.org.br\/novo\/#\/schema\/person\/28e42eec160f373e81d0183b3643edbf\"},\"headline\":\"FICHA DE CADASTRO PARA LEVAR NA VACINA\u00c7\u00c3O | CONFIRA O CALEND\u00c1RIO DA VACINA\u00c7\u00c3O PARA A SOCIOEDUCA\u00c7\u00c3O\",\"datePublished\":\"2021-04-06T23:57:05+00:00\",\"dateModified\":\"2021-04-10T12:09:03+00:00\",\"mainEntityOfPage\":{\"@id\":\"https:\/\/www.sitsesp.org.br\/novo\/ficha-de-cadastro-para-levar-na-vacinacao-confira-o-calendario-da-vacinacao-para-a-socioeducacao\/\"},\"wordCount\":473,\"commentCount\":0,\"publisher\":{\"@id\":\"https:\/\/www.sitsesp.org.br\/novo\/#organization\"},\"image\":{\"@id\":\"https:\/\/www.sitsesp.org.br\/novo\/ficha-de-cadastro-para-levar-na-vacinacao-confira-o-calendario-da-vacinacao-para-a-socioeducacao\/#primaryimage\"},\"thumbnailUrl\":\"https:\/\/www.sitsesp.org.br\/novo\/wp-content\/uploads\/2021\/04\/VACINACAOCALENDARIO.jpg\",\"keywords\":[\"covid19\",\"Funda\u00e7\u00e3o CASA\",\"pandemia\",\"sa\u00fade\",\"SITSESP\",\"SOCIOEDUCA\u00c7\u00c3O\",\"vacina j\u00e1\"],\"articleSection\":[\"Destaque\",\"Noticias\"],\"inLanguage\":\"pt-BR\",\"potentialAction\":[{\"@type\":\"CommentAction\",\"name\":\"Comment\",\"target\":[\"https:\/\/www.sitsesp.org.br\/novo\/ficha-de-cadastro-para-levar-na-vacinacao-confira-o-calendario-da-vacinacao-para-a-socioeducacao\/#respond\"]}]},{\"@type\":\"WebPage\",\"@id\":\"https:\/\/www.sitsesp.org.br\/novo\/ficha-de-cadastro-para-levar-na-vacinacao-confira-o-calendario-da-vacinacao-para-a-socioeducacao\/\",\"url\":\"https:\/\/www.sitsesp.org.br\/novo\/ficha-de-cadastro-para-levar-na-vacinacao-confira-o-calendario-da-vacinacao-para-a-socioeducacao\/\",\"name\":\"FICHA DE CADASTRO PARA LEVAR NA VACINA\u00c7\u00c3O | CONFIRA O CALEND\u00c1RIO DA VACINA\u00c7\u00c3O PARA A SOCIOEDUCA\u00c7\u00c3O - SITSESP\",\"isPartOf\":{\"@id\":\"https:\/\/www.sitsesp.org.br\/novo\/#website\"},\"primaryImageOfPage\":{\"@id\":\"https:\/\/www.sitsesp.org.br\/novo\/ficha-de-cadastro-para-levar-na-vacinacao-confira-o-calendario-da-vacinacao-para-a-socioeducacao\/#primaryimage\"},\"image\":{\"@id\":\"https:\/\/www.sitsesp.org.br\/novo\/ficha-de-cadastro-para-levar-na-vacinacao-confira-o-calendario-da-vacinacao-para-a-socioeducacao\/#primaryimage\"},\"thumbnailUrl\":\"https:\/\/www.sitsesp.org.br\/novo\/wp-content\/uploads\/2021\/04\/VACINACAOCALENDARIO.jpg\",\"datePublished\":\"2021-04-06T23:57:05+00:00\",\"dateModified\":\"2021-04-10T12:09:03+00:00\",\"breadcrumb\":{\"@id\":\"https:\/\/www.sitsesp.org.br\/novo\/ficha-de-cadastro-para-levar-na-vacinacao-confira-o-calendario-da-vacinacao-para-a-socioeducacao\/#breadcrumb\"},\"inLanguage\":\"pt-BR\",\"potentialAction\":[{\"@type\":\"ReadAction\",\"target\":[\"https:\/\/www.sitsesp.org.br\/novo\/ficha-de-cadastro-para-levar-na-vacinacao-confira-o-calendario-da-vacinacao-para-a-socioeducacao\/\"]}]},{\"@type\":\"ImageObject\",\"inLanguage\":\"pt-BR\",\"@id\":\"https:\/\/www.sitsesp.org.br\/novo\/ficha-de-cadastro-para-levar-na-vacinacao-confira-o-calendario-da-vacinacao-para-a-socioeducacao\/#primaryimage\",\"url\":\"https:\/\/www.sitsesp.org.br\/novo\/wp-content\/uploads\/2021\/04\/VACINACAOCALENDARIO.jpg\",\"contentUrl\":\"https:\/\/www.sitsesp.org.br\/novo\/wp-content\/uploads\/2021\/04\/VACINACAOCALENDARIO.jpg\",\"width\":800,\"height\":800},{\"@type\":\"BreadcrumbList\",\"@id\":\"https:\/\/www.sitsesp.org.br\/novo\/ficha-de-cadastro-para-levar-na-vacinacao-confira-o-calendario-da-vacinacao-para-a-socioeducacao\/#breadcrumb\",\"itemListElement\":[{\"@type\":\"ListItem\",\"position\":1,\"name\":\"In\u00edcio\",\"item\":\"https:\/\/www.sitsesp.org.br\/novo\/\"},{\"@type\":\"ListItem\",\"position\":2,\"name\":\"FICHA DE CADASTRO PARA LEVAR NA VACINA\u00c7\u00c3O | CONFIRA O CALEND\u00c1RIO DA VACINA\u00c7\u00c3O PARA A SOCIOEDUCA\u00c7\u00c3O\"}]},{\"@type\":\"WebSite\",\"@id\":\"https:\/\/www.sitsesp.org.br\/novo\/#website\",\"url\":\"https:\/\/www.sitsesp.org.br\/novo\/\",\"name\":\"Sitsesp\",\"description\":\"SIndicato da Socioeduca\u00e7\u00e3o do Estado de S\u00e3o Paulo\",\"publisher\":{\"@id\":\"https:\/\/www.sitsesp.org.br\/novo\/#organization\"},\"potentialAction\":[{\"@type\":\"SearchAction\",\"target\":{\"@type\":\"EntryPoint\",\"urlTemplate\":\"https:\/\/www.sitsesp.org.br\/novo\/?s={search_term_string}\"},\"query-input\":\"required name=search_term_string\"}],\"inLanguage\":\"pt-BR\"},{\"@type\":\"Organization\",\"@id\":\"https:\/\/www.sitsesp.org.br\/novo\/#organization\",\"name\":\"Sitsesp\",\"url\":\"https:\/\/www.sitsesp.org.br\/novo\/\",\"logo\":{\"@type\":\"ImageObject\",\"inLanguage\":\"pt-BR\",\"@id\":\"https:\/\/www.sitsesp.org.br\/novo\/#\/schema\/logo\/image\/\",\"url\":\"https:\/\/www.sitsesp.org.br\/novo\/wp-content\/uploads\/2020\/09\/Design-sem-nome-1.jpg\",\"contentUrl\":\"https:\/\/www.sitsesp.org.br\/novo\/wp-content\/uploads\/2020\/09\/Design-sem-nome-1.jpg\",\"width\":300,\"height\":300,\"caption\":\"Sitsesp\"},\"image\":{\"@id\":\"https:\/\/www.sitsesp.org.br\/novo\/#\/schema\/logo\/image\/\"}},{\"@type\":\"Person\",\"@id\":\"https:\/\/www.sitsesp.org.br\/novo\/#\/schema\/person\/28e42eec160f373e81d0183b3643edbf\",\"name\":\"imprensa\",\"image\":{\"@type\":\"ImageObject\",\"inLanguage\":\"pt-BR\",\"@id\":\"https:\/\/www.sitsesp.org.br\/novo\/#\/schema\/person\/image\/\",\"url\":\"https:\/\/secure.gravatar.com\/avatar\/8d6ccd8d7d52b8959f34154e87d3fa29?s=96&d=mm&r=g\",\"contentUrl\":\"https:\/\/secure.gravatar.com\/avatar\/8d6ccd8d7d52b8959f34154e87d3fa29?s=96&d=mm&r=g\",\"caption\":\"imprensa\"}}]}<\/script>\n<!-- \/ Yoast SEO plugin. -->","yoast_head_json":{"title":"FICHA DE CADASTRO PARA LEVAR NA VACINA\u00c7\u00c3O | CONFIRA O CALEND\u00c1RIO DA VACINA\u00c7\u00c3O PARA A SOCIOEDUCA\u00c7\u00c3O - SITSESP","robots":{"index":"index","follow":"follow","max-snippet":"max-snippet:-1","max-image-preview":"max-image-preview:large","max-video-preview":"max-video-preview:-1"},"canonical":"https:\/\/www.sitsesp.org.br\/novo\/ficha-de-cadastro-para-levar-na-vacinacao-confira-o-calendario-da-vacinacao-para-a-socioeducacao\/","og_locale":"pt_BR","og_type":"article","og_title":"FICHA DE CADASTRO PARA LEVAR NA VACINA\u00c7\u00c3O | CONFIRA O CALEND\u00c1RIO DA VACINA\u00c7\u00c3O PARA A SOCIOEDUCA\u00c7\u00c3O - SITSESP","og_description":"IMPORTANTE: NO DIA DA SUA VACINA\u00c7\u00c3O LEVE 1 KG DE ALIMENTO N\u00c3O PEREC\u00cdVEL PARA COMBATER \u00c0 FOME ATEN\u00c7\u00c3O SERVIDORES E SERVIDORAS&hellip;","og_url":"https:\/\/www.sitsesp.org.br\/novo\/ficha-de-cadastro-para-levar-na-vacinacao-confira-o-calendario-da-vacinacao-para-a-socioeducacao\/","og_site_name":"SITSESP","article_published_time":"2021-04-06T23:57:05+00:00","article_modified_time":"2021-04-10T12:09:03+00:00","og_image":[{"width":800,"height":800,"url":"https:\/\/www.sitsesp.org.br\/novo\/wp-content\/uploads\/2021\/04\/VACINACAOCALENDARIO.jpg","type":"image\/jpeg"}],"author":"imprensa","twitter_card":"summary_large_image","twitter_misc":{"Escrito por":"imprensa","Est. tempo de leitura":"2 minutos"},"schema":{"@context":"https:\/\/schema.org","@graph":[{"@type":"Article","@id":"https:\/\/www.sitsesp.org.br\/novo\/ficha-de-cadastro-para-levar-na-vacinacao-confira-o-calendario-da-vacinacao-para-a-socioeducacao\/#article","isPartOf":{"@id":"https:\/\/www.sitsesp.org.br\/novo\/ficha-de-cadastro-para-levar-na-vacinacao-confira-o-calendario-da-vacinacao-para-a-socioeducacao\/"},"author":{"name":"imprensa","@id":"https:\/\/www.sitsesp.org.br\/novo\/#\/schema\/person\/28e42eec160f373e81d0183b3643edbf"},"headline":"FICHA DE CADASTRO PARA LEVAR NA VACINA\u00c7\u00c3O | CONFIRA O CALEND\u00c1RIO DA VACINA\u00c7\u00c3O PARA A SOCIOEDUCA\u00c7\u00c3O","datePublished":"2021-04-06T23:57:05+00:00","dateModified":"2021-04-10T12:09:03+00:00","mainEntityOfPage":{"@id":"https:\/\/www.sitsesp.org.br\/novo\/ficha-de-cadastro-para-levar-na-vacinacao-confira-o-calendario-da-vacinacao-para-a-socioeducacao\/"},"wordCount":473,"commentCount":0,"publisher":{"@id":"https:\/\/www.sitsesp.org.br\/novo\/#organization"},"image":{"@id":"https:\/\/www.sitsesp.org.br\/novo\/ficha-de-cadastro-para-levar-na-vacinacao-confira-o-calendario-da-vacinacao-para-a-socioeducacao\/#primaryimage"},"thumbnailUrl":"https:\/\/www.sitsesp.org.br\/novo\/wp-content\/uploads\/2021\/04\/VACINACAOCALENDARIO.jpg","keywords":["covid19","Funda\u00e7\u00e3o CASA","pandemia","sa\u00fade","SITSESP","SOCIOEDUCA\u00c7\u00c3O","vacina j\u00e1"],"articleSection":["Destaque","Noticias"],"inLanguage":"pt-BR","potentialAction":[{"@type":"CommentAction","name":"Comment","target":["https:\/\/www.sitsesp.org.br\/novo\/ficha-de-cadastro-para-levar-na-vacinacao-confira-o-calendario-da-vacinacao-para-a-socioeducacao\/#respond"]}]},{"@type":"WebPage","@id":"https:\/\/www.sitsesp.org.br\/novo\/ficha-de-cadastro-para-levar-na-vacinacao-confira-o-calendario-da-vacinacao-para-a-socioeducacao\/","url":"https:\/\/www.sitsesp.org.br\/novo\/ficha-de-cadastro-para-levar-na-vacinacao-confira-o-calendario-da-vacinacao-para-a-socioeducacao\/","name":"FICHA DE CADASTRO PARA LEVAR NA VACINA\u00c7\u00c3O | CONFIRA O CALEND\u00c1RIO DA VACINA\u00c7\u00c3O PARA A SOCIOEDUCA\u00c7\u00c3O - SITSESP","isPartOf":{"@id":"https:\/\/www.sitsesp.org.br\/novo\/#website"},"primaryImageOfPage":{"@id":"https:\/\/www.sitsesp.org.br\/novo\/ficha-de-cadastro-para-levar-na-vacinacao-confira-o-calendario-da-vacinacao-para-a-socioeducacao\/#primaryimage"},"image":{"@id":"https:\/\/www.sitsesp.org.br\/novo\/ficha-de-cadastro-para-levar-na-vacinacao-confira-o-calendario-da-vacinacao-para-a-socioeducacao\/#primaryimage"},"thumbnailUrl":"https:\/\/www.sitsesp.org.br\/novo\/wp-content\/uploads\/2021\/04\/VACINACAOCALENDARIO.jpg","datePublished":"2021-04-06T23:57:05+00:00","dateModified":"2021-04-10T12:09:03+00:00","breadcrumb":{"@id":"https:\/\/www.sitsesp.org.br\/novo\/ficha-de-cadastro-para-levar-na-vacinacao-confira-o-calendario-da-vacinacao-para-a-socioeducacao\/#breadcrumb"},"inLanguage":"pt-BR","potentialAction":[{"@type":"ReadAction","target":["https:\/\/www.sitsesp.org.br\/novo\/ficha-de-cadastro-para-levar-na-vacinacao-confira-o-calendario-da-vacinacao-para-a-socioeducacao\/"]}]},{"@type":"ImageObject","inLanguage":"pt-BR","@id":"https:\/\/www.sitsesp.org.br\/novo\/ficha-de-cadastro-para-levar-na-vacinacao-confira-o-calendario-da-vacinacao-para-a-socioeducacao\/#primaryimage","url":"https:\/\/www.sitsesp.org.br\/novo\/wp-content\/uploads\/2021\/04\/VACINACAOCALENDARIO.jpg","contentUrl":"https:\/\/www.sitsesp.org.br\/novo\/wp-content\/uploads\/2021\/04\/VACINACAOCALENDARIO.jpg","width":800,"height":800},{"@type":"BreadcrumbList","@id":"https:\/\/www.sitsesp.org.br\/novo\/ficha-de-cadastro-para-levar-na-vacinacao-confira-o-calendario-da-vacinacao-para-a-socioeducacao\/#breadcrumb","itemListElement":[{"@type":"ListItem","position":1,"name":"In\u00edcio","item":"https:\/\/www.sitsesp.org.br\/novo\/"},{"@type":"ListItem","position":2,"name":"FICHA DE CADASTRO PARA LEVAR NA VACINA\u00c7\u00c3O | CONFIRA O CALEND\u00c1RIO DA VACINA\u00c7\u00c3O PARA A SOCIOEDUCA\u00c7\u00c3O"}]},{"@type":"WebSite","@id":"https:\/\/www.sitsesp.org.br\/novo\/#website","url":"https:\/\/www.sitsesp.org.br\/novo\/","name":"Sitsesp","description":"SIndicato da Socioeduca\u00e7\u00e3o do Estado de S\u00e3o Paulo","publisher":{"@id":"https:\/\/www.sitsesp.org.br\/novo\/#organization"},"potentialAction":[{"@type":"SearchAction","target":{"@type":"EntryPoint","urlTemplate":"https:\/\/www.sitsesp.org.br\/novo\/?s={search_term_string}"},"query-input":"required name=search_term_string"}],"inLanguage":"pt-BR"},{"@type":"Organization","@id":"https:\/\/www.sitsesp.org.br\/novo\/#organization","name":"Sitsesp","url":"https:\/\/www.sitsesp.org.br\/novo\/","logo":{"@type":"ImageObject","inLanguage":"pt-BR","@id":"https:\/\/www.sitsesp.org.br\/novo\/#\/schema\/logo\/image\/","url":"https:\/\/www.sitsesp.org.br\/novo\/wp-content\/uploads\/2020\/09\/Design-sem-nome-1.jpg","contentUrl":"https:\/\/www.sitsesp.org.br\/novo\/wp-content\/uploads\/2020\/09\/Design-sem-nome-1.jpg","width":300,"height":300,"caption":"Sitsesp"},"image":{"@id":"https:\/\/www.sitsesp.org.br\/novo\/#\/schema\/logo\/image\/"}},{"@type":"Person","@id":"https:\/\/www.sitsesp.org.br\/novo\/#\/schema\/person\/28e42eec160f373e81d0183b3643edbf","name":"imprensa","image":{"@type":"ImageObject","inLanguage":"pt-BR","@id":"https:\/\/www.sitsesp.org.br\/novo\/#\/schema\/person\/image\/","url":"https:\/\/secure.gravatar.com\/avatar\/8d6ccd8d7d52b8959f34154e87d3fa29?s=96&d=mm&r=g","contentUrl":"https:\/\/secure.gravatar.com\/avatar\/8d6ccd8d7d52b8959f34154e87d3fa29?s=96&d=mm&r=g","caption":"imprensa"}}]}},"_links":{"self":[{"href":"https:\/\/www.sitsesp.org.br\/novo\/wp-json\/wp\/v2\/posts\/5973"}],"collection":[{"href":"https:\/\/www.sitsesp.org.br\/novo\/wp-json\/wp\/v2\/posts"}],"about":[{"href":"https:\/\/www.sitsesp.org.br\/novo\/wp-json\/wp\/v2\/types\/post"}],"author":[{"embeddable":true,"href":"https:\/\/www.sitsesp.org.br\/novo\/wp-json\/wp\/v2\/users\/5"}],"replies":[{"embeddable":true,"href":"https:\/\/www.sitsesp.org.br\/novo\/wp-json\/wp\/v2\/comments?post=5973"}],"version-history":[{"count":11,"href":"https:\/\/www.sitsesp.org.br\/novo\/wp-json\/wp\/v2\/posts\/5973\/revisions"}],"predecessor-version":[{"id":6030,"href":"https:\/\/www.sitsesp.org.br\/novo\/wp-json\/wp\/v2\/posts\/5973\/revisions\/6030"}],"wp:featuredmedia":[{"embeddable":true,"href":"https:\/\/www.sitsesp.org.br\/novo\/wp-json\/wp\/v2\/media\/5978"}],"wp:attachment":[{"href":"https:\/\/www.sitsesp.org.br\/novo\/wp-json\/wp\/v2\/media?parent=5973"}],"wp:term":[{"taxonomy":"category","embeddable":true,"href":"https:\/\/www.sitsesp.org.br\/novo\/wp-json\/wp\/v2\/categories?post=5973"},{"taxonomy":"post_tag","embeddable":true,"href":"https:\/\/www.sitsesp.org.br\/novo\/wp-json\/wp\/v2\/tags?post=5973"}],"curies":[{"name":"wp","href":"https:\/\/api.w.org\/{rel}","templated":true}]}}