{"id":6038,"date":"2021-04-10T13:41:09","date_gmt":"2021-04-10T16:41:09","guid":{"rendered":"https:\/\/sitsesp.org.br\/novo\/?p=6038"},"modified":"2021-04-10T13:41:09","modified_gmt":"2021-04-10T16:41:09","slug":"assembleias-setoriais-votaram-as-contrapropostas-da-fundacao-casa","status":"publish","type":"post","link":"https:\/\/www.sitsesp.org.br\/novo\/assembleias-setoriais-votaram-as-contrapropostas-da-fundacao-casa\/","title":{"rendered":"ASSEMBLEIAS SETORIAIS VOTARAM AS CONTRAPROPOSTAS DA FUNDA\u00c7\u00c3O CASA"},"content":{"rendered":"<p><!-- VideographyWP Plugin Message: Automatic video embedding prevented by plugin options. --><br \/>\n<strong>DOS OPERACIONAIS:<\/strong><br \/>\n1 &#8211; Dos Agentes de Apoio Operacional\/Motoristas e T\u00e9cnico Operacional Para os Agentes de Apoio Operacional\/Motoristas e T\u00e9cnico Operacional a escala de trabalho se dar\u00e1 da seguinte forma: Escala de trabalho 5&#215;2 de segunda a sexta feira, iniciada entre as 6h e 13h; Escala de trabalho 2&#215;2, compreendendo 2 dias de trabalho por 2 dias de descanso, em jornada de 11 horas de trabalho, com 1 hora de intervalo para refei\u00e7\u00e3o e descanso n\u00e3o computada na jornada, cujo in\u00edcio ser\u00e1 \u00e0s 19h. A quantidade de servidores em cada escala de trabalho seguir\u00e1 a propor\u00e7\u00e3o de 80% dos trabalhadores na escala 5&#215;2 e 20% dos trabalhadores na escala 2&#215;2. Ser\u00e3o concedidas 2 (duas) folgas anuais para os servidores que trabalharem na escala 2&#215;2.<br \/>\n2 &#8211; Dos Operacionais \u2013 Cl\u00e1usula 23\u00aa Para esse grupo, a jornada de trabalho dar-se-\u00e1 na escala 2&#215;2, com jornada das 07h \u00e0s 19h, com 1 hora de intervalo para refei\u00e7\u00e3o e descanso, com direito a 2 (duas) trocas de plant\u00e3o por m\u00eas. Par\u00e1grafo primeiro: Excepcionalmente, poder\u00e1 ser praticada a escala 5&#215;2 por acordo m\u00fatuo entre servidor e gestor, sendo esta de segunda sexta-feira, com 1 hora de intervalo para refei\u00e7\u00e3o e descanso. Ser\u00e3o concedidas 2 (duas) folgas anuais para os servidores que trabalharem na escala 2&#215;2, al\u00e9m das 6 folgas previstas na portaria 337\/2020.<\/p>\n<p><strong>APROVADA POR 100% DOS(AS) SERVIDORES(AS) PRESENTES<\/strong><\/p>\n<p><strong>DA ENFERMAGEM:<\/strong><br \/>\n3 \u2013 Da Enfermagem \u2013 Cl\u00e1usula 19\u00aa Para esse grupo, a jornada de trabalho dar-se-\u00e1 na escala 12&#215;36, com jornada das 07h \u00e0s 20h, com 1 hora de intervalo para refei\u00e7\u00e3o e descanso n\u00e3o computada na jornada. Par\u00e1grafo primeiro: A jornada dos enfermeiros e auxiliares de enfermagem poder\u00e1 ser de at\u00e9 30 horas semanais. Par\u00e1grafo segundo: Os auxiliares de enfermagem poder\u00e3o fazer 02 (duas) trocas de plant\u00f5es entre si, contemplando os enfermeiros, somente se houver outro que o substitua. Par\u00e1grafo terceiro: A Funda\u00e7\u00e3o conceder\u00e1 folga no per\u00edodo de escala especial, ap\u00f3s o 20\u00ba dia do m\u00eas de dezembro, sem troca de plant\u00e3o neste per\u00edodo devido as festividades. Par\u00e1grafo quarto: O setor de sa\u00fade contar\u00e1 com 3 (tr\u00eas) folgas mensais.<\/p>\n<p><strong>REJEITADA POR 63% DOS(AS) SERVIDORES(AS) PRESENTES<\/strong><\/p>\n","protected":false},"excerpt":{"rendered":"<p>DOS OPERACIONAIS: 1 &#8211; Dos Agentes de Apoio Operacional\/Motoristas e T\u00e9cnico Operacional Para os Agentes de Apoio Operacional\/Motoristas e T\u00e9cnico Operacional&hellip;<\/p>\n","protected":false},"author":5,"featured_media":5754,"comment_status":"open","ping_status":"open","sticky":false,"template":"","format":"standard","meta":{"cybocfi_hide_featured_image":"","footnotes":""},"categories":[27,22],"tags":[],"yoast_head":"<!-- This site is optimized with the Yoast SEO plugin v22.8 - https:\/\/yoast.com\/wordpress\/plugins\/seo\/ -->\n<title>ASSEMBLEIAS SETORIAIS VOTARAM AS CONTRAPROPOSTAS DA FUNDA\u00c7\u00c3O CASA - SITSESP<\/title>\n<meta name=\"robots\" content=\"index, follow, max-snippet:-1, max-image-preview:large, max-video-preview:-1\" \/>\n<link rel=\"canonical\" href=\"https:\/\/www.sitsesp.org.br\/novo\/assembleias-setoriais-votaram-as-contrapropostas-da-fundacao-casa\/\" \/>\n<meta property=\"og:locale\" content=\"pt_BR\" \/>\n<meta property=\"og:type\" content=\"article\" \/>\n<meta property=\"og:title\" content=\"ASSEMBLEIAS SETORIAIS VOTARAM AS CONTRAPROPOSTAS DA FUNDA\u00c7\u00c3O CASA - SITSESP\" \/>\n<meta property=\"og:description\" content=\"DOS OPERACIONAIS: 1 &#8211; Dos Agentes de Apoio Operacional\/Motoristas e T\u00e9cnico Operacional Para os Agentes de Apoio Operacional\/Motoristas e T\u00e9cnico Operacional&hellip;\" \/>\n<meta property=\"og:url\" content=\"https:\/\/www.sitsesp.org.br\/novo\/assembleias-setoriais-votaram-as-contrapropostas-da-fundacao-casa\/\" \/>\n<meta property=\"og:site_name\" content=\"SITSESP\" \/>\n<meta property=\"article:published_time\" content=\"2021-04-10T16:41:09+00:00\" \/>\n<meta property=\"og:image\" content=\"https:\/\/www.sitsesp.org.br\/novo\/wp-content\/uploads\/2021\/03\/Logo-Fundacao-Casa-2020.png\" \/>\n\t<meta property=\"og:image:width\" content=\"800\" \/>\n\t<meta property=\"og:image:height\" content=\"800\" \/>\n\t<meta property=\"og:image:type\" content=\"image\/png\" \/>\n<meta name=\"author\" content=\"imprensa\" \/>\n<meta name=\"twitter:card\" content=\"summary_large_image\" \/>\n<meta name=\"twitter:label1\" content=\"Escrito por\" \/>\n\t<meta name=\"twitter:data1\" content=\"imprensa\" \/>\n\t<meta name=\"twitter:label2\" content=\"Est. tempo de leitura\" \/>\n\t<meta name=\"twitter:data2\" content=\"2 minutos\" \/>\n<script type=\"application\/ld+json\" class=\"yoast-schema-graph\">{\"@context\":\"https:\/\/schema.org\",\"@graph\":[{\"@type\":\"Article\",\"@id\":\"https:\/\/www.sitsesp.org.br\/novo\/assembleias-setoriais-votaram-as-contrapropostas-da-fundacao-casa\/#article\",\"isPartOf\":{\"@id\":\"https:\/\/www.sitsesp.org.br\/novo\/assembleias-setoriais-votaram-as-contrapropostas-da-fundacao-casa\/\"},\"author\":{\"name\":\"imprensa\",\"@id\":\"https:\/\/www.sitsesp.org.br\/novo\/#\/schema\/person\/28e42eec160f373e81d0183b3643edbf\"},\"headline\":\"ASSEMBLEIAS SETORIAIS VOTARAM AS CONTRAPROPOSTAS DA FUNDA\u00c7\u00c3O CASA\",\"datePublished\":\"2021-04-10T16:41:09+00:00\",\"dateModified\":\"2021-04-10T16:41:09+00:00\",\"mainEntityOfPage\":{\"@id\":\"https:\/\/www.sitsesp.org.br\/novo\/assembleias-setoriais-votaram-as-contrapropostas-da-fundacao-casa\/\"},\"wordCount\":372,\"commentCount\":0,\"publisher\":{\"@id\":\"https:\/\/www.sitsesp.org.br\/novo\/#organization\"},\"image\":{\"@id\":\"https:\/\/www.sitsesp.org.br\/novo\/assembleias-setoriais-votaram-as-contrapropostas-da-fundacao-casa\/#primaryimage\"},\"thumbnailUrl\":\"https:\/\/www.sitsesp.org.br\/novo\/wp-content\/uploads\/2021\/03\/Logo-Fundacao-Casa-2020.png\",\"articleSection\":[\"Destaque\",\"Noticias\"],\"inLanguage\":\"pt-BR\",\"potentialAction\":[{\"@type\":\"CommentAction\",\"name\":\"Comment\",\"target\":[\"https:\/\/www.sitsesp.org.br\/novo\/assembleias-setoriais-votaram-as-contrapropostas-da-fundacao-casa\/#respond\"]}]},{\"@type\":\"WebPage\",\"@id\":\"https:\/\/www.sitsesp.org.br\/novo\/assembleias-setoriais-votaram-as-contrapropostas-da-fundacao-casa\/\",\"url\":\"https:\/\/www.sitsesp.org.br\/novo\/assembleias-setoriais-votaram-as-contrapropostas-da-fundacao-casa\/\",\"name\":\"ASSEMBLEIAS SETORIAIS VOTARAM AS CONTRAPROPOSTAS DA FUNDA\u00c7\u00c3O CASA - SITSESP\",\"isPartOf\":{\"@id\":\"https:\/\/www.sitsesp.org.br\/novo\/#website\"},\"primaryImageOfPage\":{\"@id\":\"https:\/\/www.sitsesp.org.br\/novo\/assembleias-setoriais-votaram-as-contrapropostas-da-fundacao-casa\/#primaryimage\"},\"image\":{\"@id\":\"https:\/\/www.sitsesp.org.br\/novo\/assembleias-setoriais-votaram-as-contrapropostas-da-fundacao-casa\/#primaryimage\"},\"thumbnailUrl\":\"https:\/\/www.sitsesp.org.br\/novo\/wp-content\/uploads\/2021\/03\/Logo-Fundacao-Casa-2020.png\",\"datePublished\":\"2021-04-10T16:41:09+00:00\",\"dateModified\":\"2021-04-10T16:41:09+00:00\",\"breadcrumb\":{\"@id\":\"https:\/\/www.sitsesp.org.br\/novo\/assembleias-setoriais-votaram-as-contrapropostas-da-fundacao-casa\/#breadcrumb\"},\"inLanguage\":\"pt-BR\",\"potentialAction\":[{\"@type\":\"ReadAction\",\"target\":[\"https:\/\/www.sitsesp.org.br\/novo\/assembleias-setoriais-votaram-as-contrapropostas-da-fundacao-casa\/\"]}]},{\"@type\":\"ImageObject\",\"inLanguage\":\"pt-BR\",\"@id\":\"https:\/\/www.sitsesp.org.br\/novo\/assembleias-setoriais-votaram-as-contrapropostas-da-fundacao-casa\/#primaryimage\",\"url\":\"https:\/\/www.sitsesp.org.br\/novo\/wp-content\/uploads\/2021\/03\/Logo-Fundacao-Casa-2020.png\",\"contentUrl\":\"https:\/\/www.sitsesp.org.br\/novo\/wp-content\/uploads\/2021\/03\/Logo-Fundacao-Casa-2020.png\",\"width\":800,\"height\":800},{\"@type\":\"BreadcrumbList\",\"@id\":\"https:\/\/www.sitsesp.org.br\/novo\/assembleias-setoriais-votaram-as-contrapropostas-da-fundacao-casa\/#breadcrumb\",\"itemListElement\":[{\"@type\":\"ListItem\",\"position\":1,\"name\":\"In\u00edcio\",\"item\":\"https:\/\/www.sitsesp.org.br\/novo\/\"},{\"@type\":\"ListItem\",\"position\":2,\"name\":\"ASSEMBLEIAS SETORIAIS VOTARAM AS CONTRAPROPOSTAS DA FUNDA\u00c7\u00c3O CASA\"}]},{\"@type\":\"WebSite\",\"@id\":\"https:\/\/www.sitsesp.org.br\/novo\/#website\",\"url\":\"https:\/\/www.sitsesp.org.br\/novo\/\",\"name\":\"Sitsesp\",\"description\":\"SIndicato da Socioeduca\u00e7\u00e3o do Estado de S\u00e3o Paulo\",\"publisher\":{\"@id\":\"https:\/\/www.sitsesp.org.br\/novo\/#organization\"},\"potentialAction\":[{\"@type\":\"SearchAction\",\"target\":{\"@type\":\"EntryPoint\",\"urlTemplate\":\"https:\/\/www.sitsesp.org.br\/novo\/?s={search_term_string}\"},\"query-input\":\"required name=search_term_string\"}],\"inLanguage\":\"pt-BR\"},{\"@type\":\"Organization\",\"@id\":\"https:\/\/www.sitsesp.org.br\/novo\/#organization\",\"name\":\"Sitsesp\",\"url\":\"https:\/\/www.sitsesp.org.br\/novo\/\",\"logo\":{\"@type\":\"ImageObject\",\"inLanguage\":\"pt-BR\",\"@id\":\"https:\/\/www.sitsesp.org.br\/novo\/#\/schema\/logo\/image\/\",\"url\":\"https:\/\/www.sitsesp.org.br\/novo\/wp-content\/uploads\/2020\/09\/Design-sem-nome-1.jpg\",\"contentUrl\":\"https:\/\/www.sitsesp.org.br\/novo\/wp-content\/uploads\/2020\/09\/Design-sem-nome-1.jpg\",\"width\":300,\"height\":300,\"caption\":\"Sitsesp\"},\"image\":{\"@id\":\"https:\/\/www.sitsesp.org.br\/novo\/#\/schema\/logo\/image\/\"}},{\"@type\":\"Person\",\"@id\":\"https:\/\/www.sitsesp.org.br\/novo\/#\/schema\/person\/28e42eec160f373e81d0183b3643edbf\",\"name\":\"imprensa\",\"image\":{\"@type\":\"ImageObject\",\"inLanguage\":\"pt-BR\",\"@id\":\"https:\/\/www.sitsesp.org.br\/novo\/#\/schema\/person\/image\/\",\"url\":\"https:\/\/secure.gravatar.com\/avatar\/8d6ccd8d7d52b8959f34154e87d3fa29?s=96&d=mm&r=g\",\"contentUrl\":\"https:\/\/secure.gravatar.com\/avatar\/8d6ccd8d7d52b8959f34154e87d3fa29?s=96&d=mm&r=g\",\"caption\":\"imprensa\"}}]}<\/script>\n<!-- \/ Yoast SEO plugin. -->","yoast_head_json":{"title":"ASSEMBLEIAS SETORIAIS VOTARAM AS CONTRAPROPOSTAS DA FUNDA\u00c7\u00c3O CASA - SITSESP","robots":{"index":"index","follow":"follow","max-snippet":"max-snippet:-1","max-image-preview":"max-image-preview:large","max-video-preview":"max-video-preview:-1"},"canonical":"https:\/\/www.sitsesp.org.br\/novo\/assembleias-setoriais-votaram-as-contrapropostas-da-fundacao-casa\/","og_locale":"pt_BR","og_type":"article","og_title":"ASSEMBLEIAS SETORIAIS VOTARAM AS CONTRAPROPOSTAS DA FUNDA\u00c7\u00c3O CASA - SITSESP","og_description":"DOS OPERACIONAIS: 1 &#8211; Dos Agentes de Apoio Operacional\/Motoristas e T\u00e9cnico Operacional Para os Agentes de Apoio Operacional\/Motoristas e T\u00e9cnico Operacional&hellip;","og_url":"https:\/\/www.sitsesp.org.br\/novo\/assembleias-setoriais-votaram-as-contrapropostas-da-fundacao-casa\/","og_site_name":"SITSESP","article_published_time":"2021-04-10T16:41:09+00:00","og_image":[{"width":800,"height":800,"url":"https:\/\/www.sitsesp.org.br\/novo\/wp-content\/uploads\/2021\/03\/Logo-Fundacao-Casa-2020.png","type":"image\/png"}],"author":"imprensa","twitter_card":"summary_large_image","twitter_misc":{"Escrito por":"imprensa","Est. tempo de leitura":"2 minutos"},"schema":{"@context":"https:\/\/schema.org","@graph":[{"@type":"Article","@id":"https:\/\/www.sitsesp.org.br\/novo\/assembleias-setoriais-votaram-as-contrapropostas-da-fundacao-casa\/#article","isPartOf":{"@id":"https:\/\/www.sitsesp.org.br\/novo\/assembleias-setoriais-votaram-as-contrapropostas-da-fundacao-casa\/"},"author":{"name":"imprensa","@id":"https:\/\/www.sitsesp.org.br\/novo\/#\/schema\/person\/28e42eec160f373e81d0183b3643edbf"},"headline":"ASSEMBLEIAS SETORIAIS VOTARAM AS CONTRAPROPOSTAS DA FUNDA\u00c7\u00c3O CASA","datePublished":"2021-04-10T16:41:09+00:00","dateModified":"2021-04-10T16:41:09+00:00","mainEntityOfPage":{"@id":"https:\/\/www.sitsesp.org.br\/novo\/assembleias-setoriais-votaram-as-contrapropostas-da-fundacao-casa\/"},"wordCount":372,"commentCount":0,"publisher":{"@id":"https:\/\/www.sitsesp.org.br\/novo\/#organization"},"image":{"@id":"https:\/\/www.sitsesp.org.br\/novo\/assembleias-setoriais-votaram-as-contrapropostas-da-fundacao-casa\/#primaryimage"},"thumbnailUrl":"https:\/\/www.sitsesp.org.br\/novo\/wp-content\/uploads\/2021\/03\/Logo-Fundacao-Casa-2020.png","articleSection":["Destaque","Noticias"],"inLanguage":"pt-BR","potentialAction":[{"@type":"CommentAction","name":"Comment","target":["https:\/\/www.sitsesp.org.br\/novo\/assembleias-setoriais-votaram-as-contrapropostas-da-fundacao-casa\/#respond"]}]},{"@type":"WebPage","@id":"https:\/\/www.sitsesp.org.br\/novo\/assembleias-setoriais-votaram-as-contrapropostas-da-fundacao-casa\/","url":"https:\/\/www.sitsesp.org.br\/novo\/assembleias-setoriais-votaram-as-contrapropostas-da-fundacao-casa\/","name":"ASSEMBLEIAS SETORIAIS VOTARAM AS CONTRAPROPOSTAS DA FUNDA\u00c7\u00c3O CASA - SITSESP","isPartOf":{"@id":"https:\/\/www.sitsesp.org.br\/novo\/#website"},"primaryImageOfPage":{"@id":"https:\/\/www.sitsesp.org.br\/novo\/assembleias-setoriais-votaram-as-contrapropostas-da-fundacao-casa\/#primaryimage"},"image":{"@id":"https:\/\/www.sitsesp.org.br\/novo\/assembleias-setoriais-votaram-as-contrapropostas-da-fundacao-casa\/#primaryimage"},"thumbnailUrl":"https:\/\/www.sitsesp.org.br\/novo\/wp-content\/uploads\/2021\/03\/Logo-Fundacao-Casa-2020.png","datePublished":"2021-04-10T16:41:09+00:00","dateModified":"2021-04-10T16:41:09+00:00","breadcrumb":{"@id":"https:\/\/www.sitsesp.org.br\/novo\/assembleias-setoriais-votaram-as-contrapropostas-da-fundacao-casa\/#breadcrumb"},"inLanguage":"pt-BR","potentialAction":[{"@type":"ReadAction","target":["https:\/\/www.sitsesp.org.br\/novo\/assembleias-setoriais-votaram-as-contrapropostas-da-fundacao-casa\/"]}]},{"@type":"ImageObject","inLanguage":"pt-BR","@id":"https:\/\/www.sitsesp.org.br\/novo\/assembleias-setoriais-votaram-as-contrapropostas-da-fundacao-casa\/#primaryimage","url":"https:\/\/www.sitsesp.org.br\/novo\/wp-content\/uploads\/2021\/03\/Logo-Fundacao-Casa-2020.png","contentUrl":"https:\/\/www.sitsesp.org.br\/novo\/wp-content\/uploads\/2021\/03\/Logo-Fundacao-Casa-2020.png","width":800,"height":800},{"@type":"BreadcrumbList","@id":"https:\/\/www.sitsesp.org.br\/novo\/assembleias-setoriais-votaram-as-contrapropostas-da-fundacao-casa\/#breadcrumb","itemListElement":[{"@type":"ListItem","position":1,"name":"In\u00edcio","item":"https:\/\/www.sitsesp.org.br\/novo\/"},{"@type":"ListItem","position":2,"name":"ASSEMBLEIAS SETORIAIS VOTARAM AS CONTRAPROPOSTAS DA FUNDA\u00c7\u00c3O CASA"}]},{"@type":"WebSite","@id":"https:\/\/www.sitsesp.org.br\/novo\/#website","url":"https:\/\/www.sitsesp.org.br\/novo\/","name":"Sitsesp","description":"SIndicato da Socioeduca\u00e7\u00e3o do Estado de S\u00e3o Paulo","publisher":{"@id":"https:\/\/www.sitsesp.org.br\/novo\/#organization"},"potentialAction":[{"@type":"SearchAction","target":{"@type":"EntryPoint","urlTemplate":"https:\/\/www.sitsesp.org.br\/novo\/?s={search_term_string}"},"query-input":"required name=search_term_string"}],"inLanguage":"pt-BR"},{"@type":"Organization","@id":"https:\/\/www.sitsesp.org.br\/novo\/#organization","name":"Sitsesp","url":"https:\/\/www.sitsesp.org.br\/novo\/","logo":{"@type":"ImageObject","inLanguage":"pt-BR","@id":"https:\/\/www.sitsesp.org.br\/novo\/#\/schema\/logo\/image\/","url":"https:\/\/www.sitsesp.org.br\/novo\/wp-content\/uploads\/2020\/09\/Design-sem-nome-1.jpg","contentUrl":"https:\/\/www.sitsesp.org.br\/novo\/wp-content\/uploads\/2020\/09\/Design-sem-nome-1.jpg","width":300,"height":300,"caption":"Sitsesp"},"image":{"@id":"https:\/\/www.sitsesp.org.br\/novo\/#\/schema\/logo\/image\/"}},{"@type":"Person","@id":"https:\/\/www.sitsesp.org.br\/novo\/#\/schema\/person\/28e42eec160f373e81d0183b3643edbf","name":"imprensa","image":{"@type":"ImageObject","inLanguage":"pt-BR","@id":"https:\/\/www.sitsesp.org.br\/novo\/#\/schema\/person\/image\/","url":"https:\/\/secure.gravatar.com\/avatar\/8d6ccd8d7d52b8959f34154e87d3fa29?s=96&d=mm&r=g","contentUrl":"https:\/\/secure.gravatar.com\/avatar\/8d6ccd8d7d52b8959f34154e87d3fa29?s=96&d=mm&r=g","caption":"imprensa"}}]}},"_links":{"self":[{"href":"https:\/\/www.sitsesp.org.br\/novo\/wp-json\/wp\/v2\/posts\/6038"}],"collection":[{"href":"https:\/\/www.sitsesp.org.br\/novo\/wp-json\/wp\/v2\/posts"}],"about":[{"href":"https:\/\/www.sitsesp.org.br\/novo\/wp-json\/wp\/v2\/types\/post"}],"author":[{"embeddable":true,"href":"https:\/\/www.sitsesp.org.br\/novo\/wp-json\/wp\/v2\/users\/5"}],"replies":[{"embeddable":true,"href":"https:\/\/www.sitsesp.org.br\/novo\/wp-json\/wp\/v2\/comments?post=6038"}],"version-history":[{"count":1,"href":"https:\/\/www.sitsesp.org.br\/novo\/wp-json\/wp\/v2\/posts\/6038\/revisions"}],"predecessor-version":[{"id":6039,"href":"https:\/\/www.sitsesp.org.br\/novo\/wp-json\/wp\/v2\/posts\/6038\/revisions\/6039"}],"wp:featuredmedia":[{"embeddable":true,"href":"https:\/\/www.sitsesp.org.br\/novo\/wp-json\/wp\/v2\/media\/5754"}],"wp:attachment":[{"href":"https:\/\/www.sitsesp.org.br\/novo\/wp-json\/wp\/v2\/media?parent=6038"}],"wp:term":[{"taxonomy":"category","embeddable":true,"href":"https:\/\/www.sitsesp.org.br\/novo\/wp-json\/wp\/v2\/categories?post=6038"},{"taxonomy":"post_tag","embeddable":true,"href":"https:\/\/www.sitsesp.org.br\/novo\/wp-json\/wp\/v2\/tags?post=6038"}],"curies":[{"name":"wp","href":"https:\/\/api.w.org\/{rel}","templated":true}]}}