{"id":6080,"date":"2021-04-14T19:32:51","date_gmt":"2021-04-14T22:32:51","guid":{"rendered":"https:\/\/sitsesp.org.br\/novo\/?p=6080"},"modified":"2021-04-16T18:29:24","modified_gmt":"2021-04-16T21:29:24","slug":"campanha-salarial-2021-propostas-do-sitsesp-e-resposta-da-fundacao","status":"publish","type":"post","link":"https:\/\/www.sitsesp.org.br\/novo\/campanha-salarial-2021-propostas-do-sitsesp-e-resposta-da-fundacao\/","title":{"rendered":"Campanha salarial 2021 | Propostas do SITSESP e resposta da Funda\u00e7\u00e3o"},"content":{"rendered":"<p><!-- VideographyWP Plugin Message: Automatic video embedding prevented by plugin options. --><br \/>\n<a href=\"https:\/\/sitsesp.org.br\/novo\/wp-content\/uploads\/2021\/04\/PAUTA-DE-REINVINDICACAO-2021-1.pdf\" class=\"pdfemb-viewer\" style=\"\" data-width=\"max\" data-height=\"max\" data-toolbar=\"bottom\" data-toolbar-fixed=\"off\">PAUTA DE REINVINDICACAO 2021 (1)<\/a><br \/>\n<a href=\"https:\/\/sitsesp.org.br\/novo\/wp-content\/uploads\/2021\/04\/PAUTA-DE-REINVINDICACAO-2021-1.pdf\"><strong>BAIXE AQUI<\/strong><\/a><\/p>\n<p>&nbsp;<\/p>\n<p><a href=\"https:\/\/sitsesp.org.br\/novo\/wp-content\/uploads\/2021\/04\/Oficio-GP-176-21-SITSESP-Resposta-ao-Oficio-Sindical-028-2021-Campanha-Salarial-2021.pdf\" class=\"pdfemb-viewer\" style=\"\" data-width=\"max\" data-height=\"max\" data-toolbar=\"bottom\" data-toolbar-fixed=\"off\">Of\u00edcio GP 176 21 SITSESP Resposta ao Of\u00edcio Sindical 028-2021 - Campanha Salarial 2021<\/a><br \/>\n<a href=\"https:\/\/sitsesp.org.br\/novo\/wp-content\/uploads\/2021\/04\/Oficio-GP-176-21-SITSESP-Resposta-ao-Oficio-Sindical-028-2021-Campanha-Salarial-2021.pdf\"><strong>BAIXE AQUI<\/strong><\/a><\/p>\n","protected":false},"excerpt":{"rendered":"<p>BAIXE AQUI &nbsp; BAIXE AQUI<\/p>\n","protected":false},"author":5,"featured_media":6081,"comment_status":"open","ping_status":"open","sticky":false,"template":"","format":"standard","meta":{"cybocfi_hide_featured_image":"","footnotes":""},"categories":[27,22],"tags":[],"yoast_head":"<!-- This site is optimized with the Yoast SEO plugin v22.8 - https:\/\/yoast.com\/wordpress\/plugins\/seo\/ -->\n<title>Campanha salarial 2021 | Propostas do SITSESP e resposta da Funda\u00e7\u00e3o - SITSESP<\/title>\n<meta name=\"robots\" content=\"index, follow, max-snippet:-1, max-image-preview:large, max-video-preview:-1\" \/>\n<link rel=\"canonical\" href=\"https:\/\/www.sitsesp.org.br\/novo\/campanha-salarial-2021-propostas-do-sitsesp-e-resposta-da-fundacao\/\" \/>\n<meta property=\"og:locale\" content=\"pt_BR\" \/>\n<meta property=\"og:type\" content=\"article\" \/>\n<meta property=\"og:title\" content=\"Campanha salarial 2021 | Propostas do SITSESP e resposta da Funda\u00e7\u00e3o - SITSESP\" \/>\n<meta property=\"og:description\" content=\"BAIXE AQUI &nbsp; BAIXE AQUI\" \/>\n<meta property=\"og:url\" content=\"https:\/\/www.sitsesp.org.br\/novo\/campanha-salarial-2021-propostas-do-sitsesp-e-resposta-da-fundacao\/\" \/>\n<meta property=\"og:site_name\" content=\"SITSESP\" \/>\n<meta property=\"article:published_time\" content=\"2021-04-14T22:32:51+00:00\" \/>\n<meta property=\"article:modified_time\" content=\"2021-04-16T21:29:24+00:00\" \/>\n<meta property=\"og:image\" content=\"https:\/\/www.sitsesp.org.br\/novo\/wp-content\/uploads\/2021\/04\/CONFIRA.png\" \/>\n\t<meta property=\"og:image:width\" content=\"800\" \/>\n\t<meta property=\"og:image:height\" content=\"800\" \/>\n\t<meta property=\"og:image:type\" content=\"image\/png\" \/>\n<meta name=\"author\" content=\"imprensa\" \/>\n<meta name=\"twitter:card\" content=\"summary_large_image\" \/>\n<meta name=\"twitter:label1\" content=\"Escrito por\" \/>\n\t<meta name=\"twitter:data1\" content=\"imprensa\" \/>\n<script type=\"application\/ld+json\" class=\"yoast-schema-graph\">{\"@context\":\"https:\/\/schema.org\",\"@graph\":[{\"@type\":\"Article\",\"@id\":\"https:\/\/www.sitsesp.org.br\/novo\/campanha-salarial-2021-propostas-do-sitsesp-e-resposta-da-fundacao\/#article\",\"isPartOf\":{\"@id\":\"https:\/\/www.sitsesp.org.br\/novo\/campanha-salarial-2021-propostas-do-sitsesp-e-resposta-da-fundacao\/\"},\"author\":{\"name\":\"imprensa\",\"@id\":\"https:\/\/www.sitsesp.org.br\/novo\/#\/schema\/person\/28e42eec160f373e81d0183b3643edbf\"},\"headline\":\"Campanha salarial 2021 | Propostas do SITSESP e resposta da Funda\u00e7\u00e3o\",\"datePublished\":\"2021-04-14T22:32:51+00:00\",\"dateModified\":\"2021-04-16T21:29:24+00:00\",\"mainEntityOfPage\":{\"@id\":\"https:\/\/www.sitsesp.org.br\/novo\/campanha-salarial-2021-propostas-do-sitsesp-e-resposta-da-fundacao\/\"},\"wordCount\":60,\"commentCount\":0,\"publisher\":{\"@id\":\"https:\/\/www.sitsesp.org.br\/novo\/#organization\"},\"image\":{\"@id\":\"https:\/\/www.sitsesp.org.br\/novo\/campanha-salarial-2021-propostas-do-sitsesp-e-resposta-da-fundacao\/#primaryimage\"},\"thumbnailUrl\":\"https:\/\/www.sitsesp.org.br\/novo\/wp-content\/uploads\/2021\/04\/CONFIRA.png\",\"articleSection\":[\"Destaque\",\"Noticias\"],\"inLanguage\":\"pt-BR\",\"potentialAction\":[{\"@type\":\"CommentAction\",\"name\":\"Comment\",\"target\":[\"https:\/\/www.sitsesp.org.br\/novo\/campanha-salarial-2021-propostas-do-sitsesp-e-resposta-da-fundacao\/#respond\"]}]},{\"@type\":\"WebPage\",\"@id\":\"https:\/\/www.sitsesp.org.br\/novo\/campanha-salarial-2021-propostas-do-sitsesp-e-resposta-da-fundacao\/\",\"url\":\"https:\/\/www.sitsesp.org.br\/novo\/campanha-salarial-2021-propostas-do-sitsesp-e-resposta-da-fundacao\/\",\"name\":\"Campanha salarial 2021 | Propostas do SITSESP e resposta da Funda\u00e7\u00e3o - SITSESP\",\"isPartOf\":{\"@id\":\"https:\/\/www.sitsesp.org.br\/novo\/#website\"},\"primaryImageOfPage\":{\"@id\":\"https:\/\/www.sitsesp.org.br\/novo\/campanha-salarial-2021-propostas-do-sitsesp-e-resposta-da-fundacao\/#primaryimage\"},\"image\":{\"@id\":\"https:\/\/www.sitsesp.org.br\/novo\/campanha-salarial-2021-propostas-do-sitsesp-e-resposta-da-fundacao\/#primaryimage\"},\"thumbnailUrl\":\"https:\/\/www.sitsesp.org.br\/novo\/wp-content\/uploads\/2021\/04\/CONFIRA.png\",\"datePublished\":\"2021-04-14T22:32:51+00:00\",\"dateModified\":\"2021-04-16T21:29:24+00:00\",\"breadcrumb\":{\"@id\":\"https:\/\/www.sitsesp.org.br\/novo\/campanha-salarial-2021-propostas-do-sitsesp-e-resposta-da-fundacao\/#breadcrumb\"},\"inLanguage\":\"pt-BR\",\"potentialAction\":[{\"@type\":\"ReadAction\",\"target\":[\"https:\/\/www.sitsesp.org.br\/novo\/campanha-salarial-2021-propostas-do-sitsesp-e-resposta-da-fundacao\/\"]}]},{\"@type\":\"ImageObject\",\"inLanguage\":\"pt-BR\",\"@id\":\"https:\/\/www.sitsesp.org.br\/novo\/campanha-salarial-2021-propostas-do-sitsesp-e-resposta-da-fundacao\/#primaryimage\",\"url\":\"https:\/\/www.sitsesp.org.br\/novo\/wp-content\/uploads\/2021\/04\/CONFIRA.png\",\"contentUrl\":\"https:\/\/www.sitsesp.org.br\/novo\/wp-content\/uploads\/2021\/04\/CONFIRA.png\",\"width\":800,\"height\":800},{\"@type\":\"BreadcrumbList\",\"@id\":\"https:\/\/www.sitsesp.org.br\/novo\/campanha-salarial-2021-propostas-do-sitsesp-e-resposta-da-fundacao\/#breadcrumb\",\"itemListElement\":[{\"@type\":\"ListItem\",\"position\":1,\"name\":\"In\u00edcio\",\"item\":\"https:\/\/www.sitsesp.org.br\/novo\/\"},{\"@type\":\"ListItem\",\"position\":2,\"name\":\"Campanha salarial 2021 | Propostas do SITSESP e resposta da Funda\u00e7\u00e3o\"}]},{\"@type\":\"WebSite\",\"@id\":\"https:\/\/www.sitsesp.org.br\/novo\/#website\",\"url\":\"https:\/\/www.sitsesp.org.br\/novo\/\",\"name\":\"Sitsesp\",\"description\":\"SIndicato da Socioeduca\u00e7\u00e3o do Estado de S\u00e3o Paulo\",\"publisher\":{\"@id\":\"https:\/\/www.sitsesp.org.br\/novo\/#organization\"},\"potentialAction\":[{\"@type\":\"SearchAction\",\"target\":{\"@type\":\"EntryPoint\",\"urlTemplate\":\"https:\/\/www.sitsesp.org.br\/novo\/?s={search_term_string}\"},\"query-input\":\"required name=search_term_string\"}],\"inLanguage\":\"pt-BR\"},{\"@type\":\"Organization\",\"@id\":\"https:\/\/www.sitsesp.org.br\/novo\/#organization\",\"name\":\"Sitsesp\",\"url\":\"https:\/\/www.sitsesp.org.br\/novo\/\",\"logo\":{\"@type\":\"ImageObject\",\"inLanguage\":\"pt-BR\",\"@id\":\"https:\/\/www.sitsesp.org.br\/novo\/#\/schema\/logo\/image\/\",\"url\":\"https:\/\/www.sitsesp.org.br\/novo\/wp-content\/uploads\/2020\/09\/Design-sem-nome-1.jpg\",\"contentUrl\":\"https:\/\/www.sitsesp.org.br\/novo\/wp-content\/uploads\/2020\/09\/Design-sem-nome-1.jpg\",\"width\":300,\"height\":300,\"caption\":\"Sitsesp\"},\"image\":{\"@id\":\"https:\/\/www.sitsesp.org.br\/novo\/#\/schema\/logo\/image\/\"}},{\"@type\":\"Person\",\"@id\":\"https:\/\/www.sitsesp.org.br\/novo\/#\/schema\/person\/28e42eec160f373e81d0183b3643edbf\",\"name\":\"imprensa\",\"image\":{\"@type\":\"ImageObject\",\"inLanguage\":\"pt-BR\",\"@id\":\"https:\/\/www.sitsesp.org.br\/novo\/#\/schema\/person\/image\/\",\"url\":\"https:\/\/secure.gravatar.com\/avatar\/8d6ccd8d7d52b8959f34154e87d3fa29?s=96&d=mm&r=g\",\"contentUrl\":\"https:\/\/secure.gravatar.com\/avatar\/8d6ccd8d7d52b8959f34154e87d3fa29?s=96&d=mm&r=g\",\"caption\":\"imprensa\"}}]}<\/script>\n<!-- \/ Yoast SEO plugin. -->","yoast_head_json":{"title":"Campanha salarial 2021 | Propostas do SITSESP e resposta da Funda\u00e7\u00e3o - SITSESP","robots":{"index":"index","follow":"follow","max-snippet":"max-snippet:-1","max-image-preview":"max-image-preview:large","max-video-preview":"max-video-preview:-1"},"canonical":"https:\/\/www.sitsesp.org.br\/novo\/campanha-salarial-2021-propostas-do-sitsesp-e-resposta-da-fundacao\/","og_locale":"pt_BR","og_type":"article","og_title":"Campanha salarial 2021 | Propostas do SITSESP e resposta da Funda\u00e7\u00e3o - SITSESP","og_description":"BAIXE AQUI &nbsp; BAIXE AQUI","og_url":"https:\/\/www.sitsesp.org.br\/novo\/campanha-salarial-2021-propostas-do-sitsesp-e-resposta-da-fundacao\/","og_site_name":"SITSESP","article_published_time":"2021-04-14T22:32:51+00:00","article_modified_time":"2021-04-16T21:29:24+00:00","og_image":[{"width":800,"height":800,"url":"https:\/\/www.sitsesp.org.br\/novo\/wp-content\/uploads\/2021\/04\/CONFIRA.png","type":"image\/png"}],"author":"imprensa","twitter_card":"summary_large_image","twitter_misc":{"Escrito por":"imprensa"},"schema":{"@context":"https:\/\/schema.org","@graph":[{"@type":"Article","@id":"https:\/\/www.sitsesp.org.br\/novo\/campanha-salarial-2021-propostas-do-sitsesp-e-resposta-da-fundacao\/#article","isPartOf":{"@id":"https:\/\/www.sitsesp.org.br\/novo\/campanha-salarial-2021-propostas-do-sitsesp-e-resposta-da-fundacao\/"},"author":{"name":"imprensa","@id":"https:\/\/www.sitsesp.org.br\/novo\/#\/schema\/person\/28e42eec160f373e81d0183b3643edbf"},"headline":"Campanha salarial 2021 | Propostas do SITSESP e resposta da Funda\u00e7\u00e3o","datePublished":"2021-04-14T22:32:51+00:00","dateModified":"2021-04-16T21:29:24+00:00","mainEntityOfPage":{"@id":"https:\/\/www.sitsesp.org.br\/novo\/campanha-salarial-2021-propostas-do-sitsesp-e-resposta-da-fundacao\/"},"wordCount":60,"commentCount":0,"publisher":{"@id":"https:\/\/www.sitsesp.org.br\/novo\/#organization"},"image":{"@id":"https:\/\/www.sitsesp.org.br\/novo\/campanha-salarial-2021-propostas-do-sitsesp-e-resposta-da-fundacao\/#primaryimage"},"thumbnailUrl":"https:\/\/www.sitsesp.org.br\/novo\/wp-content\/uploads\/2021\/04\/CONFIRA.png","articleSection":["Destaque","Noticias"],"inLanguage":"pt-BR","potentialAction":[{"@type":"CommentAction","name":"Comment","target":["https:\/\/www.sitsesp.org.br\/novo\/campanha-salarial-2021-propostas-do-sitsesp-e-resposta-da-fundacao\/#respond"]}]},{"@type":"WebPage","@id":"https:\/\/www.sitsesp.org.br\/novo\/campanha-salarial-2021-propostas-do-sitsesp-e-resposta-da-fundacao\/","url":"https:\/\/www.sitsesp.org.br\/novo\/campanha-salarial-2021-propostas-do-sitsesp-e-resposta-da-fundacao\/","name":"Campanha salarial 2021 | Propostas do SITSESP e resposta da Funda\u00e7\u00e3o - SITSESP","isPartOf":{"@id":"https:\/\/www.sitsesp.org.br\/novo\/#website"},"primaryImageOfPage":{"@id":"https:\/\/www.sitsesp.org.br\/novo\/campanha-salarial-2021-propostas-do-sitsesp-e-resposta-da-fundacao\/#primaryimage"},"image":{"@id":"https:\/\/www.sitsesp.org.br\/novo\/campanha-salarial-2021-propostas-do-sitsesp-e-resposta-da-fundacao\/#primaryimage"},"thumbnailUrl":"https:\/\/www.sitsesp.org.br\/novo\/wp-content\/uploads\/2021\/04\/CONFIRA.png","datePublished":"2021-04-14T22:32:51+00:00","dateModified":"2021-04-16T21:29:24+00:00","breadcrumb":{"@id":"https:\/\/www.sitsesp.org.br\/novo\/campanha-salarial-2021-propostas-do-sitsesp-e-resposta-da-fundacao\/#breadcrumb"},"inLanguage":"pt-BR","potentialAction":[{"@type":"ReadAction","target":["https:\/\/www.sitsesp.org.br\/novo\/campanha-salarial-2021-propostas-do-sitsesp-e-resposta-da-fundacao\/"]}]},{"@type":"ImageObject","inLanguage":"pt-BR","@id":"https:\/\/www.sitsesp.org.br\/novo\/campanha-salarial-2021-propostas-do-sitsesp-e-resposta-da-fundacao\/#primaryimage","url":"https:\/\/www.sitsesp.org.br\/novo\/wp-content\/uploads\/2021\/04\/CONFIRA.png","contentUrl":"https:\/\/www.sitsesp.org.br\/novo\/wp-content\/uploads\/2021\/04\/CONFIRA.png","width":800,"height":800},{"@type":"BreadcrumbList","@id":"https:\/\/www.sitsesp.org.br\/novo\/campanha-salarial-2021-propostas-do-sitsesp-e-resposta-da-fundacao\/#breadcrumb","itemListElement":[{"@type":"ListItem","position":1,"name":"In\u00edcio","item":"https:\/\/www.sitsesp.org.br\/novo\/"},{"@type":"ListItem","position":2,"name":"Campanha salarial 2021 | Propostas do SITSESP e resposta da Funda\u00e7\u00e3o"}]},{"@type":"WebSite","@id":"https:\/\/www.sitsesp.org.br\/novo\/#website","url":"https:\/\/www.sitsesp.org.br\/novo\/","name":"Sitsesp","description":"SIndicato da Socioeduca\u00e7\u00e3o do Estado de S\u00e3o Paulo","publisher":{"@id":"https:\/\/www.sitsesp.org.br\/novo\/#organization"},"potentialAction":[{"@type":"SearchAction","target":{"@type":"EntryPoint","urlTemplate":"https:\/\/www.sitsesp.org.br\/novo\/?s={search_term_string}"},"query-input":"required name=search_term_string"}],"inLanguage":"pt-BR"},{"@type":"Organization","@id":"https:\/\/www.sitsesp.org.br\/novo\/#organization","name":"Sitsesp","url":"https:\/\/www.sitsesp.org.br\/novo\/","logo":{"@type":"ImageObject","inLanguage":"pt-BR","@id":"https:\/\/www.sitsesp.org.br\/novo\/#\/schema\/logo\/image\/","url":"https:\/\/www.sitsesp.org.br\/novo\/wp-content\/uploads\/2020\/09\/Design-sem-nome-1.jpg","contentUrl":"https:\/\/www.sitsesp.org.br\/novo\/wp-content\/uploads\/2020\/09\/Design-sem-nome-1.jpg","width":300,"height":300,"caption":"Sitsesp"},"image":{"@id":"https:\/\/www.sitsesp.org.br\/novo\/#\/schema\/logo\/image\/"}},{"@type":"Person","@id":"https:\/\/www.sitsesp.org.br\/novo\/#\/schema\/person\/28e42eec160f373e81d0183b3643edbf","name":"imprensa","image":{"@type":"ImageObject","inLanguage":"pt-BR","@id":"https:\/\/www.sitsesp.org.br\/novo\/#\/schema\/person\/image\/","url":"https:\/\/secure.gravatar.com\/avatar\/8d6ccd8d7d52b8959f34154e87d3fa29?s=96&d=mm&r=g","contentUrl":"https:\/\/secure.gravatar.com\/avatar\/8d6ccd8d7d52b8959f34154e87d3fa29?s=96&d=mm&r=g","caption":"imprensa"}}]}},"_links":{"self":[{"href":"https:\/\/www.sitsesp.org.br\/novo\/wp-json\/wp\/v2\/posts\/6080"}],"collection":[{"href":"https:\/\/www.sitsesp.org.br\/novo\/wp-json\/wp\/v2\/posts"}],"about":[{"href":"https:\/\/www.sitsesp.org.br\/novo\/wp-json\/wp\/v2\/types\/post"}],"author":[{"embeddable":true,"href":"https:\/\/www.sitsesp.org.br\/novo\/wp-json\/wp\/v2\/users\/5"}],"replies":[{"embeddable":true,"href":"https:\/\/www.sitsesp.org.br\/novo\/wp-json\/wp\/v2\/comments?post=6080"}],"version-history":[{"count":4,"href":"https:\/\/www.sitsesp.org.br\/novo\/wp-json\/wp\/v2\/posts\/6080\/revisions"}],"predecessor-version":[{"id":6091,"href":"https:\/\/www.sitsesp.org.br\/novo\/wp-json\/wp\/v2\/posts\/6080\/revisions\/6091"}],"wp:featuredmedia":[{"embeddable":true,"href":"https:\/\/www.sitsesp.org.br\/novo\/wp-json\/wp\/v2\/media\/6081"}],"wp:attachment":[{"href":"https:\/\/www.sitsesp.org.br\/novo\/wp-json\/wp\/v2\/media?parent=6080"}],"wp:term":[{"taxonomy":"category","embeddable":true,"href":"https:\/\/www.sitsesp.org.br\/novo\/wp-json\/wp\/v2\/categories?post=6080"},{"taxonomy":"post_tag","embeddable":true,"href":"https:\/\/www.sitsesp.org.br\/novo\/wp-json\/wp\/v2\/tags?post=6080"}],"curies":[{"name":"wp","href":"https:\/\/api.w.org\/{rel}","templated":true}]}}