{"id":6105,"date":"2021-04-20T15:00:14","date_gmt":"2021-04-20T18:00:14","guid":{"rendered":"https:\/\/sitsesp.org.br\/novo\/?p=6105"},"modified":"2021-04-20T15:00:14","modified_gmt":"2021-04-20T18:00:14","slug":"fundacao-casa-cancela-reuniao-e-pede-para-aguardar-uma-nova-agenda","status":"publish","type":"post","link":"https:\/\/www.sitsesp.org.br\/novo\/fundacao-casa-cancela-reuniao-e-pede-para-aguardar-uma-nova-agenda\/","title":{"rendered":"FUNDA\u00c7\u00c3O CASA CANCELA REUNI\u00c3O E PEDE PARA AGUARDAR UMA NOVA AGENDA"},"content":{"rendered":"<p><!-- VideographyWP Plugin Message: Automatic video embedding prevented by plugin options. --><br \/>\nA reuni\u00e3o que haveria ontem (19\/04 segunda feira) com a executiva da Funda\u00e7\u00e3o CASA para informar a entidade sindical sobre como ser\u00e1 as tratativas de op\u00e7\u00f5es para o PDI foi cancelada sem qualquer motivo justific\u00e1vel.<\/p>\n<p>O SITSESP est\u00e1 no aguardo de uma remarca\u00e7\u00e3o de hor\u00e1rio e dia nesta semana, que haver\u00e1 de fato a reuni\u00e3o para comunicar a categoria, haja vista que o chefe de gabinete Yuri solicitou para a Presidente Claudia Maria aguardar o novo comunicado.<br \/>\nInfelizmente at\u00e9 o fechamento deste comunicado (15:00hs de hoje, ter\u00e7a feira 20\/04) n\u00e3o obtivemos nenhum retorno da institui\u00e7\u00e3o patronal.<\/p>\n<p>H\u00e1 de se ressaltar que, grupos imbu\u00eddos na difama\u00e7\u00e3o da entidade sindical, que vem trabalhando com lisura para informar a categoria, aproveitam de qualquer v\u00edrgula para inflamar os servidores contra esta Gest\u00e3o que trabalha no limite em prol da categoria.<\/p>\n<p>Esta gest\u00e3o esteve, est\u00e1 e estar\u00e1 sempre a servi\u00e7o da categoria no seu todo e n\u00e3o a servi\u00e7o daqueles que insistem em denegrir a imagem do trabalho \u00e1rduo que esta Gest\u00e3o vem realizando.<\/p>\n<p>Estaremos informando data e hor\u00e1rio que a Funda\u00e7\u00e3o CASA vai remarcar a nova reuni\u00e3o com a entidade sindical que, j\u00e1 havia oficializado a Institui\u00e7\u00e3o patronal requerendo uma reuni\u00e3o da Entidade Sindical e a Comiss\u00e3o de Negocia\u00e7\u00e3o com a Executiva da Funda\u00e7\u00e3o CASA para dar continuidade as negocia\u00e7\u00f5es.<\/p>\n","protected":false},"excerpt":{"rendered":"<p>A reuni\u00e3o que haveria ontem (19\/04 segunda feira) com a executiva da Funda\u00e7\u00e3o CASA para informar a entidade sindical sobre como&hellip;<\/p>\n","protected":false},"author":5,"featured_media":6106,"comment_status":"open","ping_status":"open","sticky":false,"template":"","format":"standard","meta":{"cybocfi_hide_featured_image":"","footnotes":""},"categories":[27,22],"tags":[],"yoast_head":"<!-- This site is optimized with the Yoast SEO plugin v22.8 - https:\/\/yoast.com\/wordpress\/plugins\/seo\/ -->\n<title>FUNDA\u00c7\u00c3O CASA CANCELA REUNI\u00c3O E PEDE PARA AGUARDAR UMA NOVA AGENDA - SITSESP<\/title>\n<meta name=\"robots\" content=\"index, follow, max-snippet:-1, max-image-preview:large, max-video-preview:-1\" \/>\n<link rel=\"canonical\" href=\"https:\/\/www.sitsesp.org.br\/novo\/fundacao-casa-cancela-reuniao-e-pede-para-aguardar-uma-nova-agenda\/\" \/>\n<meta property=\"og:locale\" content=\"pt_BR\" \/>\n<meta property=\"og:type\" content=\"article\" \/>\n<meta property=\"og:title\" content=\"FUNDA\u00c7\u00c3O CASA CANCELA REUNI\u00c3O E PEDE PARA AGUARDAR UMA NOVA AGENDA - SITSESP\" \/>\n<meta property=\"og:description\" content=\"A reuni\u00e3o que haveria ontem (19\/04 segunda feira) com a executiva da Funda\u00e7\u00e3o CASA para informar a entidade sindical sobre como&hellip;\" \/>\n<meta property=\"og:url\" content=\"https:\/\/www.sitsesp.org.br\/novo\/fundacao-casa-cancela-reuniao-e-pede-para-aguardar-uma-nova-agenda\/\" \/>\n<meta property=\"og:site_name\" content=\"SITSESP\" \/>\n<meta property=\"article:published_time\" content=\"2021-04-20T18:00:14+00:00\" \/>\n<meta property=\"og:image\" content=\"https:\/\/www.sitsesp.org.br\/novo\/wp-content\/uploads\/2021\/04\/2004.png\" \/>\n\t<meta property=\"og:image:width\" content=\"800\" \/>\n\t<meta property=\"og:image:height\" content=\"800\" \/>\n\t<meta property=\"og:image:type\" content=\"image\/png\" \/>\n<meta name=\"author\" content=\"imprensa\" \/>\n<meta name=\"twitter:card\" content=\"summary_large_image\" \/>\n<meta name=\"twitter:label1\" content=\"Escrito por\" \/>\n\t<meta name=\"twitter:data1\" content=\"imprensa\" \/>\n\t<meta name=\"twitter:label2\" content=\"Est. tempo de leitura\" \/>\n\t<meta name=\"twitter:data2\" content=\"1 minuto\" \/>\n<script type=\"application\/ld+json\" class=\"yoast-schema-graph\">{\"@context\":\"https:\/\/schema.org\",\"@graph\":[{\"@type\":\"Article\",\"@id\":\"https:\/\/www.sitsesp.org.br\/novo\/fundacao-casa-cancela-reuniao-e-pede-para-aguardar-uma-nova-agenda\/#article\",\"isPartOf\":{\"@id\":\"https:\/\/www.sitsesp.org.br\/novo\/fundacao-casa-cancela-reuniao-e-pede-para-aguardar-uma-nova-agenda\/\"},\"author\":{\"name\":\"imprensa\",\"@id\":\"https:\/\/www.sitsesp.org.br\/novo\/#\/schema\/person\/28e42eec160f373e81d0183b3643edbf\"},\"headline\":\"FUNDA\u00c7\u00c3O CASA CANCELA REUNI\u00c3O E PEDE PARA AGUARDAR UMA NOVA AGENDA\",\"datePublished\":\"2021-04-20T18:00:14+00:00\",\"dateModified\":\"2021-04-20T18:00:14+00:00\",\"mainEntityOfPage\":{\"@id\":\"https:\/\/www.sitsesp.org.br\/novo\/fundacao-casa-cancela-reuniao-e-pede-para-aguardar-uma-nova-agenda\/\"},\"wordCount\":255,\"commentCount\":0,\"publisher\":{\"@id\":\"https:\/\/www.sitsesp.org.br\/novo\/#organization\"},\"image\":{\"@id\":\"https:\/\/www.sitsesp.org.br\/novo\/fundacao-casa-cancela-reuniao-e-pede-para-aguardar-uma-nova-agenda\/#primaryimage\"},\"thumbnailUrl\":\"https:\/\/www.sitsesp.org.br\/novo\/wp-content\/uploads\/2021\/04\/2004.png\",\"articleSection\":[\"Destaque\",\"Noticias\"],\"inLanguage\":\"pt-BR\",\"potentialAction\":[{\"@type\":\"CommentAction\",\"name\":\"Comment\",\"target\":[\"https:\/\/www.sitsesp.org.br\/novo\/fundacao-casa-cancela-reuniao-e-pede-para-aguardar-uma-nova-agenda\/#respond\"]}]},{\"@type\":\"WebPage\",\"@id\":\"https:\/\/www.sitsesp.org.br\/novo\/fundacao-casa-cancela-reuniao-e-pede-para-aguardar-uma-nova-agenda\/\",\"url\":\"https:\/\/www.sitsesp.org.br\/novo\/fundacao-casa-cancela-reuniao-e-pede-para-aguardar-uma-nova-agenda\/\",\"name\":\"FUNDA\u00c7\u00c3O CASA CANCELA REUNI\u00c3O E PEDE PARA AGUARDAR UMA NOVA AGENDA - SITSESP\",\"isPartOf\":{\"@id\":\"https:\/\/www.sitsesp.org.br\/novo\/#website\"},\"primaryImageOfPage\":{\"@id\":\"https:\/\/www.sitsesp.org.br\/novo\/fundacao-casa-cancela-reuniao-e-pede-para-aguardar-uma-nova-agenda\/#primaryimage\"},\"image\":{\"@id\":\"https:\/\/www.sitsesp.org.br\/novo\/fundacao-casa-cancela-reuniao-e-pede-para-aguardar-uma-nova-agenda\/#primaryimage\"},\"thumbnailUrl\":\"https:\/\/www.sitsesp.org.br\/novo\/wp-content\/uploads\/2021\/04\/2004.png\",\"datePublished\":\"2021-04-20T18:00:14+00:00\",\"dateModified\":\"2021-04-20T18:00:14+00:00\",\"breadcrumb\":{\"@id\":\"https:\/\/www.sitsesp.org.br\/novo\/fundacao-casa-cancela-reuniao-e-pede-para-aguardar-uma-nova-agenda\/#breadcrumb\"},\"inLanguage\":\"pt-BR\",\"potentialAction\":[{\"@type\":\"ReadAction\",\"target\":[\"https:\/\/www.sitsesp.org.br\/novo\/fundacao-casa-cancela-reuniao-e-pede-para-aguardar-uma-nova-agenda\/\"]}]},{\"@type\":\"ImageObject\",\"inLanguage\":\"pt-BR\",\"@id\":\"https:\/\/www.sitsesp.org.br\/novo\/fundacao-casa-cancela-reuniao-e-pede-para-aguardar-uma-nova-agenda\/#primaryimage\",\"url\":\"https:\/\/www.sitsesp.org.br\/novo\/wp-content\/uploads\/2021\/04\/2004.png\",\"contentUrl\":\"https:\/\/www.sitsesp.org.br\/novo\/wp-content\/uploads\/2021\/04\/2004.png\",\"width\":800,\"height\":800},{\"@type\":\"BreadcrumbList\",\"@id\":\"https:\/\/www.sitsesp.org.br\/novo\/fundacao-casa-cancela-reuniao-e-pede-para-aguardar-uma-nova-agenda\/#breadcrumb\",\"itemListElement\":[{\"@type\":\"ListItem\",\"position\":1,\"name\":\"In\u00edcio\",\"item\":\"https:\/\/www.sitsesp.org.br\/novo\/\"},{\"@type\":\"ListItem\",\"position\":2,\"name\":\"FUNDA\u00c7\u00c3O CASA CANCELA REUNI\u00c3O E PEDE PARA AGUARDAR UMA NOVA AGENDA\"}]},{\"@type\":\"WebSite\",\"@id\":\"https:\/\/www.sitsesp.org.br\/novo\/#website\",\"url\":\"https:\/\/www.sitsesp.org.br\/novo\/\",\"name\":\"Sitsesp\",\"description\":\"SIndicato da Socioeduca\u00e7\u00e3o do Estado de S\u00e3o Paulo\",\"publisher\":{\"@id\":\"https:\/\/www.sitsesp.org.br\/novo\/#organization\"},\"potentialAction\":[{\"@type\":\"SearchAction\",\"target\":{\"@type\":\"EntryPoint\",\"urlTemplate\":\"https:\/\/www.sitsesp.org.br\/novo\/?s={search_term_string}\"},\"query-input\":\"required name=search_term_string\"}],\"inLanguage\":\"pt-BR\"},{\"@type\":\"Organization\",\"@id\":\"https:\/\/www.sitsesp.org.br\/novo\/#organization\",\"name\":\"Sitsesp\",\"url\":\"https:\/\/www.sitsesp.org.br\/novo\/\",\"logo\":{\"@type\":\"ImageObject\",\"inLanguage\":\"pt-BR\",\"@id\":\"https:\/\/www.sitsesp.org.br\/novo\/#\/schema\/logo\/image\/\",\"url\":\"https:\/\/www.sitsesp.org.br\/novo\/wp-content\/uploads\/2020\/09\/Design-sem-nome-1.jpg\",\"contentUrl\":\"https:\/\/www.sitsesp.org.br\/novo\/wp-content\/uploads\/2020\/09\/Design-sem-nome-1.jpg\",\"width\":300,\"height\":300,\"caption\":\"Sitsesp\"},\"image\":{\"@id\":\"https:\/\/www.sitsesp.org.br\/novo\/#\/schema\/logo\/image\/\"}},{\"@type\":\"Person\",\"@id\":\"https:\/\/www.sitsesp.org.br\/novo\/#\/schema\/person\/28e42eec160f373e81d0183b3643edbf\",\"name\":\"imprensa\",\"image\":{\"@type\":\"ImageObject\",\"inLanguage\":\"pt-BR\",\"@id\":\"https:\/\/www.sitsesp.org.br\/novo\/#\/schema\/person\/image\/\",\"url\":\"https:\/\/secure.gravatar.com\/avatar\/8d6ccd8d7d52b8959f34154e87d3fa29?s=96&d=mm&r=g\",\"contentUrl\":\"https:\/\/secure.gravatar.com\/avatar\/8d6ccd8d7d52b8959f34154e87d3fa29?s=96&d=mm&r=g\",\"caption\":\"imprensa\"}}]}<\/script>\n<!-- \/ Yoast SEO plugin. -->","yoast_head_json":{"title":"FUNDA\u00c7\u00c3O CASA CANCELA REUNI\u00c3O E PEDE PARA AGUARDAR UMA NOVA AGENDA - SITSESP","robots":{"index":"index","follow":"follow","max-snippet":"max-snippet:-1","max-image-preview":"max-image-preview:large","max-video-preview":"max-video-preview:-1"},"canonical":"https:\/\/www.sitsesp.org.br\/novo\/fundacao-casa-cancela-reuniao-e-pede-para-aguardar-uma-nova-agenda\/","og_locale":"pt_BR","og_type":"article","og_title":"FUNDA\u00c7\u00c3O CASA CANCELA REUNI\u00c3O E PEDE PARA AGUARDAR UMA NOVA AGENDA - SITSESP","og_description":"A reuni\u00e3o que haveria ontem (19\/04 segunda feira) com a executiva da Funda\u00e7\u00e3o CASA para informar a entidade sindical sobre como&hellip;","og_url":"https:\/\/www.sitsesp.org.br\/novo\/fundacao-casa-cancela-reuniao-e-pede-para-aguardar-uma-nova-agenda\/","og_site_name":"SITSESP","article_published_time":"2021-04-20T18:00:14+00:00","og_image":[{"width":800,"height":800,"url":"https:\/\/www.sitsesp.org.br\/novo\/wp-content\/uploads\/2021\/04\/2004.png","type":"image\/png"}],"author":"imprensa","twitter_card":"summary_large_image","twitter_misc":{"Escrito por":"imprensa","Est. tempo de leitura":"1 minuto"},"schema":{"@context":"https:\/\/schema.org","@graph":[{"@type":"Article","@id":"https:\/\/www.sitsesp.org.br\/novo\/fundacao-casa-cancela-reuniao-e-pede-para-aguardar-uma-nova-agenda\/#article","isPartOf":{"@id":"https:\/\/www.sitsesp.org.br\/novo\/fundacao-casa-cancela-reuniao-e-pede-para-aguardar-uma-nova-agenda\/"},"author":{"name":"imprensa","@id":"https:\/\/www.sitsesp.org.br\/novo\/#\/schema\/person\/28e42eec160f373e81d0183b3643edbf"},"headline":"FUNDA\u00c7\u00c3O CASA CANCELA REUNI\u00c3O E PEDE PARA AGUARDAR UMA NOVA AGENDA","datePublished":"2021-04-20T18:00:14+00:00","dateModified":"2021-04-20T18:00:14+00:00","mainEntityOfPage":{"@id":"https:\/\/www.sitsesp.org.br\/novo\/fundacao-casa-cancela-reuniao-e-pede-para-aguardar-uma-nova-agenda\/"},"wordCount":255,"commentCount":0,"publisher":{"@id":"https:\/\/www.sitsesp.org.br\/novo\/#organization"},"image":{"@id":"https:\/\/www.sitsesp.org.br\/novo\/fundacao-casa-cancela-reuniao-e-pede-para-aguardar-uma-nova-agenda\/#primaryimage"},"thumbnailUrl":"https:\/\/www.sitsesp.org.br\/novo\/wp-content\/uploads\/2021\/04\/2004.png","articleSection":["Destaque","Noticias"],"inLanguage":"pt-BR","potentialAction":[{"@type":"CommentAction","name":"Comment","target":["https:\/\/www.sitsesp.org.br\/novo\/fundacao-casa-cancela-reuniao-e-pede-para-aguardar-uma-nova-agenda\/#respond"]}]},{"@type":"WebPage","@id":"https:\/\/www.sitsesp.org.br\/novo\/fundacao-casa-cancela-reuniao-e-pede-para-aguardar-uma-nova-agenda\/","url":"https:\/\/www.sitsesp.org.br\/novo\/fundacao-casa-cancela-reuniao-e-pede-para-aguardar-uma-nova-agenda\/","name":"FUNDA\u00c7\u00c3O CASA CANCELA REUNI\u00c3O E PEDE PARA AGUARDAR UMA NOVA AGENDA - SITSESP","isPartOf":{"@id":"https:\/\/www.sitsesp.org.br\/novo\/#website"},"primaryImageOfPage":{"@id":"https:\/\/www.sitsesp.org.br\/novo\/fundacao-casa-cancela-reuniao-e-pede-para-aguardar-uma-nova-agenda\/#primaryimage"},"image":{"@id":"https:\/\/www.sitsesp.org.br\/novo\/fundacao-casa-cancela-reuniao-e-pede-para-aguardar-uma-nova-agenda\/#primaryimage"},"thumbnailUrl":"https:\/\/www.sitsesp.org.br\/novo\/wp-content\/uploads\/2021\/04\/2004.png","datePublished":"2021-04-20T18:00:14+00:00","dateModified":"2021-04-20T18:00:14+00:00","breadcrumb":{"@id":"https:\/\/www.sitsesp.org.br\/novo\/fundacao-casa-cancela-reuniao-e-pede-para-aguardar-uma-nova-agenda\/#breadcrumb"},"inLanguage":"pt-BR","potentialAction":[{"@type":"ReadAction","target":["https:\/\/www.sitsesp.org.br\/novo\/fundacao-casa-cancela-reuniao-e-pede-para-aguardar-uma-nova-agenda\/"]}]},{"@type":"ImageObject","inLanguage":"pt-BR","@id":"https:\/\/www.sitsesp.org.br\/novo\/fundacao-casa-cancela-reuniao-e-pede-para-aguardar-uma-nova-agenda\/#primaryimage","url":"https:\/\/www.sitsesp.org.br\/novo\/wp-content\/uploads\/2021\/04\/2004.png","contentUrl":"https:\/\/www.sitsesp.org.br\/novo\/wp-content\/uploads\/2021\/04\/2004.png","width":800,"height":800},{"@type":"BreadcrumbList","@id":"https:\/\/www.sitsesp.org.br\/novo\/fundacao-casa-cancela-reuniao-e-pede-para-aguardar-uma-nova-agenda\/#breadcrumb","itemListElement":[{"@type":"ListItem","position":1,"name":"In\u00edcio","item":"https:\/\/www.sitsesp.org.br\/novo\/"},{"@type":"ListItem","position":2,"name":"FUNDA\u00c7\u00c3O CASA CANCELA REUNI\u00c3O E PEDE PARA AGUARDAR UMA NOVA AGENDA"}]},{"@type":"WebSite","@id":"https:\/\/www.sitsesp.org.br\/novo\/#website","url":"https:\/\/www.sitsesp.org.br\/novo\/","name":"Sitsesp","description":"SIndicato da Socioeduca\u00e7\u00e3o do Estado de S\u00e3o Paulo","publisher":{"@id":"https:\/\/www.sitsesp.org.br\/novo\/#organization"},"potentialAction":[{"@type":"SearchAction","target":{"@type":"EntryPoint","urlTemplate":"https:\/\/www.sitsesp.org.br\/novo\/?s={search_term_string}"},"query-input":"required name=search_term_string"}],"inLanguage":"pt-BR"},{"@type":"Organization","@id":"https:\/\/www.sitsesp.org.br\/novo\/#organization","name":"Sitsesp","url":"https:\/\/www.sitsesp.org.br\/novo\/","logo":{"@type":"ImageObject","inLanguage":"pt-BR","@id":"https:\/\/www.sitsesp.org.br\/novo\/#\/schema\/logo\/image\/","url":"https:\/\/www.sitsesp.org.br\/novo\/wp-content\/uploads\/2020\/09\/Design-sem-nome-1.jpg","contentUrl":"https:\/\/www.sitsesp.org.br\/novo\/wp-content\/uploads\/2020\/09\/Design-sem-nome-1.jpg","width":300,"height":300,"caption":"Sitsesp"},"image":{"@id":"https:\/\/www.sitsesp.org.br\/novo\/#\/schema\/logo\/image\/"}},{"@type":"Person","@id":"https:\/\/www.sitsesp.org.br\/novo\/#\/schema\/person\/28e42eec160f373e81d0183b3643edbf","name":"imprensa","image":{"@type":"ImageObject","inLanguage":"pt-BR","@id":"https:\/\/www.sitsesp.org.br\/novo\/#\/schema\/person\/image\/","url":"https:\/\/secure.gravatar.com\/avatar\/8d6ccd8d7d52b8959f34154e87d3fa29?s=96&d=mm&r=g","contentUrl":"https:\/\/secure.gravatar.com\/avatar\/8d6ccd8d7d52b8959f34154e87d3fa29?s=96&d=mm&r=g","caption":"imprensa"}}]}},"_links":{"self":[{"href":"https:\/\/www.sitsesp.org.br\/novo\/wp-json\/wp\/v2\/posts\/6105"}],"collection":[{"href":"https:\/\/www.sitsesp.org.br\/novo\/wp-json\/wp\/v2\/posts"}],"about":[{"href":"https:\/\/www.sitsesp.org.br\/novo\/wp-json\/wp\/v2\/types\/post"}],"author":[{"embeddable":true,"href":"https:\/\/www.sitsesp.org.br\/novo\/wp-json\/wp\/v2\/users\/5"}],"replies":[{"embeddable":true,"href":"https:\/\/www.sitsesp.org.br\/novo\/wp-json\/wp\/v2\/comments?post=6105"}],"version-history":[{"count":1,"href":"https:\/\/www.sitsesp.org.br\/novo\/wp-json\/wp\/v2\/posts\/6105\/revisions"}],"predecessor-version":[{"id":6107,"href":"https:\/\/www.sitsesp.org.br\/novo\/wp-json\/wp\/v2\/posts\/6105\/revisions\/6107"}],"wp:featuredmedia":[{"embeddable":true,"href":"https:\/\/www.sitsesp.org.br\/novo\/wp-json\/wp\/v2\/media\/6106"}],"wp:attachment":[{"href":"https:\/\/www.sitsesp.org.br\/novo\/wp-json\/wp\/v2\/media?parent=6105"}],"wp:term":[{"taxonomy":"category","embeddable":true,"href":"https:\/\/www.sitsesp.org.br\/novo\/wp-json\/wp\/v2\/categories?post=6105"},{"taxonomy":"post_tag","embeddable":true,"href":"https:\/\/www.sitsesp.org.br\/novo\/wp-json\/wp\/v2\/tags?post=6105"}],"curies":[{"name":"wp","href":"https:\/\/api.w.org\/{rel}","templated":true}]}}