{"id":6130,"date":"2021-04-28T13:00:29","date_gmt":"2021-04-28T16:00:29","guid":{"rendered":"https:\/\/sitsesp.org.br\/novo\/?p=6130"},"modified":"2021-04-28T13:00:29","modified_gmt":"2021-04-28T16:00:29","slug":"a-quem-interessa-confundir-a-categoria-servidores-da-fundacao-aprovaram-a-manutencao-do-estado-de-greve","status":"publish","type":"post","link":"https:\/\/www.sitsesp.org.br\/novo\/a-quem-interessa-confundir-a-categoria-servidores-da-fundacao-aprovaram-a-manutencao-do-estado-de-greve\/","title":{"rendered":"A QUEM INTERESSA CONFUNDIR A CATEGORIA? SERVIDORES DA FUNDA\u00c7\u00c3O APROVARAM A MANUTEN\u00c7\u00c3O DO ESTADO DE GREVE?"},"content":{"rendered":"<p><!-- VideographyWP Plugin Message: Automatic video embedding prevented by plugin options. --><\/p>\n<div dir=\"ltr\">\n<div>Nos \u00faltimos meses, principalmente durante 2021, temos visto a publica\u00e7\u00e3o de forma an\u00f4nima de imagens com o logotipo do SITSESP. Informa\u00e7\u00f5es falsas que prejudicam principalmente a uni\u00e3o dos servidores e servidoras do sistema socioeducativo.<\/div>\n<div><\/div>\n<div>O SITSESP \u00e9 formado por diretores eleitos e cada diretor possui um papel a cumprir na entidade sindical. Os debates ocorrem sistematicamente entre a dire\u00e7\u00e3o do sindicato, por\u00e9m, as delibera\u00e7\u00f5es sobre a campanha salarial s\u00e3o tomadas pela base, reunida em assembleias.<\/div>\n<div><\/div>\n<div>Nossa \u00faltima assembleia foi realizada em 14 de abril e a categoria decidiu por entrar em estado de greve. Sim, estamos em estado de greve!<\/div>\n<div><\/div>\n<div>A categoria, em breve, ser\u00e1 convocada para nova assembleia, uma vez que tenhamos um retorno efetivo da Funda\u00e7\u00e3o CASA sobre as cl\u00e1usulas em negocia\u00e7\u00e3o.<\/div>\n<div>\u00a0Neste sentido, uma imagem que est\u00e1 circulando nas redes sociais com o logotipo do SITSESP \u00e9 fakenews, pois, ela afirma que a categoria deliberou a manuten\u00e7\u00e3o do estado de greve. N\u00e3o houve nenhuma assembleia ratificando a manuten\u00e7\u00e3o do estado de greve.<\/div>\n<div><\/div>\n<div><strong>Os servidores do sistema socioeducativo est\u00e3o desde 14 de abril em estado de greve, atentos ao retorno da institui\u00e7\u00e3o, para posteriormente pautar e deliberar nosso pr\u00f3ximo passo em defesa dos nossos direitos e da nossa vida.<\/strong><\/div>\n<\/div>\n<div class=\"yj6qo ajU\"><\/div>\n","protected":false},"excerpt":{"rendered":"<p>Nos \u00faltimos meses, principalmente durante 2021, temos visto a publica\u00e7\u00e3o de forma an\u00f4nima de imagens com o logotipo do SITSESP. Informa\u00e7\u00f5es&hellip;<\/p>\n","protected":false},"author":5,"featured_media":6131,"comment_status":"open","ping_status":"open","sticky":false,"template":"","format":"standard","meta":{"cybocfi_hide_featured_image":"","footnotes":""},"categories":[27,22],"tags":[45,44,37,39],"yoast_head":"<!-- This site is optimized with the Yoast SEO plugin v22.8 - https:\/\/yoast.com\/wordpress\/plugins\/seo\/ -->\n<title>A QUEM INTERESSA CONFUNDIR A CATEGORIA? SERVIDORES DA FUNDA\u00c7\u00c3O APROVARAM A MANUTEN\u00c7\u00c3O DO ESTADO DE GREVE? - SITSESP<\/title>\n<meta name=\"robots\" content=\"index, follow, max-snippet:-1, max-image-preview:large, max-video-preview:-1\" \/>\n<link rel=\"canonical\" href=\"https:\/\/www.sitsesp.org.br\/novo\/a-quem-interessa-confundir-a-categoria-servidores-da-fundacao-aprovaram-a-manutencao-do-estado-de-greve\/\" \/>\n<meta property=\"og:locale\" content=\"pt_BR\" \/>\n<meta property=\"og:type\" content=\"article\" \/>\n<meta property=\"og:title\" content=\"A QUEM INTERESSA CONFUNDIR A CATEGORIA? SERVIDORES DA FUNDA\u00c7\u00c3O APROVARAM A MANUTEN\u00c7\u00c3O DO ESTADO DE GREVE? - SITSESP\" \/>\n<meta property=\"og:description\" content=\"Nos \u00faltimos meses, principalmente durante 2021, temos visto a publica\u00e7\u00e3o de forma an\u00f4nima de imagens com o logotipo do SITSESP. Informa\u00e7\u00f5es&hellip;\" \/>\n<meta property=\"og:url\" content=\"https:\/\/www.sitsesp.org.br\/novo\/a-quem-interessa-confundir-a-categoria-servidores-da-fundacao-aprovaram-a-manutencao-do-estado-de-greve\/\" \/>\n<meta property=\"og:site_name\" content=\"SITSESP\" \/>\n<meta property=\"article:published_time\" content=\"2021-04-28T16:00:29+00:00\" \/>\n<meta property=\"og:image\" content=\"https:\/\/www.sitsesp.org.br\/novo\/wp-content\/uploads\/2021\/04\/2804.png\" \/>\n\t<meta property=\"og:image:width\" content=\"800\" \/>\n\t<meta property=\"og:image:height\" content=\"800\" \/>\n\t<meta property=\"og:image:type\" content=\"image\/png\" \/>\n<meta name=\"author\" content=\"imprensa\" \/>\n<meta name=\"twitter:card\" content=\"summary_large_image\" \/>\n<meta name=\"twitter:label1\" content=\"Escrito por\" \/>\n\t<meta name=\"twitter:data1\" content=\"imprensa\" \/>\n\t<meta name=\"twitter:label2\" content=\"Est. tempo de leitura\" \/>\n\t<meta name=\"twitter:data2\" content=\"1 minuto\" \/>\n<script type=\"application\/ld+json\" class=\"yoast-schema-graph\">{\"@context\":\"https:\/\/schema.org\",\"@graph\":[{\"@type\":\"Article\",\"@id\":\"https:\/\/www.sitsesp.org.br\/novo\/a-quem-interessa-confundir-a-categoria-servidores-da-fundacao-aprovaram-a-manutencao-do-estado-de-greve\/#article\",\"isPartOf\":{\"@id\":\"https:\/\/www.sitsesp.org.br\/novo\/a-quem-interessa-confundir-a-categoria-servidores-da-fundacao-aprovaram-a-manutencao-do-estado-de-greve\/\"},\"author\":{\"name\":\"imprensa\",\"@id\":\"https:\/\/www.sitsesp.org.br\/novo\/#\/schema\/person\/28e42eec160f373e81d0183b3643edbf\"},\"headline\":\"A QUEM INTERESSA CONFUNDIR A CATEGORIA? SERVIDORES DA FUNDA\u00c7\u00c3O APROVARAM A MANUTEN\u00c7\u00c3O DO ESTADO DE GREVE?\",\"datePublished\":\"2021-04-28T16:00:29+00:00\",\"dateModified\":\"2021-04-28T16:00:29+00:00\",\"mainEntityOfPage\":{\"@id\":\"https:\/\/www.sitsesp.org.br\/novo\/a-quem-interessa-confundir-a-categoria-servidores-da-fundacao-aprovaram-a-manutencao-do-estado-de-greve\/\"},\"wordCount\":231,\"commentCount\":0,\"publisher\":{\"@id\":\"https:\/\/www.sitsesp.org.br\/novo\/#organization\"},\"image\":{\"@id\":\"https:\/\/www.sitsesp.org.br\/novo\/a-quem-interessa-confundir-a-categoria-servidores-da-fundacao-aprovaram-a-manutencao-do-estado-de-greve\/#primaryimage\"},\"thumbnailUrl\":\"https:\/\/www.sitsesp.org.br\/novo\/wp-content\/uploads\/2021\/04\/2804.png\",\"keywords\":[\"2021\",\"campanha salarial\",\"SITSESP\",\"SOCIOEDUCA\u00c7\u00c3O\"],\"articleSection\":[\"Destaque\",\"Noticias\"],\"inLanguage\":\"pt-BR\",\"potentialAction\":[{\"@type\":\"CommentAction\",\"name\":\"Comment\",\"target\":[\"https:\/\/www.sitsesp.org.br\/novo\/a-quem-interessa-confundir-a-categoria-servidores-da-fundacao-aprovaram-a-manutencao-do-estado-de-greve\/#respond\"]}]},{\"@type\":\"WebPage\",\"@id\":\"https:\/\/www.sitsesp.org.br\/novo\/a-quem-interessa-confundir-a-categoria-servidores-da-fundacao-aprovaram-a-manutencao-do-estado-de-greve\/\",\"url\":\"https:\/\/www.sitsesp.org.br\/novo\/a-quem-interessa-confundir-a-categoria-servidores-da-fundacao-aprovaram-a-manutencao-do-estado-de-greve\/\",\"name\":\"A QUEM INTERESSA CONFUNDIR A CATEGORIA? SERVIDORES DA FUNDA\u00c7\u00c3O APROVARAM A MANUTEN\u00c7\u00c3O DO ESTADO DE GREVE? - SITSESP\",\"isPartOf\":{\"@id\":\"https:\/\/www.sitsesp.org.br\/novo\/#website\"},\"primaryImageOfPage\":{\"@id\":\"https:\/\/www.sitsesp.org.br\/novo\/a-quem-interessa-confundir-a-categoria-servidores-da-fundacao-aprovaram-a-manutencao-do-estado-de-greve\/#primaryimage\"},\"image\":{\"@id\":\"https:\/\/www.sitsesp.org.br\/novo\/a-quem-interessa-confundir-a-categoria-servidores-da-fundacao-aprovaram-a-manutencao-do-estado-de-greve\/#primaryimage\"},\"thumbnailUrl\":\"https:\/\/www.sitsesp.org.br\/novo\/wp-content\/uploads\/2021\/04\/2804.png\",\"datePublished\":\"2021-04-28T16:00:29+00:00\",\"dateModified\":\"2021-04-28T16:00:29+00:00\",\"breadcrumb\":{\"@id\":\"https:\/\/www.sitsesp.org.br\/novo\/a-quem-interessa-confundir-a-categoria-servidores-da-fundacao-aprovaram-a-manutencao-do-estado-de-greve\/#breadcrumb\"},\"inLanguage\":\"pt-BR\",\"potentialAction\":[{\"@type\":\"ReadAction\",\"target\":[\"https:\/\/www.sitsesp.org.br\/novo\/a-quem-interessa-confundir-a-categoria-servidores-da-fundacao-aprovaram-a-manutencao-do-estado-de-greve\/\"]}]},{\"@type\":\"ImageObject\",\"inLanguage\":\"pt-BR\",\"@id\":\"https:\/\/www.sitsesp.org.br\/novo\/a-quem-interessa-confundir-a-categoria-servidores-da-fundacao-aprovaram-a-manutencao-do-estado-de-greve\/#primaryimage\",\"url\":\"https:\/\/www.sitsesp.org.br\/novo\/wp-content\/uploads\/2021\/04\/2804.png\",\"contentUrl\":\"https:\/\/www.sitsesp.org.br\/novo\/wp-content\/uploads\/2021\/04\/2804.png\",\"width\":800,\"height\":800},{\"@type\":\"BreadcrumbList\",\"@id\":\"https:\/\/www.sitsesp.org.br\/novo\/a-quem-interessa-confundir-a-categoria-servidores-da-fundacao-aprovaram-a-manutencao-do-estado-de-greve\/#breadcrumb\",\"itemListElement\":[{\"@type\":\"ListItem\",\"position\":1,\"name\":\"In\u00edcio\",\"item\":\"https:\/\/www.sitsesp.org.br\/novo\/\"},{\"@type\":\"ListItem\",\"position\":2,\"name\":\"A QUEM INTERESSA CONFUNDIR A CATEGORIA? SERVIDORES DA FUNDA\u00c7\u00c3O APROVARAM A MANUTEN\u00c7\u00c3O DO ESTADO DE GREVE?\"}]},{\"@type\":\"WebSite\",\"@id\":\"https:\/\/www.sitsesp.org.br\/novo\/#website\",\"url\":\"https:\/\/www.sitsesp.org.br\/novo\/\",\"name\":\"Sitsesp\",\"description\":\"SIndicato da Socioeduca\u00e7\u00e3o do Estado de S\u00e3o Paulo\",\"publisher\":{\"@id\":\"https:\/\/www.sitsesp.org.br\/novo\/#organization\"},\"potentialAction\":[{\"@type\":\"SearchAction\",\"target\":{\"@type\":\"EntryPoint\",\"urlTemplate\":\"https:\/\/www.sitsesp.org.br\/novo\/?s={search_term_string}\"},\"query-input\":\"required name=search_term_string\"}],\"inLanguage\":\"pt-BR\"},{\"@type\":\"Organization\",\"@id\":\"https:\/\/www.sitsesp.org.br\/novo\/#organization\",\"name\":\"Sitsesp\",\"url\":\"https:\/\/www.sitsesp.org.br\/novo\/\",\"logo\":{\"@type\":\"ImageObject\",\"inLanguage\":\"pt-BR\",\"@id\":\"https:\/\/www.sitsesp.org.br\/novo\/#\/schema\/logo\/image\/\",\"url\":\"https:\/\/www.sitsesp.org.br\/novo\/wp-content\/uploads\/2020\/09\/Design-sem-nome-1.jpg\",\"contentUrl\":\"https:\/\/www.sitsesp.org.br\/novo\/wp-content\/uploads\/2020\/09\/Design-sem-nome-1.jpg\",\"width\":300,\"height\":300,\"caption\":\"Sitsesp\"},\"image\":{\"@id\":\"https:\/\/www.sitsesp.org.br\/novo\/#\/schema\/logo\/image\/\"}},{\"@type\":\"Person\",\"@id\":\"https:\/\/www.sitsesp.org.br\/novo\/#\/schema\/person\/28e42eec160f373e81d0183b3643edbf\",\"name\":\"imprensa\",\"image\":{\"@type\":\"ImageObject\",\"inLanguage\":\"pt-BR\",\"@id\":\"https:\/\/www.sitsesp.org.br\/novo\/#\/schema\/person\/image\/\",\"url\":\"https:\/\/secure.gravatar.com\/avatar\/8d6ccd8d7d52b8959f34154e87d3fa29?s=96&d=mm&r=g\",\"contentUrl\":\"https:\/\/secure.gravatar.com\/avatar\/8d6ccd8d7d52b8959f34154e87d3fa29?s=96&d=mm&r=g\",\"caption\":\"imprensa\"}}]}<\/script>\n<!-- \/ Yoast SEO plugin. -->","yoast_head_json":{"title":"A QUEM INTERESSA CONFUNDIR A CATEGORIA? SERVIDORES DA FUNDA\u00c7\u00c3O APROVARAM A MANUTEN\u00c7\u00c3O DO ESTADO DE GREVE? - SITSESP","robots":{"index":"index","follow":"follow","max-snippet":"max-snippet:-1","max-image-preview":"max-image-preview:large","max-video-preview":"max-video-preview:-1"},"canonical":"https:\/\/www.sitsesp.org.br\/novo\/a-quem-interessa-confundir-a-categoria-servidores-da-fundacao-aprovaram-a-manutencao-do-estado-de-greve\/","og_locale":"pt_BR","og_type":"article","og_title":"A QUEM INTERESSA CONFUNDIR A CATEGORIA? SERVIDORES DA FUNDA\u00c7\u00c3O APROVARAM A MANUTEN\u00c7\u00c3O DO ESTADO DE GREVE? - SITSESP","og_description":"Nos \u00faltimos meses, principalmente durante 2021, temos visto a publica\u00e7\u00e3o de forma an\u00f4nima de imagens com o logotipo do SITSESP. Informa\u00e7\u00f5es&hellip;","og_url":"https:\/\/www.sitsesp.org.br\/novo\/a-quem-interessa-confundir-a-categoria-servidores-da-fundacao-aprovaram-a-manutencao-do-estado-de-greve\/","og_site_name":"SITSESP","article_published_time":"2021-04-28T16:00:29+00:00","og_image":[{"width":800,"height":800,"url":"https:\/\/www.sitsesp.org.br\/novo\/wp-content\/uploads\/2021\/04\/2804.png","type":"image\/png"}],"author":"imprensa","twitter_card":"summary_large_image","twitter_misc":{"Escrito por":"imprensa","Est. tempo de leitura":"1 minuto"},"schema":{"@context":"https:\/\/schema.org","@graph":[{"@type":"Article","@id":"https:\/\/www.sitsesp.org.br\/novo\/a-quem-interessa-confundir-a-categoria-servidores-da-fundacao-aprovaram-a-manutencao-do-estado-de-greve\/#article","isPartOf":{"@id":"https:\/\/www.sitsesp.org.br\/novo\/a-quem-interessa-confundir-a-categoria-servidores-da-fundacao-aprovaram-a-manutencao-do-estado-de-greve\/"},"author":{"name":"imprensa","@id":"https:\/\/www.sitsesp.org.br\/novo\/#\/schema\/person\/28e42eec160f373e81d0183b3643edbf"},"headline":"A QUEM INTERESSA CONFUNDIR A CATEGORIA? SERVIDORES DA FUNDA\u00c7\u00c3O APROVARAM A MANUTEN\u00c7\u00c3O DO ESTADO DE GREVE?","datePublished":"2021-04-28T16:00:29+00:00","dateModified":"2021-04-28T16:00:29+00:00","mainEntityOfPage":{"@id":"https:\/\/www.sitsesp.org.br\/novo\/a-quem-interessa-confundir-a-categoria-servidores-da-fundacao-aprovaram-a-manutencao-do-estado-de-greve\/"},"wordCount":231,"commentCount":0,"publisher":{"@id":"https:\/\/www.sitsesp.org.br\/novo\/#organization"},"image":{"@id":"https:\/\/www.sitsesp.org.br\/novo\/a-quem-interessa-confundir-a-categoria-servidores-da-fundacao-aprovaram-a-manutencao-do-estado-de-greve\/#primaryimage"},"thumbnailUrl":"https:\/\/www.sitsesp.org.br\/novo\/wp-content\/uploads\/2021\/04\/2804.png","keywords":["2021","campanha salarial","SITSESP","SOCIOEDUCA\u00c7\u00c3O"],"articleSection":["Destaque","Noticias"],"inLanguage":"pt-BR","potentialAction":[{"@type":"CommentAction","name":"Comment","target":["https:\/\/www.sitsesp.org.br\/novo\/a-quem-interessa-confundir-a-categoria-servidores-da-fundacao-aprovaram-a-manutencao-do-estado-de-greve\/#respond"]}]},{"@type":"WebPage","@id":"https:\/\/www.sitsesp.org.br\/novo\/a-quem-interessa-confundir-a-categoria-servidores-da-fundacao-aprovaram-a-manutencao-do-estado-de-greve\/","url":"https:\/\/www.sitsesp.org.br\/novo\/a-quem-interessa-confundir-a-categoria-servidores-da-fundacao-aprovaram-a-manutencao-do-estado-de-greve\/","name":"A QUEM INTERESSA CONFUNDIR A CATEGORIA? SERVIDORES DA FUNDA\u00c7\u00c3O APROVARAM A MANUTEN\u00c7\u00c3O DO ESTADO DE GREVE? - SITSESP","isPartOf":{"@id":"https:\/\/www.sitsesp.org.br\/novo\/#website"},"primaryImageOfPage":{"@id":"https:\/\/www.sitsesp.org.br\/novo\/a-quem-interessa-confundir-a-categoria-servidores-da-fundacao-aprovaram-a-manutencao-do-estado-de-greve\/#primaryimage"},"image":{"@id":"https:\/\/www.sitsesp.org.br\/novo\/a-quem-interessa-confundir-a-categoria-servidores-da-fundacao-aprovaram-a-manutencao-do-estado-de-greve\/#primaryimage"},"thumbnailUrl":"https:\/\/www.sitsesp.org.br\/novo\/wp-content\/uploads\/2021\/04\/2804.png","datePublished":"2021-04-28T16:00:29+00:00","dateModified":"2021-04-28T16:00:29+00:00","breadcrumb":{"@id":"https:\/\/www.sitsesp.org.br\/novo\/a-quem-interessa-confundir-a-categoria-servidores-da-fundacao-aprovaram-a-manutencao-do-estado-de-greve\/#breadcrumb"},"inLanguage":"pt-BR","potentialAction":[{"@type":"ReadAction","target":["https:\/\/www.sitsesp.org.br\/novo\/a-quem-interessa-confundir-a-categoria-servidores-da-fundacao-aprovaram-a-manutencao-do-estado-de-greve\/"]}]},{"@type":"ImageObject","inLanguage":"pt-BR","@id":"https:\/\/www.sitsesp.org.br\/novo\/a-quem-interessa-confundir-a-categoria-servidores-da-fundacao-aprovaram-a-manutencao-do-estado-de-greve\/#primaryimage","url":"https:\/\/www.sitsesp.org.br\/novo\/wp-content\/uploads\/2021\/04\/2804.png","contentUrl":"https:\/\/www.sitsesp.org.br\/novo\/wp-content\/uploads\/2021\/04\/2804.png","width":800,"height":800},{"@type":"BreadcrumbList","@id":"https:\/\/www.sitsesp.org.br\/novo\/a-quem-interessa-confundir-a-categoria-servidores-da-fundacao-aprovaram-a-manutencao-do-estado-de-greve\/#breadcrumb","itemListElement":[{"@type":"ListItem","position":1,"name":"In\u00edcio","item":"https:\/\/www.sitsesp.org.br\/novo\/"},{"@type":"ListItem","position":2,"name":"A QUEM INTERESSA CONFUNDIR A CATEGORIA? SERVIDORES DA FUNDA\u00c7\u00c3O APROVARAM A MANUTEN\u00c7\u00c3O DO ESTADO DE GREVE?"}]},{"@type":"WebSite","@id":"https:\/\/www.sitsesp.org.br\/novo\/#website","url":"https:\/\/www.sitsesp.org.br\/novo\/","name":"Sitsesp","description":"SIndicato da Socioeduca\u00e7\u00e3o do Estado de S\u00e3o Paulo","publisher":{"@id":"https:\/\/www.sitsesp.org.br\/novo\/#organization"},"potentialAction":[{"@type":"SearchAction","target":{"@type":"EntryPoint","urlTemplate":"https:\/\/www.sitsesp.org.br\/novo\/?s={search_term_string}"},"query-input":"required name=search_term_string"}],"inLanguage":"pt-BR"},{"@type":"Organization","@id":"https:\/\/www.sitsesp.org.br\/novo\/#organization","name":"Sitsesp","url":"https:\/\/www.sitsesp.org.br\/novo\/","logo":{"@type":"ImageObject","inLanguage":"pt-BR","@id":"https:\/\/www.sitsesp.org.br\/novo\/#\/schema\/logo\/image\/","url":"https:\/\/www.sitsesp.org.br\/novo\/wp-content\/uploads\/2020\/09\/Design-sem-nome-1.jpg","contentUrl":"https:\/\/www.sitsesp.org.br\/novo\/wp-content\/uploads\/2020\/09\/Design-sem-nome-1.jpg","width":300,"height":300,"caption":"Sitsesp"},"image":{"@id":"https:\/\/www.sitsesp.org.br\/novo\/#\/schema\/logo\/image\/"}},{"@type":"Person","@id":"https:\/\/www.sitsesp.org.br\/novo\/#\/schema\/person\/28e42eec160f373e81d0183b3643edbf","name":"imprensa","image":{"@type":"ImageObject","inLanguage":"pt-BR","@id":"https:\/\/www.sitsesp.org.br\/novo\/#\/schema\/person\/image\/","url":"https:\/\/secure.gravatar.com\/avatar\/8d6ccd8d7d52b8959f34154e87d3fa29?s=96&d=mm&r=g","contentUrl":"https:\/\/secure.gravatar.com\/avatar\/8d6ccd8d7d52b8959f34154e87d3fa29?s=96&d=mm&r=g","caption":"imprensa"}}]}},"_links":{"self":[{"href":"https:\/\/www.sitsesp.org.br\/novo\/wp-json\/wp\/v2\/posts\/6130"}],"collection":[{"href":"https:\/\/www.sitsesp.org.br\/novo\/wp-json\/wp\/v2\/posts"}],"about":[{"href":"https:\/\/www.sitsesp.org.br\/novo\/wp-json\/wp\/v2\/types\/post"}],"author":[{"embeddable":true,"href":"https:\/\/www.sitsesp.org.br\/novo\/wp-json\/wp\/v2\/users\/5"}],"replies":[{"embeddable":true,"href":"https:\/\/www.sitsesp.org.br\/novo\/wp-json\/wp\/v2\/comments?post=6130"}],"version-history":[{"count":1,"href":"https:\/\/www.sitsesp.org.br\/novo\/wp-json\/wp\/v2\/posts\/6130\/revisions"}],"predecessor-version":[{"id":6132,"href":"https:\/\/www.sitsesp.org.br\/novo\/wp-json\/wp\/v2\/posts\/6130\/revisions\/6132"}],"wp:featuredmedia":[{"embeddable":true,"href":"https:\/\/www.sitsesp.org.br\/novo\/wp-json\/wp\/v2\/media\/6131"}],"wp:attachment":[{"href":"https:\/\/www.sitsesp.org.br\/novo\/wp-json\/wp\/v2\/media?parent=6130"}],"wp:term":[{"taxonomy":"category","embeddable":true,"href":"https:\/\/www.sitsesp.org.br\/novo\/wp-json\/wp\/v2\/categories?post=6130"},{"taxonomy":"post_tag","embeddable":true,"href":"https:\/\/www.sitsesp.org.br\/novo\/wp-json\/wp\/v2\/tags?post=6130"}],"curies":[{"name":"wp","href":"https:\/\/api.w.org\/{rel}","templated":true}]}}