{"id":6170,"date":"2021-05-04T18:21:12","date_gmt":"2021-05-04T21:21:12","guid":{"rendered":"https:\/\/sitsesp.org.br\/novo\/?p=6170"},"modified":"2021-05-04T18:21:12","modified_gmt":"2021-05-04T21:21:12","slug":"sitsesp-se-reune-com-a-fundacao-casa-para-esclarecimentos-sobre-pdi","status":"publish","type":"post","link":"https:\/\/www.sitsesp.org.br\/novo\/sitsesp-se-reune-com-a-fundacao-casa-para-esclarecimentos-sobre-pdi\/","title":{"rendered":"SITSESP SE RE\u00daNE COM A FUNDA\u00c7\u00c3O CASA PARA ESCLARECIMENTOS SOBRE PDI"},"content":{"rendered":"<p><!-- VideographyWP Plugin Message: Automatic video embedding prevented by plugin options. --><br \/>\nNa tarde de hoje 04\/05 \u00e0s 14h a executiva da Funda\u00e7\u00e3o CASA e a comiss\u00e3o de negocia\u00e7\u00e3o salarial do SITSESP reuniram-se para que fossem apresentadas as regras do Pedido de Demiss\u00e3o Incentivada (PDI) que a institui\u00e7\u00e3o disponibilizar\u00e1 aos servidores da Funda\u00e7\u00e3o Casa.<\/p>\n<p>O p\u00fablico alvo s\u00e3o os servidores aposentados que adquiriram o benef\u00edcio previdenci\u00e1rio antes da EC 103\/2019 (Reforma da Previd\u00eancia).<\/p>\n<p>Na apresenta\u00e7\u00e3o do PDI est\u00e1 sendo proposto 20% de pagamento do FGTS, manuten\u00e7\u00e3o do conv\u00eanio m\u00e9dico subsidiado por 12 meses ap\u00f3s a ades\u00e3o ao PDI (ap\u00f3s este per\u00edodo o aposentado assumir\u00e1 na integralidade o valor do plano) e um sal\u00e1rio por cada ano trabalhado at\u00e9 o limite de 10 sal\u00e1rios, al\u00e9m das verbas rescis\u00f3rias habitualmente pagas em uma rescis\u00e3o contratual.<\/p>\n<p>O sindicato se fez presente e \u00e9 certo que n\u00e3o anuir\u00e1 a esta proposta indecorosa que foge de propostas de Programas de Demiss\u00f5es Incentivadas de empresas p\u00fablicas e ou de sociedades mistas, como vem ocorrendo na vig\u00eancia da pandemia, a citar como, por exemplo, Banco do Brasil e Caixa Econ\u00f4mica Federal, entre outras. Ali\u00e1s, a proposta \u00e9 muito inferior a oferecida a outros servidores das demais Secretarias\/Empresas p\u00fablicas do Estado de S\u00e3o Paulo.<\/p>\n<p>Nesse sentido o sindicato ir\u00e1 aguardar a apresenta\u00e7\u00e3o da proposta de forma oficial esperando que haja altera\u00e7\u00e3o dos valores e benef\u00edcios sociais, porque se n\u00e3o houver efetiva contra partida social para garantir dignidade de vida aos servidores aposentados da Funda\u00e7\u00e3o CASA a resposta da diretoria da entidade sindical ser\u00e1 um sonoro N\u00c3O, porque exigimos respeito para a categoria e aqueles que dedicaram suas vidas doando anos de servi\u00e7os prestados para a institui\u00e7\u00e3o p\u00fablica.<\/p>\n<p>O SITSESP, juntamente com seu departamento jur\u00eddico, ir\u00e1 apresentar e se pronunciar ap\u00f3s o recebimento da proposta oficial do PDI pela Funda\u00e7\u00e3o CASA, para que cada servidor analise se a proposta \u00e9 vi\u00e1vel.<\/p>\n<p>Para deixar claro que o SITSESP n\u00e3o ser\u00e1 conivente com qualquer proposta que venha ferir a dignidade, a vida financeira e sa\u00fade do trabalhador como alguns v\u00eddeos, \u00e1udios e mensagens vem circulando para atingir, mais uma vez, ao trabalho digno que esta Gest\u00e3o vem fazendo em prol da categoria, aguardaremos a proposta oficial do PDI para a dire\u00e7\u00e3o, conforme se comprometeu o chefe de gabinete Yuri, e assim submetermos \u00e0 categoria para an\u00e1lise e cada um dos interessados se pronunciarem.<\/p>\n","protected":false},"excerpt":{"rendered":"<p>Na tarde de hoje 04\/05 \u00e0s 14h a executiva da Funda\u00e7\u00e3o CASA e a comiss\u00e3o de negocia\u00e7\u00e3o salarial do SITSESP reuniram-se&hellip;<\/p>\n","protected":false},"author":5,"featured_media":6171,"comment_status":"open","ping_status":"open","sticky":false,"template":"","format":"standard","meta":{"cybocfi_hide_featured_image":"","footnotes":""},"categories":[27,22],"tags":[],"yoast_head":"<!-- This site is optimized with the Yoast SEO plugin v22.8 - https:\/\/yoast.com\/wordpress\/plugins\/seo\/ -->\n<title>SITSESP SE RE\u00daNE COM A FUNDA\u00c7\u00c3O CASA PARA ESCLARECIMENTOS SOBRE PDI - SITSESP<\/title>\n<meta name=\"robots\" content=\"index, follow, max-snippet:-1, max-image-preview:large, max-video-preview:-1\" \/>\n<link rel=\"canonical\" href=\"https:\/\/www.sitsesp.org.br\/novo\/sitsesp-se-reune-com-a-fundacao-casa-para-esclarecimentos-sobre-pdi\/\" \/>\n<meta property=\"og:locale\" content=\"pt_BR\" \/>\n<meta property=\"og:type\" content=\"article\" \/>\n<meta property=\"og:title\" content=\"SITSESP SE RE\u00daNE COM A FUNDA\u00c7\u00c3O CASA PARA ESCLARECIMENTOS SOBRE PDI - SITSESP\" \/>\n<meta property=\"og:description\" content=\"Na tarde de hoje 04\/05 \u00e0s 14h a executiva da Funda\u00e7\u00e3o CASA e a comiss\u00e3o de negocia\u00e7\u00e3o salarial do SITSESP reuniram-se&hellip;\" \/>\n<meta property=\"og:url\" content=\"https:\/\/www.sitsesp.org.br\/novo\/sitsesp-se-reune-com-a-fundacao-casa-para-esclarecimentos-sobre-pdi\/\" \/>\n<meta property=\"og:site_name\" content=\"SITSESP\" \/>\n<meta property=\"article:published_time\" content=\"2021-05-04T21:21:12+00:00\" \/>\n<meta property=\"og:image\" content=\"https:\/\/www.sitsesp.org.br\/novo\/wp-content\/uploads\/2021\/05\/0405.png\" \/>\n\t<meta property=\"og:image:width\" content=\"677\" \/>\n\t<meta property=\"og:image:height\" content=\"800\" \/>\n\t<meta property=\"og:image:type\" content=\"image\/png\" \/>\n<meta name=\"author\" content=\"imprensa\" \/>\n<meta name=\"twitter:card\" content=\"summary_large_image\" \/>\n<meta name=\"twitter:label1\" content=\"Escrito por\" \/>\n\t<meta name=\"twitter:data1\" content=\"imprensa\" \/>\n\t<meta name=\"twitter:label2\" content=\"Est. tempo de leitura\" \/>\n\t<meta name=\"twitter:data2\" content=\"2 minutos\" \/>\n<script type=\"application\/ld+json\" class=\"yoast-schema-graph\">{\"@context\":\"https:\/\/schema.org\",\"@graph\":[{\"@type\":\"Article\",\"@id\":\"https:\/\/www.sitsesp.org.br\/novo\/sitsesp-se-reune-com-a-fundacao-casa-para-esclarecimentos-sobre-pdi\/#article\",\"isPartOf\":{\"@id\":\"https:\/\/www.sitsesp.org.br\/novo\/sitsesp-se-reune-com-a-fundacao-casa-para-esclarecimentos-sobre-pdi\/\"},\"author\":{\"name\":\"imprensa\",\"@id\":\"https:\/\/www.sitsesp.org.br\/novo\/#\/schema\/person\/28e42eec160f373e81d0183b3643edbf\"},\"headline\":\"SITSESP SE RE\u00daNE COM A FUNDA\u00c7\u00c3O CASA PARA ESCLARECIMENTOS SOBRE PDI\",\"datePublished\":\"2021-05-04T21:21:12+00:00\",\"dateModified\":\"2021-05-04T21:21:12+00:00\",\"mainEntityOfPage\":{\"@id\":\"https:\/\/www.sitsesp.org.br\/novo\/sitsesp-se-reune-com-a-fundacao-casa-para-esclarecimentos-sobre-pdi\/\"},\"wordCount\":436,\"commentCount\":0,\"publisher\":{\"@id\":\"https:\/\/www.sitsesp.org.br\/novo\/#organization\"},\"image\":{\"@id\":\"https:\/\/www.sitsesp.org.br\/novo\/sitsesp-se-reune-com-a-fundacao-casa-para-esclarecimentos-sobre-pdi\/#primaryimage\"},\"thumbnailUrl\":\"https:\/\/www.sitsesp.org.br\/novo\/wp-content\/uploads\/2021\/05\/0405.png\",\"articleSection\":[\"Destaque\",\"Noticias\"],\"inLanguage\":\"pt-BR\",\"potentialAction\":[{\"@type\":\"CommentAction\",\"name\":\"Comment\",\"target\":[\"https:\/\/www.sitsesp.org.br\/novo\/sitsesp-se-reune-com-a-fundacao-casa-para-esclarecimentos-sobre-pdi\/#respond\"]}]},{\"@type\":\"WebPage\",\"@id\":\"https:\/\/www.sitsesp.org.br\/novo\/sitsesp-se-reune-com-a-fundacao-casa-para-esclarecimentos-sobre-pdi\/\",\"url\":\"https:\/\/www.sitsesp.org.br\/novo\/sitsesp-se-reune-com-a-fundacao-casa-para-esclarecimentos-sobre-pdi\/\",\"name\":\"SITSESP SE RE\u00daNE COM A FUNDA\u00c7\u00c3O CASA PARA ESCLARECIMENTOS SOBRE PDI - SITSESP\",\"isPartOf\":{\"@id\":\"https:\/\/www.sitsesp.org.br\/novo\/#website\"},\"primaryImageOfPage\":{\"@id\":\"https:\/\/www.sitsesp.org.br\/novo\/sitsesp-se-reune-com-a-fundacao-casa-para-esclarecimentos-sobre-pdi\/#primaryimage\"},\"image\":{\"@id\":\"https:\/\/www.sitsesp.org.br\/novo\/sitsesp-se-reune-com-a-fundacao-casa-para-esclarecimentos-sobre-pdi\/#primaryimage\"},\"thumbnailUrl\":\"https:\/\/www.sitsesp.org.br\/novo\/wp-content\/uploads\/2021\/05\/0405.png\",\"datePublished\":\"2021-05-04T21:21:12+00:00\",\"dateModified\":\"2021-05-04T21:21:12+00:00\",\"breadcrumb\":{\"@id\":\"https:\/\/www.sitsesp.org.br\/novo\/sitsesp-se-reune-com-a-fundacao-casa-para-esclarecimentos-sobre-pdi\/#breadcrumb\"},\"inLanguage\":\"pt-BR\",\"potentialAction\":[{\"@type\":\"ReadAction\",\"target\":[\"https:\/\/www.sitsesp.org.br\/novo\/sitsesp-se-reune-com-a-fundacao-casa-para-esclarecimentos-sobre-pdi\/\"]}]},{\"@type\":\"ImageObject\",\"inLanguage\":\"pt-BR\",\"@id\":\"https:\/\/www.sitsesp.org.br\/novo\/sitsesp-se-reune-com-a-fundacao-casa-para-esclarecimentos-sobre-pdi\/#primaryimage\",\"url\":\"https:\/\/www.sitsesp.org.br\/novo\/wp-content\/uploads\/2021\/05\/0405.png\",\"contentUrl\":\"https:\/\/www.sitsesp.org.br\/novo\/wp-content\/uploads\/2021\/05\/0405.png\",\"width\":677,\"height\":800},{\"@type\":\"BreadcrumbList\",\"@id\":\"https:\/\/www.sitsesp.org.br\/novo\/sitsesp-se-reune-com-a-fundacao-casa-para-esclarecimentos-sobre-pdi\/#breadcrumb\",\"itemListElement\":[{\"@type\":\"ListItem\",\"position\":1,\"name\":\"In\u00edcio\",\"item\":\"https:\/\/www.sitsesp.org.br\/novo\/\"},{\"@type\":\"ListItem\",\"position\":2,\"name\":\"SITSESP SE RE\u00daNE COM A FUNDA\u00c7\u00c3O CASA PARA ESCLARECIMENTOS SOBRE PDI\"}]},{\"@type\":\"WebSite\",\"@id\":\"https:\/\/www.sitsesp.org.br\/novo\/#website\",\"url\":\"https:\/\/www.sitsesp.org.br\/novo\/\",\"name\":\"Sitsesp\",\"description\":\"SIndicato da Socioeduca\u00e7\u00e3o do Estado de S\u00e3o Paulo\",\"publisher\":{\"@id\":\"https:\/\/www.sitsesp.org.br\/novo\/#organization\"},\"potentialAction\":[{\"@type\":\"SearchAction\",\"target\":{\"@type\":\"EntryPoint\",\"urlTemplate\":\"https:\/\/www.sitsesp.org.br\/novo\/?s={search_term_string}\"},\"query-input\":\"required name=search_term_string\"}],\"inLanguage\":\"pt-BR\"},{\"@type\":\"Organization\",\"@id\":\"https:\/\/www.sitsesp.org.br\/novo\/#organization\",\"name\":\"Sitsesp\",\"url\":\"https:\/\/www.sitsesp.org.br\/novo\/\",\"logo\":{\"@type\":\"ImageObject\",\"inLanguage\":\"pt-BR\",\"@id\":\"https:\/\/www.sitsesp.org.br\/novo\/#\/schema\/logo\/image\/\",\"url\":\"https:\/\/www.sitsesp.org.br\/novo\/wp-content\/uploads\/2020\/09\/Design-sem-nome-1.jpg\",\"contentUrl\":\"https:\/\/www.sitsesp.org.br\/novo\/wp-content\/uploads\/2020\/09\/Design-sem-nome-1.jpg\",\"width\":300,\"height\":300,\"caption\":\"Sitsesp\"},\"image\":{\"@id\":\"https:\/\/www.sitsesp.org.br\/novo\/#\/schema\/logo\/image\/\"}},{\"@type\":\"Person\",\"@id\":\"https:\/\/www.sitsesp.org.br\/novo\/#\/schema\/person\/28e42eec160f373e81d0183b3643edbf\",\"name\":\"imprensa\",\"image\":{\"@type\":\"ImageObject\",\"inLanguage\":\"pt-BR\",\"@id\":\"https:\/\/www.sitsesp.org.br\/novo\/#\/schema\/person\/image\/\",\"url\":\"https:\/\/secure.gravatar.com\/avatar\/8d6ccd8d7d52b8959f34154e87d3fa29?s=96&d=mm&r=g\",\"contentUrl\":\"https:\/\/secure.gravatar.com\/avatar\/8d6ccd8d7d52b8959f34154e87d3fa29?s=96&d=mm&r=g\",\"caption\":\"imprensa\"}}]}<\/script>\n<!-- \/ Yoast SEO plugin. -->","yoast_head_json":{"title":"SITSESP SE RE\u00daNE COM A FUNDA\u00c7\u00c3O CASA PARA ESCLARECIMENTOS SOBRE PDI - SITSESP","robots":{"index":"index","follow":"follow","max-snippet":"max-snippet:-1","max-image-preview":"max-image-preview:large","max-video-preview":"max-video-preview:-1"},"canonical":"https:\/\/www.sitsesp.org.br\/novo\/sitsesp-se-reune-com-a-fundacao-casa-para-esclarecimentos-sobre-pdi\/","og_locale":"pt_BR","og_type":"article","og_title":"SITSESP SE RE\u00daNE COM A FUNDA\u00c7\u00c3O CASA PARA ESCLARECIMENTOS SOBRE PDI - SITSESP","og_description":"Na tarde de hoje 04\/05 \u00e0s 14h a executiva da Funda\u00e7\u00e3o CASA e a comiss\u00e3o de negocia\u00e7\u00e3o salarial do SITSESP reuniram-se&hellip;","og_url":"https:\/\/www.sitsesp.org.br\/novo\/sitsesp-se-reune-com-a-fundacao-casa-para-esclarecimentos-sobre-pdi\/","og_site_name":"SITSESP","article_published_time":"2021-05-04T21:21:12+00:00","og_image":[{"width":677,"height":800,"url":"https:\/\/www.sitsesp.org.br\/novo\/wp-content\/uploads\/2021\/05\/0405.png","type":"image\/png"}],"author":"imprensa","twitter_card":"summary_large_image","twitter_misc":{"Escrito por":"imprensa","Est. tempo de leitura":"2 minutos"},"schema":{"@context":"https:\/\/schema.org","@graph":[{"@type":"Article","@id":"https:\/\/www.sitsesp.org.br\/novo\/sitsesp-se-reune-com-a-fundacao-casa-para-esclarecimentos-sobre-pdi\/#article","isPartOf":{"@id":"https:\/\/www.sitsesp.org.br\/novo\/sitsesp-se-reune-com-a-fundacao-casa-para-esclarecimentos-sobre-pdi\/"},"author":{"name":"imprensa","@id":"https:\/\/www.sitsesp.org.br\/novo\/#\/schema\/person\/28e42eec160f373e81d0183b3643edbf"},"headline":"SITSESP SE RE\u00daNE COM A FUNDA\u00c7\u00c3O CASA PARA ESCLARECIMENTOS SOBRE PDI","datePublished":"2021-05-04T21:21:12+00:00","dateModified":"2021-05-04T21:21:12+00:00","mainEntityOfPage":{"@id":"https:\/\/www.sitsesp.org.br\/novo\/sitsesp-se-reune-com-a-fundacao-casa-para-esclarecimentos-sobre-pdi\/"},"wordCount":436,"commentCount":0,"publisher":{"@id":"https:\/\/www.sitsesp.org.br\/novo\/#organization"},"image":{"@id":"https:\/\/www.sitsesp.org.br\/novo\/sitsesp-se-reune-com-a-fundacao-casa-para-esclarecimentos-sobre-pdi\/#primaryimage"},"thumbnailUrl":"https:\/\/www.sitsesp.org.br\/novo\/wp-content\/uploads\/2021\/05\/0405.png","articleSection":["Destaque","Noticias"],"inLanguage":"pt-BR","potentialAction":[{"@type":"CommentAction","name":"Comment","target":["https:\/\/www.sitsesp.org.br\/novo\/sitsesp-se-reune-com-a-fundacao-casa-para-esclarecimentos-sobre-pdi\/#respond"]}]},{"@type":"WebPage","@id":"https:\/\/www.sitsesp.org.br\/novo\/sitsesp-se-reune-com-a-fundacao-casa-para-esclarecimentos-sobre-pdi\/","url":"https:\/\/www.sitsesp.org.br\/novo\/sitsesp-se-reune-com-a-fundacao-casa-para-esclarecimentos-sobre-pdi\/","name":"SITSESP SE RE\u00daNE COM A FUNDA\u00c7\u00c3O CASA PARA ESCLARECIMENTOS SOBRE PDI - SITSESP","isPartOf":{"@id":"https:\/\/www.sitsesp.org.br\/novo\/#website"},"primaryImageOfPage":{"@id":"https:\/\/www.sitsesp.org.br\/novo\/sitsesp-se-reune-com-a-fundacao-casa-para-esclarecimentos-sobre-pdi\/#primaryimage"},"image":{"@id":"https:\/\/www.sitsesp.org.br\/novo\/sitsesp-se-reune-com-a-fundacao-casa-para-esclarecimentos-sobre-pdi\/#primaryimage"},"thumbnailUrl":"https:\/\/www.sitsesp.org.br\/novo\/wp-content\/uploads\/2021\/05\/0405.png","datePublished":"2021-05-04T21:21:12+00:00","dateModified":"2021-05-04T21:21:12+00:00","breadcrumb":{"@id":"https:\/\/www.sitsesp.org.br\/novo\/sitsesp-se-reune-com-a-fundacao-casa-para-esclarecimentos-sobre-pdi\/#breadcrumb"},"inLanguage":"pt-BR","potentialAction":[{"@type":"ReadAction","target":["https:\/\/www.sitsesp.org.br\/novo\/sitsesp-se-reune-com-a-fundacao-casa-para-esclarecimentos-sobre-pdi\/"]}]},{"@type":"ImageObject","inLanguage":"pt-BR","@id":"https:\/\/www.sitsesp.org.br\/novo\/sitsesp-se-reune-com-a-fundacao-casa-para-esclarecimentos-sobre-pdi\/#primaryimage","url":"https:\/\/www.sitsesp.org.br\/novo\/wp-content\/uploads\/2021\/05\/0405.png","contentUrl":"https:\/\/www.sitsesp.org.br\/novo\/wp-content\/uploads\/2021\/05\/0405.png","width":677,"height":800},{"@type":"BreadcrumbList","@id":"https:\/\/www.sitsesp.org.br\/novo\/sitsesp-se-reune-com-a-fundacao-casa-para-esclarecimentos-sobre-pdi\/#breadcrumb","itemListElement":[{"@type":"ListItem","position":1,"name":"In\u00edcio","item":"https:\/\/www.sitsesp.org.br\/novo\/"},{"@type":"ListItem","position":2,"name":"SITSESP SE RE\u00daNE COM A FUNDA\u00c7\u00c3O CASA PARA ESCLARECIMENTOS SOBRE PDI"}]},{"@type":"WebSite","@id":"https:\/\/www.sitsesp.org.br\/novo\/#website","url":"https:\/\/www.sitsesp.org.br\/novo\/","name":"Sitsesp","description":"SIndicato da Socioeduca\u00e7\u00e3o do Estado de S\u00e3o Paulo","publisher":{"@id":"https:\/\/www.sitsesp.org.br\/novo\/#organization"},"potentialAction":[{"@type":"SearchAction","target":{"@type":"EntryPoint","urlTemplate":"https:\/\/www.sitsesp.org.br\/novo\/?s={search_term_string}"},"query-input":"required name=search_term_string"}],"inLanguage":"pt-BR"},{"@type":"Organization","@id":"https:\/\/www.sitsesp.org.br\/novo\/#organization","name":"Sitsesp","url":"https:\/\/www.sitsesp.org.br\/novo\/","logo":{"@type":"ImageObject","inLanguage":"pt-BR","@id":"https:\/\/www.sitsesp.org.br\/novo\/#\/schema\/logo\/image\/","url":"https:\/\/www.sitsesp.org.br\/novo\/wp-content\/uploads\/2020\/09\/Design-sem-nome-1.jpg","contentUrl":"https:\/\/www.sitsesp.org.br\/novo\/wp-content\/uploads\/2020\/09\/Design-sem-nome-1.jpg","width":300,"height":300,"caption":"Sitsesp"},"image":{"@id":"https:\/\/www.sitsesp.org.br\/novo\/#\/schema\/logo\/image\/"}},{"@type":"Person","@id":"https:\/\/www.sitsesp.org.br\/novo\/#\/schema\/person\/28e42eec160f373e81d0183b3643edbf","name":"imprensa","image":{"@type":"ImageObject","inLanguage":"pt-BR","@id":"https:\/\/www.sitsesp.org.br\/novo\/#\/schema\/person\/image\/","url":"https:\/\/secure.gravatar.com\/avatar\/8d6ccd8d7d52b8959f34154e87d3fa29?s=96&d=mm&r=g","contentUrl":"https:\/\/secure.gravatar.com\/avatar\/8d6ccd8d7d52b8959f34154e87d3fa29?s=96&d=mm&r=g","caption":"imprensa"}}]}},"_links":{"self":[{"href":"https:\/\/www.sitsesp.org.br\/novo\/wp-json\/wp\/v2\/posts\/6170"}],"collection":[{"href":"https:\/\/www.sitsesp.org.br\/novo\/wp-json\/wp\/v2\/posts"}],"about":[{"href":"https:\/\/www.sitsesp.org.br\/novo\/wp-json\/wp\/v2\/types\/post"}],"author":[{"embeddable":true,"href":"https:\/\/www.sitsesp.org.br\/novo\/wp-json\/wp\/v2\/users\/5"}],"replies":[{"embeddable":true,"href":"https:\/\/www.sitsesp.org.br\/novo\/wp-json\/wp\/v2\/comments?post=6170"}],"version-history":[{"count":1,"href":"https:\/\/www.sitsesp.org.br\/novo\/wp-json\/wp\/v2\/posts\/6170\/revisions"}],"predecessor-version":[{"id":6172,"href":"https:\/\/www.sitsesp.org.br\/novo\/wp-json\/wp\/v2\/posts\/6170\/revisions\/6172"}],"wp:featuredmedia":[{"embeddable":true,"href":"https:\/\/www.sitsesp.org.br\/novo\/wp-json\/wp\/v2\/media\/6171"}],"wp:attachment":[{"href":"https:\/\/www.sitsesp.org.br\/novo\/wp-json\/wp\/v2\/media?parent=6170"}],"wp:term":[{"taxonomy":"category","embeddable":true,"href":"https:\/\/www.sitsesp.org.br\/novo\/wp-json\/wp\/v2\/categories?post=6170"},{"taxonomy":"post_tag","embeddable":true,"href":"https:\/\/www.sitsesp.org.br\/novo\/wp-json\/wp\/v2\/tags?post=6170"}],"curies":[{"name":"wp","href":"https:\/\/api.w.org\/{rel}","templated":true}]}}