{"id":6181,"date":"2021-05-06T12:26:33","date_gmt":"2021-05-06T15:26:33","guid":{"rendered":"https:\/\/sitsesp.org.br\/novo\/?p=6181"},"modified":"2021-05-06T12:26:33","modified_gmt":"2021-05-06T15:26:33","slug":"covid-19-no-sistema-socioeducativo-obitos-e-contagios-seguem-crescendo","status":"publish","type":"post","link":"https:\/\/www.sitsesp.org.br\/novo\/covid-19-no-sistema-socioeducativo-obitos-e-contagios-seguem-crescendo\/","title":{"rendered":"COVID-19 NO SISTEMA SOCIOEDUCATIVO: \u00d3BITOS E CONT\u00c1GIOS SEGUEM CRESCENDO"},"content":{"rendered":"<p><!-- VideographyWP Plugin Message: Automatic video embedding prevented by plugin options. --><br \/>\nEm 05 de maio o Conselho Nacional de Justi\u00e7a atualizou o boletim de monitoramento da covid-19 no sistema socioeducativo do pa\u00eds. O sistema socioeducativo de S\u00e3o Paulo \u00e9 o que mais sofre com a pandemia e o descaso das autoridades que n\u00e3o garantem as condi\u00e7\u00f5es de prote\u00e7\u00e3o adequada para os servidores e servidoras.<\/p>\n<p>O boletim apresenta dados atualizados at\u00e9 o dia 03 de maio. No estado de S\u00e3o Paulo chegamos a 1734 trabalhadores contagiados e 31 trabalhadores e trabalhadoras mortos v\u00edtimas da covid-19.<\/p>\n","protected":false},"excerpt":{"rendered":"<p>Em 05 de maio o Conselho Nacional de Justi\u00e7a atualizou o boletim de monitoramento da covid-19 no sistema socioeducativo do pa\u00eds.&hellip;<\/p>\n","protected":false},"author":5,"featured_media":6182,"comment_status":"open","ping_status":"open","sticky":false,"template":"","format":"standard","meta":{"cybocfi_hide_featured_image":"","footnotes":""},"categories":[27,22],"tags":[],"yoast_head":"<!-- This site is optimized with the Yoast SEO plugin v22.8 - https:\/\/yoast.com\/wordpress\/plugins\/seo\/ -->\n<title>COVID-19 NO SISTEMA SOCIOEDUCATIVO: \u00d3BITOS E CONT\u00c1GIOS SEGUEM CRESCENDO - SITSESP<\/title>\n<meta name=\"robots\" content=\"index, follow, max-snippet:-1, max-image-preview:large, max-video-preview:-1\" \/>\n<link rel=\"canonical\" href=\"https:\/\/www.sitsesp.org.br\/novo\/covid-19-no-sistema-socioeducativo-obitos-e-contagios-seguem-crescendo\/\" \/>\n<meta property=\"og:locale\" content=\"pt_BR\" \/>\n<meta property=\"og:type\" content=\"article\" \/>\n<meta property=\"og:title\" content=\"COVID-19 NO SISTEMA SOCIOEDUCATIVO: \u00d3BITOS E CONT\u00c1GIOS SEGUEM CRESCENDO - SITSESP\" \/>\n<meta property=\"og:description\" content=\"Em 05 de maio o Conselho Nacional de Justi\u00e7a atualizou o boletim de monitoramento da covid-19 no sistema socioeducativo do pa\u00eds.&hellip;\" \/>\n<meta property=\"og:url\" content=\"https:\/\/www.sitsesp.org.br\/novo\/covid-19-no-sistema-socioeducativo-obitos-e-contagios-seguem-crescendo\/\" \/>\n<meta property=\"og:site_name\" content=\"SITSESP\" \/>\n<meta property=\"article:published_time\" content=\"2021-05-06T15:26:33+00:00\" \/>\n<meta property=\"og:image\" content=\"https:\/\/www.sitsesp.org.br\/novo\/wp-content\/uploads\/2021\/05\/OBITOS.png\" \/>\n\t<meta property=\"og:image:width\" content=\"800\" \/>\n\t<meta property=\"og:image:height\" content=\"383\" \/>\n\t<meta property=\"og:image:type\" content=\"image\/png\" \/>\n<meta name=\"author\" content=\"imprensa\" \/>\n<meta name=\"twitter:card\" content=\"summary_large_image\" \/>\n<meta name=\"twitter:label1\" content=\"Escrito por\" \/>\n\t<meta name=\"twitter:data1\" content=\"imprensa\" \/>\n<script type=\"application\/ld+json\" class=\"yoast-schema-graph\">{\"@context\":\"https:\/\/schema.org\",\"@graph\":[{\"@type\":\"Article\",\"@id\":\"https:\/\/www.sitsesp.org.br\/novo\/covid-19-no-sistema-socioeducativo-obitos-e-contagios-seguem-crescendo\/#article\",\"isPartOf\":{\"@id\":\"https:\/\/www.sitsesp.org.br\/novo\/covid-19-no-sistema-socioeducativo-obitos-e-contagios-seguem-crescendo\/\"},\"author\":{\"name\":\"imprensa\",\"@id\":\"https:\/\/www.sitsesp.org.br\/novo\/#\/schema\/person\/28e42eec160f373e81d0183b3643edbf\"},\"headline\":\"COVID-19 NO SISTEMA SOCIOEDUCATIVO: \u00d3BITOS E CONT\u00c1GIOS SEGUEM CRESCENDO\",\"datePublished\":\"2021-05-06T15:26:33+00:00\",\"dateModified\":\"2021-05-06T15:26:33+00:00\",\"mainEntityOfPage\":{\"@id\":\"https:\/\/www.sitsesp.org.br\/novo\/covid-19-no-sistema-socioeducativo-obitos-e-contagios-seguem-crescendo\/\"},\"wordCount\":96,\"commentCount\":0,\"publisher\":{\"@id\":\"https:\/\/www.sitsesp.org.br\/novo\/#organization\"},\"image\":{\"@id\":\"https:\/\/www.sitsesp.org.br\/novo\/covid-19-no-sistema-socioeducativo-obitos-e-contagios-seguem-crescendo\/#primaryimage\"},\"thumbnailUrl\":\"https:\/\/www.sitsesp.org.br\/novo\/wp-content\/uploads\/2021\/05\/OBITOS.png\",\"articleSection\":[\"Destaque\",\"Noticias\"],\"inLanguage\":\"pt-BR\",\"potentialAction\":[{\"@type\":\"CommentAction\",\"name\":\"Comment\",\"target\":[\"https:\/\/www.sitsesp.org.br\/novo\/covid-19-no-sistema-socioeducativo-obitos-e-contagios-seguem-crescendo\/#respond\"]}]},{\"@type\":\"WebPage\",\"@id\":\"https:\/\/www.sitsesp.org.br\/novo\/covid-19-no-sistema-socioeducativo-obitos-e-contagios-seguem-crescendo\/\",\"url\":\"https:\/\/www.sitsesp.org.br\/novo\/covid-19-no-sistema-socioeducativo-obitos-e-contagios-seguem-crescendo\/\",\"name\":\"COVID-19 NO SISTEMA SOCIOEDUCATIVO: \u00d3BITOS E CONT\u00c1GIOS SEGUEM CRESCENDO - SITSESP\",\"isPartOf\":{\"@id\":\"https:\/\/www.sitsesp.org.br\/novo\/#website\"},\"primaryImageOfPage\":{\"@id\":\"https:\/\/www.sitsesp.org.br\/novo\/covid-19-no-sistema-socioeducativo-obitos-e-contagios-seguem-crescendo\/#primaryimage\"},\"image\":{\"@id\":\"https:\/\/www.sitsesp.org.br\/novo\/covid-19-no-sistema-socioeducativo-obitos-e-contagios-seguem-crescendo\/#primaryimage\"},\"thumbnailUrl\":\"https:\/\/www.sitsesp.org.br\/novo\/wp-content\/uploads\/2021\/05\/OBITOS.png\",\"datePublished\":\"2021-05-06T15:26:33+00:00\",\"dateModified\":\"2021-05-06T15:26:33+00:00\",\"breadcrumb\":{\"@id\":\"https:\/\/www.sitsesp.org.br\/novo\/covid-19-no-sistema-socioeducativo-obitos-e-contagios-seguem-crescendo\/#breadcrumb\"},\"inLanguage\":\"pt-BR\",\"potentialAction\":[{\"@type\":\"ReadAction\",\"target\":[\"https:\/\/www.sitsesp.org.br\/novo\/covid-19-no-sistema-socioeducativo-obitos-e-contagios-seguem-crescendo\/\"]}]},{\"@type\":\"ImageObject\",\"inLanguage\":\"pt-BR\",\"@id\":\"https:\/\/www.sitsesp.org.br\/novo\/covid-19-no-sistema-socioeducativo-obitos-e-contagios-seguem-crescendo\/#primaryimage\",\"url\":\"https:\/\/www.sitsesp.org.br\/novo\/wp-content\/uploads\/2021\/05\/OBITOS.png\",\"contentUrl\":\"https:\/\/www.sitsesp.org.br\/novo\/wp-content\/uploads\/2021\/05\/OBITOS.png\",\"width\":800,\"height\":383},{\"@type\":\"BreadcrumbList\",\"@id\":\"https:\/\/www.sitsesp.org.br\/novo\/covid-19-no-sistema-socioeducativo-obitos-e-contagios-seguem-crescendo\/#breadcrumb\",\"itemListElement\":[{\"@type\":\"ListItem\",\"position\":1,\"name\":\"In\u00edcio\",\"item\":\"https:\/\/www.sitsesp.org.br\/novo\/\"},{\"@type\":\"ListItem\",\"position\":2,\"name\":\"COVID-19 NO SISTEMA SOCIOEDUCATIVO: \u00d3BITOS E CONT\u00c1GIOS SEGUEM CRESCENDO\"}]},{\"@type\":\"WebSite\",\"@id\":\"https:\/\/www.sitsesp.org.br\/novo\/#website\",\"url\":\"https:\/\/www.sitsesp.org.br\/novo\/\",\"name\":\"Sitsesp\",\"description\":\"SIndicato da Socioeduca\u00e7\u00e3o do Estado de S\u00e3o Paulo\",\"publisher\":{\"@id\":\"https:\/\/www.sitsesp.org.br\/novo\/#organization\"},\"potentialAction\":[{\"@type\":\"SearchAction\",\"target\":{\"@type\":\"EntryPoint\",\"urlTemplate\":\"https:\/\/www.sitsesp.org.br\/novo\/?s={search_term_string}\"},\"query-input\":\"required name=search_term_string\"}],\"inLanguage\":\"pt-BR\"},{\"@type\":\"Organization\",\"@id\":\"https:\/\/www.sitsesp.org.br\/novo\/#organization\",\"name\":\"Sitsesp\",\"url\":\"https:\/\/www.sitsesp.org.br\/novo\/\",\"logo\":{\"@type\":\"ImageObject\",\"inLanguage\":\"pt-BR\",\"@id\":\"https:\/\/www.sitsesp.org.br\/novo\/#\/schema\/logo\/image\/\",\"url\":\"https:\/\/www.sitsesp.org.br\/novo\/wp-content\/uploads\/2020\/09\/Design-sem-nome-1.jpg\",\"contentUrl\":\"https:\/\/www.sitsesp.org.br\/novo\/wp-content\/uploads\/2020\/09\/Design-sem-nome-1.jpg\",\"width\":300,\"height\":300,\"caption\":\"Sitsesp\"},\"image\":{\"@id\":\"https:\/\/www.sitsesp.org.br\/novo\/#\/schema\/logo\/image\/\"}},{\"@type\":\"Person\",\"@id\":\"https:\/\/www.sitsesp.org.br\/novo\/#\/schema\/person\/28e42eec160f373e81d0183b3643edbf\",\"name\":\"imprensa\",\"image\":{\"@type\":\"ImageObject\",\"inLanguage\":\"pt-BR\",\"@id\":\"https:\/\/www.sitsesp.org.br\/novo\/#\/schema\/person\/image\/\",\"url\":\"https:\/\/secure.gravatar.com\/avatar\/8d6ccd8d7d52b8959f34154e87d3fa29?s=96&d=mm&r=g\",\"contentUrl\":\"https:\/\/secure.gravatar.com\/avatar\/8d6ccd8d7d52b8959f34154e87d3fa29?s=96&d=mm&r=g\",\"caption\":\"imprensa\"}}]}<\/script>\n<!-- \/ Yoast SEO plugin. -->","yoast_head_json":{"title":"COVID-19 NO SISTEMA SOCIOEDUCATIVO: \u00d3BITOS E CONT\u00c1GIOS SEGUEM CRESCENDO - SITSESP","robots":{"index":"index","follow":"follow","max-snippet":"max-snippet:-1","max-image-preview":"max-image-preview:large","max-video-preview":"max-video-preview:-1"},"canonical":"https:\/\/www.sitsesp.org.br\/novo\/covid-19-no-sistema-socioeducativo-obitos-e-contagios-seguem-crescendo\/","og_locale":"pt_BR","og_type":"article","og_title":"COVID-19 NO SISTEMA SOCIOEDUCATIVO: \u00d3BITOS E CONT\u00c1GIOS SEGUEM CRESCENDO - SITSESP","og_description":"Em 05 de maio o Conselho Nacional de Justi\u00e7a atualizou o boletim de monitoramento da covid-19 no sistema socioeducativo do pa\u00eds.&hellip;","og_url":"https:\/\/www.sitsesp.org.br\/novo\/covid-19-no-sistema-socioeducativo-obitos-e-contagios-seguem-crescendo\/","og_site_name":"SITSESP","article_published_time":"2021-05-06T15:26:33+00:00","og_image":[{"width":800,"height":383,"url":"https:\/\/www.sitsesp.org.br\/novo\/wp-content\/uploads\/2021\/05\/OBITOS.png","type":"image\/png"}],"author":"imprensa","twitter_card":"summary_large_image","twitter_misc":{"Escrito por":"imprensa"},"schema":{"@context":"https:\/\/schema.org","@graph":[{"@type":"Article","@id":"https:\/\/www.sitsesp.org.br\/novo\/covid-19-no-sistema-socioeducativo-obitos-e-contagios-seguem-crescendo\/#article","isPartOf":{"@id":"https:\/\/www.sitsesp.org.br\/novo\/covid-19-no-sistema-socioeducativo-obitos-e-contagios-seguem-crescendo\/"},"author":{"name":"imprensa","@id":"https:\/\/www.sitsesp.org.br\/novo\/#\/schema\/person\/28e42eec160f373e81d0183b3643edbf"},"headline":"COVID-19 NO SISTEMA SOCIOEDUCATIVO: \u00d3BITOS E CONT\u00c1GIOS SEGUEM CRESCENDO","datePublished":"2021-05-06T15:26:33+00:00","dateModified":"2021-05-06T15:26:33+00:00","mainEntityOfPage":{"@id":"https:\/\/www.sitsesp.org.br\/novo\/covid-19-no-sistema-socioeducativo-obitos-e-contagios-seguem-crescendo\/"},"wordCount":96,"commentCount":0,"publisher":{"@id":"https:\/\/www.sitsesp.org.br\/novo\/#organization"},"image":{"@id":"https:\/\/www.sitsesp.org.br\/novo\/covid-19-no-sistema-socioeducativo-obitos-e-contagios-seguem-crescendo\/#primaryimage"},"thumbnailUrl":"https:\/\/www.sitsesp.org.br\/novo\/wp-content\/uploads\/2021\/05\/OBITOS.png","articleSection":["Destaque","Noticias"],"inLanguage":"pt-BR","potentialAction":[{"@type":"CommentAction","name":"Comment","target":["https:\/\/www.sitsesp.org.br\/novo\/covid-19-no-sistema-socioeducativo-obitos-e-contagios-seguem-crescendo\/#respond"]}]},{"@type":"WebPage","@id":"https:\/\/www.sitsesp.org.br\/novo\/covid-19-no-sistema-socioeducativo-obitos-e-contagios-seguem-crescendo\/","url":"https:\/\/www.sitsesp.org.br\/novo\/covid-19-no-sistema-socioeducativo-obitos-e-contagios-seguem-crescendo\/","name":"COVID-19 NO SISTEMA SOCIOEDUCATIVO: \u00d3BITOS E CONT\u00c1GIOS SEGUEM CRESCENDO - SITSESP","isPartOf":{"@id":"https:\/\/www.sitsesp.org.br\/novo\/#website"},"primaryImageOfPage":{"@id":"https:\/\/www.sitsesp.org.br\/novo\/covid-19-no-sistema-socioeducativo-obitos-e-contagios-seguem-crescendo\/#primaryimage"},"image":{"@id":"https:\/\/www.sitsesp.org.br\/novo\/covid-19-no-sistema-socioeducativo-obitos-e-contagios-seguem-crescendo\/#primaryimage"},"thumbnailUrl":"https:\/\/www.sitsesp.org.br\/novo\/wp-content\/uploads\/2021\/05\/OBITOS.png","datePublished":"2021-05-06T15:26:33+00:00","dateModified":"2021-05-06T15:26:33+00:00","breadcrumb":{"@id":"https:\/\/www.sitsesp.org.br\/novo\/covid-19-no-sistema-socioeducativo-obitos-e-contagios-seguem-crescendo\/#breadcrumb"},"inLanguage":"pt-BR","potentialAction":[{"@type":"ReadAction","target":["https:\/\/www.sitsesp.org.br\/novo\/covid-19-no-sistema-socioeducativo-obitos-e-contagios-seguem-crescendo\/"]}]},{"@type":"ImageObject","inLanguage":"pt-BR","@id":"https:\/\/www.sitsesp.org.br\/novo\/covid-19-no-sistema-socioeducativo-obitos-e-contagios-seguem-crescendo\/#primaryimage","url":"https:\/\/www.sitsesp.org.br\/novo\/wp-content\/uploads\/2021\/05\/OBITOS.png","contentUrl":"https:\/\/www.sitsesp.org.br\/novo\/wp-content\/uploads\/2021\/05\/OBITOS.png","width":800,"height":383},{"@type":"BreadcrumbList","@id":"https:\/\/www.sitsesp.org.br\/novo\/covid-19-no-sistema-socioeducativo-obitos-e-contagios-seguem-crescendo\/#breadcrumb","itemListElement":[{"@type":"ListItem","position":1,"name":"In\u00edcio","item":"https:\/\/www.sitsesp.org.br\/novo\/"},{"@type":"ListItem","position":2,"name":"COVID-19 NO SISTEMA SOCIOEDUCATIVO: \u00d3BITOS E CONT\u00c1GIOS SEGUEM CRESCENDO"}]},{"@type":"WebSite","@id":"https:\/\/www.sitsesp.org.br\/novo\/#website","url":"https:\/\/www.sitsesp.org.br\/novo\/","name":"Sitsesp","description":"SIndicato da Socioeduca\u00e7\u00e3o do Estado de S\u00e3o Paulo","publisher":{"@id":"https:\/\/www.sitsesp.org.br\/novo\/#organization"},"potentialAction":[{"@type":"SearchAction","target":{"@type":"EntryPoint","urlTemplate":"https:\/\/www.sitsesp.org.br\/novo\/?s={search_term_string}"},"query-input":"required name=search_term_string"}],"inLanguage":"pt-BR"},{"@type":"Organization","@id":"https:\/\/www.sitsesp.org.br\/novo\/#organization","name":"Sitsesp","url":"https:\/\/www.sitsesp.org.br\/novo\/","logo":{"@type":"ImageObject","inLanguage":"pt-BR","@id":"https:\/\/www.sitsesp.org.br\/novo\/#\/schema\/logo\/image\/","url":"https:\/\/www.sitsesp.org.br\/novo\/wp-content\/uploads\/2020\/09\/Design-sem-nome-1.jpg","contentUrl":"https:\/\/www.sitsesp.org.br\/novo\/wp-content\/uploads\/2020\/09\/Design-sem-nome-1.jpg","width":300,"height":300,"caption":"Sitsesp"},"image":{"@id":"https:\/\/www.sitsesp.org.br\/novo\/#\/schema\/logo\/image\/"}},{"@type":"Person","@id":"https:\/\/www.sitsesp.org.br\/novo\/#\/schema\/person\/28e42eec160f373e81d0183b3643edbf","name":"imprensa","image":{"@type":"ImageObject","inLanguage":"pt-BR","@id":"https:\/\/www.sitsesp.org.br\/novo\/#\/schema\/person\/image\/","url":"https:\/\/secure.gravatar.com\/avatar\/8d6ccd8d7d52b8959f34154e87d3fa29?s=96&d=mm&r=g","contentUrl":"https:\/\/secure.gravatar.com\/avatar\/8d6ccd8d7d52b8959f34154e87d3fa29?s=96&d=mm&r=g","caption":"imprensa"}}]}},"_links":{"self":[{"href":"https:\/\/www.sitsesp.org.br\/novo\/wp-json\/wp\/v2\/posts\/6181"}],"collection":[{"href":"https:\/\/www.sitsesp.org.br\/novo\/wp-json\/wp\/v2\/posts"}],"about":[{"href":"https:\/\/www.sitsesp.org.br\/novo\/wp-json\/wp\/v2\/types\/post"}],"author":[{"embeddable":true,"href":"https:\/\/www.sitsesp.org.br\/novo\/wp-json\/wp\/v2\/users\/5"}],"replies":[{"embeddable":true,"href":"https:\/\/www.sitsesp.org.br\/novo\/wp-json\/wp\/v2\/comments?post=6181"}],"version-history":[{"count":1,"href":"https:\/\/www.sitsesp.org.br\/novo\/wp-json\/wp\/v2\/posts\/6181\/revisions"}],"predecessor-version":[{"id":6183,"href":"https:\/\/www.sitsesp.org.br\/novo\/wp-json\/wp\/v2\/posts\/6181\/revisions\/6183"}],"wp:featuredmedia":[{"embeddable":true,"href":"https:\/\/www.sitsesp.org.br\/novo\/wp-json\/wp\/v2\/media\/6182"}],"wp:attachment":[{"href":"https:\/\/www.sitsesp.org.br\/novo\/wp-json\/wp\/v2\/media?parent=6181"}],"wp:term":[{"taxonomy":"category","embeddable":true,"href":"https:\/\/www.sitsesp.org.br\/novo\/wp-json\/wp\/v2\/categories?post=6181"},{"taxonomy":"post_tag","embeddable":true,"href":"https:\/\/www.sitsesp.org.br\/novo\/wp-json\/wp\/v2\/tags?post=6181"}],"curies":[{"name":"wp","href":"https:\/\/api.w.org\/{rel}","templated":true}]}}