{"id":6205,"date":"2021-05-08T12:15:42","date_gmt":"2021-05-08T15:15:42","guid":{"rendered":"https:\/\/sitsesp.org.br\/novo\/?p=6205"},"modified":"2021-05-08T18:31:58","modified_gmt":"2021-05-08T21:31:58","slug":"nota-de-repudio-do-sitsesp-sindicato-da-socioeducacao-no-estado-de-sao-paulo","status":"publish","type":"post","link":"https:\/\/www.sitsesp.org.br\/novo\/nota-de-repudio-do-sitsesp-sindicato-da-socioeducacao-no-estado-de-sao-paulo\/","title":{"rendered":"NOTA DE REP\u00daDIO DO SITSESP \u2013 SINDICATO DA SOCIOEDUCA\u00c7\u00c3O NO ESTADO DE S\u00c3O PAULO"},"content":{"rendered":"<p><!-- VideographyWP Plugin Message: Automatic video embedding prevented by plugin options. --><br \/>\nDepois da reuni\u00e3o da campanha salarial de 2021 realizada ontem dia 07\/05 com a comiss\u00e3o de negocia\u00e7\u00e3o SITSESP, convidados e a c\u00fapula executiva da Funda\u00e7\u00e3o CASA (com a aus\u00eancia mais uma vez do Sr. presidente da Funda\u00e7\u00e3o) ficou clara mais uma vez, a vontade maquiav\u00e9lica deste governo D\u00f3ria e do seu presidente da Funda\u00e7\u00e3o CASA de n\u00e3o negociar com a categoria socioeducativa. Mais uma vez, se fez presente a mesa online direcionada pelo Sr. presidente, a c\u00fapula de escudos blindados designada para protege-lo e deixar claro que a Funda\u00e7\u00e3o CASA n\u00e3o quer negociar e sim, impor suas vontades ditadas pela ditadura governamental D\u00f3ria.<\/p>\n<p>\u00c9 inadmiss\u00edvel vir para uma mesa de negocia\u00e7\u00e3o com uma categoria numerosa como \u00e9 a socioeduca\u00e7\u00e3o e, ao inv\u00e9s de solu\u00e7\u00f5es para o clamor dos servidores que est\u00e3o desde 2015 perdendo seu poder de compra por conta da falta de aumentos salariais, e nos \u00faltimos dois anos, nem mesmo o repasse das infla\u00e7\u00f5es do per\u00edodo; perdendo seus locais de trabalho com os fechamentos de Centros, sendo obrigados a irem trabalhar longe de suas moradias sem qualquer aux\u00edlio da institui\u00e7\u00e3o; \u00e9 imoral a absurda a perda de sal\u00e1rios quando h\u00e1 aumento anual do plano de sa\u00fade com percentuais muito al\u00e9m das infla\u00e7\u00f5es nos \u00faltimos anos; \u00e9 desumano ver os servidores morrerem e se suicidarem implorando por sa\u00fade e vacina quando \u00e9 \u00f3bvio o trabalho essencial que a Funda\u00e7\u00e3o CASA exerce no setor socioeducativo.<\/p>\n<p>Ao contr\u00e1rio de tudo isso e muito mais que a categoria est\u00e1 passando, vem o governo D\u00f3ria e a linha de frente na defesa do Sr. presidente da Funda\u00e7\u00e3o sem solu\u00e7\u00f5es, e sim, imposi\u00e7\u00f5es, informando que n\u00e3o negociar\u00e1 com a categoria, mas sim, manter\u00e1 sua postura ditatorial n\u00e3o atendendo as pautas da categoria em nome de uma pandemia e de uma Lei de responsabilidade fiscal e, ainda, num golpe fatal, mortal e desumano nos servidores, a Funda\u00e7\u00e3o soltou um Of\u00edcio n\u00ba 256\/2021 em 06\/05 respondendo ao nosso Of\u00edcio n\u00ba 58\/2021 de 03\/03\/2021 (mais de dois meses depois)\u00a0 sem qualquer informa\u00e7\u00e3o sobre os crit\u00e9rios adotados para chegar na conclus\u00e3o que chegaram para tomar uma terr\u00edvel decis\u00e3o contra os servidores \u201cMATAR OS SERVIDORES DE FOME\u201d \u2013\u00e9 isso mesmo- retirando direitos h\u00e1 muito incorporados na vida alimentar e familiar da categoria, nosso Vale Refei\u00e7\u00e3o, pagando apenas os dias trabalhados, deixando os doentes mais doentes ainda, os afastados por comorbidades ou por COVID-19 sem o benef\u00edcio adquirido conforme a Lei preconiza.<\/p>\n<p>Solicitamos urgentemente a revis\u00e3o dessas atitudes antissocial, antissindical e desumana, al\u00e9m da sa\u00edda urgente de um presidente que nunca aparece para negociar com os servidores por ter compromissos e ser secret\u00e1rio de diversas secretarias n\u00e3o dando a m\u00ednima para a m\u00e1quina que toca o sistema socioeducativo no estado de S\u00e3o Paulo.<\/p>\n<p>A categoria dar\u00e1 a resposta para essas atrocidades vinda desse governo desumano e destruidor do servi\u00e7o p\u00fablico.<\/p>\n<p>&nbsp;<\/p>\n<p>SENHORES GOVERNADOR E PRESIDENTE DA FUNDA\u00c7\u00c3O CASA, N\u00c3O MEXA NOS DIREITOS DOS SERVIDORES!<\/p>\n","protected":false},"excerpt":{"rendered":"<p>Depois da reuni\u00e3o da campanha salarial de 2021 realizada ontem dia 07\/05 com a comiss\u00e3o de negocia\u00e7\u00e3o SITSESP, convidados e a&hellip;<\/p>\n","protected":false},"author":5,"featured_media":6217,"comment_status":"open","ping_status":"open","sticky":false,"template":"","format":"standard","meta":{"cybocfi_hide_featured_image":"","footnotes":""},"categories":[27,22],"tags":[45,44,38,41,40,37,39],"yoast_head":"<!-- This site is optimized with the Yoast SEO plugin v22.8 - https:\/\/yoast.com\/wordpress\/plugins\/seo\/ -->\n<title>NOTA DE REP\u00daDIO DO SITSESP \u2013 SINDICATO DA SOCIOEDUCA\u00c7\u00c3O NO ESTADO DE S\u00c3O PAULO - SITSESP<\/title>\n<meta name=\"robots\" content=\"index, follow, max-snippet:-1, max-image-preview:large, max-video-preview:-1\" \/>\n<link rel=\"canonical\" href=\"https:\/\/www.sitsesp.org.br\/novo\/nota-de-repudio-do-sitsesp-sindicato-da-socioeducacao-no-estado-de-sao-paulo\/\" \/>\n<meta property=\"og:locale\" content=\"pt_BR\" \/>\n<meta property=\"og:type\" content=\"article\" \/>\n<meta property=\"og:title\" content=\"NOTA DE REP\u00daDIO DO SITSESP \u2013 SINDICATO DA SOCIOEDUCA\u00c7\u00c3O NO ESTADO DE S\u00c3O PAULO - SITSESP\" \/>\n<meta property=\"og:description\" content=\"Depois da reuni\u00e3o da campanha salarial de 2021 realizada ontem dia 07\/05 com a comiss\u00e3o de negocia\u00e7\u00e3o SITSESP, convidados e a&hellip;\" \/>\n<meta property=\"og:url\" content=\"https:\/\/www.sitsesp.org.br\/novo\/nota-de-repudio-do-sitsesp-sindicato-da-socioeducacao-no-estado-de-sao-paulo\/\" \/>\n<meta property=\"og:site_name\" content=\"SITSESP\" \/>\n<meta property=\"article:published_time\" content=\"2021-05-08T15:15:42+00:00\" \/>\n<meta property=\"article:modified_time\" content=\"2021-05-08T21:31:58+00:00\" \/>\n<meta property=\"og:image\" content=\"https:\/\/www.sitsesp.org.br\/novo\/wp-content\/uploads\/2021\/05\/FORAFER-1.jpg\" \/>\n\t<meta property=\"og:image:width\" content=\"800\" \/>\n\t<meta property=\"og:image:height\" content=\"800\" \/>\n\t<meta property=\"og:image:type\" content=\"image\/jpeg\" \/>\n<meta name=\"author\" content=\"imprensa\" \/>\n<meta name=\"twitter:card\" content=\"summary_large_image\" \/>\n<meta name=\"twitter:label1\" content=\"Escrito por\" \/>\n\t<meta name=\"twitter:data1\" content=\"imprensa\" \/>\n\t<meta name=\"twitter:label2\" content=\"Est. tempo de leitura\" \/>\n\t<meta name=\"twitter:data2\" content=\"3 minutos\" \/>\n<script type=\"application\/ld+json\" class=\"yoast-schema-graph\">{\"@context\":\"https:\/\/schema.org\",\"@graph\":[{\"@type\":\"Article\",\"@id\":\"https:\/\/www.sitsesp.org.br\/novo\/nota-de-repudio-do-sitsesp-sindicato-da-socioeducacao-no-estado-de-sao-paulo\/#article\",\"isPartOf\":{\"@id\":\"https:\/\/www.sitsesp.org.br\/novo\/nota-de-repudio-do-sitsesp-sindicato-da-socioeducacao-no-estado-de-sao-paulo\/\"},\"author\":{\"name\":\"imprensa\",\"@id\":\"https:\/\/www.sitsesp.org.br\/novo\/#\/schema\/person\/28e42eec160f373e81d0183b3643edbf\"},\"headline\":\"NOTA DE REP\u00daDIO DO SITSESP \u2013 SINDICATO DA SOCIOEDUCA\u00c7\u00c3O NO ESTADO DE S\u00c3O PAULO\",\"datePublished\":\"2021-05-08T15:15:42+00:00\",\"dateModified\":\"2021-05-08T21:31:58+00:00\",\"mainEntityOfPage\":{\"@id\":\"https:\/\/www.sitsesp.org.br\/novo\/nota-de-repudio-do-sitsesp-sindicato-da-socioeducacao-no-estado-de-sao-paulo\/\"},\"wordCount\":547,\"commentCount\":0,\"publisher\":{\"@id\":\"https:\/\/www.sitsesp.org.br\/novo\/#organization\"},\"image\":{\"@id\":\"https:\/\/www.sitsesp.org.br\/novo\/nota-de-repudio-do-sitsesp-sindicato-da-socioeducacao-no-estado-de-sao-paulo\/#primaryimage\"},\"thumbnailUrl\":\"https:\/\/www.sitsesp.org.br\/novo\/wp-content\/uploads\/2021\/05\/FORAFER-1.jpg\",\"keywords\":[\"2021\",\"campanha salarial\",\"Funda\u00e7\u00e3o CASA\",\"GREVE\",\"SINDICATO\",\"SITSESP\",\"SOCIOEDUCA\u00c7\u00c3O\"],\"articleSection\":[\"Destaque\",\"Noticias\"],\"inLanguage\":\"pt-BR\",\"potentialAction\":[{\"@type\":\"CommentAction\",\"name\":\"Comment\",\"target\":[\"https:\/\/www.sitsesp.org.br\/novo\/nota-de-repudio-do-sitsesp-sindicato-da-socioeducacao-no-estado-de-sao-paulo\/#respond\"]}]},{\"@type\":\"WebPage\",\"@id\":\"https:\/\/www.sitsesp.org.br\/novo\/nota-de-repudio-do-sitsesp-sindicato-da-socioeducacao-no-estado-de-sao-paulo\/\",\"url\":\"https:\/\/www.sitsesp.org.br\/novo\/nota-de-repudio-do-sitsesp-sindicato-da-socioeducacao-no-estado-de-sao-paulo\/\",\"name\":\"NOTA DE REP\u00daDIO DO SITSESP \u2013 SINDICATO DA SOCIOEDUCA\u00c7\u00c3O NO ESTADO DE S\u00c3O PAULO - SITSESP\",\"isPartOf\":{\"@id\":\"https:\/\/www.sitsesp.org.br\/novo\/#website\"},\"primaryImageOfPage\":{\"@id\":\"https:\/\/www.sitsesp.org.br\/novo\/nota-de-repudio-do-sitsesp-sindicato-da-socioeducacao-no-estado-de-sao-paulo\/#primaryimage\"},\"image\":{\"@id\":\"https:\/\/www.sitsesp.org.br\/novo\/nota-de-repudio-do-sitsesp-sindicato-da-socioeducacao-no-estado-de-sao-paulo\/#primaryimage\"},\"thumbnailUrl\":\"https:\/\/www.sitsesp.org.br\/novo\/wp-content\/uploads\/2021\/05\/FORAFER-1.jpg\",\"datePublished\":\"2021-05-08T15:15:42+00:00\",\"dateModified\":\"2021-05-08T21:31:58+00:00\",\"breadcrumb\":{\"@id\":\"https:\/\/www.sitsesp.org.br\/novo\/nota-de-repudio-do-sitsesp-sindicato-da-socioeducacao-no-estado-de-sao-paulo\/#breadcrumb\"},\"inLanguage\":\"pt-BR\",\"potentialAction\":[{\"@type\":\"ReadAction\",\"target\":[\"https:\/\/www.sitsesp.org.br\/novo\/nota-de-repudio-do-sitsesp-sindicato-da-socioeducacao-no-estado-de-sao-paulo\/\"]}]},{\"@type\":\"ImageObject\",\"inLanguage\":\"pt-BR\",\"@id\":\"https:\/\/www.sitsesp.org.br\/novo\/nota-de-repudio-do-sitsesp-sindicato-da-socioeducacao-no-estado-de-sao-paulo\/#primaryimage\",\"url\":\"https:\/\/www.sitsesp.org.br\/novo\/wp-content\/uploads\/2021\/05\/FORAFER-1.jpg\",\"contentUrl\":\"https:\/\/www.sitsesp.org.br\/novo\/wp-content\/uploads\/2021\/05\/FORAFER-1.jpg\",\"width\":800,\"height\":800},{\"@type\":\"BreadcrumbList\",\"@id\":\"https:\/\/www.sitsesp.org.br\/novo\/nota-de-repudio-do-sitsesp-sindicato-da-socioeducacao-no-estado-de-sao-paulo\/#breadcrumb\",\"itemListElement\":[{\"@type\":\"ListItem\",\"position\":1,\"name\":\"In\u00edcio\",\"item\":\"https:\/\/www.sitsesp.org.br\/novo\/\"},{\"@type\":\"ListItem\",\"position\":2,\"name\":\"NOTA DE REP\u00daDIO DO SITSESP \u2013 SINDICATO DA SOCIOEDUCA\u00c7\u00c3O NO ESTADO DE S\u00c3O PAULO\"}]},{\"@type\":\"WebSite\",\"@id\":\"https:\/\/www.sitsesp.org.br\/novo\/#website\",\"url\":\"https:\/\/www.sitsesp.org.br\/novo\/\",\"name\":\"Sitsesp\",\"description\":\"SIndicato da Socioeduca\u00e7\u00e3o do Estado de S\u00e3o Paulo\",\"publisher\":{\"@id\":\"https:\/\/www.sitsesp.org.br\/novo\/#organization\"},\"potentialAction\":[{\"@type\":\"SearchAction\",\"target\":{\"@type\":\"EntryPoint\",\"urlTemplate\":\"https:\/\/www.sitsesp.org.br\/novo\/?s={search_term_string}\"},\"query-input\":\"required name=search_term_string\"}],\"inLanguage\":\"pt-BR\"},{\"@type\":\"Organization\",\"@id\":\"https:\/\/www.sitsesp.org.br\/novo\/#organization\",\"name\":\"Sitsesp\",\"url\":\"https:\/\/www.sitsesp.org.br\/novo\/\",\"logo\":{\"@type\":\"ImageObject\",\"inLanguage\":\"pt-BR\",\"@id\":\"https:\/\/www.sitsesp.org.br\/novo\/#\/schema\/logo\/image\/\",\"url\":\"https:\/\/www.sitsesp.org.br\/novo\/wp-content\/uploads\/2020\/09\/Design-sem-nome-1.jpg\",\"contentUrl\":\"https:\/\/www.sitsesp.org.br\/novo\/wp-content\/uploads\/2020\/09\/Design-sem-nome-1.jpg\",\"width\":300,\"height\":300,\"caption\":\"Sitsesp\"},\"image\":{\"@id\":\"https:\/\/www.sitsesp.org.br\/novo\/#\/schema\/logo\/image\/\"}},{\"@type\":\"Person\",\"@id\":\"https:\/\/www.sitsesp.org.br\/novo\/#\/schema\/person\/28e42eec160f373e81d0183b3643edbf\",\"name\":\"imprensa\",\"image\":{\"@type\":\"ImageObject\",\"inLanguage\":\"pt-BR\",\"@id\":\"https:\/\/www.sitsesp.org.br\/novo\/#\/schema\/person\/image\/\",\"url\":\"https:\/\/secure.gravatar.com\/avatar\/8d6ccd8d7d52b8959f34154e87d3fa29?s=96&d=mm&r=g\",\"contentUrl\":\"https:\/\/secure.gravatar.com\/avatar\/8d6ccd8d7d52b8959f34154e87d3fa29?s=96&d=mm&r=g\",\"caption\":\"imprensa\"}}]}<\/script>\n<!-- \/ Yoast SEO plugin. -->","yoast_head_json":{"title":"NOTA DE REP\u00daDIO DO SITSESP \u2013 SINDICATO DA SOCIOEDUCA\u00c7\u00c3O NO ESTADO DE S\u00c3O PAULO - SITSESP","robots":{"index":"index","follow":"follow","max-snippet":"max-snippet:-1","max-image-preview":"max-image-preview:large","max-video-preview":"max-video-preview:-1"},"canonical":"https:\/\/www.sitsesp.org.br\/novo\/nota-de-repudio-do-sitsesp-sindicato-da-socioeducacao-no-estado-de-sao-paulo\/","og_locale":"pt_BR","og_type":"article","og_title":"NOTA DE REP\u00daDIO DO SITSESP \u2013 SINDICATO DA SOCIOEDUCA\u00c7\u00c3O NO ESTADO DE S\u00c3O PAULO - SITSESP","og_description":"Depois da reuni\u00e3o da campanha salarial de 2021 realizada ontem dia 07\/05 com a comiss\u00e3o de negocia\u00e7\u00e3o SITSESP, convidados e a&hellip;","og_url":"https:\/\/www.sitsesp.org.br\/novo\/nota-de-repudio-do-sitsesp-sindicato-da-socioeducacao-no-estado-de-sao-paulo\/","og_site_name":"SITSESP","article_published_time":"2021-05-08T15:15:42+00:00","article_modified_time":"2021-05-08T21:31:58+00:00","og_image":[{"width":800,"height":800,"url":"https:\/\/www.sitsesp.org.br\/novo\/wp-content\/uploads\/2021\/05\/FORAFER-1.jpg","type":"image\/jpeg"}],"author":"imprensa","twitter_card":"summary_large_image","twitter_misc":{"Escrito por":"imprensa","Est. tempo de leitura":"3 minutos"},"schema":{"@context":"https:\/\/schema.org","@graph":[{"@type":"Article","@id":"https:\/\/www.sitsesp.org.br\/novo\/nota-de-repudio-do-sitsesp-sindicato-da-socioeducacao-no-estado-de-sao-paulo\/#article","isPartOf":{"@id":"https:\/\/www.sitsesp.org.br\/novo\/nota-de-repudio-do-sitsesp-sindicato-da-socioeducacao-no-estado-de-sao-paulo\/"},"author":{"name":"imprensa","@id":"https:\/\/www.sitsesp.org.br\/novo\/#\/schema\/person\/28e42eec160f373e81d0183b3643edbf"},"headline":"NOTA DE REP\u00daDIO DO SITSESP \u2013 SINDICATO DA SOCIOEDUCA\u00c7\u00c3O NO ESTADO DE S\u00c3O PAULO","datePublished":"2021-05-08T15:15:42+00:00","dateModified":"2021-05-08T21:31:58+00:00","mainEntityOfPage":{"@id":"https:\/\/www.sitsesp.org.br\/novo\/nota-de-repudio-do-sitsesp-sindicato-da-socioeducacao-no-estado-de-sao-paulo\/"},"wordCount":547,"commentCount":0,"publisher":{"@id":"https:\/\/www.sitsesp.org.br\/novo\/#organization"},"image":{"@id":"https:\/\/www.sitsesp.org.br\/novo\/nota-de-repudio-do-sitsesp-sindicato-da-socioeducacao-no-estado-de-sao-paulo\/#primaryimage"},"thumbnailUrl":"https:\/\/www.sitsesp.org.br\/novo\/wp-content\/uploads\/2021\/05\/FORAFER-1.jpg","keywords":["2021","campanha salarial","Funda\u00e7\u00e3o CASA","GREVE","SINDICATO","SITSESP","SOCIOEDUCA\u00c7\u00c3O"],"articleSection":["Destaque","Noticias"],"inLanguage":"pt-BR","potentialAction":[{"@type":"CommentAction","name":"Comment","target":["https:\/\/www.sitsesp.org.br\/novo\/nota-de-repudio-do-sitsesp-sindicato-da-socioeducacao-no-estado-de-sao-paulo\/#respond"]}]},{"@type":"WebPage","@id":"https:\/\/www.sitsesp.org.br\/novo\/nota-de-repudio-do-sitsesp-sindicato-da-socioeducacao-no-estado-de-sao-paulo\/","url":"https:\/\/www.sitsesp.org.br\/novo\/nota-de-repudio-do-sitsesp-sindicato-da-socioeducacao-no-estado-de-sao-paulo\/","name":"NOTA DE REP\u00daDIO DO SITSESP \u2013 SINDICATO DA SOCIOEDUCA\u00c7\u00c3O NO ESTADO DE S\u00c3O PAULO - SITSESP","isPartOf":{"@id":"https:\/\/www.sitsesp.org.br\/novo\/#website"},"primaryImageOfPage":{"@id":"https:\/\/www.sitsesp.org.br\/novo\/nota-de-repudio-do-sitsesp-sindicato-da-socioeducacao-no-estado-de-sao-paulo\/#primaryimage"},"image":{"@id":"https:\/\/www.sitsesp.org.br\/novo\/nota-de-repudio-do-sitsesp-sindicato-da-socioeducacao-no-estado-de-sao-paulo\/#primaryimage"},"thumbnailUrl":"https:\/\/www.sitsesp.org.br\/novo\/wp-content\/uploads\/2021\/05\/FORAFER-1.jpg","datePublished":"2021-05-08T15:15:42+00:00","dateModified":"2021-05-08T21:31:58+00:00","breadcrumb":{"@id":"https:\/\/www.sitsesp.org.br\/novo\/nota-de-repudio-do-sitsesp-sindicato-da-socioeducacao-no-estado-de-sao-paulo\/#breadcrumb"},"inLanguage":"pt-BR","potentialAction":[{"@type":"ReadAction","target":["https:\/\/www.sitsesp.org.br\/novo\/nota-de-repudio-do-sitsesp-sindicato-da-socioeducacao-no-estado-de-sao-paulo\/"]}]},{"@type":"ImageObject","inLanguage":"pt-BR","@id":"https:\/\/www.sitsesp.org.br\/novo\/nota-de-repudio-do-sitsesp-sindicato-da-socioeducacao-no-estado-de-sao-paulo\/#primaryimage","url":"https:\/\/www.sitsesp.org.br\/novo\/wp-content\/uploads\/2021\/05\/FORAFER-1.jpg","contentUrl":"https:\/\/www.sitsesp.org.br\/novo\/wp-content\/uploads\/2021\/05\/FORAFER-1.jpg","width":800,"height":800},{"@type":"BreadcrumbList","@id":"https:\/\/www.sitsesp.org.br\/novo\/nota-de-repudio-do-sitsesp-sindicato-da-socioeducacao-no-estado-de-sao-paulo\/#breadcrumb","itemListElement":[{"@type":"ListItem","position":1,"name":"In\u00edcio","item":"https:\/\/www.sitsesp.org.br\/novo\/"},{"@type":"ListItem","position":2,"name":"NOTA DE REP\u00daDIO DO SITSESP \u2013 SINDICATO DA SOCIOEDUCA\u00c7\u00c3O NO ESTADO DE S\u00c3O PAULO"}]},{"@type":"WebSite","@id":"https:\/\/www.sitsesp.org.br\/novo\/#website","url":"https:\/\/www.sitsesp.org.br\/novo\/","name":"Sitsesp","description":"SIndicato da Socioeduca\u00e7\u00e3o do Estado de S\u00e3o Paulo","publisher":{"@id":"https:\/\/www.sitsesp.org.br\/novo\/#organization"},"potentialAction":[{"@type":"SearchAction","target":{"@type":"EntryPoint","urlTemplate":"https:\/\/www.sitsesp.org.br\/novo\/?s={search_term_string}"},"query-input":"required name=search_term_string"}],"inLanguage":"pt-BR"},{"@type":"Organization","@id":"https:\/\/www.sitsesp.org.br\/novo\/#organization","name":"Sitsesp","url":"https:\/\/www.sitsesp.org.br\/novo\/","logo":{"@type":"ImageObject","inLanguage":"pt-BR","@id":"https:\/\/www.sitsesp.org.br\/novo\/#\/schema\/logo\/image\/","url":"https:\/\/www.sitsesp.org.br\/novo\/wp-content\/uploads\/2020\/09\/Design-sem-nome-1.jpg","contentUrl":"https:\/\/www.sitsesp.org.br\/novo\/wp-content\/uploads\/2020\/09\/Design-sem-nome-1.jpg","width":300,"height":300,"caption":"Sitsesp"},"image":{"@id":"https:\/\/www.sitsesp.org.br\/novo\/#\/schema\/logo\/image\/"}},{"@type":"Person","@id":"https:\/\/www.sitsesp.org.br\/novo\/#\/schema\/person\/28e42eec160f373e81d0183b3643edbf","name":"imprensa","image":{"@type":"ImageObject","inLanguage":"pt-BR","@id":"https:\/\/www.sitsesp.org.br\/novo\/#\/schema\/person\/image\/","url":"https:\/\/secure.gravatar.com\/avatar\/8d6ccd8d7d52b8959f34154e87d3fa29?s=96&d=mm&r=g","contentUrl":"https:\/\/secure.gravatar.com\/avatar\/8d6ccd8d7d52b8959f34154e87d3fa29?s=96&d=mm&r=g","caption":"imprensa"}}]}},"_links":{"self":[{"href":"https:\/\/www.sitsesp.org.br\/novo\/wp-json\/wp\/v2\/posts\/6205"}],"collection":[{"href":"https:\/\/www.sitsesp.org.br\/novo\/wp-json\/wp\/v2\/posts"}],"about":[{"href":"https:\/\/www.sitsesp.org.br\/novo\/wp-json\/wp\/v2\/types\/post"}],"author":[{"embeddable":true,"href":"https:\/\/www.sitsesp.org.br\/novo\/wp-json\/wp\/v2\/users\/5"}],"replies":[{"embeddable":true,"href":"https:\/\/www.sitsesp.org.br\/novo\/wp-json\/wp\/v2\/comments?post=6205"}],"version-history":[{"count":2,"href":"https:\/\/www.sitsesp.org.br\/novo\/wp-json\/wp\/v2\/posts\/6205\/revisions"}],"predecessor-version":[{"id":6208,"href":"https:\/\/www.sitsesp.org.br\/novo\/wp-json\/wp\/v2\/posts\/6205\/revisions\/6208"}],"wp:featuredmedia":[{"embeddable":true,"href":"https:\/\/www.sitsesp.org.br\/novo\/wp-json\/wp\/v2\/media\/6217"}],"wp:attachment":[{"href":"https:\/\/www.sitsesp.org.br\/novo\/wp-json\/wp\/v2\/media?parent=6205"}],"wp:term":[{"taxonomy":"category","embeddable":true,"href":"https:\/\/www.sitsesp.org.br\/novo\/wp-json\/wp\/v2\/categories?post=6205"},{"taxonomy":"post_tag","embeddable":true,"href":"https:\/\/www.sitsesp.org.br\/novo\/wp-json\/wp\/v2\/tags?post=6205"}],"curies":[{"name":"wp","href":"https:\/\/api.w.org\/{rel}","templated":true}]}}