{"id":6225,"date":"2021-05-12T09:24:31","date_gmt":"2021-05-12T12:24:31","guid":{"rendered":"https:\/\/sitsesp.org.br\/novo\/?p=6225"},"modified":"2021-05-18T12:42:32","modified_gmt":"2021-05-18T15:42:32","slug":"ato-publico-17-de-maio","status":"publish","type":"post","link":"https:\/\/www.sitsesp.org.br\/novo\/ato-publico-17-de-maio\/","title":{"rendered":"ATO P\u00daBLICO &#8211; 17 DE MAIO"},"content":{"rendered":"<p><!-- VideographyWP Plugin Message: Automatic video embedding prevented by plugin options. --><br \/>\nATEN\u00c7\u00c3O CATEGORIA | Estamos convocando para o dia 17 de maio \u00e0s 10h um ato p\u00fablico na sede da Funda\u00e7\u00e3o CASA em repudio aos ataques que ela vem praticando contra os direitos trabalhistas da nossa categoria. <strong>VAMOS \u00c0 LUTA!<\/strong> #campanhasalarial2021<\/p>\n","protected":false},"excerpt":{"rendered":"<p>ATEN\u00c7\u00c3O CATEGORIA | Estamos convocando para o dia 17 de maio \u00e0s 10h um ato p\u00fablico na sede da Funda\u00e7\u00e3o CASA&hellip;<\/p>\n","protected":false},"author":5,"featured_media":6226,"comment_status":"open","ping_status":"open","sticky":false,"template":"","format":"standard","meta":{"cybocfi_hide_featured_image":"","footnotes":""},"categories":[22],"tags":[45,44,38,40,37,39],"yoast_head":"<!-- This site is optimized with the Yoast SEO plugin v22.8 - https:\/\/yoast.com\/wordpress\/plugins\/seo\/ -->\n<title>ATO P\u00daBLICO - 17 DE MAIO - SITSESP<\/title>\n<meta name=\"description\" content=\"Estamos convocando para o dia 17 de maio \u00e0s 10h um ato p\u00fablico na sede da Funda\u00e7\u00e3o CASA em repudio aos ataques que ela vem praticando contra os direitos trabalhistas da nossa categoria. VAMOS \u00c0 LUTA!\" \/>\n<meta name=\"robots\" content=\"index, follow, max-snippet:-1, max-image-preview:large, max-video-preview:-1\" \/>\n<link rel=\"canonical\" href=\"https:\/\/www.sitsesp.org.br\/novo\/ato-publico-17-de-maio\/\" \/>\n<meta property=\"og:locale\" content=\"pt_BR\" \/>\n<meta property=\"og:type\" content=\"article\" \/>\n<meta property=\"og:title\" content=\"ATO P\u00daBLICO - 17 DE MAIO - SITSESP\" \/>\n<meta property=\"og:description\" content=\"Estamos convocando para o dia 17 de maio \u00e0s 10h um ato p\u00fablico na sede da Funda\u00e7\u00e3o CASA em repudio aos ataques que ela vem praticando contra os direitos trabalhistas da nossa categoria. VAMOS \u00c0 LUTA!\" \/>\n<meta property=\"og:url\" content=\"https:\/\/www.sitsesp.org.br\/novo\/ato-publico-17-de-maio\/\" \/>\n<meta property=\"og:site_name\" content=\"SITSESP\" \/>\n<meta property=\"article:published_time\" content=\"2021-05-12T12:24:31+00:00\" \/>\n<meta property=\"article:modified_time\" content=\"2021-05-18T15:42:32+00:00\" \/>\n<meta property=\"og:image\" content=\"https:\/\/www.sitsesp.org.br\/novo\/wp-content\/uploads\/2021\/05\/ATOS.jpg\" \/>\n\t<meta property=\"og:image:width\" content=\"800\" \/>\n\t<meta property=\"og:image:height\" content=\"800\" \/>\n\t<meta property=\"og:image:type\" content=\"image\/jpeg\" \/>\n<meta name=\"author\" content=\"imprensa\" \/>\n<meta name=\"twitter:card\" content=\"summary_large_image\" \/>\n<meta name=\"twitter:label1\" content=\"Escrito por\" \/>\n\t<meta name=\"twitter:data1\" content=\"imprensa\" \/>\n\t<meta name=\"twitter:label2\" content=\"Est. tempo de leitura\" \/>\n\t<meta name=\"twitter:data2\" content=\"1 minuto\" \/>\n<script type=\"application\/ld+json\" class=\"yoast-schema-graph\">{\"@context\":\"https:\/\/schema.org\",\"@graph\":[{\"@type\":\"Article\",\"@id\":\"https:\/\/www.sitsesp.org.br\/novo\/ato-publico-17-de-maio\/#article\",\"isPartOf\":{\"@id\":\"https:\/\/www.sitsesp.org.br\/novo\/ato-publico-17-de-maio\/\"},\"author\":{\"name\":\"imprensa\",\"@id\":\"https:\/\/www.sitsesp.org.br\/novo\/#\/schema\/person\/28e42eec160f373e81d0183b3643edbf\"},\"headline\":\"ATO P\u00daBLICO &#8211; 17 DE MAIO\",\"datePublished\":\"2021-05-12T12:24:31+00:00\",\"dateModified\":\"2021-05-18T15:42:32+00:00\",\"mainEntityOfPage\":{\"@id\":\"https:\/\/www.sitsesp.org.br\/novo\/ato-publico-17-de-maio\/\"},\"wordCount\":46,\"commentCount\":0,\"publisher\":{\"@id\":\"https:\/\/www.sitsesp.org.br\/novo\/#organization\"},\"image\":{\"@id\":\"https:\/\/www.sitsesp.org.br\/novo\/ato-publico-17-de-maio\/#primaryimage\"},\"thumbnailUrl\":\"https:\/\/www.sitsesp.org.br\/novo\/wp-content\/uploads\/2021\/05\/ATOS.jpg\",\"keywords\":[\"2021\",\"campanha salarial\",\"Funda\u00e7\u00e3o CASA\",\"SINDICATO\",\"SITSESP\",\"SOCIOEDUCA\u00c7\u00c3O\"],\"articleSection\":[\"Noticias\"],\"inLanguage\":\"pt-BR\",\"potentialAction\":[{\"@type\":\"CommentAction\",\"name\":\"Comment\",\"target\":[\"https:\/\/www.sitsesp.org.br\/novo\/ato-publico-17-de-maio\/#respond\"]}]},{\"@type\":\"WebPage\",\"@id\":\"https:\/\/www.sitsesp.org.br\/novo\/ato-publico-17-de-maio\/\",\"url\":\"https:\/\/www.sitsesp.org.br\/novo\/ato-publico-17-de-maio\/\",\"name\":\"ATO P\u00daBLICO - 17 DE MAIO - SITSESP\",\"isPartOf\":{\"@id\":\"https:\/\/www.sitsesp.org.br\/novo\/#website\"},\"primaryImageOfPage\":{\"@id\":\"https:\/\/www.sitsesp.org.br\/novo\/ato-publico-17-de-maio\/#primaryimage\"},\"image\":{\"@id\":\"https:\/\/www.sitsesp.org.br\/novo\/ato-publico-17-de-maio\/#primaryimage\"},\"thumbnailUrl\":\"https:\/\/www.sitsesp.org.br\/novo\/wp-content\/uploads\/2021\/05\/ATOS.jpg\",\"datePublished\":\"2021-05-12T12:24:31+00:00\",\"dateModified\":\"2021-05-18T15:42:32+00:00\",\"description\":\"Estamos convocando para o dia 17 de maio \u00e0s 10h um ato p\u00fablico na sede da Funda\u00e7\u00e3o CASA em repudio aos ataques que ela vem praticando contra os direitos trabalhistas da nossa categoria. VAMOS \u00c0 LUTA!\",\"breadcrumb\":{\"@id\":\"https:\/\/www.sitsesp.org.br\/novo\/ato-publico-17-de-maio\/#breadcrumb\"},\"inLanguage\":\"pt-BR\",\"potentialAction\":[{\"@type\":\"ReadAction\",\"target\":[\"https:\/\/www.sitsesp.org.br\/novo\/ato-publico-17-de-maio\/\"]}]},{\"@type\":\"ImageObject\",\"inLanguage\":\"pt-BR\",\"@id\":\"https:\/\/www.sitsesp.org.br\/novo\/ato-publico-17-de-maio\/#primaryimage\",\"url\":\"https:\/\/www.sitsesp.org.br\/novo\/wp-content\/uploads\/2021\/05\/ATOS.jpg\",\"contentUrl\":\"https:\/\/www.sitsesp.org.br\/novo\/wp-content\/uploads\/2021\/05\/ATOS.jpg\",\"width\":800,\"height\":800},{\"@type\":\"BreadcrumbList\",\"@id\":\"https:\/\/www.sitsesp.org.br\/novo\/ato-publico-17-de-maio\/#breadcrumb\",\"itemListElement\":[{\"@type\":\"ListItem\",\"position\":1,\"name\":\"In\u00edcio\",\"item\":\"https:\/\/www.sitsesp.org.br\/novo\/\"},{\"@type\":\"ListItem\",\"position\":2,\"name\":\"ATO P\u00daBLICO &#8211; 17 DE MAIO\"}]},{\"@type\":\"WebSite\",\"@id\":\"https:\/\/www.sitsesp.org.br\/novo\/#website\",\"url\":\"https:\/\/www.sitsesp.org.br\/novo\/\",\"name\":\"Sitsesp\",\"description\":\"SIndicato da Socioeduca\u00e7\u00e3o do Estado de S\u00e3o Paulo\",\"publisher\":{\"@id\":\"https:\/\/www.sitsesp.org.br\/novo\/#organization\"},\"potentialAction\":[{\"@type\":\"SearchAction\",\"target\":{\"@type\":\"EntryPoint\",\"urlTemplate\":\"https:\/\/www.sitsesp.org.br\/novo\/?s={search_term_string}\"},\"query-input\":\"required name=search_term_string\"}],\"inLanguage\":\"pt-BR\"},{\"@type\":\"Organization\",\"@id\":\"https:\/\/www.sitsesp.org.br\/novo\/#organization\",\"name\":\"Sitsesp\",\"url\":\"https:\/\/www.sitsesp.org.br\/novo\/\",\"logo\":{\"@type\":\"ImageObject\",\"inLanguage\":\"pt-BR\",\"@id\":\"https:\/\/www.sitsesp.org.br\/novo\/#\/schema\/logo\/image\/\",\"url\":\"https:\/\/www.sitsesp.org.br\/novo\/wp-content\/uploads\/2020\/09\/Design-sem-nome-1.jpg\",\"contentUrl\":\"https:\/\/www.sitsesp.org.br\/novo\/wp-content\/uploads\/2020\/09\/Design-sem-nome-1.jpg\",\"width\":300,\"height\":300,\"caption\":\"Sitsesp\"},\"image\":{\"@id\":\"https:\/\/www.sitsesp.org.br\/novo\/#\/schema\/logo\/image\/\"}},{\"@type\":\"Person\",\"@id\":\"https:\/\/www.sitsesp.org.br\/novo\/#\/schema\/person\/28e42eec160f373e81d0183b3643edbf\",\"name\":\"imprensa\",\"image\":{\"@type\":\"ImageObject\",\"inLanguage\":\"pt-BR\",\"@id\":\"https:\/\/www.sitsesp.org.br\/novo\/#\/schema\/person\/image\/\",\"url\":\"https:\/\/secure.gravatar.com\/avatar\/8d6ccd8d7d52b8959f34154e87d3fa29?s=96&d=mm&r=g\",\"contentUrl\":\"https:\/\/secure.gravatar.com\/avatar\/8d6ccd8d7d52b8959f34154e87d3fa29?s=96&d=mm&r=g\",\"caption\":\"imprensa\"}}]}<\/script>\n<!-- \/ Yoast SEO plugin. -->","yoast_head_json":{"title":"ATO P\u00daBLICO - 17 DE MAIO - SITSESP","description":"Estamos convocando para o dia 17 de maio \u00e0s 10h um ato p\u00fablico na sede da Funda\u00e7\u00e3o CASA em repudio aos ataques que ela vem praticando contra os direitos trabalhistas da nossa categoria. VAMOS \u00c0 LUTA!","robots":{"index":"index","follow":"follow","max-snippet":"max-snippet:-1","max-image-preview":"max-image-preview:large","max-video-preview":"max-video-preview:-1"},"canonical":"https:\/\/www.sitsesp.org.br\/novo\/ato-publico-17-de-maio\/","og_locale":"pt_BR","og_type":"article","og_title":"ATO P\u00daBLICO - 17 DE MAIO - SITSESP","og_description":"Estamos convocando para o dia 17 de maio \u00e0s 10h um ato p\u00fablico na sede da Funda\u00e7\u00e3o CASA em repudio aos ataques que ela vem praticando contra os direitos trabalhistas da nossa categoria. VAMOS \u00c0 LUTA!","og_url":"https:\/\/www.sitsesp.org.br\/novo\/ato-publico-17-de-maio\/","og_site_name":"SITSESP","article_published_time":"2021-05-12T12:24:31+00:00","article_modified_time":"2021-05-18T15:42:32+00:00","og_image":[{"width":800,"height":800,"url":"https:\/\/www.sitsesp.org.br\/novo\/wp-content\/uploads\/2021\/05\/ATOS.jpg","type":"image\/jpeg"}],"author":"imprensa","twitter_card":"summary_large_image","twitter_misc":{"Escrito por":"imprensa","Est. tempo de leitura":"1 minuto"},"schema":{"@context":"https:\/\/schema.org","@graph":[{"@type":"Article","@id":"https:\/\/www.sitsesp.org.br\/novo\/ato-publico-17-de-maio\/#article","isPartOf":{"@id":"https:\/\/www.sitsesp.org.br\/novo\/ato-publico-17-de-maio\/"},"author":{"name":"imprensa","@id":"https:\/\/www.sitsesp.org.br\/novo\/#\/schema\/person\/28e42eec160f373e81d0183b3643edbf"},"headline":"ATO P\u00daBLICO &#8211; 17 DE MAIO","datePublished":"2021-05-12T12:24:31+00:00","dateModified":"2021-05-18T15:42:32+00:00","mainEntityOfPage":{"@id":"https:\/\/www.sitsesp.org.br\/novo\/ato-publico-17-de-maio\/"},"wordCount":46,"commentCount":0,"publisher":{"@id":"https:\/\/www.sitsesp.org.br\/novo\/#organization"},"image":{"@id":"https:\/\/www.sitsesp.org.br\/novo\/ato-publico-17-de-maio\/#primaryimage"},"thumbnailUrl":"https:\/\/www.sitsesp.org.br\/novo\/wp-content\/uploads\/2021\/05\/ATOS.jpg","keywords":["2021","campanha salarial","Funda\u00e7\u00e3o CASA","SINDICATO","SITSESP","SOCIOEDUCA\u00c7\u00c3O"],"articleSection":["Noticias"],"inLanguage":"pt-BR","potentialAction":[{"@type":"CommentAction","name":"Comment","target":["https:\/\/www.sitsesp.org.br\/novo\/ato-publico-17-de-maio\/#respond"]}]},{"@type":"WebPage","@id":"https:\/\/www.sitsesp.org.br\/novo\/ato-publico-17-de-maio\/","url":"https:\/\/www.sitsesp.org.br\/novo\/ato-publico-17-de-maio\/","name":"ATO P\u00daBLICO - 17 DE MAIO - SITSESP","isPartOf":{"@id":"https:\/\/www.sitsesp.org.br\/novo\/#website"},"primaryImageOfPage":{"@id":"https:\/\/www.sitsesp.org.br\/novo\/ato-publico-17-de-maio\/#primaryimage"},"image":{"@id":"https:\/\/www.sitsesp.org.br\/novo\/ato-publico-17-de-maio\/#primaryimage"},"thumbnailUrl":"https:\/\/www.sitsesp.org.br\/novo\/wp-content\/uploads\/2021\/05\/ATOS.jpg","datePublished":"2021-05-12T12:24:31+00:00","dateModified":"2021-05-18T15:42:32+00:00","description":"Estamos convocando para o dia 17 de maio \u00e0s 10h um ato p\u00fablico na sede da Funda\u00e7\u00e3o CASA em repudio aos ataques que ela vem praticando contra os direitos trabalhistas da nossa categoria. VAMOS \u00c0 LUTA!","breadcrumb":{"@id":"https:\/\/www.sitsesp.org.br\/novo\/ato-publico-17-de-maio\/#breadcrumb"},"inLanguage":"pt-BR","potentialAction":[{"@type":"ReadAction","target":["https:\/\/www.sitsesp.org.br\/novo\/ato-publico-17-de-maio\/"]}]},{"@type":"ImageObject","inLanguage":"pt-BR","@id":"https:\/\/www.sitsesp.org.br\/novo\/ato-publico-17-de-maio\/#primaryimage","url":"https:\/\/www.sitsesp.org.br\/novo\/wp-content\/uploads\/2021\/05\/ATOS.jpg","contentUrl":"https:\/\/www.sitsesp.org.br\/novo\/wp-content\/uploads\/2021\/05\/ATOS.jpg","width":800,"height":800},{"@type":"BreadcrumbList","@id":"https:\/\/www.sitsesp.org.br\/novo\/ato-publico-17-de-maio\/#breadcrumb","itemListElement":[{"@type":"ListItem","position":1,"name":"In\u00edcio","item":"https:\/\/www.sitsesp.org.br\/novo\/"},{"@type":"ListItem","position":2,"name":"ATO P\u00daBLICO &#8211; 17 DE MAIO"}]},{"@type":"WebSite","@id":"https:\/\/www.sitsesp.org.br\/novo\/#website","url":"https:\/\/www.sitsesp.org.br\/novo\/","name":"Sitsesp","description":"SIndicato da Socioeduca\u00e7\u00e3o do Estado de S\u00e3o Paulo","publisher":{"@id":"https:\/\/www.sitsesp.org.br\/novo\/#organization"},"potentialAction":[{"@type":"SearchAction","target":{"@type":"EntryPoint","urlTemplate":"https:\/\/www.sitsesp.org.br\/novo\/?s={search_term_string}"},"query-input":"required name=search_term_string"}],"inLanguage":"pt-BR"},{"@type":"Organization","@id":"https:\/\/www.sitsesp.org.br\/novo\/#organization","name":"Sitsesp","url":"https:\/\/www.sitsesp.org.br\/novo\/","logo":{"@type":"ImageObject","inLanguage":"pt-BR","@id":"https:\/\/www.sitsesp.org.br\/novo\/#\/schema\/logo\/image\/","url":"https:\/\/www.sitsesp.org.br\/novo\/wp-content\/uploads\/2020\/09\/Design-sem-nome-1.jpg","contentUrl":"https:\/\/www.sitsesp.org.br\/novo\/wp-content\/uploads\/2020\/09\/Design-sem-nome-1.jpg","width":300,"height":300,"caption":"Sitsesp"},"image":{"@id":"https:\/\/www.sitsesp.org.br\/novo\/#\/schema\/logo\/image\/"}},{"@type":"Person","@id":"https:\/\/www.sitsesp.org.br\/novo\/#\/schema\/person\/28e42eec160f373e81d0183b3643edbf","name":"imprensa","image":{"@type":"ImageObject","inLanguage":"pt-BR","@id":"https:\/\/www.sitsesp.org.br\/novo\/#\/schema\/person\/image\/","url":"https:\/\/secure.gravatar.com\/avatar\/8d6ccd8d7d52b8959f34154e87d3fa29?s=96&d=mm&r=g","contentUrl":"https:\/\/secure.gravatar.com\/avatar\/8d6ccd8d7d52b8959f34154e87d3fa29?s=96&d=mm&r=g","caption":"imprensa"}}]}},"_links":{"self":[{"href":"https:\/\/www.sitsesp.org.br\/novo\/wp-json\/wp\/v2\/posts\/6225"}],"collection":[{"href":"https:\/\/www.sitsesp.org.br\/novo\/wp-json\/wp\/v2\/posts"}],"about":[{"href":"https:\/\/www.sitsesp.org.br\/novo\/wp-json\/wp\/v2\/types\/post"}],"author":[{"embeddable":true,"href":"https:\/\/www.sitsesp.org.br\/novo\/wp-json\/wp\/v2\/users\/5"}],"replies":[{"embeddable":true,"href":"https:\/\/www.sitsesp.org.br\/novo\/wp-json\/wp\/v2\/comments?post=6225"}],"version-history":[{"count":1,"href":"https:\/\/www.sitsesp.org.br\/novo\/wp-json\/wp\/v2\/posts\/6225\/revisions"}],"predecessor-version":[{"id":6227,"href":"https:\/\/www.sitsesp.org.br\/novo\/wp-json\/wp\/v2\/posts\/6225\/revisions\/6227"}],"wp:featuredmedia":[{"embeddable":true,"href":"https:\/\/www.sitsesp.org.br\/novo\/wp-json\/wp\/v2\/media\/6226"}],"wp:attachment":[{"href":"https:\/\/www.sitsesp.org.br\/novo\/wp-json\/wp\/v2\/media?parent=6225"}],"wp:term":[{"taxonomy":"category","embeddable":true,"href":"https:\/\/www.sitsesp.org.br\/novo\/wp-json\/wp\/v2\/categories?post=6225"},{"taxonomy":"post_tag","embeddable":true,"href":"https:\/\/www.sitsesp.org.br\/novo\/wp-json\/wp\/v2\/tags?post=6225"}],"curies":[{"name":"wp","href":"https:\/\/api.w.org\/{rel}","templated":true}]}}