{"id":6352,"date":"2021-05-19T12:44:27","date_gmt":"2021-05-19T15:44:27","guid":{"rendered":"https:\/\/sitsesp.org.br\/novo\/?p=6352"},"modified":"2021-05-19T12:44:27","modified_gmt":"2021-05-19T15:44:27","slug":"assembleia-geral-29-de-maio-as-09h","status":"publish","type":"post","link":"https:\/\/www.sitsesp.org.br\/novo\/assembleia-geral-29-de-maio-as-09h\/","title":{"rendered":"ASSEMBLEIA GERAL | 29 DE MAIO \u00c0S 09h"},"content":{"rendered":"<p><!-- VideographyWP Plugin Message: Automatic video embedding prevented by plugin options. --><br \/>\nASSEMBLEIA GERAL | 29 DE MAIO \u00c0S 09h<\/p>\n<p>Aten\u00e7\u00e3o categoria! Dia 29 de maio \u00e0s 09h (primeira chamada) temos nossa ASSEMBLEIA GERAL. Pauta: Campanha Salarial e Greve da categoria.<\/p>\n<p>Vamos participar e mostrar para a Funda\u00e7\u00e3o CASA e ao Governo de S\u00e3o Paulo que os socioeducadores n\u00e3o aceitamos nenhum direito a menos! Queremos valoriza\u00e7\u00e3o, sa\u00fade e seguran\u00e7a no nosso trabalho!<\/p>\n<p>As inscri\u00e7\u00f5es se encerram dia 26 de maio \u00e0s 23h59.<\/p>\n<p>FA\u00c7A SUA INSCRI\u00c7\u00c3O: <a href=\"https:\/\/us02web.zoom.us\/meeting\/register\/tZwpf-Cqpj4uGtA8wz76hXStSKBKWIgneIHx\">https:\/\/us02web.zoom.us\/meeting\/register\/tZwpf-Cqpj4uGtA8wz76hXStSKBKWIgneIHx<\/a><\/p>\n<p>Vamos \u00e0 luta!<\/p>\n","protected":false},"excerpt":{"rendered":"<p>ASSEMBLEIA GERAL | 29 DE MAIO \u00c0S 09h Aten\u00e7\u00e3o categoria! Dia 29 de maio \u00e0s 09h (primeira chamada) temos nossa ASSEMBLEIA&hellip;<\/p>\n","protected":false},"author":5,"featured_media":6353,"comment_status":"open","ping_status":"open","sticky":false,"template":"","format":"standard","meta":{"cybocfi_hide_featured_image":"","footnotes":""},"categories":[27,22],"tags":[45,42,44,38,41,40,37,39],"yoast_head":"<!-- This site is optimized with the Yoast SEO plugin v22.8 - https:\/\/yoast.com\/wordpress\/plugins\/seo\/ -->\n<title>ASSEMBLEIA GERAL | 29 DE MAIO \u00c0S 09h - SITSESP<\/title>\n<meta name=\"description\" content=\"Aten\u00e7\u00e3o categoria! Dia 29 de maio \u00e0s 09h (primeira chamada) temos nossa ASSEMBLEIA GERAL. Pauta: Campanha Salarial e Greve da categoria.\" \/>\n<meta name=\"robots\" content=\"index, follow, max-snippet:-1, max-image-preview:large, max-video-preview:-1\" \/>\n<link rel=\"canonical\" href=\"https:\/\/www.sitsesp.org.br\/novo\/assembleia-geral-29-de-maio-as-09h\/\" \/>\n<meta property=\"og:locale\" content=\"pt_BR\" \/>\n<meta property=\"og:type\" content=\"article\" \/>\n<meta property=\"og:title\" content=\"ASSEMBLEIA GERAL | 29 DE MAIO \u00c0S 09h - SITSESP\" \/>\n<meta property=\"og:description\" content=\"Aten\u00e7\u00e3o categoria! Dia 29 de maio \u00e0s 09h (primeira chamada) temos nossa ASSEMBLEIA GERAL. Pauta: Campanha Salarial e Greve da categoria.\" \/>\n<meta property=\"og:url\" content=\"https:\/\/www.sitsesp.org.br\/novo\/assembleia-geral-29-de-maio-as-09h\/\" \/>\n<meta property=\"og:site_name\" content=\"SITSESP\" \/>\n<meta property=\"article:published_time\" content=\"2021-05-19T15:44:27+00:00\" \/>\n<meta property=\"og:image\" content=\"https:\/\/www.sitsesp.org.br\/novo\/wp-content\/uploads\/2021\/05\/cartaz-pra-assembleia.jpg\" \/>\n\t<meta property=\"og:image:width\" content=\"640\" \/>\n\t<meta property=\"og:image:height\" content=\"800\" \/>\n\t<meta property=\"og:image:type\" content=\"image\/jpeg\" \/>\n<meta name=\"author\" content=\"imprensa\" \/>\n<meta name=\"twitter:card\" content=\"summary_large_image\" \/>\n<meta name=\"twitter:label1\" content=\"Escrito por\" \/>\n\t<meta name=\"twitter:data1\" content=\"imprensa\" \/>\n\t<meta name=\"twitter:label2\" content=\"Est. tempo de leitura\" \/>\n\t<meta name=\"twitter:data2\" content=\"1 minuto\" \/>\n<script type=\"application\/ld+json\" class=\"yoast-schema-graph\">{\"@context\":\"https:\/\/schema.org\",\"@graph\":[{\"@type\":\"Article\",\"@id\":\"https:\/\/www.sitsesp.org.br\/novo\/assembleia-geral-29-de-maio-as-09h\/#article\",\"isPartOf\":{\"@id\":\"https:\/\/www.sitsesp.org.br\/novo\/assembleia-geral-29-de-maio-as-09h\/\"},\"author\":{\"name\":\"imprensa\",\"@id\":\"https:\/\/www.sitsesp.org.br\/novo\/#\/schema\/person\/28e42eec160f373e81d0183b3643edbf\"},\"headline\":\"ASSEMBLEIA GERAL | 29 DE MAIO \u00c0S 09h\",\"datePublished\":\"2021-05-19T15:44:27+00:00\",\"dateModified\":\"2021-05-19T15:44:27+00:00\",\"mainEntityOfPage\":{\"@id\":\"https:\/\/www.sitsesp.org.br\/novo\/assembleia-geral-29-de-maio-as-09h\/\"},\"wordCount\":98,\"commentCount\":0,\"publisher\":{\"@id\":\"https:\/\/www.sitsesp.org.br\/novo\/#organization\"},\"image\":{\"@id\":\"https:\/\/www.sitsesp.org.br\/novo\/assembleia-geral-29-de-maio-as-09h\/#primaryimage\"},\"thumbnailUrl\":\"https:\/\/www.sitsesp.org.br\/novo\/wp-content\/uploads\/2021\/05\/cartaz-pra-assembleia.jpg\",\"keywords\":[\"2021\",\"assembleia\",\"campanha salarial\",\"Funda\u00e7\u00e3o CASA\",\"GREVE\",\"SINDICATO\",\"SITSESP\",\"SOCIOEDUCA\u00c7\u00c3O\"],\"articleSection\":[\"Destaque\",\"Noticias\"],\"inLanguage\":\"pt-BR\",\"potentialAction\":[{\"@type\":\"CommentAction\",\"name\":\"Comment\",\"target\":[\"https:\/\/www.sitsesp.org.br\/novo\/assembleia-geral-29-de-maio-as-09h\/#respond\"]}]},{\"@type\":\"WebPage\",\"@id\":\"https:\/\/www.sitsesp.org.br\/novo\/assembleia-geral-29-de-maio-as-09h\/\",\"url\":\"https:\/\/www.sitsesp.org.br\/novo\/assembleia-geral-29-de-maio-as-09h\/\",\"name\":\"ASSEMBLEIA GERAL | 29 DE MAIO \u00c0S 09h - SITSESP\",\"isPartOf\":{\"@id\":\"https:\/\/www.sitsesp.org.br\/novo\/#website\"},\"primaryImageOfPage\":{\"@id\":\"https:\/\/www.sitsesp.org.br\/novo\/assembleia-geral-29-de-maio-as-09h\/#primaryimage\"},\"image\":{\"@id\":\"https:\/\/www.sitsesp.org.br\/novo\/assembleia-geral-29-de-maio-as-09h\/#primaryimage\"},\"thumbnailUrl\":\"https:\/\/www.sitsesp.org.br\/novo\/wp-content\/uploads\/2021\/05\/cartaz-pra-assembleia.jpg\",\"datePublished\":\"2021-05-19T15:44:27+00:00\",\"dateModified\":\"2021-05-19T15:44:27+00:00\",\"description\":\"Aten\u00e7\u00e3o categoria! Dia 29 de maio \u00e0s 09h (primeira chamada) temos nossa ASSEMBLEIA GERAL. Pauta: Campanha Salarial e Greve da categoria.\",\"breadcrumb\":{\"@id\":\"https:\/\/www.sitsesp.org.br\/novo\/assembleia-geral-29-de-maio-as-09h\/#breadcrumb\"},\"inLanguage\":\"pt-BR\",\"potentialAction\":[{\"@type\":\"ReadAction\",\"target\":[\"https:\/\/www.sitsesp.org.br\/novo\/assembleia-geral-29-de-maio-as-09h\/\"]}]},{\"@type\":\"ImageObject\",\"inLanguage\":\"pt-BR\",\"@id\":\"https:\/\/www.sitsesp.org.br\/novo\/assembleia-geral-29-de-maio-as-09h\/#primaryimage\",\"url\":\"https:\/\/www.sitsesp.org.br\/novo\/wp-content\/uploads\/2021\/05\/cartaz-pra-assembleia.jpg\",\"contentUrl\":\"https:\/\/www.sitsesp.org.br\/novo\/wp-content\/uploads\/2021\/05\/cartaz-pra-assembleia.jpg\",\"width\":640,\"height\":800},{\"@type\":\"BreadcrumbList\",\"@id\":\"https:\/\/www.sitsesp.org.br\/novo\/assembleia-geral-29-de-maio-as-09h\/#breadcrumb\",\"itemListElement\":[{\"@type\":\"ListItem\",\"position\":1,\"name\":\"In\u00edcio\",\"item\":\"https:\/\/www.sitsesp.org.br\/novo\/\"},{\"@type\":\"ListItem\",\"position\":2,\"name\":\"ASSEMBLEIA GERAL | 29 DE MAIO \u00c0S 09h\"}]},{\"@type\":\"WebSite\",\"@id\":\"https:\/\/www.sitsesp.org.br\/novo\/#website\",\"url\":\"https:\/\/www.sitsesp.org.br\/novo\/\",\"name\":\"Sitsesp\",\"description\":\"SIndicato da Socioeduca\u00e7\u00e3o do Estado de S\u00e3o Paulo\",\"publisher\":{\"@id\":\"https:\/\/www.sitsesp.org.br\/novo\/#organization\"},\"potentialAction\":[{\"@type\":\"SearchAction\",\"target\":{\"@type\":\"EntryPoint\",\"urlTemplate\":\"https:\/\/www.sitsesp.org.br\/novo\/?s={search_term_string}\"},\"query-input\":\"required name=search_term_string\"}],\"inLanguage\":\"pt-BR\"},{\"@type\":\"Organization\",\"@id\":\"https:\/\/www.sitsesp.org.br\/novo\/#organization\",\"name\":\"Sitsesp\",\"url\":\"https:\/\/www.sitsesp.org.br\/novo\/\",\"logo\":{\"@type\":\"ImageObject\",\"inLanguage\":\"pt-BR\",\"@id\":\"https:\/\/www.sitsesp.org.br\/novo\/#\/schema\/logo\/image\/\",\"url\":\"https:\/\/www.sitsesp.org.br\/novo\/wp-content\/uploads\/2020\/09\/Design-sem-nome-1.jpg\",\"contentUrl\":\"https:\/\/www.sitsesp.org.br\/novo\/wp-content\/uploads\/2020\/09\/Design-sem-nome-1.jpg\",\"width\":300,\"height\":300,\"caption\":\"Sitsesp\"},\"image\":{\"@id\":\"https:\/\/www.sitsesp.org.br\/novo\/#\/schema\/logo\/image\/\"}},{\"@type\":\"Person\",\"@id\":\"https:\/\/www.sitsesp.org.br\/novo\/#\/schema\/person\/28e42eec160f373e81d0183b3643edbf\",\"name\":\"imprensa\",\"image\":{\"@type\":\"ImageObject\",\"inLanguage\":\"pt-BR\",\"@id\":\"https:\/\/www.sitsesp.org.br\/novo\/#\/schema\/person\/image\/\",\"url\":\"https:\/\/secure.gravatar.com\/avatar\/8d6ccd8d7d52b8959f34154e87d3fa29?s=96&d=mm&r=g\",\"contentUrl\":\"https:\/\/secure.gravatar.com\/avatar\/8d6ccd8d7d52b8959f34154e87d3fa29?s=96&d=mm&r=g\",\"caption\":\"imprensa\"}}]}<\/script>\n<!-- \/ Yoast SEO plugin. -->","yoast_head_json":{"title":"ASSEMBLEIA GERAL | 29 DE MAIO \u00c0S 09h - SITSESP","description":"Aten\u00e7\u00e3o categoria! Dia 29 de maio \u00e0s 09h (primeira chamada) temos nossa ASSEMBLEIA GERAL. Pauta: Campanha Salarial e Greve da categoria.","robots":{"index":"index","follow":"follow","max-snippet":"max-snippet:-1","max-image-preview":"max-image-preview:large","max-video-preview":"max-video-preview:-1"},"canonical":"https:\/\/www.sitsesp.org.br\/novo\/assembleia-geral-29-de-maio-as-09h\/","og_locale":"pt_BR","og_type":"article","og_title":"ASSEMBLEIA GERAL | 29 DE MAIO \u00c0S 09h - SITSESP","og_description":"Aten\u00e7\u00e3o categoria! Dia 29 de maio \u00e0s 09h (primeira chamada) temos nossa ASSEMBLEIA GERAL. Pauta: Campanha Salarial e Greve da categoria.","og_url":"https:\/\/www.sitsesp.org.br\/novo\/assembleia-geral-29-de-maio-as-09h\/","og_site_name":"SITSESP","article_published_time":"2021-05-19T15:44:27+00:00","og_image":[{"width":640,"height":800,"url":"https:\/\/www.sitsesp.org.br\/novo\/wp-content\/uploads\/2021\/05\/cartaz-pra-assembleia.jpg","type":"image\/jpeg"}],"author":"imprensa","twitter_card":"summary_large_image","twitter_misc":{"Escrito por":"imprensa","Est. tempo de leitura":"1 minuto"},"schema":{"@context":"https:\/\/schema.org","@graph":[{"@type":"Article","@id":"https:\/\/www.sitsesp.org.br\/novo\/assembleia-geral-29-de-maio-as-09h\/#article","isPartOf":{"@id":"https:\/\/www.sitsesp.org.br\/novo\/assembleia-geral-29-de-maio-as-09h\/"},"author":{"name":"imprensa","@id":"https:\/\/www.sitsesp.org.br\/novo\/#\/schema\/person\/28e42eec160f373e81d0183b3643edbf"},"headline":"ASSEMBLEIA GERAL | 29 DE MAIO \u00c0S 09h","datePublished":"2021-05-19T15:44:27+00:00","dateModified":"2021-05-19T15:44:27+00:00","mainEntityOfPage":{"@id":"https:\/\/www.sitsesp.org.br\/novo\/assembleia-geral-29-de-maio-as-09h\/"},"wordCount":98,"commentCount":0,"publisher":{"@id":"https:\/\/www.sitsesp.org.br\/novo\/#organization"},"image":{"@id":"https:\/\/www.sitsesp.org.br\/novo\/assembleia-geral-29-de-maio-as-09h\/#primaryimage"},"thumbnailUrl":"https:\/\/www.sitsesp.org.br\/novo\/wp-content\/uploads\/2021\/05\/cartaz-pra-assembleia.jpg","keywords":["2021","assembleia","campanha salarial","Funda\u00e7\u00e3o CASA","GREVE","SINDICATO","SITSESP","SOCIOEDUCA\u00c7\u00c3O"],"articleSection":["Destaque","Noticias"],"inLanguage":"pt-BR","potentialAction":[{"@type":"CommentAction","name":"Comment","target":["https:\/\/www.sitsesp.org.br\/novo\/assembleia-geral-29-de-maio-as-09h\/#respond"]}]},{"@type":"WebPage","@id":"https:\/\/www.sitsesp.org.br\/novo\/assembleia-geral-29-de-maio-as-09h\/","url":"https:\/\/www.sitsesp.org.br\/novo\/assembleia-geral-29-de-maio-as-09h\/","name":"ASSEMBLEIA GERAL | 29 DE MAIO \u00c0S 09h - SITSESP","isPartOf":{"@id":"https:\/\/www.sitsesp.org.br\/novo\/#website"},"primaryImageOfPage":{"@id":"https:\/\/www.sitsesp.org.br\/novo\/assembleia-geral-29-de-maio-as-09h\/#primaryimage"},"image":{"@id":"https:\/\/www.sitsesp.org.br\/novo\/assembleia-geral-29-de-maio-as-09h\/#primaryimage"},"thumbnailUrl":"https:\/\/www.sitsesp.org.br\/novo\/wp-content\/uploads\/2021\/05\/cartaz-pra-assembleia.jpg","datePublished":"2021-05-19T15:44:27+00:00","dateModified":"2021-05-19T15:44:27+00:00","description":"Aten\u00e7\u00e3o categoria! Dia 29 de maio \u00e0s 09h (primeira chamada) temos nossa ASSEMBLEIA GERAL. Pauta: Campanha Salarial e Greve da categoria.","breadcrumb":{"@id":"https:\/\/www.sitsesp.org.br\/novo\/assembleia-geral-29-de-maio-as-09h\/#breadcrumb"},"inLanguage":"pt-BR","potentialAction":[{"@type":"ReadAction","target":["https:\/\/www.sitsesp.org.br\/novo\/assembleia-geral-29-de-maio-as-09h\/"]}]},{"@type":"ImageObject","inLanguage":"pt-BR","@id":"https:\/\/www.sitsesp.org.br\/novo\/assembleia-geral-29-de-maio-as-09h\/#primaryimage","url":"https:\/\/www.sitsesp.org.br\/novo\/wp-content\/uploads\/2021\/05\/cartaz-pra-assembleia.jpg","contentUrl":"https:\/\/www.sitsesp.org.br\/novo\/wp-content\/uploads\/2021\/05\/cartaz-pra-assembleia.jpg","width":640,"height":800},{"@type":"BreadcrumbList","@id":"https:\/\/www.sitsesp.org.br\/novo\/assembleia-geral-29-de-maio-as-09h\/#breadcrumb","itemListElement":[{"@type":"ListItem","position":1,"name":"In\u00edcio","item":"https:\/\/www.sitsesp.org.br\/novo\/"},{"@type":"ListItem","position":2,"name":"ASSEMBLEIA GERAL | 29 DE MAIO \u00c0S 09h"}]},{"@type":"WebSite","@id":"https:\/\/www.sitsesp.org.br\/novo\/#website","url":"https:\/\/www.sitsesp.org.br\/novo\/","name":"Sitsesp","description":"SIndicato da Socioeduca\u00e7\u00e3o do Estado de S\u00e3o Paulo","publisher":{"@id":"https:\/\/www.sitsesp.org.br\/novo\/#organization"},"potentialAction":[{"@type":"SearchAction","target":{"@type":"EntryPoint","urlTemplate":"https:\/\/www.sitsesp.org.br\/novo\/?s={search_term_string}"},"query-input":"required name=search_term_string"}],"inLanguage":"pt-BR"},{"@type":"Organization","@id":"https:\/\/www.sitsesp.org.br\/novo\/#organization","name":"Sitsesp","url":"https:\/\/www.sitsesp.org.br\/novo\/","logo":{"@type":"ImageObject","inLanguage":"pt-BR","@id":"https:\/\/www.sitsesp.org.br\/novo\/#\/schema\/logo\/image\/","url":"https:\/\/www.sitsesp.org.br\/novo\/wp-content\/uploads\/2020\/09\/Design-sem-nome-1.jpg","contentUrl":"https:\/\/www.sitsesp.org.br\/novo\/wp-content\/uploads\/2020\/09\/Design-sem-nome-1.jpg","width":300,"height":300,"caption":"Sitsesp"},"image":{"@id":"https:\/\/www.sitsesp.org.br\/novo\/#\/schema\/logo\/image\/"}},{"@type":"Person","@id":"https:\/\/www.sitsesp.org.br\/novo\/#\/schema\/person\/28e42eec160f373e81d0183b3643edbf","name":"imprensa","image":{"@type":"ImageObject","inLanguage":"pt-BR","@id":"https:\/\/www.sitsesp.org.br\/novo\/#\/schema\/person\/image\/","url":"https:\/\/secure.gravatar.com\/avatar\/8d6ccd8d7d52b8959f34154e87d3fa29?s=96&d=mm&r=g","contentUrl":"https:\/\/secure.gravatar.com\/avatar\/8d6ccd8d7d52b8959f34154e87d3fa29?s=96&d=mm&r=g","caption":"imprensa"}}]}},"_links":{"self":[{"href":"https:\/\/www.sitsesp.org.br\/novo\/wp-json\/wp\/v2\/posts\/6352"}],"collection":[{"href":"https:\/\/www.sitsesp.org.br\/novo\/wp-json\/wp\/v2\/posts"}],"about":[{"href":"https:\/\/www.sitsesp.org.br\/novo\/wp-json\/wp\/v2\/types\/post"}],"author":[{"embeddable":true,"href":"https:\/\/www.sitsesp.org.br\/novo\/wp-json\/wp\/v2\/users\/5"}],"replies":[{"embeddable":true,"href":"https:\/\/www.sitsesp.org.br\/novo\/wp-json\/wp\/v2\/comments?post=6352"}],"version-history":[{"count":1,"href":"https:\/\/www.sitsesp.org.br\/novo\/wp-json\/wp\/v2\/posts\/6352\/revisions"}],"predecessor-version":[{"id":6354,"href":"https:\/\/www.sitsesp.org.br\/novo\/wp-json\/wp\/v2\/posts\/6352\/revisions\/6354"}],"wp:featuredmedia":[{"embeddable":true,"href":"https:\/\/www.sitsesp.org.br\/novo\/wp-json\/wp\/v2\/media\/6353"}],"wp:attachment":[{"href":"https:\/\/www.sitsesp.org.br\/novo\/wp-json\/wp\/v2\/media?parent=6352"}],"wp:term":[{"taxonomy":"category","embeddable":true,"href":"https:\/\/www.sitsesp.org.br\/novo\/wp-json\/wp\/v2\/categories?post=6352"},{"taxonomy":"post_tag","embeddable":true,"href":"https:\/\/www.sitsesp.org.br\/novo\/wp-json\/wp\/v2\/tags?post=6352"}],"curies":[{"name":"wp","href":"https:\/\/api.w.org\/{rel}","templated":true}]}}