{"id":6370,"date":"2021-05-22T12:31:13","date_gmt":"2021-05-22T15:31:13","guid":{"rendered":"https:\/\/sitsesp.org.br\/novo\/?p=6370"},"modified":"2021-05-22T12:31:13","modified_gmt":"2021-05-22T15:31:13","slug":"repudio-da-deputada-estadual-adriana-borgo-define-nossos-sentimentos","status":"publish","type":"post","link":"https:\/\/www.sitsesp.org.br\/novo\/repudio-da-deputada-estadual-adriana-borgo-define-nossos-sentimentos\/","title":{"rendered":"REP\u00daDIO DA DEPUTADA ESTADUAL ADRIANA BORGO, DEFINE NOSSOS SENTIMENTOS"},"content":{"rendered":"<p><!-- VideographyWP Plugin Message: Automatic video embedding prevented by plugin options. --><br \/>\nA deputada Adriana Borgo divulgou um v\u00eddeo definindo o sentimento de uma popula\u00e7\u00e3o indignada com a entrega da honraria m\u00e1xima pela pol\u00edcia militar do estado de S\u00e3o Paulo \u201cMedalha Brigadeiro Tobias\u201d que foi institu\u00edda em 1965 para homenagear personalidades que prestam relevantes servi\u00e7os em benef\u00edcio da PMESP ao Governador Jo\u00e3o D\u00f3ria Jr e alguns de seus secret\u00e1rios.<\/p>\n<p>\u00c9 lament\u00e1vel uma pessoa que est\u00e1 destruindo o estado de S\u00e3o Paulo, as institui\u00e7\u00f5es p\u00fablicas, principalmente as ligadas a seguran\u00e7a p\u00fablica e da justi\u00e7a e cidadania, que \u00e9 o caso da Funda\u00e7\u00e3o CASA receber esta honraria.<\/p>\n<p>O Delegado Gustavo em resposta a bajuladores de plant\u00e3o nas redes e ao pr\u00f3prio Governador, sintetiza com a sabedoria daqueles que est\u00e3o sofrendo nas m\u00e3os desse \u201cmonstro\u201d do servi\u00e7o p\u00fablico.<\/p>\n<p><em>\u201cRespeitosamente, n\u00e3o se engane Governador!!! Quem decide a entrega da medalha s\u00e3o um pequeno grupo de meia d\u00fazia que est\u00e3o longe de representar a pol\u00edcia e que pretendem apenas lhe adular para preservar suas cadeiras. Se quiser saber o que os policiais realmente pensam de sua gest\u00e3o, procure falar com aqueles que est\u00e3o no \u2018ch\u00e3o de f\u00e1brica\u2019, nos plant\u00f5es, nas ruas, na linha de frente da atividade policial. A\u00ed ent\u00e3o, descobrir\u00e1 a verdade \u2013 que nem sempre \u00e9 agrad\u00e1vel, por vezes at\u00e9 indigesta \u2013 mas ainda assim, \u00e9 definitivamente libertadora. \u201d <\/em><\/p>\n<p>N\u00e3o se surpreendam se de uma hora para outra vermos na imprensa a seguinte manchete: O Governador Jo\u00e3o D\u00f3ria condecora com a honraria m\u00e1xima do estado de S\u00e3o Paulo \u201ca Ordem do Ipiranga\u201d o presidente da Funda\u00e7\u00e3o CASA Fernando Jos\u00e9 e seu chefe de gabinete Yuri Horlarek.<\/p>\n<p>Assista na \u00edntegra o v\u00eddeo da deputada Adriana Borgo no site e nas redes do SITSESP.<\/p>\n<p>&nbsp;<\/p>\n<div style=\"width: 352px;\" class=\"wp-video\"><!--[if lt IE 9]><script>document.createElement('video');<\/script><![endif]-->\n<video class=\"wp-video-shortcode\" id=\"video-6370-1\" width=\"352\" height=\"640\" preload=\"metadata\" controls=\"controls\"><source type=\"video\/mp4\" src=\"https:\/\/sitsesp.org.br\/novo\/wp-content\/uploads\/2021\/05\/WhatsApp-Video-2021-05-22-at-12.16.40-PM.mp4?_=1\" \/><a href=\"https:\/\/sitsesp.org.br\/novo\/wp-content\/uploads\/2021\/05\/WhatsApp-Video-2021-05-22-at-12.16.40-PM.mp4\">https:\/\/sitsesp.org.br\/novo\/wp-content\/uploads\/2021\/05\/WhatsApp-Video-2021-05-22-at-12.16.40-PM.mp4<\/a><\/video><\/div>\n","protected":false},"excerpt":{"rendered":"<p>A deputada Adriana Borgo divulgou um v\u00eddeo definindo o sentimento de uma popula\u00e7\u00e3o indignada com a entrega da honraria m\u00e1xima pela&hellip;<\/p>\n","protected":false},"author":5,"featured_media":6372,"comment_status":"open","ping_status":"open","sticky":false,"template":"","format":"standard","meta":{"cybocfi_hide_featured_image":"","footnotes":""},"categories":[22],"tags":[],"yoast_head":"<!-- This site is optimized with the Yoast SEO plugin v22.8 - https:\/\/yoast.com\/wordpress\/plugins\/seo\/ -->\n<title>REP\u00daDIO DA DEPUTADA ESTADUAL ADRIANA BORGO, DEFINE NOSSOS SENTIMENTOS - SITSESP<\/title>\n<meta name=\"robots\" content=\"index, follow, max-snippet:-1, max-image-preview:large, max-video-preview:-1\" \/>\n<link rel=\"canonical\" href=\"https:\/\/www.sitsesp.org.br\/novo\/repudio-da-deputada-estadual-adriana-borgo-define-nossos-sentimentos\/\" \/>\n<meta property=\"og:locale\" content=\"pt_BR\" \/>\n<meta property=\"og:type\" content=\"article\" \/>\n<meta property=\"og:title\" content=\"REP\u00daDIO DA DEPUTADA ESTADUAL ADRIANA BORGO, DEFINE NOSSOS SENTIMENTOS - SITSESP\" \/>\n<meta property=\"og:description\" content=\"A deputada Adriana Borgo divulgou um v\u00eddeo definindo o sentimento de uma popula\u00e7\u00e3o indignada com a entrega da honraria m\u00e1xima pela&hellip;\" \/>\n<meta property=\"og:url\" content=\"https:\/\/www.sitsesp.org.br\/novo\/repudio-da-deputada-estadual-adriana-borgo-define-nossos-sentimentos\/\" \/>\n<meta property=\"og:site_name\" content=\"SITSESP\" \/>\n<meta property=\"article:published_time\" content=\"2021-05-22T15:31:13+00:00\" \/>\n<meta property=\"og:image\" content=\"https:\/\/www.sitsesp.org.br\/novo\/wp-content\/uploads\/2021\/05\/2205.png\" \/>\n\t<meta property=\"og:image:width\" content=\"800\" \/>\n\t<meta property=\"og:image:height\" content=\"800\" \/>\n\t<meta property=\"og:image:type\" content=\"image\/png\" \/>\n<meta name=\"author\" content=\"imprensa\" \/>\n<meta name=\"twitter:card\" content=\"summary_large_image\" \/>\n<meta name=\"twitter:label1\" content=\"Escrito por\" \/>\n\t<meta name=\"twitter:data1\" content=\"imprensa\" \/>\n\t<meta name=\"twitter:label2\" content=\"Est. tempo de leitura\" \/>\n\t<meta name=\"twitter:data2\" content=\"2 minutos\" \/>\n<script type=\"application\/ld+json\" class=\"yoast-schema-graph\">{\"@context\":\"https:\/\/schema.org\",\"@graph\":[{\"@type\":\"Article\",\"@id\":\"https:\/\/www.sitsesp.org.br\/novo\/repudio-da-deputada-estadual-adriana-borgo-define-nossos-sentimentos\/#article\",\"isPartOf\":{\"@id\":\"https:\/\/www.sitsesp.org.br\/novo\/repudio-da-deputada-estadual-adriana-borgo-define-nossos-sentimentos\/\"},\"author\":{\"name\":\"imprensa\",\"@id\":\"https:\/\/www.sitsesp.org.br\/novo\/#\/schema\/person\/28e42eec160f373e81d0183b3643edbf\"},\"headline\":\"REP\u00daDIO DA DEPUTADA ESTADUAL ADRIANA BORGO, DEFINE NOSSOS SENTIMENTOS\",\"datePublished\":\"2021-05-22T15:31:13+00:00\",\"dateModified\":\"2021-05-22T15:31:13+00:00\",\"mainEntityOfPage\":{\"@id\":\"https:\/\/www.sitsesp.org.br\/novo\/repudio-da-deputada-estadual-adriana-borgo-define-nossos-sentimentos\/\"},\"wordCount\":342,\"commentCount\":0,\"publisher\":{\"@id\":\"https:\/\/www.sitsesp.org.br\/novo\/#organization\"},\"image\":{\"@id\":\"https:\/\/www.sitsesp.org.br\/novo\/repudio-da-deputada-estadual-adriana-borgo-define-nossos-sentimentos\/#primaryimage\"},\"thumbnailUrl\":\"https:\/\/www.sitsesp.org.br\/novo\/wp-content\/uploads\/2021\/05\/2205.png\",\"articleSection\":[\"Noticias\"],\"inLanguage\":\"pt-BR\",\"potentialAction\":[{\"@type\":\"CommentAction\",\"name\":\"Comment\",\"target\":[\"https:\/\/www.sitsesp.org.br\/novo\/repudio-da-deputada-estadual-adriana-borgo-define-nossos-sentimentos\/#respond\"]}]},{\"@type\":\"WebPage\",\"@id\":\"https:\/\/www.sitsesp.org.br\/novo\/repudio-da-deputada-estadual-adriana-borgo-define-nossos-sentimentos\/\",\"url\":\"https:\/\/www.sitsesp.org.br\/novo\/repudio-da-deputada-estadual-adriana-borgo-define-nossos-sentimentos\/\",\"name\":\"REP\u00daDIO DA DEPUTADA ESTADUAL ADRIANA BORGO, DEFINE NOSSOS SENTIMENTOS - SITSESP\",\"isPartOf\":{\"@id\":\"https:\/\/www.sitsesp.org.br\/novo\/#website\"},\"primaryImageOfPage\":{\"@id\":\"https:\/\/www.sitsesp.org.br\/novo\/repudio-da-deputada-estadual-adriana-borgo-define-nossos-sentimentos\/#primaryimage\"},\"image\":{\"@id\":\"https:\/\/www.sitsesp.org.br\/novo\/repudio-da-deputada-estadual-adriana-borgo-define-nossos-sentimentos\/#primaryimage\"},\"thumbnailUrl\":\"https:\/\/www.sitsesp.org.br\/novo\/wp-content\/uploads\/2021\/05\/2205.png\",\"datePublished\":\"2021-05-22T15:31:13+00:00\",\"dateModified\":\"2021-05-22T15:31:13+00:00\",\"breadcrumb\":{\"@id\":\"https:\/\/www.sitsesp.org.br\/novo\/repudio-da-deputada-estadual-adriana-borgo-define-nossos-sentimentos\/#breadcrumb\"},\"inLanguage\":\"pt-BR\",\"potentialAction\":[{\"@type\":\"ReadAction\",\"target\":[\"https:\/\/www.sitsesp.org.br\/novo\/repudio-da-deputada-estadual-adriana-borgo-define-nossos-sentimentos\/\"]}]},{\"@type\":\"ImageObject\",\"inLanguage\":\"pt-BR\",\"@id\":\"https:\/\/www.sitsesp.org.br\/novo\/repudio-da-deputada-estadual-adriana-borgo-define-nossos-sentimentos\/#primaryimage\",\"url\":\"https:\/\/www.sitsesp.org.br\/novo\/wp-content\/uploads\/2021\/05\/2205.png\",\"contentUrl\":\"https:\/\/www.sitsesp.org.br\/novo\/wp-content\/uploads\/2021\/05\/2205.png\",\"width\":800,\"height\":800},{\"@type\":\"BreadcrumbList\",\"@id\":\"https:\/\/www.sitsesp.org.br\/novo\/repudio-da-deputada-estadual-adriana-borgo-define-nossos-sentimentos\/#breadcrumb\",\"itemListElement\":[{\"@type\":\"ListItem\",\"position\":1,\"name\":\"In\u00edcio\",\"item\":\"https:\/\/www.sitsesp.org.br\/novo\/\"},{\"@type\":\"ListItem\",\"position\":2,\"name\":\"REP\u00daDIO DA DEPUTADA ESTADUAL ADRIANA BORGO, DEFINE NOSSOS SENTIMENTOS\"}]},{\"@type\":\"WebSite\",\"@id\":\"https:\/\/www.sitsesp.org.br\/novo\/#website\",\"url\":\"https:\/\/www.sitsesp.org.br\/novo\/\",\"name\":\"Sitsesp\",\"description\":\"SIndicato da Socioeduca\u00e7\u00e3o do Estado de S\u00e3o Paulo\",\"publisher\":{\"@id\":\"https:\/\/www.sitsesp.org.br\/novo\/#organization\"},\"potentialAction\":[{\"@type\":\"SearchAction\",\"target\":{\"@type\":\"EntryPoint\",\"urlTemplate\":\"https:\/\/www.sitsesp.org.br\/novo\/?s={search_term_string}\"},\"query-input\":\"required name=search_term_string\"}],\"inLanguage\":\"pt-BR\"},{\"@type\":\"Organization\",\"@id\":\"https:\/\/www.sitsesp.org.br\/novo\/#organization\",\"name\":\"Sitsesp\",\"url\":\"https:\/\/www.sitsesp.org.br\/novo\/\",\"logo\":{\"@type\":\"ImageObject\",\"inLanguage\":\"pt-BR\",\"@id\":\"https:\/\/www.sitsesp.org.br\/novo\/#\/schema\/logo\/image\/\",\"url\":\"https:\/\/www.sitsesp.org.br\/novo\/wp-content\/uploads\/2020\/09\/Design-sem-nome-1.jpg\",\"contentUrl\":\"https:\/\/www.sitsesp.org.br\/novo\/wp-content\/uploads\/2020\/09\/Design-sem-nome-1.jpg\",\"width\":300,\"height\":300,\"caption\":\"Sitsesp\"},\"image\":{\"@id\":\"https:\/\/www.sitsesp.org.br\/novo\/#\/schema\/logo\/image\/\"}},{\"@type\":\"Person\",\"@id\":\"https:\/\/www.sitsesp.org.br\/novo\/#\/schema\/person\/28e42eec160f373e81d0183b3643edbf\",\"name\":\"imprensa\",\"image\":{\"@type\":\"ImageObject\",\"inLanguage\":\"pt-BR\",\"@id\":\"https:\/\/www.sitsesp.org.br\/novo\/#\/schema\/person\/image\/\",\"url\":\"https:\/\/secure.gravatar.com\/avatar\/8d6ccd8d7d52b8959f34154e87d3fa29?s=96&d=mm&r=g\",\"contentUrl\":\"https:\/\/secure.gravatar.com\/avatar\/8d6ccd8d7d52b8959f34154e87d3fa29?s=96&d=mm&r=g\",\"caption\":\"imprensa\"}}]}<\/script>\n<!-- \/ Yoast SEO plugin. -->","yoast_head_json":{"title":"REP\u00daDIO DA DEPUTADA ESTADUAL ADRIANA BORGO, DEFINE NOSSOS SENTIMENTOS - SITSESP","robots":{"index":"index","follow":"follow","max-snippet":"max-snippet:-1","max-image-preview":"max-image-preview:large","max-video-preview":"max-video-preview:-1"},"canonical":"https:\/\/www.sitsesp.org.br\/novo\/repudio-da-deputada-estadual-adriana-borgo-define-nossos-sentimentos\/","og_locale":"pt_BR","og_type":"article","og_title":"REP\u00daDIO DA DEPUTADA ESTADUAL ADRIANA BORGO, DEFINE NOSSOS SENTIMENTOS - SITSESP","og_description":"A deputada Adriana Borgo divulgou um v\u00eddeo definindo o sentimento de uma popula\u00e7\u00e3o indignada com a entrega da honraria m\u00e1xima pela&hellip;","og_url":"https:\/\/www.sitsesp.org.br\/novo\/repudio-da-deputada-estadual-adriana-borgo-define-nossos-sentimentos\/","og_site_name":"SITSESP","article_published_time":"2021-05-22T15:31:13+00:00","og_image":[{"width":800,"height":800,"url":"https:\/\/www.sitsesp.org.br\/novo\/wp-content\/uploads\/2021\/05\/2205.png","type":"image\/png"}],"author":"imprensa","twitter_card":"summary_large_image","twitter_misc":{"Escrito por":"imprensa","Est. tempo de leitura":"2 minutos"},"schema":{"@context":"https:\/\/schema.org","@graph":[{"@type":"Article","@id":"https:\/\/www.sitsesp.org.br\/novo\/repudio-da-deputada-estadual-adriana-borgo-define-nossos-sentimentos\/#article","isPartOf":{"@id":"https:\/\/www.sitsesp.org.br\/novo\/repudio-da-deputada-estadual-adriana-borgo-define-nossos-sentimentos\/"},"author":{"name":"imprensa","@id":"https:\/\/www.sitsesp.org.br\/novo\/#\/schema\/person\/28e42eec160f373e81d0183b3643edbf"},"headline":"REP\u00daDIO DA DEPUTADA ESTADUAL ADRIANA BORGO, DEFINE NOSSOS SENTIMENTOS","datePublished":"2021-05-22T15:31:13+00:00","dateModified":"2021-05-22T15:31:13+00:00","mainEntityOfPage":{"@id":"https:\/\/www.sitsesp.org.br\/novo\/repudio-da-deputada-estadual-adriana-borgo-define-nossos-sentimentos\/"},"wordCount":342,"commentCount":0,"publisher":{"@id":"https:\/\/www.sitsesp.org.br\/novo\/#organization"},"image":{"@id":"https:\/\/www.sitsesp.org.br\/novo\/repudio-da-deputada-estadual-adriana-borgo-define-nossos-sentimentos\/#primaryimage"},"thumbnailUrl":"https:\/\/www.sitsesp.org.br\/novo\/wp-content\/uploads\/2021\/05\/2205.png","articleSection":["Noticias"],"inLanguage":"pt-BR","potentialAction":[{"@type":"CommentAction","name":"Comment","target":["https:\/\/www.sitsesp.org.br\/novo\/repudio-da-deputada-estadual-adriana-borgo-define-nossos-sentimentos\/#respond"]}]},{"@type":"WebPage","@id":"https:\/\/www.sitsesp.org.br\/novo\/repudio-da-deputada-estadual-adriana-borgo-define-nossos-sentimentos\/","url":"https:\/\/www.sitsesp.org.br\/novo\/repudio-da-deputada-estadual-adriana-borgo-define-nossos-sentimentos\/","name":"REP\u00daDIO DA DEPUTADA ESTADUAL ADRIANA BORGO, DEFINE NOSSOS SENTIMENTOS - SITSESP","isPartOf":{"@id":"https:\/\/www.sitsesp.org.br\/novo\/#website"},"primaryImageOfPage":{"@id":"https:\/\/www.sitsesp.org.br\/novo\/repudio-da-deputada-estadual-adriana-borgo-define-nossos-sentimentos\/#primaryimage"},"image":{"@id":"https:\/\/www.sitsesp.org.br\/novo\/repudio-da-deputada-estadual-adriana-borgo-define-nossos-sentimentos\/#primaryimage"},"thumbnailUrl":"https:\/\/www.sitsesp.org.br\/novo\/wp-content\/uploads\/2021\/05\/2205.png","datePublished":"2021-05-22T15:31:13+00:00","dateModified":"2021-05-22T15:31:13+00:00","breadcrumb":{"@id":"https:\/\/www.sitsesp.org.br\/novo\/repudio-da-deputada-estadual-adriana-borgo-define-nossos-sentimentos\/#breadcrumb"},"inLanguage":"pt-BR","potentialAction":[{"@type":"ReadAction","target":["https:\/\/www.sitsesp.org.br\/novo\/repudio-da-deputada-estadual-adriana-borgo-define-nossos-sentimentos\/"]}]},{"@type":"ImageObject","inLanguage":"pt-BR","@id":"https:\/\/www.sitsesp.org.br\/novo\/repudio-da-deputada-estadual-adriana-borgo-define-nossos-sentimentos\/#primaryimage","url":"https:\/\/www.sitsesp.org.br\/novo\/wp-content\/uploads\/2021\/05\/2205.png","contentUrl":"https:\/\/www.sitsesp.org.br\/novo\/wp-content\/uploads\/2021\/05\/2205.png","width":800,"height":800},{"@type":"BreadcrumbList","@id":"https:\/\/www.sitsesp.org.br\/novo\/repudio-da-deputada-estadual-adriana-borgo-define-nossos-sentimentos\/#breadcrumb","itemListElement":[{"@type":"ListItem","position":1,"name":"In\u00edcio","item":"https:\/\/www.sitsesp.org.br\/novo\/"},{"@type":"ListItem","position":2,"name":"REP\u00daDIO DA DEPUTADA ESTADUAL ADRIANA BORGO, DEFINE NOSSOS SENTIMENTOS"}]},{"@type":"WebSite","@id":"https:\/\/www.sitsesp.org.br\/novo\/#website","url":"https:\/\/www.sitsesp.org.br\/novo\/","name":"Sitsesp","description":"SIndicato da Socioeduca\u00e7\u00e3o do Estado de S\u00e3o Paulo","publisher":{"@id":"https:\/\/www.sitsesp.org.br\/novo\/#organization"},"potentialAction":[{"@type":"SearchAction","target":{"@type":"EntryPoint","urlTemplate":"https:\/\/www.sitsesp.org.br\/novo\/?s={search_term_string}"},"query-input":"required name=search_term_string"}],"inLanguage":"pt-BR"},{"@type":"Organization","@id":"https:\/\/www.sitsesp.org.br\/novo\/#organization","name":"Sitsesp","url":"https:\/\/www.sitsesp.org.br\/novo\/","logo":{"@type":"ImageObject","inLanguage":"pt-BR","@id":"https:\/\/www.sitsesp.org.br\/novo\/#\/schema\/logo\/image\/","url":"https:\/\/www.sitsesp.org.br\/novo\/wp-content\/uploads\/2020\/09\/Design-sem-nome-1.jpg","contentUrl":"https:\/\/www.sitsesp.org.br\/novo\/wp-content\/uploads\/2020\/09\/Design-sem-nome-1.jpg","width":300,"height":300,"caption":"Sitsesp"},"image":{"@id":"https:\/\/www.sitsesp.org.br\/novo\/#\/schema\/logo\/image\/"}},{"@type":"Person","@id":"https:\/\/www.sitsesp.org.br\/novo\/#\/schema\/person\/28e42eec160f373e81d0183b3643edbf","name":"imprensa","image":{"@type":"ImageObject","inLanguage":"pt-BR","@id":"https:\/\/www.sitsesp.org.br\/novo\/#\/schema\/person\/image\/","url":"https:\/\/secure.gravatar.com\/avatar\/8d6ccd8d7d52b8959f34154e87d3fa29?s=96&d=mm&r=g","contentUrl":"https:\/\/secure.gravatar.com\/avatar\/8d6ccd8d7d52b8959f34154e87d3fa29?s=96&d=mm&r=g","caption":"imprensa"}}]}},"_links":{"self":[{"href":"https:\/\/www.sitsesp.org.br\/novo\/wp-json\/wp\/v2\/posts\/6370"}],"collection":[{"href":"https:\/\/www.sitsesp.org.br\/novo\/wp-json\/wp\/v2\/posts"}],"about":[{"href":"https:\/\/www.sitsesp.org.br\/novo\/wp-json\/wp\/v2\/types\/post"}],"author":[{"embeddable":true,"href":"https:\/\/www.sitsesp.org.br\/novo\/wp-json\/wp\/v2\/users\/5"}],"replies":[{"embeddable":true,"href":"https:\/\/www.sitsesp.org.br\/novo\/wp-json\/wp\/v2\/comments?post=6370"}],"version-history":[{"count":1,"href":"https:\/\/www.sitsesp.org.br\/novo\/wp-json\/wp\/v2\/posts\/6370\/revisions"}],"predecessor-version":[{"id":6373,"href":"https:\/\/www.sitsesp.org.br\/novo\/wp-json\/wp\/v2\/posts\/6370\/revisions\/6373"}],"wp:featuredmedia":[{"embeddable":true,"href":"https:\/\/www.sitsesp.org.br\/novo\/wp-json\/wp\/v2\/media\/6372"}],"wp:attachment":[{"href":"https:\/\/www.sitsesp.org.br\/novo\/wp-json\/wp\/v2\/media?parent=6370"}],"wp:term":[{"taxonomy":"category","embeddable":true,"href":"https:\/\/www.sitsesp.org.br\/novo\/wp-json\/wp\/v2\/categories?post=6370"},{"taxonomy":"post_tag","embeddable":true,"href":"https:\/\/www.sitsesp.org.br\/novo\/wp-json\/wp\/v2\/tags?post=6370"}],"curies":[{"name":"wp","href":"https:\/\/api.w.org\/{rel}","templated":true}]}}