{"id":6384,"date":"2021-05-27T17:36:12","date_gmt":"2021-05-27T20:36:12","guid":{"rendered":"https:\/\/sitsesp.org.br\/novo\/?p=6384"},"modified":"2021-05-27T17:37:34","modified_gmt":"2021-05-27T20:37:34","slug":"imprensa-sitsesp-assembleia-online-em-29-05-2021","status":"publish","type":"post","link":"https:\/\/www.sitsesp.org.br\/novo\/imprensa-sitsesp-assembleia-online-em-29-05-2021\/","title":{"rendered":"Imprensa SITSESP | ASSEMBLEIA ONLINE EM 29\/05\/2021"},"content":{"rendered":"<p><!-- VideographyWP Plugin Message: Automatic video embedding prevented by plugin options. --><\/p>\n<p style=\"text-align: left;\"><strong>S\u00e3o Paulo, 26 de maio de 2021.<\/strong><\/p>\n<p><strong>Imprensa SITSESP<br \/>\n<\/strong><strong>Of\u00edcio Sindical N\u00ba 153\/2021<\/strong><\/p>\n<p><strong>Referente: ASSEMBLEIA ONLINE EM 29\/05\/2021<\/strong><\/p>\n<p><strong>Sindicato dos Servidores P\u00fablico e Empregados Celetistas nas Funda\u00e7\u00f5es e Entidades do Sistema Estadual de Atendimento Socioeducativo ao Adolescente em Conflito com a Lei do Estado de S\u00e3o Paulo &#8211; SITSESP<\/strong>, <strong>regularmente inscrito no CNPJ\/MF sob n\u00ba 25.327-779\/0001-85, com sede estabelecida na Rua Engenho Velho, n\u00ba 111 no Bairro do Tatuap\u00e9, S\u00e3o Paulo \u2013 SP \u2013 CEP. 03077-040, <\/strong>por seu secret\u00e1rio de imprensa infra-assinado, expor o que segue<strong><em><u>: AOS VE\u00cdCULOS DE IMPRENSA TELEVISIVA, RADIOF\u00d4NICA, ESCRITA E ON LINE<\/u><\/em><\/strong><\/p>\n<p>O SITSESP estar\u00e1 realizando no pr\u00f3ximo dia 29 de maio, assembleia para que a categoria socioeducativa da Funda\u00e7\u00e3o CASA defina os rumos da negocia\u00e7\u00e3o salarial 2021.<\/p>\n<p>A Funda\u00e7\u00e3o CASA est\u00e1 irredut\u00edvel em conversar com a categoria, e quando o fez, foi para tirar direitos dos servidores. No dia 29 a categoria se reunir\u00e1 em assembleia para indicar, deliberar e deflagrar por uma greve hist\u00f3rica, que mostrar\u00e1 ao governo do estado de S\u00e3o Paulo e dire\u00e7\u00e3o da Funda\u00e7\u00e3o CASA que n\u00e3o se tira direitos adquiridos ao longo dos tempos \u00e0 custa de muitas lutas com portarias e acordos unilateralmente firmados.<\/p>\n<p>Os servidores da Funda\u00e7\u00e3o CASA est\u00e3o sem reajuste salarial desde 2015 e sem o repasse da infla\u00e7\u00e3o desde 2019, mas o plano de sa\u00fade vem ano a ano tendo reajustes em negocia\u00e7\u00f5es unilaterais sem a participa\u00e7\u00e3o do servidor; h\u00e1 uma d\u00e9cada que a categoria n\u00e3o tem Plano de Cargos e Sal\u00e1rios aplicados em suas fun\u00e7\u00f5es; a Funda\u00e7\u00e3o CASA vem reduzindo e fechando Centros de interna\u00e7\u00f5es em todo estado e transferindo servidores para longe dos seus domic\u00edlios residenciais, separando assim, dos seus familiares gerando um custo alt\u00edssimo para estes servidores transferidos, al\u00e9m de outras sequelas na sa\u00fade do trabalhador.<\/p>\n<p>Como se n\u00e3o bastasse toda humilha\u00e7\u00e3o e opress\u00e3o que a gest\u00e3o da Funda\u00e7\u00e3o CASA presidida interinamente pelo Secret\u00e1rio de Justi\u00e7a Fernando Jos\u00e9 e amparada pela ditadura do \u00a0governador Jo\u00e3o D\u00f3ria contra os trabalhadores, informaram por meio de comunicado da Divis\u00e3o de Recursos Humanos que o VR \u2013 Vale Refei\u00e7\u00e3o \u2013 dos trabalhadores em f\u00e9rias, afastados por comorbidades, afastados compulsoriamente, licen\u00e7a maternidade\/adotante, atestado m\u00e9dico, falta injustificada, perspectiva de abandono, benef\u00edcio indeferido, afastado para candidatura eleitoral e suspen\u00e7\u00e3o disciplinar, ter\u00e3o seus vales cortados e, ou, descontados em folha de pagamento. Para os cr\u00e9ditos em 01\/06, muitos desses trabalhadores n\u00e3o tiveram seus cr\u00e9ditos no VR.<\/p>\n<p>Viemos pedir para que os ve\u00edculos de imprensa deem aten\u00e7\u00e3o para esta categoria t\u00e3o sofrida que cuida da socioeduca\u00e7\u00e3o de milhares de adolescentes cumprindo medidas judiciais por todo Estado de S\u00e3o Paulo.<\/p>\n<p>Israel Leal de Souza &#8211; Diretor de Imprensa SITSESP<\/p>\n<a href=\"https:\/\/sitsesp.org.br\/novo\/wp-content\/uploads\/2021\/05\/Oficio-153-Israel.pdf\" class=\"pdfemb-viewer\" style=\"\" data-width=\"max\" data-height=\"max\" data-toolbar=\"bottom\" data-toolbar-fixed=\"off\">Oficio 153-Israel<\/a>\n","protected":false},"excerpt":{"rendered":"<p>S\u00e3o Paulo, 26 de maio de 2021. Imprensa SITSESP Of\u00edcio Sindical N\u00ba 153\/2021 Referente: ASSEMBLEIA ONLINE EM 29\/05\/2021 Sindicato dos Servidores&hellip;<\/p>\n","protected":false},"author":5,"featured_media":6385,"comment_status":"open","ping_status":"open","sticky":false,"template":"","format":"standard","meta":{"cybocfi_hide_featured_image":"","footnotes":""},"categories":[27,22],"tags":[45,42,44,41,37,39],"yoast_head":"<!-- This site is optimized with the Yoast SEO plugin v22.8 - https:\/\/yoast.com\/wordpress\/plugins\/seo\/ -->\n<title>Imprensa SITSESP | ASSEMBLEIA ONLINE EM 29\/05\/2021 - SITSESP<\/title>\n<meta name=\"description\" content=\"Viemos pedir para que os ve\u00edculos de imprensa deem aten\u00e7\u00e3o para esta categoria t\u00e3o sofrida que cuida da socioeduca\u00e7\u00e3o de milhares de adolescentes cumprindo medidas judiciais por todo Estado de S\u00e3o Paulo.\" \/>\n<meta name=\"robots\" content=\"index, follow, max-snippet:-1, max-image-preview:large, max-video-preview:-1\" \/>\n<link rel=\"canonical\" href=\"https:\/\/www.sitsesp.org.br\/novo\/imprensa-sitsesp-assembleia-online-em-29-05-2021\/\" \/>\n<meta property=\"og:locale\" content=\"pt_BR\" \/>\n<meta property=\"og:type\" content=\"article\" \/>\n<meta property=\"og:title\" content=\"Imprensa SITSESP | ASSEMBLEIA ONLINE EM 29\/05\/2021 - SITSESP\" \/>\n<meta property=\"og:description\" content=\"Viemos pedir para que os ve\u00edculos de imprensa deem aten\u00e7\u00e3o para esta categoria t\u00e3o sofrida que cuida da socioeduca\u00e7\u00e3o de milhares de adolescentes cumprindo medidas judiciais por todo Estado de S\u00e3o Paulo.\" \/>\n<meta property=\"og:url\" content=\"https:\/\/www.sitsesp.org.br\/novo\/imprensa-sitsesp-assembleia-online-em-29-05-2021\/\" \/>\n<meta property=\"og:site_name\" content=\"SITSESP\" \/>\n<meta property=\"article:published_time\" content=\"2021-05-27T20:36:12+00:00\" \/>\n<meta property=\"article:modified_time\" content=\"2021-05-27T20:37:34+00:00\" \/>\n<meta property=\"og:image\" content=\"https:\/\/www.sitsesp.org.br\/novo\/wp-content\/uploads\/2021\/05\/2705b.png\" \/>\n\t<meta property=\"og:image:width\" content=\"800\" \/>\n\t<meta property=\"og:image:height\" content=\"800\" \/>\n\t<meta property=\"og:image:type\" content=\"image\/png\" \/>\n<meta name=\"author\" content=\"imprensa\" \/>\n<meta name=\"twitter:card\" content=\"summary_large_image\" \/>\n<meta name=\"twitter:label1\" content=\"Escrito por\" \/>\n\t<meta name=\"twitter:data1\" content=\"imprensa\" \/>\n\t<meta name=\"twitter:label2\" content=\"Est. tempo de leitura\" \/>\n\t<meta name=\"twitter:data2\" content=\"2 minutos\" \/>\n<script type=\"application\/ld+json\" class=\"yoast-schema-graph\">{\"@context\":\"https:\/\/schema.org\",\"@graph\":[{\"@type\":\"Article\",\"@id\":\"https:\/\/www.sitsesp.org.br\/novo\/imprensa-sitsesp-assembleia-online-em-29-05-2021\/#article\",\"isPartOf\":{\"@id\":\"https:\/\/www.sitsesp.org.br\/novo\/imprensa-sitsesp-assembleia-online-em-29-05-2021\/\"},\"author\":{\"name\":\"imprensa\",\"@id\":\"https:\/\/www.sitsesp.org.br\/novo\/#\/schema\/person\/28e42eec160f373e81d0183b3643edbf\"},\"headline\":\"Imprensa SITSESP | ASSEMBLEIA ONLINE EM 29\/05\/2021\",\"datePublished\":\"2021-05-27T20:36:12+00:00\",\"dateModified\":\"2021-05-27T20:37:34+00:00\",\"mainEntityOfPage\":{\"@id\":\"https:\/\/www.sitsesp.org.br\/novo\/imprensa-sitsesp-assembleia-online-em-29-05-2021\/\"},\"wordCount\":503,\"commentCount\":0,\"publisher\":{\"@id\":\"https:\/\/www.sitsesp.org.br\/novo\/#organization\"},\"image\":{\"@id\":\"https:\/\/www.sitsesp.org.br\/novo\/imprensa-sitsesp-assembleia-online-em-29-05-2021\/#primaryimage\"},\"thumbnailUrl\":\"https:\/\/www.sitsesp.org.br\/novo\/wp-content\/uploads\/2021\/05\/2705b.png\",\"keywords\":[\"2021\",\"assembleia\",\"campanha salarial\",\"GREVE\",\"SITSESP\",\"SOCIOEDUCA\u00c7\u00c3O\"],\"articleSection\":[\"Destaque\",\"Noticias\"],\"inLanguage\":\"pt-BR\",\"potentialAction\":[{\"@type\":\"CommentAction\",\"name\":\"Comment\",\"target\":[\"https:\/\/www.sitsesp.org.br\/novo\/imprensa-sitsesp-assembleia-online-em-29-05-2021\/#respond\"]}]},{\"@type\":\"WebPage\",\"@id\":\"https:\/\/www.sitsesp.org.br\/novo\/imprensa-sitsesp-assembleia-online-em-29-05-2021\/\",\"url\":\"https:\/\/www.sitsesp.org.br\/novo\/imprensa-sitsesp-assembleia-online-em-29-05-2021\/\",\"name\":\"Imprensa SITSESP | ASSEMBLEIA ONLINE EM 29\/05\/2021 - SITSESP\",\"isPartOf\":{\"@id\":\"https:\/\/www.sitsesp.org.br\/novo\/#website\"},\"primaryImageOfPage\":{\"@id\":\"https:\/\/www.sitsesp.org.br\/novo\/imprensa-sitsesp-assembleia-online-em-29-05-2021\/#primaryimage\"},\"image\":{\"@id\":\"https:\/\/www.sitsesp.org.br\/novo\/imprensa-sitsesp-assembleia-online-em-29-05-2021\/#primaryimage\"},\"thumbnailUrl\":\"https:\/\/www.sitsesp.org.br\/novo\/wp-content\/uploads\/2021\/05\/2705b.png\",\"datePublished\":\"2021-05-27T20:36:12+00:00\",\"dateModified\":\"2021-05-27T20:37:34+00:00\",\"description\":\"Viemos pedir para que os ve\u00edculos de imprensa deem aten\u00e7\u00e3o para esta categoria t\u00e3o sofrida que cuida da socioeduca\u00e7\u00e3o de milhares de adolescentes cumprindo medidas judiciais por todo Estado de S\u00e3o Paulo.\",\"breadcrumb\":{\"@id\":\"https:\/\/www.sitsesp.org.br\/novo\/imprensa-sitsesp-assembleia-online-em-29-05-2021\/#breadcrumb\"},\"inLanguage\":\"pt-BR\",\"potentialAction\":[{\"@type\":\"ReadAction\",\"target\":[\"https:\/\/www.sitsesp.org.br\/novo\/imprensa-sitsesp-assembleia-online-em-29-05-2021\/\"]}]},{\"@type\":\"ImageObject\",\"inLanguage\":\"pt-BR\",\"@id\":\"https:\/\/www.sitsesp.org.br\/novo\/imprensa-sitsesp-assembleia-online-em-29-05-2021\/#primaryimage\",\"url\":\"https:\/\/www.sitsesp.org.br\/novo\/wp-content\/uploads\/2021\/05\/2705b.png\",\"contentUrl\":\"https:\/\/www.sitsesp.org.br\/novo\/wp-content\/uploads\/2021\/05\/2705b.png\",\"width\":800,\"height\":800},{\"@type\":\"BreadcrumbList\",\"@id\":\"https:\/\/www.sitsesp.org.br\/novo\/imprensa-sitsesp-assembleia-online-em-29-05-2021\/#breadcrumb\",\"itemListElement\":[{\"@type\":\"ListItem\",\"position\":1,\"name\":\"In\u00edcio\",\"item\":\"https:\/\/www.sitsesp.org.br\/novo\/\"},{\"@type\":\"ListItem\",\"position\":2,\"name\":\"Imprensa SITSESP | ASSEMBLEIA ONLINE EM 29\/05\/2021\"}]},{\"@type\":\"WebSite\",\"@id\":\"https:\/\/www.sitsesp.org.br\/novo\/#website\",\"url\":\"https:\/\/www.sitsesp.org.br\/novo\/\",\"name\":\"Sitsesp\",\"description\":\"SIndicato da Socioeduca\u00e7\u00e3o do Estado de S\u00e3o Paulo\",\"publisher\":{\"@id\":\"https:\/\/www.sitsesp.org.br\/novo\/#organization\"},\"potentialAction\":[{\"@type\":\"SearchAction\",\"target\":{\"@type\":\"EntryPoint\",\"urlTemplate\":\"https:\/\/www.sitsesp.org.br\/novo\/?s={search_term_string}\"},\"query-input\":\"required name=search_term_string\"}],\"inLanguage\":\"pt-BR\"},{\"@type\":\"Organization\",\"@id\":\"https:\/\/www.sitsesp.org.br\/novo\/#organization\",\"name\":\"Sitsesp\",\"url\":\"https:\/\/www.sitsesp.org.br\/novo\/\",\"logo\":{\"@type\":\"ImageObject\",\"inLanguage\":\"pt-BR\",\"@id\":\"https:\/\/www.sitsesp.org.br\/novo\/#\/schema\/logo\/image\/\",\"url\":\"https:\/\/www.sitsesp.org.br\/novo\/wp-content\/uploads\/2020\/09\/Design-sem-nome-1.jpg\",\"contentUrl\":\"https:\/\/www.sitsesp.org.br\/novo\/wp-content\/uploads\/2020\/09\/Design-sem-nome-1.jpg\",\"width\":300,\"height\":300,\"caption\":\"Sitsesp\"},\"image\":{\"@id\":\"https:\/\/www.sitsesp.org.br\/novo\/#\/schema\/logo\/image\/\"}},{\"@type\":\"Person\",\"@id\":\"https:\/\/www.sitsesp.org.br\/novo\/#\/schema\/person\/28e42eec160f373e81d0183b3643edbf\",\"name\":\"imprensa\",\"image\":{\"@type\":\"ImageObject\",\"inLanguage\":\"pt-BR\",\"@id\":\"https:\/\/www.sitsesp.org.br\/novo\/#\/schema\/person\/image\/\",\"url\":\"https:\/\/secure.gravatar.com\/avatar\/8d6ccd8d7d52b8959f34154e87d3fa29?s=96&d=mm&r=g\",\"contentUrl\":\"https:\/\/secure.gravatar.com\/avatar\/8d6ccd8d7d52b8959f34154e87d3fa29?s=96&d=mm&r=g\",\"caption\":\"imprensa\"}}]}<\/script>\n<!-- \/ Yoast SEO plugin. -->","yoast_head_json":{"title":"Imprensa SITSESP | ASSEMBLEIA ONLINE EM 29\/05\/2021 - SITSESP","description":"Viemos pedir para que os ve\u00edculos de imprensa deem aten\u00e7\u00e3o para esta categoria t\u00e3o sofrida que cuida da socioeduca\u00e7\u00e3o de milhares de adolescentes cumprindo medidas judiciais por todo Estado de S\u00e3o Paulo.","robots":{"index":"index","follow":"follow","max-snippet":"max-snippet:-1","max-image-preview":"max-image-preview:large","max-video-preview":"max-video-preview:-1"},"canonical":"https:\/\/www.sitsesp.org.br\/novo\/imprensa-sitsesp-assembleia-online-em-29-05-2021\/","og_locale":"pt_BR","og_type":"article","og_title":"Imprensa SITSESP | ASSEMBLEIA ONLINE EM 29\/05\/2021 - SITSESP","og_description":"Viemos pedir para que os ve\u00edculos de imprensa deem aten\u00e7\u00e3o para esta categoria t\u00e3o sofrida que cuida da socioeduca\u00e7\u00e3o de milhares de adolescentes cumprindo medidas judiciais por todo Estado de S\u00e3o Paulo.","og_url":"https:\/\/www.sitsesp.org.br\/novo\/imprensa-sitsesp-assembleia-online-em-29-05-2021\/","og_site_name":"SITSESP","article_published_time":"2021-05-27T20:36:12+00:00","article_modified_time":"2021-05-27T20:37:34+00:00","og_image":[{"width":800,"height":800,"url":"https:\/\/www.sitsesp.org.br\/novo\/wp-content\/uploads\/2021\/05\/2705b.png","type":"image\/png"}],"author":"imprensa","twitter_card":"summary_large_image","twitter_misc":{"Escrito por":"imprensa","Est. tempo de leitura":"2 minutos"},"schema":{"@context":"https:\/\/schema.org","@graph":[{"@type":"Article","@id":"https:\/\/www.sitsesp.org.br\/novo\/imprensa-sitsesp-assembleia-online-em-29-05-2021\/#article","isPartOf":{"@id":"https:\/\/www.sitsesp.org.br\/novo\/imprensa-sitsesp-assembleia-online-em-29-05-2021\/"},"author":{"name":"imprensa","@id":"https:\/\/www.sitsesp.org.br\/novo\/#\/schema\/person\/28e42eec160f373e81d0183b3643edbf"},"headline":"Imprensa SITSESP | ASSEMBLEIA ONLINE EM 29\/05\/2021","datePublished":"2021-05-27T20:36:12+00:00","dateModified":"2021-05-27T20:37:34+00:00","mainEntityOfPage":{"@id":"https:\/\/www.sitsesp.org.br\/novo\/imprensa-sitsesp-assembleia-online-em-29-05-2021\/"},"wordCount":503,"commentCount":0,"publisher":{"@id":"https:\/\/www.sitsesp.org.br\/novo\/#organization"},"image":{"@id":"https:\/\/www.sitsesp.org.br\/novo\/imprensa-sitsesp-assembleia-online-em-29-05-2021\/#primaryimage"},"thumbnailUrl":"https:\/\/www.sitsesp.org.br\/novo\/wp-content\/uploads\/2021\/05\/2705b.png","keywords":["2021","assembleia","campanha salarial","GREVE","SITSESP","SOCIOEDUCA\u00c7\u00c3O"],"articleSection":["Destaque","Noticias"],"inLanguage":"pt-BR","potentialAction":[{"@type":"CommentAction","name":"Comment","target":["https:\/\/www.sitsesp.org.br\/novo\/imprensa-sitsesp-assembleia-online-em-29-05-2021\/#respond"]}]},{"@type":"WebPage","@id":"https:\/\/www.sitsesp.org.br\/novo\/imprensa-sitsesp-assembleia-online-em-29-05-2021\/","url":"https:\/\/www.sitsesp.org.br\/novo\/imprensa-sitsesp-assembleia-online-em-29-05-2021\/","name":"Imprensa SITSESP | ASSEMBLEIA ONLINE EM 29\/05\/2021 - SITSESP","isPartOf":{"@id":"https:\/\/www.sitsesp.org.br\/novo\/#website"},"primaryImageOfPage":{"@id":"https:\/\/www.sitsesp.org.br\/novo\/imprensa-sitsesp-assembleia-online-em-29-05-2021\/#primaryimage"},"image":{"@id":"https:\/\/www.sitsesp.org.br\/novo\/imprensa-sitsesp-assembleia-online-em-29-05-2021\/#primaryimage"},"thumbnailUrl":"https:\/\/www.sitsesp.org.br\/novo\/wp-content\/uploads\/2021\/05\/2705b.png","datePublished":"2021-05-27T20:36:12+00:00","dateModified":"2021-05-27T20:37:34+00:00","description":"Viemos pedir para que os ve\u00edculos de imprensa deem aten\u00e7\u00e3o para esta categoria t\u00e3o sofrida que cuida da socioeduca\u00e7\u00e3o de milhares de adolescentes cumprindo medidas judiciais por todo Estado de S\u00e3o Paulo.","breadcrumb":{"@id":"https:\/\/www.sitsesp.org.br\/novo\/imprensa-sitsesp-assembleia-online-em-29-05-2021\/#breadcrumb"},"inLanguage":"pt-BR","potentialAction":[{"@type":"ReadAction","target":["https:\/\/www.sitsesp.org.br\/novo\/imprensa-sitsesp-assembleia-online-em-29-05-2021\/"]}]},{"@type":"ImageObject","inLanguage":"pt-BR","@id":"https:\/\/www.sitsesp.org.br\/novo\/imprensa-sitsesp-assembleia-online-em-29-05-2021\/#primaryimage","url":"https:\/\/www.sitsesp.org.br\/novo\/wp-content\/uploads\/2021\/05\/2705b.png","contentUrl":"https:\/\/www.sitsesp.org.br\/novo\/wp-content\/uploads\/2021\/05\/2705b.png","width":800,"height":800},{"@type":"BreadcrumbList","@id":"https:\/\/www.sitsesp.org.br\/novo\/imprensa-sitsesp-assembleia-online-em-29-05-2021\/#breadcrumb","itemListElement":[{"@type":"ListItem","position":1,"name":"In\u00edcio","item":"https:\/\/www.sitsesp.org.br\/novo\/"},{"@type":"ListItem","position":2,"name":"Imprensa SITSESP | ASSEMBLEIA ONLINE EM 29\/05\/2021"}]},{"@type":"WebSite","@id":"https:\/\/www.sitsesp.org.br\/novo\/#website","url":"https:\/\/www.sitsesp.org.br\/novo\/","name":"Sitsesp","description":"SIndicato da Socioeduca\u00e7\u00e3o do Estado de S\u00e3o Paulo","publisher":{"@id":"https:\/\/www.sitsesp.org.br\/novo\/#organization"},"potentialAction":[{"@type":"SearchAction","target":{"@type":"EntryPoint","urlTemplate":"https:\/\/www.sitsesp.org.br\/novo\/?s={search_term_string}"},"query-input":"required name=search_term_string"}],"inLanguage":"pt-BR"},{"@type":"Organization","@id":"https:\/\/www.sitsesp.org.br\/novo\/#organization","name":"Sitsesp","url":"https:\/\/www.sitsesp.org.br\/novo\/","logo":{"@type":"ImageObject","inLanguage":"pt-BR","@id":"https:\/\/www.sitsesp.org.br\/novo\/#\/schema\/logo\/image\/","url":"https:\/\/www.sitsesp.org.br\/novo\/wp-content\/uploads\/2020\/09\/Design-sem-nome-1.jpg","contentUrl":"https:\/\/www.sitsesp.org.br\/novo\/wp-content\/uploads\/2020\/09\/Design-sem-nome-1.jpg","width":300,"height":300,"caption":"Sitsesp"},"image":{"@id":"https:\/\/www.sitsesp.org.br\/novo\/#\/schema\/logo\/image\/"}},{"@type":"Person","@id":"https:\/\/www.sitsesp.org.br\/novo\/#\/schema\/person\/28e42eec160f373e81d0183b3643edbf","name":"imprensa","image":{"@type":"ImageObject","inLanguage":"pt-BR","@id":"https:\/\/www.sitsesp.org.br\/novo\/#\/schema\/person\/image\/","url":"https:\/\/secure.gravatar.com\/avatar\/8d6ccd8d7d52b8959f34154e87d3fa29?s=96&d=mm&r=g","contentUrl":"https:\/\/secure.gravatar.com\/avatar\/8d6ccd8d7d52b8959f34154e87d3fa29?s=96&d=mm&r=g","caption":"imprensa"}}]}},"_links":{"self":[{"href":"https:\/\/www.sitsesp.org.br\/novo\/wp-json\/wp\/v2\/posts\/6384"}],"collection":[{"href":"https:\/\/www.sitsesp.org.br\/novo\/wp-json\/wp\/v2\/posts"}],"about":[{"href":"https:\/\/www.sitsesp.org.br\/novo\/wp-json\/wp\/v2\/types\/post"}],"author":[{"embeddable":true,"href":"https:\/\/www.sitsesp.org.br\/novo\/wp-json\/wp\/v2\/users\/5"}],"replies":[{"embeddable":true,"href":"https:\/\/www.sitsesp.org.br\/novo\/wp-json\/wp\/v2\/comments?post=6384"}],"version-history":[{"count":3,"href":"https:\/\/www.sitsesp.org.br\/novo\/wp-json\/wp\/v2\/posts\/6384\/revisions"}],"predecessor-version":[{"id":6389,"href":"https:\/\/www.sitsesp.org.br\/novo\/wp-json\/wp\/v2\/posts\/6384\/revisions\/6389"}],"wp:featuredmedia":[{"embeddable":true,"href":"https:\/\/www.sitsesp.org.br\/novo\/wp-json\/wp\/v2\/media\/6385"}],"wp:attachment":[{"href":"https:\/\/www.sitsesp.org.br\/novo\/wp-json\/wp\/v2\/media?parent=6384"}],"wp:term":[{"taxonomy":"category","embeddable":true,"href":"https:\/\/www.sitsesp.org.br\/novo\/wp-json\/wp\/v2\/categories?post=6384"},{"taxonomy":"post_tag","embeddable":true,"href":"https:\/\/www.sitsesp.org.br\/novo\/wp-json\/wp\/v2\/tags?post=6384"}],"curies":[{"name":"wp","href":"https:\/\/api.w.org\/{rel}","templated":true}]}}