{"id":6402,"date":"2021-06-01T19:34:01","date_gmt":"2021-06-01T22:34:01","guid":{"rendered":"https:\/\/sitsesp.org.br\/novo\/?p=6402"},"modified":"2021-06-01T19:34:01","modified_gmt":"2021-06-01T22:34:01","slug":"sitsesp-notificou-a-fundacao-casa-o-ministerio-publico-e-o-tribunal-regional-do-trabalho-da-deflagracao-da-greve","status":"publish","type":"post","link":"https:\/\/www.sitsesp.org.br\/novo\/sitsesp-notificou-a-fundacao-casa-o-ministerio-publico-e-o-tribunal-regional-do-trabalho-da-deflagracao-da-greve\/","title":{"rendered":"SITSESP notificou a Funda\u00e7\u00e3o CASA, o Minist\u00e9rio P\u00fablico e o Tribunal Regional do Trabalho da deflagra\u00e7\u00e3o da greve"},"content":{"rendered":"<p><!-- VideographyWP Plugin Message: Automatic video embedding prevented by plugin options. --><br \/>\nEm 31 de maio o SITSESP, atrav\u00e9s do Of\u00edcio Sindical N\u00ba 160\/2021, notificou o Presidente da Funda\u00e7\u00e3o CASA, o Minist\u00e9rio P\u00fablico do Trabalho da 2\u00aa Regi\u00e3o e o Tribunal Regional do Trabalho da 2\u00aa Regi\u00e3o da deflagra\u00e7\u00e3o de greve dos trabalhadores da Funda\u00e7\u00e3o CASA a partir do dia 04 de junho \u00e0s 07h.<\/p>\n<p>A decis\u00e3o foi tomada pela categoria na assembleia realizada em 29 de maio e a decis\u00e3o da greve foi respaldada por 89% dos servidores socioeducativos presentes na assembleia.<\/p>\n<a href=\"https:\/\/sitsesp.org.br\/novo\/wp-content\/uploads\/2021\/06\/Ofi\u0301cio-Sindical-160-Greve.pdf\" class=\"pdfemb-viewer\" style=\"\" data-width=\"max\" data-height=\"max\" data-toolbar=\"bottom\" data-toolbar-fixed=\"off\">Ofi\u0301cio Sindical 160 Greve<\/a>\n<p><a href=\"https:\/\/sitsesp.org.br\/novo\/wp-content\/uploads\/2021\/06\/Ofi\u0301cio-Sindical-160-Greve.pdf\">BAIXE AQUI<\/a><\/p>\n<p>&nbsp;<\/p>\n<p>&nbsp;<\/p>\n","protected":false},"excerpt":{"rendered":"<p>Em 31 de maio o SITSESP, atrav\u00e9s do Of\u00edcio Sindical N\u00ba 160\/2021, notificou o Presidente da Funda\u00e7\u00e3o CASA, o Minist\u00e9rio P\u00fablico do Trabalho da 2\u00aa Regi\u00e3o e o Tribunal Regional do Trabalho da 2\u00aa Regi\u00e3o da deflagra\u00e7\u00e3o de greve dos trabalhadores da Funda\u00e7\u00e3o CASA a partir do dia 04 de junho \u00e0s 07h.<\/p>\n","protected":false},"author":5,"featured_media":6404,"comment_status":"open","ping_status":"open","sticky":false,"template":"","format":"standard","meta":{"cybocfi_hide_featured_image":"","footnotes":""},"categories":[27,22],"tags":[45,44,38,41,37,39],"yoast_head":"<!-- This site is optimized with the Yoast SEO plugin v22.8 - https:\/\/yoast.com\/wordpress\/plugins\/seo\/ -->\n<title>SITSESP notificou a Funda\u00e7\u00e3o CASA, o Minist\u00e9rio P\u00fablico e o Tribunal Regional do Trabalho da deflagra\u00e7\u00e3o da greve - SITSESP<\/title>\n<meta name=\"description\" content=\"Em 31 de maio o SITSESP, atrav\u00e9s do Of\u00edcio Sindical N\u00ba 160\/2021, notificou o Presidente da Funda\u00e7\u00e3o CASA, o Minist\u00e9rio P\u00fablico do Trabalho da 2\u00aa Regi\u00e3o e o Tribunal Regional do Trabalho da 2\u00aa Regi\u00e3o da deflagra\u00e7\u00e3o de greve dos trabalhadores da Funda\u00e7\u00e3o CASA a partir do dia 04 de junho \u00e0s 07h.\" \/>\n<meta name=\"robots\" content=\"index, follow, max-snippet:-1, max-image-preview:large, max-video-preview:-1\" \/>\n<link rel=\"canonical\" href=\"https:\/\/www.sitsesp.org.br\/novo\/sitsesp-notificou-a-fundacao-casa-o-ministerio-publico-e-o-tribunal-regional-do-trabalho-da-deflagracao-da-greve\/\" \/>\n<meta property=\"og:locale\" content=\"pt_BR\" \/>\n<meta property=\"og:type\" content=\"article\" \/>\n<meta property=\"og:title\" content=\"SITSESP notificou a Funda\u00e7\u00e3o CASA, o Minist\u00e9rio P\u00fablico e o Tribunal Regional do Trabalho da deflagra\u00e7\u00e3o da greve - SITSESP\" \/>\n<meta property=\"og:description\" content=\"Em 31 de maio o SITSESP, atrav\u00e9s do Of\u00edcio Sindical N\u00ba 160\/2021, notificou o Presidente da Funda\u00e7\u00e3o CASA, o Minist\u00e9rio P\u00fablico do Trabalho da 2\u00aa Regi\u00e3o e o Tribunal Regional do Trabalho da 2\u00aa Regi\u00e3o da deflagra\u00e7\u00e3o de greve dos trabalhadores da Funda\u00e7\u00e3o CASA a partir do dia 04 de junho \u00e0s 07h.\" \/>\n<meta property=\"og:url\" content=\"https:\/\/www.sitsesp.org.br\/novo\/sitsesp-notificou-a-fundacao-casa-o-ministerio-publico-e-o-tribunal-regional-do-trabalho-da-deflagracao-da-greve\/\" \/>\n<meta property=\"og:site_name\" content=\"SITSESP\" \/>\n<meta property=\"article:published_time\" content=\"2021-06-01T22:34:01+00:00\" \/>\n<meta property=\"og:image\" content=\"https:\/\/www.sitsesp.org.br\/novo\/wp-content\/uploads\/2021\/06\/adesivosGREVE.jpg\" \/>\n\t<meta property=\"og:image:width\" content=\"622\" \/>\n\t<meta property=\"og:image:height\" content=\"800\" \/>\n\t<meta property=\"og:image:type\" content=\"image\/jpeg\" \/>\n<meta name=\"author\" content=\"imprensa\" \/>\n<meta name=\"twitter:card\" content=\"summary_large_image\" \/>\n<meta name=\"twitter:label1\" content=\"Escrito por\" \/>\n\t<meta name=\"twitter:data1\" content=\"imprensa\" \/>\n\t<meta name=\"twitter:label2\" content=\"Est. tempo de leitura\" \/>\n\t<meta name=\"twitter:data2\" content=\"1 minuto\" \/>\n<script type=\"application\/ld+json\" class=\"yoast-schema-graph\">{\"@context\":\"https:\/\/schema.org\",\"@graph\":[{\"@type\":\"Article\",\"@id\":\"https:\/\/www.sitsesp.org.br\/novo\/sitsesp-notificou-a-fundacao-casa-o-ministerio-publico-e-o-tribunal-regional-do-trabalho-da-deflagracao-da-greve\/#article\",\"isPartOf\":{\"@id\":\"https:\/\/www.sitsesp.org.br\/novo\/sitsesp-notificou-a-fundacao-casa-o-ministerio-publico-e-o-tribunal-regional-do-trabalho-da-deflagracao-da-greve\/\"},\"author\":{\"name\":\"imprensa\",\"@id\":\"https:\/\/www.sitsesp.org.br\/novo\/#\/schema\/person\/28e42eec160f373e81d0183b3643edbf\"},\"headline\":\"SITSESP notificou a Funda\u00e7\u00e3o CASA, o Minist\u00e9rio P\u00fablico e o Tribunal Regional do Trabalho da deflagra\u00e7\u00e3o da greve\",\"datePublished\":\"2021-06-01T22:34:01+00:00\",\"dateModified\":\"2021-06-01T22:34:01+00:00\",\"mainEntityOfPage\":{\"@id\":\"https:\/\/www.sitsesp.org.br\/novo\/sitsesp-notificou-a-fundacao-casa-o-ministerio-publico-e-o-tribunal-regional-do-trabalho-da-deflagracao-da-greve\/\"},\"wordCount\":129,\"commentCount\":0,\"publisher\":{\"@id\":\"https:\/\/www.sitsesp.org.br\/novo\/#organization\"},\"image\":{\"@id\":\"https:\/\/www.sitsesp.org.br\/novo\/sitsesp-notificou-a-fundacao-casa-o-ministerio-publico-e-o-tribunal-regional-do-trabalho-da-deflagracao-da-greve\/#primaryimage\"},\"thumbnailUrl\":\"https:\/\/www.sitsesp.org.br\/novo\/wp-content\/uploads\/2021\/06\/adesivosGREVE.jpg\",\"keywords\":[\"2021\",\"campanha salarial\",\"Funda\u00e7\u00e3o CASA\",\"GREVE\",\"SITSESP\",\"SOCIOEDUCA\u00c7\u00c3O\"],\"articleSection\":[\"Destaque\",\"Noticias\"],\"inLanguage\":\"pt-BR\",\"potentialAction\":[{\"@type\":\"CommentAction\",\"name\":\"Comment\",\"target\":[\"https:\/\/www.sitsesp.org.br\/novo\/sitsesp-notificou-a-fundacao-casa-o-ministerio-publico-e-o-tribunal-regional-do-trabalho-da-deflagracao-da-greve\/#respond\"]}]},{\"@type\":\"WebPage\",\"@id\":\"https:\/\/www.sitsesp.org.br\/novo\/sitsesp-notificou-a-fundacao-casa-o-ministerio-publico-e-o-tribunal-regional-do-trabalho-da-deflagracao-da-greve\/\",\"url\":\"https:\/\/www.sitsesp.org.br\/novo\/sitsesp-notificou-a-fundacao-casa-o-ministerio-publico-e-o-tribunal-regional-do-trabalho-da-deflagracao-da-greve\/\",\"name\":\"SITSESP notificou a Funda\u00e7\u00e3o CASA, o Minist\u00e9rio P\u00fablico e o Tribunal Regional do Trabalho da deflagra\u00e7\u00e3o da greve - SITSESP\",\"isPartOf\":{\"@id\":\"https:\/\/www.sitsesp.org.br\/novo\/#website\"},\"primaryImageOfPage\":{\"@id\":\"https:\/\/www.sitsesp.org.br\/novo\/sitsesp-notificou-a-fundacao-casa-o-ministerio-publico-e-o-tribunal-regional-do-trabalho-da-deflagracao-da-greve\/#primaryimage\"},\"image\":{\"@id\":\"https:\/\/www.sitsesp.org.br\/novo\/sitsesp-notificou-a-fundacao-casa-o-ministerio-publico-e-o-tribunal-regional-do-trabalho-da-deflagracao-da-greve\/#primaryimage\"},\"thumbnailUrl\":\"https:\/\/www.sitsesp.org.br\/novo\/wp-content\/uploads\/2021\/06\/adesivosGREVE.jpg\",\"datePublished\":\"2021-06-01T22:34:01+00:00\",\"dateModified\":\"2021-06-01T22:34:01+00:00\",\"description\":\"Em 31 de maio o SITSESP, atrav\u00e9s do Of\u00edcio Sindical N\u00ba 160\/2021, notificou o Presidente da Funda\u00e7\u00e3o CASA, o Minist\u00e9rio P\u00fablico do Trabalho da 2\u00aa Regi\u00e3o e o Tribunal Regional do Trabalho da 2\u00aa Regi\u00e3o da deflagra\u00e7\u00e3o de greve dos trabalhadores da Funda\u00e7\u00e3o CASA a partir do dia 04 de junho \u00e0s 07h.\",\"breadcrumb\":{\"@id\":\"https:\/\/www.sitsesp.org.br\/novo\/sitsesp-notificou-a-fundacao-casa-o-ministerio-publico-e-o-tribunal-regional-do-trabalho-da-deflagracao-da-greve\/#breadcrumb\"},\"inLanguage\":\"pt-BR\",\"potentialAction\":[{\"@type\":\"ReadAction\",\"target\":[\"https:\/\/www.sitsesp.org.br\/novo\/sitsesp-notificou-a-fundacao-casa-o-ministerio-publico-e-o-tribunal-regional-do-trabalho-da-deflagracao-da-greve\/\"]}]},{\"@type\":\"ImageObject\",\"inLanguage\":\"pt-BR\",\"@id\":\"https:\/\/www.sitsesp.org.br\/novo\/sitsesp-notificou-a-fundacao-casa-o-ministerio-publico-e-o-tribunal-regional-do-trabalho-da-deflagracao-da-greve\/#primaryimage\",\"url\":\"https:\/\/www.sitsesp.org.br\/novo\/wp-content\/uploads\/2021\/06\/adesivosGREVE.jpg\",\"contentUrl\":\"https:\/\/www.sitsesp.org.br\/novo\/wp-content\/uploads\/2021\/06\/adesivosGREVE.jpg\",\"width\":622,\"height\":800},{\"@type\":\"BreadcrumbList\",\"@id\":\"https:\/\/www.sitsesp.org.br\/novo\/sitsesp-notificou-a-fundacao-casa-o-ministerio-publico-e-o-tribunal-regional-do-trabalho-da-deflagracao-da-greve\/#breadcrumb\",\"itemListElement\":[{\"@type\":\"ListItem\",\"position\":1,\"name\":\"In\u00edcio\",\"item\":\"https:\/\/www.sitsesp.org.br\/novo\/\"},{\"@type\":\"ListItem\",\"position\":2,\"name\":\"SITSESP notificou a Funda\u00e7\u00e3o CASA, o Minist\u00e9rio P\u00fablico e o Tribunal Regional do Trabalho da deflagra\u00e7\u00e3o da greve\"}]},{\"@type\":\"WebSite\",\"@id\":\"https:\/\/www.sitsesp.org.br\/novo\/#website\",\"url\":\"https:\/\/www.sitsesp.org.br\/novo\/\",\"name\":\"Sitsesp\",\"description\":\"SIndicato da Socioeduca\u00e7\u00e3o do Estado de S\u00e3o Paulo\",\"publisher\":{\"@id\":\"https:\/\/www.sitsesp.org.br\/novo\/#organization\"},\"potentialAction\":[{\"@type\":\"SearchAction\",\"target\":{\"@type\":\"EntryPoint\",\"urlTemplate\":\"https:\/\/www.sitsesp.org.br\/novo\/?s={search_term_string}\"},\"query-input\":\"required name=search_term_string\"}],\"inLanguage\":\"pt-BR\"},{\"@type\":\"Organization\",\"@id\":\"https:\/\/www.sitsesp.org.br\/novo\/#organization\",\"name\":\"Sitsesp\",\"url\":\"https:\/\/www.sitsesp.org.br\/novo\/\",\"logo\":{\"@type\":\"ImageObject\",\"inLanguage\":\"pt-BR\",\"@id\":\"https:\/\/www.sitsesp.org.br\/novo\/#\/schema\/logo\/image\/\",\"url\":\"https:\/\/www.sitsesp.org.br\/novo\/wp-content\/uploads\/2020\/09\/Design-sem-nome-1.jpg\",\"contentUrl\":\"https:\/\/www.sitsesp.org.br\/novo\/wp-content\/uploads\/2020\/09\/Design-sem-nome-1.jpg\",\"width\":300,\"height\":300,\"caption\":\"Sitsesp\"},\"image\":{\"@id\":\"https:\/\/www.sitsesp.org.br\/novo\/#\/schema\/logo\/image\/\"}},{\"@type\":\"Person\",\"@id\":\"https:\/\/www.sitsesp.org.br\/novo\/#\/schema\/person\/28e42eec160f373e81d0183b3643edbf\",\"name\":\"imprensa\",\"image\":{\"@type\":\"ImageObject\",\"inLanguage\":\"pt-BR\",\"@id\":\"https:\/\/www.sitsesp.org.br\/novo\/#\/schema\/person\/image\/\",\"url\":\"https:\/\/secure.gravatar.com\/avatar\/8d6ccd8d7d52b8959f34154e87d3fa29?s=96&d=mm&r=g\",\"contentUrl\":\"https:\/\/secure.gravatar.com\/avatar\/8d6ccd8d7d52b8959f34154e87d3fa29?s=96&d=mm&r=g\",\"caption\":\"imprensa\"}}]}<\/script>\n<!-- \/ Yoast SEO plugin. -->","yoast_head_json":{"title":"SITSESP notificou a Funda\u00e7\u00e3o CASA, o Minist\u00e9rio P\u00fablico e o Tribunal Regional do Trabalho da deflagra\u00e7\u00e3o da greve - SITSESP","description":"Em 31 de maio o SITSESP, atrav\u00e9s do Of\u00edcio Sindical N\u00ba 160\/2021, notificou o Presidente da Funda\u00e7\u00e3o CASA, o Minist\u00e9rio P\u00fablico do Trabalho da 2\u00aa Regi\u00e3o e o Tribunal Regional do Trabalho da 2\u00aa Regi\u00e3o da deflagra\u00e7\u00e3o de greve dos trabalhadores da Funda\u00e7\u00e3o CASA a partir do dia 04 de junho \u00e0s 07h.","robots":{"index":"index","follow":"follow","max-snippet":"max-snippet:-1","max-image-preview":"max-image-preview:large","max-video-preview":"max-video-preview:-1"},"canonical":"https:\/\/www.sitsesp.org.br\/novo\/sitsesp-notificou-a-fundacao-casa-o-ministerio-publico-e-o-tribunal-regional-do-trabalho-da-deflagracao-da-greve\/","og_locale":"pt_BR","og_type":"article","og_title":"SITSESP notificou a Funda\u00e7\u00e3o CASA, o Minist\u00e9rio P\u00fablico e o Tribunal Regional do Trabalho da deflagra\u00e7\u00e3o da greve - SITSESP","og_description":"Em 31 de maio o SITSESP, atrav\u00e9s do Of\u00edcio Sindical N\u00ba 160\/2021, notificou o Presidente da Funda\u00e7\u00e3o CASA, o Minist\u00e9rio P\u00fablico do Trabalho da 2\u00aa Regi\u00e3o e o Tribunal Regional do Trabalho da 2\u00aa Regi\u00e3o da deflagra\u00e7\u00e3o de greve dos trabalhadores da Funda\u00e7\u00e3o CASA a partir do dia 04 de junho \u00e0s 07h.","og_url":"https:\/\/www.sitsesp.org.br\/novo\/sitsesp-notificou-a-fundacao-casa-o-ministerio-publico-e-o-tribunal-regional-do-trabalho-da-deflagracao-da-greve\/","og_site_name":"SITSESP","article_published_time":"2021-06-01T22:34:01+00:00","og_image":[{"width":622,"height":800,"url":"https:\/\/www.sitsesp.org.br\/novo\/wp-content\/uploads\/2021\/06\/adesivosGREVE.jpg","type":"image\/jpeg"}],"author":"imprensa","twitter_card":"summary_large_image","twitter_misc":{"Escrito por":"imprensa","Est. tempo de leitura":"1 minuto"},"schema":{"@context":"https:\/\/schema.org","@graph":[{"@type":"Article","@id":"https:\/\/www.sitsesp.org.br\/novo\/sitsesp-notificou-a-fundacao-casa-o-ministerio-publico-e-o-tribunal-regional-do-trabalho-da-deflagracao-da-greve\/#article","isPartOf":{"@id":"https:\/\/www.sitsesp.org.br\/novo\/sitsesp-notificou-a-fundacao-casa-o-ministerio-publico-e-o-tribunal-regional-do-trabalho-da-deflagracao-da-greve\/"},"author":{"name":"imprensa","@id":"https:\/\/www.sitsesp.org.br\/novo\/#\/schema\/person\/28e42eec160f373e81d0183b3643edbf"},"headline":"SITSESP notificou a Funda\u00e7\u00e3o CASA, o Minist\u00e9rio P\u00fablico e o Tribunal Regional do Trabalho da deflagra\u00e7\u00e3o da greve","datePublished":"2021-06-01T22:34:01+00:00","dateModified":"2021-06-01T22:34:01+00:00","mainEntityOfPage":{"@id":"https:\/\/www.sitsesp.org.br\/novo\/sitsesp-notificou-a-fundacao-casa-o-ministerio-publico-e-o-tribunal-regional-do-trabalho-da-deflagracao-da-greve\/"},"wordCount":129,"commentCount":0,"publisher":{"@id":"https:\/\/www.sitsesp.org.br\/novo\/#organization"},"image":{"@id":"https:\/\/www.sitsesp.org.br\/novo\/sitsesp-notificou-a-fundacao-casa-o-ministerio-publico-e-o-tribunal-regional-do-trabalho-da-deflagracao-da-greve\/#primaryimage"},"thumbnailUrl":"https:\/\/www.sitsesp.org.br\/novo\/wp-content\/uploads\/2021\/06\/adesivosGREVE.jpg","keywords":["2021","campanha salarial","Funda\u00e7\u00e3o CASA","GREVE","SITSESP","SOCIOEDUCA\u00c7\u00c3O"],"articleSection":["Destaque","Noticias"],"inLanguage":"pt-BR","potentialAction":[{"@type":"CommentAction","name":"Comment","target":["https:\/\/www.sitsesp.org.br\/novo\/sitsesp-notificou-a-fundacao-casa-o-ministerio-publico-e-o-tribunal-regional-do-trabalho-da-deflagracao-da-greve\/#respond"]}]},{"@type":"WebPage","@id":"https:\/\/www.sitsesp.org.br\/novo\/sitsesp-notificou-a-fundacao-casa-o-ministerio-publico-e-o-tribunal-regional-do-trabalho-da-deflagracao-da-greve\/","url":"https:\/\/www.sitsesp.org.br\/novo\/sitsesp-notificou-a-fundacao-casa-o-ministerio-publico-e-o-tribunal-regional-do-trabalho-da-deflagracao-da-greve\/","name":"SITSESP notificou a Funda\u00e7\u00e3o CASA, o Minist\u00e9rio P\u00fablico e o Tribunal Regional do Trabalho da deflagra\u00e7\u00e3o da greve - SITSESP","isPartOf":{"@id":"https:\/\/www.sitsesp.org.br\/novo\/#website"},"primaryImageOfPage":{"@id":"https:\/\/www.sitsesp.org.br\/novo\/sitsesp-notificou-a-fundacao-casa-o-ministerio-publico-e-o-tribunal-regional-do-trabalho-da-deflagracao-da-greve\/#primaryimage"},"image":{"@id":"https:\/\/www.sitsesp.org.br\/novo\/sitsesp-notificou-a-fundacao-casa-o-ministerio-publico-e-o-tribunal-regional-do-trabalho-da-deflagracao-da-greve\/#primaryimage"},"thumbnailUrl":"https:\/\/www.sitsesp.org.br\/novo\/wp-content\/uploads\/2021\/06\/adesivosGREVE.jpg","datePublished":"2021-06-01T22:34:01+00:00","dateModified":"2021-06-01T22:34:01+00:00","description":"Em 31 de maio o SITSESP, atrav\u00e9s do Of\u00edcio Sindical N\u00ba 160\/2021, notificou o Presidente da Funda\u00e7\u00e3o CASA, o Minist\u00e9rio P\u00fablico do Trabalho da 2\u00aa Regi\u00e3o e o Tribunal Regional do Trabalho da 2\u00aa Regi\u00e3o da deflagra\u00e7\u00e3o de greve dos trabalhadores da Funda\u00e7\u00e3o CASA a partir do dia 04 de junho \u00e0s 07h.","breadcrumb":{"@id":"https:\/\/www.sitsesp.org.br\/novo\/sitsesp-notificou-a-fundacao-casa-o-ministerio-publico-e-o-tribunal-regional-do-trabalho-da-deflagracao-da-greve\/#breadcrumb"},"inLanguage":"pt-BR","potentialAction":[{"@type":"ReadAction","target":["https:\/\/www.sitsesp.org.br\/novo\/sitsesp-notificou-a-fundacao-casa-o-ministerio-publico-e-o-tribunal-regional-do-trabalho-da-deflagracao-da-greve\/"]}]},{"@type":"ImageObject","inLanguage":"pt-BR","@id":"https:\/\/www.sitsesp.org.br\/novo\/sitsesp-notificou-a-fundacao-casa-o-ministerio-publico-e-o-tribunal-regional-do-trabalho-da-deflagracao-da-greve\/#primaryimage","url":"https:\/\/www.sitsesp.org.br\/novo\/wp-content\/uploads\/2021\/06\/adesivosGREVE.jpg","contentUrl":"https:\/\/www.sitsesp.org.br\/novo\/wp-content\/uploads\/2021\/06\/adesivosGREVE.jpg","width":622,"height":800},{"@type":"BreadcrumbList","@id":"https:\/\/www.sitsesp.org.br\/novo\/sitsesp-notificou-a-fundacao-casa-o-ministerio-publico-e-o-tribunal-regional-do-trabalho-da-deflagracao-da-greve\/#breadcrumb","itemListElement":[{"@type":"ListItem","position":1,"name":"In\u00edcio","item":"https:\/\/www.sitsesp.org.br\/novo\/"},{"@type":"ListItem","position":2,"name":"SITSESP notificou a Funda\u00e7\u00e3o CASA, o Minist\u00e9rio P\u00fablico e o Tribunal Regional do Trabalho da deflagra\u00e7\u00e3o da greve"}]},{"@type":"WebSite","@id":"https:\/\/www.sitsesp.org.br\/novo\/#website","url":"https:\/\/www.sitsesp.org.br\/novo\/","name":"Sitsesp","description":"SIndicato da Socioeduca\u00e7\u00e3o do Estado de S\u00e3o Paulo","publisher":{"@id":"https:\/\/www.sitsesp.org.br\/novo\/#organization"},"potentialAction":[{"@type":"SearchAction","target":{"@type":"EntryPoint","urlTemplate":"https:\/\/www.sitsesp.org.br\/novo\/?s={search_term_string}"},"query-input":"required name=search_term_string"}],"inLanguage":"pt-BR"},{"@type":"Organization","@id":"https:\/\/www.sitsesp.org.br\/novo\/#organization","name":"Sitsesp","url":"https:\/\/www.sitsesp.org.br\/novo\/","logo":{"@type":"ImageObject","inLanguage":"pt-BR","@id":"https:\/\/www.sitsesp.org.br\/novo\/#\/schema\/logo\/image\/","url":"https:\/\/www.sitsesp.org.br\/novo\/wp-content\/uploads\/2020\/09\/Design-sem-nome-1.jpg","contentUrl":"https:\/\/www.sitsesp.org.br\/novo\/wp-content\/uploads\/2020\/09\/Design-sem-nome-1.jpg","width":300,"height":300,"caption":"Sitsesp"},"image":{"@id":"https:\/\/www.sitsesp.org.br\/novo\/#\/schema\/logo\/image\/"}},{"@type":"Person","@id":"https:\/\/www.sitsesp.org.br\/novo\/#\/schema\/person\/28e42eec160f373e81d0183b3643edbf","name":"imprensa","image":{"@type":"ImageObject","inLanguage":"pt-BR","@id":"https:\/\/www.sitsesp.org.br\/novo\/#\/schema\/person\/image\/","url":"https:\/\/secure.gravatar.com\/avatar\/8d6ccd8d7d52b8959f34154e87d3fa29?s=96&d=mm&r=g","contentUrl":"https:\/\/secure.gravatar.com\/avatar\/8d6ccd8d7d52b8959f34154e87d3fa29?s=96&d=mm&r=g","caption":"imprensa"}}]}},"_links":{"self":[{"href":"https:\/\/www.sitsesp.org.br\/novo\/wp-json\/wp\/v2\/posts\/6402"}],"collection":[{"href":"https:\/\/www.sitsesp.org.br\/novo\/wp-json\/wp\/v2\/posts"}],"about":[{"href":"https:\/\/www.sitsesp.org.br\/novo\/wp-json\/wp\/v2\/types\/post"}],"author":[{"embeddable":true,"href":"https:\/\/www.sitsesp.org.br\/novo\/wp-json\/wp\/v2\/users\/5"}],"replies":[{"embeddable":true,"href":"https:\/\/www.sitsesp.org.br\/novo\/wp-json\/wp\/v2\/comments?post=6402"}],"version-history":[{"count":1,"href":"https:\/\/www.sitsesp.org.br\/novo\/wp-json\/wp\/v2\/posts\/6402\/revisions"}],"predecessor-version":[{"id":6405,"href":"https:\/\/www.sitsesp.org.br\/novo\/wp-json\/wp\/v2\/posts\/6402\/revisions\/6405"}],"wp:featuredmedia":[{"embeddable":true,"href":"https:\/\/www.sitsesp.org.br\/novo\/wp-json\/wp\/v2\/media\/6404"}],"wp:attachment":[{"href":"https:\/\/www.sitsesp.org.br\/novo\/wp-json\/wp\/v2\/media?parent=6402"}],"wp:term":[{"taxonomy":"category","embeddable":true,"href":"https:\/\/www.sitsesp.org.br\/novo\/wp-json\/wp\/v2\/categories?post=6402"},{"taxonomy":"post_tag","embeddable":true,"href":"https:\/\/www.sitsesp.org.br\/novo\/wp-json\/wp\/v2\/tags?post=6402"}],"curies":[{"name":"wp","href":"https:\/\/api.w.org\/{rel}","templated":true}]}}