{"id":6406,"date":"2021-06-02T11:55:00","date_gmt":"2021-06-02T14:55:00","guid":{"rendered":"https:\/\/sitsesp.org.br\/novo\/?p=6406"},"modified":"2021-06-02T11:55:00","modified_gmt":"2021-06-02T14:55:00","slug":"greve-da-socioeducacao-em-sp-nota-para-os-veiculos-de-imprensa-e-representacoes-politicas","status":"publish","type":"post","link":"https:\/\/www.sitsesp.org.br\/novo\/greve-da-socioeducacao-em-sp-nota-para-os-veiculos-de-imprensa-e-representacoes-politicas\/","title":{"rendered":"GREVE DA SOCIOEDUCA\u00c7\u00c3O EM SP | NOTA PARA OS  VE\u00cdCULOS DE IMPRENSA  E REPRESENTA\u00c7\u00d5ES  POL\u00cdTICAS"},"content":{"rendered":"<p><!-- VideographyWP Plugin Message: Automatic video embedding prevented by plugin options. --><br \/>\nS\u00e3o Paulo, 02 de junho de 2021<br \/>\n<strong>NOTA PARA OS VE\u00cdCULOS DE IMPRENSA E REPRESENTA\u00c7\u00d5ES POL\u00cdTICAS<\/strong><br \/>\nOf\u00edcio Sindical N\u00ba 0161\/2021<\/p>\n<p>Assunto: SERVIDORES DA FUNDA\u00c7\u00c3O CASA SE MOBILIZAM PARA O DIA 04\/06<br \/>\nSindicato dos Servidores P\u00fablico e Empregados Celetistas nas Funda\u00e7\u00f5es e Entidades do<br \/>\nSistema Estadual de Atendimento Socioeducativo ao Adolescente em Conflito com a Lei<br \/>\ndo Estado de S\u00e3o Paulo &#8211; SITSESP, regularmente inscrito no CNPJ\/MF sob n\u00ba 25.327-<br \/>\n779\/0001-85, com sede estabelecida na Rua Engenho Velho, n\u00ba 111 no Bairro do Tatuap\u00e9,<br \/>\nS\u00e3o Paulo \u2013 SP \u2013 CEP. 03077-040, por seu secret\u00e1rio de imprensa infra-assinado, expor o que<br \/>\nsegue: AOS VE\u00cdCULOS DE IMPRENSA \u2013 M\u00cdDIA GERAL E REPRESENTANTES POLITICOS<br \/>\nMUNICIPAIS E ESTADUAL.<\/p>\n<p>Servidores da Funda\u00e7\u00e3o CASA se mobilizam para uma grande e hist\u00f3rica greve geral que<br \/>\nacontecer\u00e1 no pr\u00f3ximo dia 04 de junho as 07hs da manh\u00e3 em todos os Centros de<br \/>\nAtendimentos Socioeducativos ao Adolescentes \u2013CASA &#8211; no estado de S\u00e3o Paulo.<\/p>\n<p>A Funda\u00e7\u00e3o CASA est\u00e1 irredut\u00edvel em conversar com a categoria, e quando o fez, foi para<br \/>\nretirar direitos e benef\u00edcios dos servidores. A categoria mostrar\u00e1 ao governo do estado de<br \/>\nS\u00e3o Paulo e dire\u00e7\u00e3o da Funda\u00e7\u00e3o CASA, com piquetes e carreatas em todo estado que<br \/>\nn\u00e3o se tira direitos e benef\u00edcios adquiridos ao longo dos anos \u00e0 custa de muitas lutas,<br \/>\ncom portarias, comunicados e acordos unilateralmente firmados.<\/p>\n<p>Os servidores da Funda\u00e7\u00e3o CASA est\u00e3o sem reajuste salarial desde 2015 e sem o repasse da<br \/>\ninfla\u00e7\u00e3o desde 2019, mas o plano de sa\u00fade vem ano a ano tendo reajustes em negocia\u00e7\u00f5es<br \/>\nunilaterais sem a participa\u00e7\u00e3o do servidor; h\u00e1 uma d\u00e9cada que a categoria n\u00e3o tem Plano de<br \/>\nCargos e Sal\u00e1rios aplicados em suas fun\u00e7\u00f5es; a Funda\u00e7\u00e3o CASA vem reduzindo e fechando<br \/>\nCentros de interna\u00e7\u00f5es em todo estado e transferindo servidores para longe dos seus domic\u00edlios<br \/>\nresidenciais, separando assim, dos seus familiares gerando um custo alt\u00edssimo para estes<br \/>\nservidores transferidos, al\u00e9m de outras sequelas na sa\u00fade do trabalhador.<\/p>\n<p>Como se n\u00e3o bastasse toda humilha\u00e7\u00e3o e opress\u00e3o que a gest\u00e3o da Funda\u00e7\u00e3o CASA presidida<br \/>\ninterinamente pelo Secret\u00e1rio de Justi\u00e7a Fernando Jos\u00e9 e amparada pela ditadura do<br \/>\ngovernador Jo\u00e3o D\u00f3ria contra os trabalhadores, informaram por meio de comunicado da Divis\u00e3o<br \/>\nde Recursos Humanos que o VR \u2013 Vale Refei\u00e7\u00e3o \u2013 dos trabalhadores em f\u00e9rias, afastados por<br \/>\ncomorbidades, afastados compulsoriamente, licen\u00e7a maternidade\/adotante, atestado m\u00e9dico,<br \/>\nfalta injustificada, perspectiva de abandono, benef\u00edcio indeferido, afastado para candidatura<br \/>\neleitoral e suspen\u00e7\u00e3o disciplinar, ter\u00e3o seus vales cortados e, ou, descontados em folha de<br \/>\npagamento. Para os cr\u00e9ditos em 01\/06, muitos desses trabalhadores n\u00e3o tiveram seus cr\u00e9ditos<br \/>\nno VR provisionado para esta data.<\/p>\n<p>Viemos pedir para que os ve\u00edculos de imprensa e representantes pol\u00edticos do Estado e dos<br \/>\nMunic\u00edpios, deem aten\u00e7\u00e3o para esta categoria t\u00e3o sofrida que cuida da socioeduca\u00e7\u00e3o de<br \/>\nmilhares de adolescentes cumprindo medidas judiciais por todo Estado de S\u00e3o Paulo.<\/p>\n<p>Israel Leal de Souza &#8211; Diretor de Imprensa SITSESP<\/p>\n","protected":false},"excerpt":{"rendered":"<p>S\u00e3o Paulo, 02 de junho de 2021 NOTA PARA OS VE\u00cdCULOS DE IMPRENSA E REPRESENTA\u00c7\u00d5ES POL\u00cdTICAS Of\u00edcio Sindical N\u00ba 0161\/2021 Assunto:&hellip;<\/p>\n","protected":false},"author":5,"featured_media":6407,"comment_status":"open","ping_status":"open","sticky":false,"template":"","format":"standard","meta":{"cybocfi_hide_featured_image":"","footnotes":""},"categories":[27,22],"tags":[45,42,44,41,40,37],"yoast_head":"<!-- This site is optimized with the Yoast SEO plugin v22.8 - https:\/\/yoast.com\/wordpress\/plugins\/seo\/ -->\n<title>GREVE DA SOCIOEDUCA\u00c7\u00c3O EM SP | NOTA PARA OS VE\u00cdCULOS DE IMPRENSA E REPRESENTA\u00c7\u00d5ES POL\u00cdTICAS - SITSESP<\/title>\n<meta name=\"robots\" content=\"index, follow, max-snippet:-1, max-image-preview:large, max-video-preview:-1\" \/>\n<link rel=\"canonical\" href=\"https:\/\/www.sitsesp.org.br\/novo\/greve-da-socioeducacao-em-sp-nota-para-os-veiculos-de-imprensa-e-representacoes-politicas\/\" \/>\n<meta property=\"og:locale\" content=\"pt_BR\" \/>\n<meta property=\"og:type\" content=\"article\" \/>\n<meta property=\"og:title\" content=\"GREVE DA SOCIOEDUCA\u00c7\u00c3O EM SP | NOTA PARA OS VE\u00cdCULOS DE IMPRENSA E REPRESENTA\u00c7\u00d5ES POL\u00cdTICAS - SITSESP\" \/>\n<meta property=\"og:description\" content=\"S\u00e3o Paulo, 02 de junho de 2021 NOTA PARA OS VE\u00cdCULOS DE IMPRENSA E REPRESENTA\u00c7\u00d5ES POL\u00cdTICAS Of\u00edcio Sindical N\u00ba 0161\/2021 Assunto:&hellip;\" \/>\n<meta property=\"og:url\" content=\"https:\/\/www.sitsesp.org.br\/novo\/greve-da-socioeducacao-em-sp-nota-para-os-veiculos-de-imprensa-e-representacoes-politicas\/\" \/>\n<meta property=\"og:site_name\" content=\"SITSESP\" \/>\n<meta property=\"article:published_time\" content=\"2021-06-02T14:55:00+00:00\" \/>\n<meta property=\"og:image\" content=\"https:\/\/www.sitsesp.org.br\/novo\/wp-content\/uploads\/2021\/06\/oficio0206.jpg\" \/>\n\t<meta property=\"og:image:width\" content=\"622\" \/>\n\t<meta property=\"og:image:height\" content=\"800\" \/>\n\t<meta property=\"og:image:type\" content=\"image\/jpeg\" \/>\n<meta name=\"author\" content=\"imprensa\" \/>\n<meta name=\"twitter:card\" content=\"summary_large_image\" \/>\n<meta name=\"twitter:label1\" content=\"Escrito por\" \/>\n\t<meta name=\"twitter:data1\" content=\"imprensa\" \/>\n\t<meta name=\"twitter:label2\" content=\"Est. tempo de leitura\" \/>\n\t<meta name=\"twitter:data2\" content=\"3 minutos\" \/>\n<script type=\"application\/ld+json\" class=\"yoast-schema-graph\">{\"@context\":\"https:\/\/schema.org\",\"@graph\":[{\"@type\":\"Article\",\"@id\":\"https:\/\/www.sitsesp.org.br\/novo\/greve-da-socioeducacao-em-sp-nota-para-os-veiculos-de-imprensa-e-representacoes-politicas\/#article\",\"isPartOf\":{\"@id\":\"https:\/\/www.sitsesp.org.br\/novo\/greve-da-socioeducacao-em-sp-nota-para-os-veiculos-de-imprensa-e-representacoes-politicas\/\"},\"author\":{\"name\":\"imprensa\",\"@id\":\"https:\/\/www.sitsesp.org.br\/novo\/#\/schema\/person\/28e42eec160f373e81d0183b3643edbf\"},\"headline\":\"GREVE DA SOCIOEDUCA\u00c7\u00c3O EM SP | NOTA PARA OS VE\u00cdCULOS DE IMPRENSA E REPRESENTA\u00c7\u00d5ES POL\u00cdTICAS\",\"datePublished\":\"2021-06-02T14:55:00+00:00\",\"dateModified\":\"2021-06-02T14:55:00+00:00\",\"mainEntityOfPage\":{\"@id\":\"https:\/\/www.sitsesp.org.br\/novo\/greve-da-socioeducacao-em-sp-nota-para-os-veiculos-de-imprensa-e-representacoes-politicas\/\"},\"wordCount\":548,\"commentCount\":0,\"publisher\":{\"@id\":\"https:\/\/www.sitsesp.org.br\/novo\/#organization\"},\"image\":{\"@id\":\"https:\/\/www.sitsesp.org.br\/novo\/greve-da-socioeducacao-em-sp-nota-para-os-veiculos-de-imprensa-e-representacoes-politicas\/#primaryimage\"},\"thumbnailUrl\":\"https:\/\/www.sitsesp.org.br\/novo\/wp-content\/uploads\/2021\/06\/oficio0206.jpg\",\"keywords\":[\"2021\",\"assembleia\",\"campanha salarial\",\"GREVE\",\"SINDICATO\",\"SITSESP\"],\"articleSection\":[\"Destaque\",\"Noticias\"],\"inLanguage\":\"pt-BR\",\"potentialAction\":[{\"@type\":\"CommentAction\",\"name\":\"Comment\",\"target\":[\"https:\/\/www.sitsesp.org.br\/novo\/greve-da-socioeducacao-em-sp-nota-para-os-veiculos-de-imprensa-e-representacoes-politicas\/#respond\"]}]},{\"@type\":\"WebPage\",\"@id\":\"https:\/\/www.sitsesp.org.br\/novo\/greve-da-socioeducacao-em-sp-nota-para-os-veiculos-de-imprensa-e-representacoes-politicas\/\",\"url\":\"https:\/\/www.sitsesp.org.br\/novo\/greve-da-socioeducacao-em-sp-nota-para-os-veiculos-de-imprensa-e-representacoes-politicas\/\",\"name\":\"GREVE DA SOCIOEDUCA\u00c7\u00c3O EM SP | NOTA PARA OS VE\u00cdCULOS DE IMPRENSA E REPRESENTA\u00c7\u00d5ES POL\u00cdTICAS - SITSESP\",\"isPartOf\":{\"@id\":\"https:\/\/www.sitsesp.org.br\/novo\/#website\"},\"primaryImageOfPage\":{\"@id\":\"https:\/\/www.sitsesp.org.br\/novo\/greve-da-socioeducacao-em-sp-nota-para-os-veiculos-de-imprensa-e-representacoes-politicas\/#primaryimage\"},\"image\":{\"@id\":\"https:\/\/www.sitsesp.org.br\/novo\/greve-da-socioeducacao-em-sp-nota-para-os-veiculos-de-imprensa-e-representacoes-politicas\/#primaryimage\"},\"thumbnailUrl\":\"https:\/\/www.sitsesp.org.br\/novo\/wp-content\/uploads\/2021\/06\/oficio0206.jpg\",\"datePublished\":\"2021-06-02T14:55:00+00:00\",\"dateModified\":\"2021-06-02T14:55:00+00:00\",\"breadcrumb\":{\"@id\":\"https:\/\/www.sitsesp.org.br\/novo\/greve-da-socioeducacao-em-sp-nota-para-os-veiculos-de-imprensa-e-representacoes-politicas\/#breadcrumb\"},\"inLanguage\":\"pt-BR\",\"potentialAction\":[{\"@type\":\"ReadAction\",\"target\":[\"https:\/\/www.sitsesp.org.br\/novo\/greve-da-socioeducacao-em-sp-nota-para-os-veiculos-de-imprensa-e-representacoes-politicas\/\"]}]},{\"@type\":\"ImageObject\",\"inLanguage\":\"pt-BR\",\"@id\":\"https:\/\/www.sitsesp.org.br\/novo\/greve-da-socioeducacao-em-sp-nota-para-os-veiculos-de-imprensa-e-representacoes-politicas\/#primaryimage\",\"url\":\"https:\/\/www.sitsesp.org.br\/novo\/wp-content\/uploads\/2021\/06\/oficio0206.jpg\",\"contentUrl\":\"https:\/\/www.sitsesp.org.br\/novo\/wp-content\/uploads\/2021\/06\/oficio0206.jpg\",\"width\":622,\"height\":800},{\"@type\":\"BreadcrumbList\",\"@id\":\"https:\/\/www.sitsesp.org.br\/novo\/greve-da-socioeducacao-em-sp-nota-para-os-veiculos-de-imprensa-e-representacoes-politicas\/#breadcrumb\",\"itemListElement\":[{\"@type\":\"ListItem\",\"position\":1,\"name\":\"In\u00edcio\",\"item\":\"https:\/\/www.sitsesp.org.br\/novo\/\"},{\"@type\":\"ListItem\",\"position\":2,\"name\":\"GREVE DA SOCIOEDUCA\u00c7\u00c3O EM SP | NOTA PARA OS VE\u00cdCULOS DE IMPRENSA E REPRESENTA\u00c7\u00d5ES POL\u00cdTICAS\"}]},{\"@type\":\"WebSite\",\"@id\":\"https:\/\/www.sitsesp.org.br\/novo\/#website\",\"url\":\"https:\/\/www.sitsesp.org.br\/novo\/\",\"name\":\"Sitsesp\",\"description\":\"SIndicato da Socioeduca\u00e7\u00e3o do Estado de S\u00e3o Paulo\",\"publisher\":{\"@id\":\"https:\/\/www.sitsesp.org.br\/novo\/#organization\"},\"potentialAction\":[{\"@type\":\"SearchAction\",\"target\":{\"@type\":\"EntryPoint\",\"urlTemplate\":\"https:\/\/www.sitsesp.org.br\/novo\/?s={search_term_string}\"},\"query-input\":\"required name=search_term_string\"}],\"inLanguage\":\"pt-BR\"},{\"@type\":\"Organization\",\"@id\":\"https:\/\/www.sitsesp.org.br\/novo\/#organization\",\"name\":\"Sitsesp\",\"url\":\"https:\/\/www.sitsesp.org.br\/novo\/\",\"logo\":{\"@type\":\"ImageObject\",\"inLanguage\":\"pt-BR\",\"@id\":\"https:\/\/www.sitsesp.org.br\/novo\/#\/schema\/logo\/image\/\",\"url\":\"https:\/\/www.sitsesp.org.br\/novo\/wp-content\/uploads\/2020\/09\/Design-sem-nome-1.jpg\",\"contentUrl\":\"https:\/\/www.sitsesp.org.br\/novo\/wp-content\/uploads\/2020\/09\/Design-sem-nome-1.jpg\",\"width\":300,\"height\":300,\"caption\":\"Sitsesp\"},\"image\":{\"@id\":\"https:\/\/www.sitsesp.org.br\/novo\/#\/schema\/logo\/image\/\"}},{\"@type\":\"Person\",\"@id\":\"https:\/\/www.sitsesp.org.br\/novo\/#\/schema\/person\/28e42eec160f373e81d0183b3643edbf\",\"name\":\"imprensa\",\"image\":{\"@type\":\"ImageObject\",\"inLanguage\":\"pt-BR\",\"@id\":\"https:\/\/www.sitsesp.org.br\/novo\/#\/schema\/person\/image\/\",\"url\":\"https:\/\/secure.gravatar.com\/avatar\/8d6ccd8d7d52b8959f34154e87d3fa29?s=96&d=mm&r=g\",\"contentUrl\":\"https:\/\/secure.gravatar.com\/avatar\/8d6ccd8d7d52b8959f34154e87d3fa29?s=96&d=mm&r=g\",\"caption\":\"imprensa\"}}]}<\/script>\n<!-- \/ Yoast SEO plugin. -->","yoast_head_json":{"title":"GREVE DA SOCIOEDUCA\u00c7\u00c3O EM SP | NOTA PARA OS VE\u00cdCULOS DE IMPRENSA E REPRESENTA\u00c7\u00d5ES POL\u00cdTICAS - SITSESP","robots":{"index":"index","follow":"follow","max-snippet":"max-snippet:-1","max-image-preview":"max-image-preview:large","max-video-preview":"max-video-preview:-1"},"canonical":"https:\/\/www.sitsesp.org.br\/novo\/greve-da-socioeducacao-em-sp-nota-para-os-veiculos-de-imprensa-e-representacoes-politicas\/","og_locale":"pt_BR","og_type":"article","og_title":"GREVE DA SOCIOEDUCA\u00c7\u00c3O EM SP | NOTA PARA OS VE\u00cdCULOS DE IMPRENSA E REPRESENTA\u00c7\u00d5ES POL\u00cdTICAS - SITSESP","og_description":"S\u00e3o Paulo, 02 de junho de 2021 NOTA PARA OS VE\u00cdCULOS DE IMPRENSA E REPRESENTA\u00c7\u00d5ES POL\u00cdTICAS Of\u00edcio Sindical N\u00ba 0161\/2021 Assunto:&hellip;","og_url":"https:\/\/www.sitsesp.org.br\/novo\/greve-da-socioeducacao-em-sp-nota-para-os-veiculos-de-imprensa-e-representacoes-politicas\/","og_site_name":"SITSESP","article_published_time":"2021-06-02T14:55:00+00:00","og_image":[{"width":622,"height":800,"url":"https:\/\/www.sitsesp.org.br\/novo\/wp-content\/uploads\/2021\/06\/oficio0206.jpg","type":"image\/jpeg"}],"author":"imprensa","twitter_card":"summary_large_image","twitter_misc":{"Escrito por":"imprensa","Est. tempo de leitura":"3 minutos"},"schema":{"@context":"https:\/\/schema.org","@graph":[{"@type":"Article","@id":"https:\/\/www.sitsesp.org.br\/novo\/greve-da-socioeducacao-em-sp-nota-para-os-veiculos-de-imprensa-e-representacoes-politicas\/#article","isPartOf":{"@id":"https:\/\/www.sitsesp.org.br\/novo\/greve-da-socioeducacao-em-sp-nota-para-os-veiculos-de-imprensa-e-representacoes-politicas\/"},"author":{"name":"imprensa","@id":"https:\/\/www.sitsesp.org.br\/novo\/#\/schema\/person\/28e42eec160f373e81d0183b3643edbf"},"headline":"GREVE DA SOCIOEDUCA\u00c7\u00c3O EM SP | NOTA PARA OS VE\u00cdCULOS DE IMPRENSA E REPRESENTA\u00c7\u00d5ES POL\u00cdTICAS","datePublished":"2021-06-02T14:55:00+00:00","dateModified":"2021-06-02T14:55:00+00:00","mainEntityOfPage":{"@id":"https:\/\/www.sitsesp.org.br\/novo\/greve-da-socioeducacao-em-sp-nota-para-os-veiculos-de-imprensa-e-representacoes-politicas\/"},"wordCount":548,"commentCount":0,"publisher":{"@id":"https:\/\/www.sitsesp.org.br\/novo\/#organization"},"image":{"@id":"https:\/\/www.sitsesp.org.br\/novo\/greve-da-socioeducacao-em-sp-nota-para-os-veiculos-de-imprensa-e-representacoes-politicas\/#primaryimage"},"thumbnailUrl":"https:\/\/www.sitsesp.org.br\/novo\/wp-content\/uploads\/2021\/06\/oficio0206.jpg","keywords":["2021","assembleia","campanha salarial","GREVE","SINDICATO","SITSESP"],"articleSection":["Destaque","Noticias"],"inLanguage":"pt-BR","potentialAction":[{"@type":"CommentAction","name":"Comment","target":["https:\/\/www.sitsesp.org.br\/novo\/greve-da-socioeducacao-em-sp-nota-para-os-veiculos-de-imprensa-e-representacoes-politicas\/#respond"]}]},{"@type":"WebPage","@id":"https:\/\/www.sitsesp.org.br\/novo\/greve-da-socioeducacao-em-sp-nota-para-os-veiculos-de-imprensa-e-representacoes-politicas\/","url":"https:\/\/www.sitsesp.org.br\/novo\/greve-da-socioeducacao-em-sp-nota-para-os-veiculos-de-imprensa-e-representacoes-politicas\/","name":"GREVE DA SOCIOEDUCA\u00c7\u00c3O EM SP | NOTA PARA OS VE\u00cdCULOS DE IMPRENSA E REPRESENTA\u00c7\u00d5ES POL\u00cdTICAS - SITSESP","isPartOf":{"@id":"https:\/\/www.sitsesp.org.br\/novo\/#website"},"primaryImageOfPage":{"@id":"https:\/\/www.sitsesp.org.br\/novo\/greve-da-socioeducacao-em-sp-nota-para-os-veiculos-de-imprensa-e-representacoes-politicas\/#primaryimage"},"image":{"@id":"https:\/\/www.sitsesp.org.br\/novo\/greve-da-socioeducacao-em-sp-nota-para-os-veiculos-de-imprensa-e-representacoes-politicas\/#primaryimage"},"thumbnailUrl":"https:\/\/www.sitsesp.org.br\/novo\/wp-content\/uploads\/2021\/06\/oficio0206.jpg","datePublished":"2021-06-02T14:55:00+00:00","dateModified":"2021-06-02T14:55:00+00:00","breadcrumb":{"@id":"https:\/\/www.sitsesp.org.br\/novo\/greve-da-socioeducacao-em-sp-nota-para-os-veiculos-de-imprensa-e-representacoes-politicas\/#breadcrumb"},"inLanguage":"pt-BR","potentialAction":[{"@type":"ReadAction","target":["https:\/\/www.sitsesp.org.br\/novo\/greve-da-socioeducacao-em-sp-nota-para-os-veiculos-de-imprensa-e-representacoes-politicas\/"]}]},{"@type":"ImageObject","inLanguage":"pt-BR","@id":"https:\/\/www.sitsesp.org.br\/novo\/greve-da-socioeducacao-em-sp-nota-para-os-veiculos-de-imprensa-e-representacoes-politicas\/#primaryimage","url":"https:\/\/www.sitsesp.org.br\/novo\/wp-content\/uploads\/2021\/06\/oficio0206.jpg","contentUrl":"https:\/\/www.sitsesp.org.br\/novo\/wp-content\/uploads\/2021\/06\/oficio0206.jpg","width":622,"height":800},{"@type":"BreadcrumbList","@id":"https:\/\/www.sitsesp.org.br\/novo\/greve-da-socioeducacao-em-sp-nota-para-os-veiculos-de-imprensa-e-representacoes-politicas\/#breadcrumb","itemListElement":[{"@type":"ListItem","position":1,"name":"In\u00edcio","item":"https:\/\/www.sitsesp.org.br\/novo\/"},{"@type":"ListItem","position":2,"name":"GREVE DA SOCIOEDUCA\u00c7\u00c3O EM SP | NOTA PARA OS VE\u00cdCULOS DE IMPRENSA E REPRESENTA\u00c7\u00d5ES POL\u00cdTICAS"}]},{"@type":"WebSite","@id":"https:\/\/www.sitsesp.org.br\/novo\/#website","url":"https:\/\/www.sitsesp.org.br\/novo\/","name":"Sitsesp","description":"SIndicato da Socioeduca\u00e7\u00e3o do Estado de S\u00e3o Paulo","publisher":{"@id":"https:\/\/www.sitsesp.org.br\/novo\/#organization"},"potentialAction":[{"@type":"SearchAction","target":{"@type":"EntryPoint","urlTemplate":"https:\/\/www.sitsesp.org.br\/novo\/?s={search_term_string}"},"query-input":"required name=search_term_string"}],"inLanguage":"pt-BR"},{"@type":"Organization","@id":"https:\/\/www.sitsesp.org.br\/novo\/#organization","name":"Sitsesp","url":"https:\/\/www.sitsesp.org.br\/novo\/","logo":{"@type":"ImageObject","inLanguage":"pt-BR","@id":"https:\/\/www.sitsesp.org.br\/novo\/#\/schema\/logo\/image\/","url":"https:\/\/www.sitsesp.org.br\/novo\/wp-content\/uploads\/2020\/09\/Design-sem-nome-1.jpg","contentUrl":"https:\/\/www.sitsesp.org.br\/novo\/wp-content\/uploads\/2020\/09\/Design-sem-nome-1.jpg","width":300,"height":300,"caption":"Sitsesp"},"image":{"@id":"https:\/\/www.sitsesp.org.br\/novo\/#\/schema\/logo\/image\/"}},{"@type":"Person","@id":"https:\/\/www.sitsesp.org.br\/novo\/#\/schema\/person\/28e42eec160f373e81d0183b3643edbf","name":"imprensa","image":{"@type":"ImageObject","inLanguage":"pt-BR","@id":"https:\/\/www.sitsesp.org.br\/novo\/#\/schema\/person\/image\/","url":"https:\/\/secure.gravatar.com\/avatar\/8d6ccd8d7d52b8959f34154e87d3fa29?s=96&d=mm&r=g","contentUrl":"https:\/\/secure.gravatar.com\/avatar\/8d6ccd8d7d52b8959f34154e87d3fa29?s=96&d=mm&r=g","caption":"imprensa"}}]}},"_links":{"self":[{"href":"https:\/\/www.sitsesp.org.br\/novo\/wp-json\/wp\/v2\/posts\/6406"}],"collection":[{"href":"https:\/\/www.sitsesp.org.br\/novo\/wp-json\/wp\/v2\/posts"}],"about":[{"href":"https:\/\/www.sitsesp.org.br\/novo\/wp-json\/wp\/v2\/types\/post"}],"author":[{"embeddable":true,"href":"https:\/\/www.sitsesp.org.br\/novo\/wp-json\/wp\/v2\/users\/5"}],"replies":[{"embeddable":true,"href":"https:\/\/www.sitsesp.org.br\/novo\/wp-json\/wp\/v2\/comments?post=6406"}],"version-history":[{"count":1,"href":"https:\/\/www.sitsesp.org.br\/novo\/wp-json\/wp\/v2\/posts\/6406\/revisions"}],"predecessor-version":[{"id":6408,"href":"https:\/\/www.sitsesp.org.br\/novo\/wp-json\/wp\/v2\/posts\/6406\/revisions\/6408"}],"wp:featuredmedia":[{"embeddable":true,"href":"https:\/\/www.sitsesp.org.br\/novo\/wp-json\/wp\/v2\/media\/6407"}],"wp:attachment":[{"href":"https:\/\/www.sitsesp.org.br\/novo\/wp-json\/wp\/v2\/media?parent=6406"}],"wp:term":[{"taxonomy":"category","embeddable":true,"href":"https:\/\/www.sitsesp.org.br\/novo\/wp-json\/wp\/v2\/categories?post=6406"},{"taxonomy":"post_tag","embeddable":true,"href":"https:\/\/www.sitsesp.org.br\/novo\/wp-json\/wp\/v2\/tags?post=6406"}],"curies":[{"name":"wp","href":"https:\/\/api.w.org\/{rel}","templated":true}]}}