{"id":6439,"date":"2021-06-04T14:52:22","date_gmt":"2021-06-04T17:52:22","guid":{"rendered":"https:\/\/sitsesp.org.br\/novo\/?p=6439"},"modified":"2021-06-04T16:01:07","modified_gmt":"2021-06-04T19:01:07","slug":"socioeducadores-em-luta-de-olho-na-campanha-salarial-nao-aceitam-retirada-de-dirietos-decidem-por-estado-de-greve-e-definarao-os-rumos-da-luta-em-assembleia-dia-15-de-junho","status":"publish","type":"post","link":"https:\/\/www.sitsesp.org.br\/novo\/socioeducadores-em-luta-de-olho-na-campanha-salarial-nao-aceitam-retirada-de-dirietos-decidem-por-estado-de-greve-e-definarao-os-rumos-da-luta-em-assembleia-dia-15-de-junho\/","title":{"rendered":"SOCIOEDUCADORES EM LUTA DE OLHO NA CAMPANHA SALARIAL N\u00c3O ACEITAM RETIRADA DE DIREITOS, DECIDEM POR ESTADO DE GREVE E DEFINAR\u00c3O OS RUMOS DA LUTA EM ASSEMBLEIA DIA 15 DE JUNHO"},"content":{"rendered":"<p><!-- VideographyWP Plugin Message: Automatic video embedding prevented by plugin options. --><br \/>\n<strong>SOCIOEDUCADORES EM LUTA DE OLHO NA CAMPANHA SALARIAL N\u00c3O ACEITAM RETIRADA DE DIREITOS, DECIDEM POR ESTADO DE GREVE E DEFINAR\u00c3O OS RUMOS DA LUTA EM ASSEMBLEIA DIA 15 DE JUNHO<\/strong><\/p>\n<p>A categoria socioeducativa do estado de S\u00e3o Paulo aceitou a proposta do TRT e suspendeu o in\u00edcio da greve momentaneamente. Os servidores e servidoras se reuniram em assembleia na noite do dia 03 de junho e 74% dos presentes aceitaram a proposta do TRT que inclui: <strong>a)<\/strong> a suspens\u00e3o do Comunicado DRH 35\/2021, correspondente ao n\u00e3o fornecimento de vale refei\u00e7\u00e3o;<strong> b) <\/strong>o comprometimento da Funda\u00e7\u00e3o CASA em consultar a viabiliza\u00e7\u00e3o de recomposi\u00e7\u00e3o salarial do per\u00edodo que envolve a data-base (1\u00ba de mar\u00e7o de 2020 a 28 de fevereiro de 2021) para aplica\u00e7\u00e3o a partir de 1\u00ba de janeiro de 2022; <strong>c)<\/strong> comprometimento da Funda\u00e7\u00e3o CASA em prorrogar todas as cl\u00e1usulas sociais at\u00e9 a data-base de 1\u00ba de mar\u00e7o de 2022.<\/p>\n<p>&nbsp;<\/p>\n<p>A decis\u00e3o da categoria viabilizou a audi\u00eancia com o TRT para o dia 15\/06\/2021, ter\u00e7a-feira, \u00e0s 10h. Assim sendo, SITSESP e Funda\u00e7\u00e3o CASA permanecem em negocia\u00e7\u00e3o coletiva, agora com a intermedia\u00e7\u00e3o do Tribunal.<\/p>\n<p>&nbsp;<\/p>\n<p>A categoria demostrou disposi\u00e7\u00e3o de luta e organiza\u00e7\u00e3o, em quest\u00e3o de poucas horas se movimentou para participar em peso da assembleia que teve a participa\u00e7\u00e3o de mais de 600 socioeducadores. A categoria socioeducativa n\u00e3o tem nenhuma confian\u00e7a na executiva da Funda\u00e7\u00e3o CASA, mas, de forma inteligente, deu um passo para demostrar ao Tribunal Regional do Trabalho que a categoria quer negociar sim, mas a negocia\u00e7\u00e3o deve necessariamente valorizar os profissionais do sistema socioeducativo. Qualquer movimenta\u00e7\u00e3o por parte da Funda\u00e7\u00e3o CASA que retire direitos os servidores e servidoras, mais do que nunca, est\u00e3o dispostos a realizar uma greve \u201cmonstro\u201d que coloque para fora a atual gest\u00e3o da Funda\u00e7\u00e3o CASA e conquiste na luta direitos, sa\u00fade e seguran\u00e7a para todos e todas do sistema socioeducativo.<\/p>\n<p><strong>NENHUM DIREITO A MENOS!<\/strong><br \/>\n<strong>Valoriza\u00e7\u00e3o, sa\u00fade e seguran\u00e7a!<\/strong><\/p>\n","protected":false},"excerpt":{"rendered":"<p>A categoria socioeducativa do estado de S\u00e3o Paulo aceitou a proposta do TRT e suspendeu o in\u00edcio da greve momentaneamente. Os servidores e servidoras se reuniram em assembleia na noite do dia 03 de junho e 74% dos presentes aceitaram a proposta do TRT que inclui: a) a suspens\u00e3o do Comunicado DRH 35\/2021, correspondente ao n\u00e3o fornecimento de vale refei\u00e7\u00e3o; b) o comprometimento da Funda\u00e7\u00e3o CASA em consultar a viabiliza\u00e7\u00e3o de recomposi\u00e7\u00e3o salarial do per\u00edodo que envolve a data-base (1\u00ba de mar\u00e7o de 2020 a 28 de fevereiro de 2021) para aplica\u00e7\u00e3o a partir de 1\u00ba de janeiro de 2022; c) comprometimento da Funda\u00e7\u00e3o CASA em prorrogar todas as cl\u00e1usulas sociais at\u00e9 a data-base de 1\u00ba de mar\u00e7o de 2022.<\/p>\n","protected":false},"author":5,"featured_media":6444,"comment_status":"open","ping_status":"open","sticky":false,"template":"","format":"standard","meta":{"cybocfi_hide_featured_image":"","footnotes":""},"categories":[27,22],"tags":[45,42,44,38,41,40,37,39],"yoast_head":"<!-- This site is optimized with the Yoast SEO plugin v22.8 - https:\/\/yoast.com\/wordpress\/plugins\/seo\/ -->\n<title>SOCIOEDUCADORES EM LUTA DE OLHO NA CAMPANHA SALARIAL N\u00c3O ACEITAM RETIRADA DE DIREITOS, DECIDEM POR ESTADO DE GREVE E DEFINAR\u00c3O OS RUMOS DA LUTA EM ASSEMBLEIA DIA 15 DE JUNHO - SITSESP<\/title>\n<meta name=\"description\" content=\"A categoria socioeducativa do estado de S\u00e3o Paulo aceitou a proposta do TRT e suspendeu o in\u00edcio da greve momentaneamente. Os servidores e servidoras se reuniram em assembleia na noite do dia 03 de junho e 74% dos presentes aceitaram a proposta do TRT que inclui: a) a suspens\u00e3o do Comunicado DRH 35\/2021, correspondente ao n\u00e3o fornecimento de vale refei\u00e7\u00e3o; b) o comprometimento da Funda\u00e7\u00e3o CASA em consultar a viabiliza\u00e7\u00e3o de recomposi\u00e7\u00e3o salarial do per\u00edodo que envolve a data-base (1\u00ba de mar\u00e7o de 2020 a 28 de fevereiro de 2021) para aplica\u00e7\u00e3o a partir de 1\u00ba de janeiro de 2022; c) comprometimento da Funda\u00e7\u00e3o CASA em prorrogar todas as cl\u00e1usulas sociais at\u00e9 a data-base de 1\u00ba de mar\u00e7o de 2022.\" \/>\n<meta name=\"robots\" content=\"index, follow, max-snippet:-1, max-image-preview:large, max-video-preview:-1\" \/>\n<link rel=\"canonical\" href=\"https:\/\/www.sitsesp.org.br\/novo\/socioeducadores-em-luta-de-olho-na-campanha-salarial-nao-aceitam-retirada-de-dirietos-decidem-por-estado-de-greve-e-definarao-os-rumos-da-luta-em-assembleia-dia-15-de-junho\/\" \/>\n<meta property=\"og:locale\" content=\"pt_BR\" \/>\n<meta property=\"og:type\" content=\"article\" \/>\n<meta property=\"og:title\" content=\"SOCIOEDUCADORES EM LUTA DE OLHO NA CAMPANHA SALARIAL N\u00c3O ACEITAM RETIRADA DE DIREITOS, DECIDEM POR ESTADO DE GREVE E DEFINAR\u00c3O OS RUMOS DA LUTA EM ASSEMBLEIA DIA 15 DE JUNHO - SITSESP\" \/>\n<meta property=\"og:description\" content=\"A categoria socioeducativa do estado de S\u00e3o Paulo aceitou a proposta do TRT e suspendeu o in\u00edcio da greve momentaneamente. Os servidores e servidoras se reuniram em assembleia na noite do dia 03 de junho e 74% dos presentes aceitaram a proposta do TRT que inclui: a) a suspens\u00e3o do Comunicado DRH 35\/2021, correspondente ao n\u00e3o fornecimento de vale refei\u00e7\u00e3o; b) o comprometimento da Funda\u00e7\u00e3o CASA em consultar a viabiliza\u00e7\u00e3o de recomposi\u00e7\u00e3o salarial do per\u00edodo que envolve a data-base (1\u00ba de mar\u00e7o de 2020 a 28 de fevereiro de 2021) para aplica\u00e7\u00e3o a partir de 1\u00ba de janeiro de 2022; c) comprometimento da Funda\u00e7\u00e3o CASA em prorrogar todas as cl\u00e1usulas sociais at\u00e9 a data-base de 1\u00ba de mar\u00e7o de 2022.\" \/>\n<meta property=\"og:url\" content=\"https:\/\/www.sitsesp.org.br\/novo\/socioeducadores-em-luta-de-olho-na-campanha-salarial-nao-aceitam-retirada-de-dirietos-decidem-por-estado-de-greve-e-definarao-os-rumos-da-luta-em-assembleia-dia-15-de-junho\/\" \/>\n<meta property=\"og:site_name\" content=\"SITSESP\" \/>\n<meta property=\"article:published_time\" content=\"2021-06-04T17:52:22+00:00\" \/>\n<meta property=\"article:modified_time\" content=\"2021-06-04T19:01:07+00:00\" \/>\n<meta property=\"og:image\" content=\"https:\/\/www.sitsesp.org.br\/novo\/wp-content\/uploads\/2021\/06\/0406nota-2.jpg\" \/>\n\t<meta property=\"og:image:width\" content=\"800\" \/>\n\t<meta property=\"og:image:height\" content=\"800\" \/>\n\t<meta property=\"og:image:type\" content=\"image\/jpeg\" \/>\n<meta name=\"author\" content=\"imprensa\" \/>\n<meta name=\"twitter:card\" content=\"summary_large_image\" \/>\n<meta name=\"twitter:label1\" content=\"Escrito por\" \/>\n\t<meta name=\"twitter:data1\" content=\"imprensa\" \/>\n\t<meta name=\"twitter:label2\" content=\"Est. tempo de leitura\" \/>\n\t<meta name=\"twitter:data2\" content=\"2 minutos\" \/>\n<script type=\"application\/ld+json\" class=\"yoast-schema-graph\">{\"@context\":\"https:\/\/schema.org\",\"@graph\":[{\"@type\":\"Article\",\"@id\":\"https:\/\/www.sitsesp.org.br\/novo\/socioeducadores-em-luta-de-olho-na-campanha-salarial-nao-aceitam-retirada-de-dirietos-decidem-por-estado-de-greve-e-definarao-os-rumos-da-luta-em-assembleia-dia-15-de-junho\/#article\",\"isPartOf\":{\"@id\":\"https:\/\/www.sitsesp.org.br\/novo\/socioeducadores-em-luta-de-olho-na-campanha-salarial-nao-aceitam-retirada-de-dirietos-decidem-por-estado-de-greve-e-definarao-os-rumos-da-luta-em-assembleia-dia-15-de-junho\/\"},\"author\":{\"name\":\"imprensa\",\"@id\":\"https:\/\/www.sitsesp.org.br\/novo\/#\/schema\/person\/28e42eec160f373e81d0183b3643edbf\"},\"headline\":\"SOCIOEDUCADORES EM LUTA DE OLHO NA CAMPANHA SALARIAL N\u00c3O ACEITAM RETIRADA DE DIREITOS, DECIDEM POR ESTADO DE GREVE E DEFINAR\u00c3O OS RUMOS DA LUTA EM ASSEMBLEIA DIA 15 DE JUNHO\",\"datePublished\":\"2021-06-04T17:52:22+00:00\",\"dateModified\":\"2021-06-04T19:01:07+00:00\",\"mainEntityOfPage\":{\"@id\":\"https:\/\/www.sitsesp.org.br\/novo\/socioeducadores-em-luta-de-olho-na-campanha-salarial-nao-aceitam-retirada-de-dirietos-decidem-por-estado-de-greve-e-definarao-os-rumos-da-luta-em-assembleia-dia-15-de-junho\/\"},\"wordCount\":373,\"commentCount\":0,\"publisher\":{\"@id\":\"https:\/\/www.sitsesp.org.br\/novo\/#organization\"},\"image\":{\"@id\":\"https:\/\/www.sitsesp.org.br\/novo\/socioeducadores-em-luta-de-olho-na-campanha-salarial-nao-aceitam-retirada-de-dirietos-decidem-por-estado-de-greve-e-definarao-os-rumos-da-luta-em-assembleia-dia-15-de-junho\/#primaryimage\"},\"thumbnailUrl\":\"https:\/\/www.sitsesp.org.br\/novo\/wp-content\/uploads\/2021\/06\/0406nota-2.jpg\",\"keywords\":[\"2021\",\"assembleia\",\"campanha salarial\",\"Funda\u00e7\u00e3o CASA\",\"GREVE\",\"SINDICATO\",\"SITSESP\",\"SOCIOEDUCA\u00c7\u00c3O\"],\"articleSection\":[\"Destaque\",\"Noticias\"],\"inLanguage\":\"pt-BR\",\"potentialAction\":[{\"@type\":\"CommentAction\",\"name\":\"Comment\",\"target\":[\"https:\/\/www.sitsesp.org.br\/novo\/socioeducadores-em-luta-de-olho-na-campanha-salarial-nao-aceitam-retirada-de-dirietos-decidem-por-estado-de-greve-e-definarao-os-rumos-da-luta-em-assembleia-dia-15-de-junho\/#respond\"]}]},{\"@type\":\"WebPage\",\"@id\":\"https:\/\/www.sitsesp.org.br\/novo\/socioeducadores-em-luta-de-olho-na-campanha-salarial-nao-aceitam-retirada-de-dirietos-decidem-por-estado-de-greve-e-definarao-os-rumos-da-luta-em-assembleia-dia-15-de-junho\/\",\"url\":\"https:\/\/www.sitsesp.org.br\/novo\/socioeducadores-em-luta-de-olho-na-campanha-salarial-nao-aceitam-retirada-de-dirietos-decidem-por-estado-de-greve-e-definarao-os-rumos-da-luta-em-assembleia-dia-15-de-junho\/\",\"name\":\"SOCIOEDUCADORES EM LUTA DE OLHO NA CAMPANHA SALARIAL N\u00c3O ACEITAM RETIRADA DE DIREITOS, DECIDEM POR ESTADO DE GREVE E DEFINAR\u00c3O OS RUMOS DA LUTA EM ASSEMBLEIA DIA 15 DE JUNHO - SITSESP\",\"isPartOf\":{\"@id\":\"https:\/\/www.sitsesp.org.br\/novo\/#website\"},\"primaryImageOfPage\":{\"@id\":\"https:\/\/www.sitsesp.org.br\/novo\/socioeducadores-em-luta-de-olho-na-campanha-salarial-nao-aceitam-retirada-de-dirietos-decidem-por-estado-de-greve-e-definarao-os-rumos-da-luta-em-assembleia-dia-15-de-junho\/#primaryimage\"},\"image\":{\"@id\":\"https:\/\/www.sitsesp.org.br\/novo\/socioeducadores-em-luta-de-olho-na-campanha-salarial-nao-aceitam-retirada-de-dirietos-decidem-por-estado-de-greve-e-definarao-os-rumos-da-luta-em-assembleia-dia-15-de-junho\/#primaryimage\"},\"thumbnailUrl\":\"https:\/\/www.sitsesp.org.br\/novo\/wp-content\/uploads\/2021\/06\/0406nota-2.jpg\",\"datePublished\":\"2021-06-04T17:52:22+00:00\",\"dateModified\":\"2021-06-04T19:01:07+00:00\",\"description\":\"A categoria socioeducativa do estado de S\u00e3o Paulo aceitou a proposta do TRT e suspendeu o in\u00edcio da greve momentaneamente. Os servidores e servidoras se reuniram em assembleia na noite do dia 03 de junho e 74% dos presentes aceitaram a proposta do TRT que inclui: a) a suspens\u00e3o do Comunicado DRH 35\/2021, correspondente ao n\u00e3o fornecimento de vale refei\u00e7\u00e3o; b) o comprometimento da Funda\u00e7\u00e3o CASA em consultar a viabiliza\u00e7\u00e3o de recomposi\u00e7\u00e3o salarial do per\u00edodo que envolve a data-base (1\u00ba de mar\u00e7o de 2020 a 28 de fevereiro de 2021) para aplica\u00e7\u00e3o a partir de 1\u00ba de janeiro de 2022; c) comprometimento da Funda\u00e7\u00e3o CASA em prorrogar todas as cl\u00e1usulas sociais at\u00e9 a data-base de 1\u00ba de mar\u00e7o de 2022.\",\"breadcrumb\":{\"@id\":\"https:\/\/www.sitsesp.org.br\/novo\/socioeducadores-em-luta-de-olho-na-campanha-salarial-nao-aceitam-retirada-de-dirietos-decidem-por-estado-de-greve-e-definarao-os-rumos-da-luta-em-assembleia-dia-15-de-junho\/#breadcrumb\"},\"inLanguage\":\"pt-BR\",\"potentialAction\":[{\"@type\":\"ReadAction\",\"target\":[\"https:\/\/www.sitsesp.org.br\/novo\/socioeducadores-em-luta-de-olho-na-campanha-salarial-nao-aceitam-retirada-de-dirietos-decidem-por-estado-de-greve-e-definarao-os-rumos-da-luta-em-assembleia-dia-15-de-junho\/\"]}]},{\"@type\":\"ImageObject\",\"inLanguage\":\"pt-BR\",\"@id\":\"https:\/\/www.sitsesp.org.br\/novo\/socioeducadores-em-luta-de-olho-na-campanha-salarial-nao-aceitam-retirada-de-dirietos-decidem-por-estado-de-greve-e-definarao-os-rumos-da-luta-em-assembleia-dia-15-de-junho\/#primaryimage\",\"url\":\"https:\/\/www.sitsesp.org.br\/novo\/wp-content\/uploads\/2021\/06\/0406nota-2.jpg\",\"contentUrl\":\"https:\/\/www.sitsesp.org.br\/novo\/wp-content\/uploads\/2021\/06\/0406nota-2.jpg\",\"width\":800,\"height\":800},{\"@type\":\"BreadcrumbList\",\"@id\":\"https:\/\/www.sitsesp.org.br\/novo\/socioeducadores-em-luta-de-olho-na-campanha-salarial-nao-aceitam-retirada-de-dirietos-decidem-por-estado-de-greve-e-definarao-os-rumos-da-luta-em-assembleia-dia-15-de-junho\/#breadcrumb\",\"itemListElement\":[{\"@type\":\"ListItem\",\"position\":1,\"name\":\"In\u00edcio\",\"item\":\"https:\/\/www.sitsesp.org.br\/novo\/\"},{\"@type\":\"ListItem\",\"position\":2,\"name\":\"SOCIOEDUCADORES EM LUTA DE OLHO NA CAMPANHA SALARIAL N\u00c3O ACEITAM RETIRADA DE DIREITOS, DECIDEM POR ESTADO DE GREVE E DEFINAR\u00c3O OS RUMOS DA LUTA EM ASSEMBLEIA DIA 15 DE JUNHO\"}]},{\"@type\":\"WebSite\",\"@id\":\"https:\/\/www.sitsesp.org.br\/novo\/#website\",\"url\":\"https:\/\/www.sitsesp.org.br\/novo\/\",\"name\":\"Sitsesp\",\"description\":\"SIndicato da Socioeduca\u00e7\u00e3o do Estado de S\u00e3o Paulo\",\"publisher\":{\"@id\":\"https:\/\/www.sitsesp.org.br\/novo\/#organization\"},\"potentialAction\":[{\"@type\":\"SearchAction\",\"target\":{\"@type\":\"EntryPoint\",\"urlTemplate\":\"https:\/\/www.sitsesp.org.br\/novo\/?s={search_term_string}\"},\"query-input\":\"required name=search_term_string\"}],\"inLanguage\":\"pt-BR\"},{\"@type\":\"Organization\",\"@id\":\"https:\/\/www.sitsesp.org.br\/novo\/#organization\",\"name\":\"Sitsesp\",\"url\":\"https:\/\/www.sitsesp.org.br\/novo\/\",\"logo\":{\"@type\":\"ImageObject\",\"inLanguage\":\"pt-BR\",\"@id\":\"https:\/\/www.sitsesp.org.br\/novo\/#\/schema\/logo\/image\/\",\"url\":\"https:\/\/www.sitsesp.org.br\/novo\/wp-content\/uploads\/2020\/09\/Design-sem-nome-1.jpg\",\"contentUrl\":\"https:\/\/www.sitsesp.org.br\/novo\/wp-content\/uploads\/2020\/09\/Design-sem-nome-1.jpg\",\"width\":300,\"height\":300,\"caption\":\"Sitsesp\"},\"image\":{\"@id\":\"https:\/\/www.sitsesp.org.br\/novo\/#\/schema\/logo\/image\/\"}},{\"@type\":\"Person\",\"@id\":\"https:\/\/www.sitsesp.org.br\/novo\/#\/schema\/person\/28e42eec160f373e81d0183b3643edbf\",\"name\":\"imprensa\",\"image\":{\"@type\":\"ImageObject\",\"inLanguage\":\"pt-BR\",\"@id\":\"https:\/\/www.sitsesp.org.br\/novo\/#\/schema\/person\/image\/\",\"url\":\"https:\/\/secure.gravatar.com\/avatar\/8d6ccd8d7d52b8959f34154e87d3fa29?s=96&d=mm&r=g\",\"contentUrl\":\"https:\/\/secure.gravatar.com\/avatar\/8d6ccd8d7d52b8959f34154e87d3fa29?s=96&d=mm&r=g\",\"caption\":\"imprensa\"}}]}<\/script>\n<!-- \/ Yoast SEO plugin. -->","yoast_head_json":{"title":"SOCIOEDUCADORES EM LUTA DE OLHO NA CAMPANHA SALARIAL N\u00c3O ACEITAM RETIRADA DE DIREITOS, DECIDEM POR ESTADO DE GREVE E DEFINAR\u00c3O OS RUMOS DA LUTA EM ASSEMBLEIA DIA 15 DE JUNHO - SITSESP","description":"A categoria socioeducativa do estado de S\u00e3o Paulo aceitou a proposta do TRT e suspendeu o in\u00edcio da greve momentaneamente. Os servidores e servidoras se reuniram em assembleia na noite do dia 03 de junho e 74% dos presentes aceitaram a proposta do TRT que inclui: a) a suspens\u00e3o do Comunicado DRH 35\/2021, correspondente ao n\u00e3o fornecimento de vale refei\u00e7\u00e3o; b) o comprometimento da Funda\u00e7\u00e3o CASA em consultar a viabiliza\u00e7\u00e3o de recomposi\u00e7\u00e3o salarial do per\u00edodo que envolve a data-base (1\u00ba de mar\u00e7o de 2020 a 28 de fevereiro de 2021) para aplica\u00e7\u00e3o a partir de 1\u00ba de janeiro de 2022; c) comprometimento da Funda\u00e7\u00e3o CASA em prorrogar todas as cl\u00e1usulas sociais at\u00e9 a data-base de 1\u00ba de mar\u00e7o de 2022.","robots":{"index":"index","follow":"follow","max-snippet":"max-snippet:-1","max-image-preview":"max-image-preview:large","max-video-preview":"max-video-preview:-1"},"canonical":"https:\/\/www.sitsesp.org.br\/novo\/socioeducadores-em-luta-de-olho-na-campanha-salarial-nao-aceitam-retirada-de-dirietos-decidem-por-estado-de-greve-e-definarao-os-rumos-da-luta-em-assembleia-dia-15-de-junho\/","og_locale":"pt_BR","og_type":"article","og_title":"SOCIOEDUCADORES EM LUTA DE OLHO NA CAMPANHA SALARIAL N\u00c3O ACEITAM RETIRADA DE DIREITOS, DECIDEM POR ESTADO DE GREVE E DEFINAR\u00c3O OS RUMOS DA LUTA EM ASSEMBLEIA DIA 15 DE JUNHO - SITSESP","og_description":"A categoria socioeducativa do estado de S\u00e3o Paulo aceitou a proposta do TRT e suspendeu o in\u00edcio da greve momentaneamente. Os servidores e servidoras se reuniram em assembleia na noite do dia 03 de junho e 74% dos presentes aceitaram a proposta do TRT que inclui: a) a suspens\u00e3o do Comunicado DRH 35\/2021, correspondente ao n\u00e3o fornecimento de vale refei\u00e7\u00e3o; b) o comprometimento da Funda\u00e7\u00e3o CASA em consultar a viabiliza\u00e7\u00e3o de recomposi\u00e7\u00e3o salarial do per\u00edodo que envolve a data-base (1\u00ba de mar\u00e7o de 2020 a 28 de fevereiro de 2021) para aplica\u00e7\u00e3o a partir de 1\u00ba de janeiro de 2022; c) comprometimento da Funda\u00e7\u00e3o CASA em prorrogar todas as cl\u00e1usulas sociais at\u00e9 a data-base de 1\u00ba de mar\u00e7o de 2022.","og_url":"https:\/\/www.sitsesp.org.br\/novo\/socioeducadores-em-luta-de-olho-na-campanha-salarial-nao-aceitam-retirada-de-dirietos-decidem-por-estado-de-greve-e-definarao-os-rumos-da-luta-em-assembleia-dia-15-de-junho\/","og_site_name":"SITSESP","article_published_time":"2021-06-04T17:52:22+00:00","article_modified_time":"2021-06-04T19:01:07+00:00","og_image":[{"width":800,"height":800,"url":"https:\/\/www.sitsesp.org.br\/novo\/wp-content\/uploads\/2021\/06\/0406nota-2.jpg","type":"image\/jpeg"}],"author":"imprensa","twitter_card":"summary_large_image","twitter_misc":{"Escrito por":"imprensa","Est. tempo de leitura":"2 minutos"},"schema":{"@context":"https:\/\/schema.org","@graph":[{"@type":"Article","@id":"https:\/\/www.sitsesp.org.br\/novo\/socioeducadores-em-luta-de-olho-na-campanha-salarial-nao-aceitam-retirada-de-dirietos-decidem-por-estado-de-greve-e-definarao-os-rumos-da-luta-em-assembleia-dia-15-de-junho\/#article","isPartOf":{"@id":"https:\/\/www.sitsesp.org.br\/novo\/socioeducadores-em-luta-de-olho-na-campanha-salarial-nao-aceitam-retirada-de-dirietos-decidem-por-estado-de-greve-e-definarao-os-rumos-da-luta-em-assembleia-dia-15-de-junho\/"},"author":{"name":"imprensa","@id":"https:\/\/www.sitsesp.org.br\/novo\/#\/schema\/person\/28e42eec160f373e81d0183b3643edbf"},"headline":"SOCIOEDUCADORES EM LUTA DE OLHO NA CAMPANHA SALARIAL N\u00c3O ACEITAM RETIRADA DE DIREITOS, DECIDEM POR ESTADO DE GREVE E DEFINAR\u00c3O OS RUMOS DA LUTA EM ASSEMBLEIA DIA 15 DE JUNHO","datePublished":"2021-06-04T17:52:22+00:00","dateModified":"2021-06-04T19:01:07+00:00","mainEntityOfPage":{"@id":"https:\/\/www.sitsesp.org.br\/novo\/socioeducadores-em-luta-de-olho-na-campanha-salarial-nao-aceitam-retirada-de-dirietos-decidem-por-estado-de-greve-e-definarao-os-rumos-da-luta-em-assembleia-dia-15-de-junho\/"},"wordCount":373,"commentCount":0,"publisher":{"@id":"https:\/\/www.sitsesp.org.br\/novo\/#organization"},"image":{"@id":"https:\/\/www.sitsesp.org.br\/novo\/socioeducadores-em-luta-de-olho-na-campanha-salarial-nao-aceitam-retirada-de-dirietos-decidem-por-estado-de-greve-e-definarao-os-rumos-da-luta-em-assembleia-dia-15-de-junho\/#primaryimage"},"thumbnailUrl":"https:\/\/www.sitsesp.org.br\/novo\/wp-content\/uploads\/2021\/06\/0406nota-2.jpg","keywords":["2021","assembleia","campanha salarial","Funda\u00e7\u00e3o CASA","GREVE","SINDICATO","SITSESP","SOCIOEDUCA\u00c7\u00c3O"],"articleSection":["Destaque","Noticias"],"inLanguage":"pt-BR","potentialAction":[{"@type":"CommentAction","name":"Comment","target":["https:\/\/www.sitsesp.org.br\/novo\/socioeducadores-em-luta-de-olho-na-campanha-salarial-nao-aceitam-retirada-de-dirietos-decidem-por-estado-de-greve-e-definarao-os-rumos-da-luta-em-assembleia-dia-15-de-junho\/#respond"]}]},{"@type":"WebPage","@id":"https:\/\/www.sitsesp.org.br\/novo\/socioeducadores-em-luta-de-olho-na-campanha-salarial-nao-aceitam-retirada-de-dirietos-decidem-por-estado-de-greve-e-definarao-os-rumos-da-luta-em-assembleia-dia-15-de-junho\/","url":"https:\/\/www.sitsesp.org.br\/novo\/socioeducadores-em-luta-de-olho-na-campanha-salarial-nao-aceitam-retirada-de-dirietos-decidem-por-estado-de-greve-e-definarao-os-rumos-da-luta-em-assembleia-dia-15-de-junho\/","name":"SOCIOEDUCADORES EM LUTA DE OLHO NA CAMPANHA SALARIAL N\u00c3O ACEITAM RETIRADA DE DIREITOS, DECIDEM POR ESTADO DE GREVE E DEFINAR\u00c3O OS RUMOS DA LUTA EM ASSEMBLEIA DIA 15 DE JUNHO - SITSESP","isPartOf":{"@id":"https:\/\/www.sitsesp.org.br\/novo\/#website"},"primaryImageOfPage":{"@id":"https:\/\/www.sitsesp.org.br\/novo\/socioeducadores-em-luta-de-olho-na-campanha-salarial-nao-aceitam-retirada-de-dirietos-decidem-por-estado-de-greve-e-definarao-os-rumos-da-luta-em-assembleia-dia-15-de-junho\/#primaryimage"},"image":{"@id":"https:\/\/www.sitsesp.org.br\/novo\/socioeducadores-em-luta-de-olho-na-campanha-salarial-nao-aceitam-retirada-de-dirietos-decidem-por-estado-de-greve-e-definarao-os-rumos-da-luta-em-assembleia-dia-15-de-junho\/#primaryimage"},"thumbnailUrl":"https:\/\/www.sitsesp.org.br\/novo\/wp-content\/uploads\/2021\/06\/0406nota-2.jpg","datePublished":"2021-06-04T17:52:22+00:00","dateModified":"2021-06-04T19:01:07+00:00","description":"A categoria socioeducativa do estado de S\u00e3o Paulo aceitou a proposta do TRT e suspendeu o in\u00edcio da greve momentaneamente. Os servidores e servidoras se reuniram em assembleia na noite do dia 03 de junho e 74% dos presentes aceitaram a proposta do TRT que inclui: a) a suspens\u00e3o do Comunicado DRH 35\/2021, correspondente ao n\u00e3o fornecimento de vale refei\u00e7\u00e3o; b) o comprometimento da Funda\u00e7\u00e3o CASA em consultar a viabiliza\u00e7\u00e3o de recomposi\u00e7\u00e3o salarial do per\u00edodo que envolve a data-base (1\u00ba de mar\u00e7o de 2020 a 28 de fevereiro de 2021) para aplica\u00e7\u00e3o a partir de 1\u00ba de janeiro de 2022; c) comprometimento da Funda\u00e7\u00e3o CASA em prorrogar todas as cl\u00e1usulas sociais at\u00e9 a data-base de 1\u00ba de mar\u00e7o de 2022.","breadcrumb":{"@id":"https:\/\/www.sitsesp.org.br\/novo\/socioeducadores-em-luta-de-olho-na-campanha-salarial-nao-aceitam-retirada-de-dirietos-decidem-por-estado-de-greve-e-definarao-os-rumos-da-luta-em-assembleia-dia-15-de-junho\/#breadcrumb"},"inLanguage":"pt-BR","potentialAction":[{"@type":"ReadAction","target":["https:\/\/www.sitsesp.org.br\/novo\/socioeducadores-em-luta-de-olho-na-campanha-salarial-nao-aceitam-retirada-de-dirietos-decidem-por-estado-de-greve-e-definarao-os-rumos-da-luta-em-assembleia-dia-15-de-junho\/"]}]},{"@type":"ImageObject","inLanguage":"pt-BR","@id":"https:\/\/www.sitsesp.org.br\/novo\/socioeducadores-em-luta-de-olho-na-campanha-salarial-nao-aceitam-retirada-de-dirietos-decidem-por-estado-de-greve-e-definarao-os-rumos-da-luta-em-assembleia-dia-15-de-junho\/#primaryimage","url":"https:\/\/www.sitsesp.org.br\/novo\/wp-content\/uploads\/2021\/06\/0406nota-2.jpg","contentUrl":"https:\/\/www.sitsesp.org.br\/novo\/wp-content\/uploads\/2021\/06\/0406nota-2.jpg","width":800,"height":800},{"@type":"BreadcrumbList","@id":"https:\/\/www.sitsesp.org.br\/novo\/socioeducadores-em-luta-de-olho-na-campanha-salarial-nao-aceitam-retirada-de-dirietos-decidem-por-estado-de-greve-e-definarao-os-rumos-da-luta-em-assembleia-dia-15-de-junho\/#breadcrumb","itemListElement":[{"@type":"ListItem","position":1,"name":"In\u00edcio","item":"https:\/\/www.sitsesp.org.br\/novo\/"},{"@type":"ListItem","position":2,"name":"SOCIOEDUCADORES EM LUTA DE OLHO NA CAMPANHA SALARIAL N\u00c3O ACEITAM RETIRADA DE DIREITOS, DECIDEM POR ESTADO DE GREVE E DEFINAR\u00c3O OS RUMOS DA LUTA EM ASSEMBLEIA DIA 15 DE JUNHO"}]},{"@type":"WebSite","@id":"https:\/\/www.sitsesp.org.br\/novo\/#website","url":"https:\/\/www.sitsesp.org.br\/novo\/","name":"Sitsesp","description":"SIndicato da Socioeduca\u00e7\u00e3o do Estado de S\u00e3o Paulo","publisher":{"@id":"https:\/\/www.sitsesp.org.br\/novo\/#organization"},"potentialAction":[{"@type":"SearchAction","target":{"@type":"EntryPoint","urlTemplate":"https:\/\/www.sitsesp.org.br\/novo\/?s={search_term_string}"},"query-input":"required name=search_term_string"}],"inLanguage":"pt-BR"},{"@type":"Organization","@id":"https:\/\/www.sitsesp.org.br\/novo\/#organization","name":"Sitsesp","url":"https:\/\/www.sitsesp.org.br\/novo\/","logo":{"@type":"ImageObject","inLanguage":"pt-BR","@id":"https:\/\/www.sitsesp.org.br\/novo\/#\/schema\/logo\/image\/","url":"https:\/\/www.sitsesp.org.br\/novo\/wp-content\/uploads\/2020\/09\/Design-sem-nome-1.jpg","contentUrl":"https:\/\/www.sitsesp.org.br\/novo\/wp-content\/uploads\/2020\/09\/Design-sem-nome-1.jpg","width":300,"height":300,"caption":"Sitsesp"},"image":{"@id":"https:\/\/www.sitsesp.org.br\/novo\/#\/schema\/logo\/image\/"}},{"@type":"Person","@id":"https:\/\/www.sitsesp.org.br\/novo\/#\/schema\/person\/28e42eec160f373e81d0183b3643edbf","name":"imprensa","image":{"@type":"ImageObject","inLanguage":"pt-BR","@id":"https:\/\/www.sitsesp.org.br\/novo\/#\/schema\/person\/image\/","url":"https:\/\/secure.gravatar.com\/avatar\/8d6ccd8d7d52b8959f34154e87d3fa29?s=96&d=mm&r=g","contentUrl":"https:\/\/secure.gravatar.com\/avatar\/8d6ccd8d7d52b8959f34154e87d3fa29?s=96&d=mm&r=g","caption":"imprensa"}}]}},"_links":{"self":[{"href":"https:\/\/www.sitsesp.org.br\/novo\/wp-json\/wp\/v2\/posts\/6439"}],"collection":[{"href":"https:\/\/www.sitsesp.org.br\/novo\/wp-json\/wp\/v2\/posts"}],"about":[{"href":"https:\/\/www.sitsesp.org.br\/novo\/wp-json\/wp\/v2\/types\/post"}],"author":[{"embeddable":true,"href":"https:\/\/www.sitsesp.org.br\/novo\/wp-json\/wp\/v2\/users\/5"}],"replies":[{"embeddable":true,"href":"https:\/\/www.sitsesp.org.br\/novo\/wp-json\/wp\/v2\/comments?post=6439"}],"version-history":[{"count":3,"href":"https:\/\/www.sitsesp.org.br\/novo\/wp-json\/wp\/v2\/posts\/6439\/revisions"}],"predecessor-version":[{"id":6445,"href":"https:\/\/www.sitsesp.org.br\/novo\/wp-json\/wp\/v2\/posts\/6439\/revisions\/6445"}],"wp:featuredmedia":[{"embeddable":true,"href":"https:\/\/www.sitsesp.org.br\/novo\/wp-json\/wp\/v2\/media\/6444"}],"wp:attachment":[{"href":"https:\/\/www.sitsesp.org.br\/novo\/wp-json\/wp\/v2\/media?parent=6439"}],"wp:term":[{"taxonomy":"category","embeddable":true,"href":"https:\/\/www.sitsesp.org.br\/novo\/wp-json\/wp\/v2\/categories?post=6439"},{"taxonomy":"post_tag","embeddable":true,"href":"https:\/\/www.sitsesp.org.br\/novo\/wp-json\/wp\/v2\/tags?post=6439"}],"curies":[{"name":"wp","href":"https:\/\/api.w.org\/{rel}","templated":true}]}}