{"id":6446,"date":"2021-06-06T11:14:19","date_gmt":"2021-06-06T14:14:19","guid":{"rendered":"https:\/\/sitsesp.org.br\/novo\/?p=6446"},"modified":"2021-06-06T11:14:19","modified_gmt":"2021-06-06T14:14:19","slug":"nota-de-pesar-marcia-guizardi-presente","status":"publish","type":"post","link":"https:\/\/www.sitsesp.org.br\/novo\/nota-de-pesar-marcia-guizardi-presente\/","title":{"rendered":"NOTA DE PESAR | M\u00e1rcia Guizardi, presente!"},"content":{"rendered":"<p><!-- VideographyWP Plugin Message: Automatic video embedding prevented by plugin options. --><br \/>\n\u00c9 com grande pesar que anunciamos o falecimento da nossa querida professora M\u00e1rcia Guizardi. \u00cdcone no ensino Socioeducativo no Centro CASA Sert\u00e3ozinho desde o in\u00edcio das atividades da ent\u00e3o unidade. Deixar\u00e1 muitas saudades mas ser\u00e1 sempre lembrada pelo dever cumprido como educadora. Seu vel\u00f3rio acontece no Vel\u00f3rio Mazer, sala 07, Rua Epit\u00e1cio Pessoa, 1117 em Sert\u00e3ozinho e sair\u00e1 \u00e0s 14hs. O SITSESP, Servidores, terceiros e amigos deixam os mais sinceros votos de pesar.<\/p>\n","protected":false},"excerpt":{"rendered":"<p>\u00c9 com grande pesar que anunciamos o falecimento da nossa querida professora M\u00e1rcia Guizardi. \u00cdcone no ensino Socioeducativo no Centro CASA Sert\u00e3ozinho desde o in\u00edcio das atividades da ent\u00e3o unidade. Deixar\u00e1 muitas saudades mas ser\u00e1 sempre lembrada pelo dever cumprido como educadora. Seu vel\u00f3rio acontece no Vel\u00f3rio Mazer, sala 07, Rua Epit\u00e1cio Pessoa, 1117 em Sert\u00e3ozinho e sair\u00e1 \u00e0s 14hs. O SITSESP, Servidores, terceiros e amigos deixam os mais sinceros votos de pesar.<\/p>\n","protected":false},"author":5,"featured_media":6447,"comment_status":"open","ping_status":"open","sticky":false,"template":"","format":"standard","meta":{"cybocfi_hide_featured_image":"","footnotes":""},"categories":[22],"tags":[],"yoast_head":"<!-- This site is optimized with the Yoast SEO plugin v22.8 - https:\/\/yoast.com\/wordpress\/plugins\/seo\/ -->\n<title>NOTA DE PESAR | M\u00e1rcia Guizardi, presente! - SITSESP<\/title>\n<meta name=\"description\" content=\"\u00c9 com grande pesar que anunciamos o falecimento da nossa querida professora M\u00e1rcia Guizardi. \u00cdcone no ensino Socioeducativo no Centro CASA Sert\u00e3ozinho desde o in\u00edcio das atividades da ent\u00e3o unidade. Deixar\u00e1 muitas saudades mas ser\u00e1 sempre lembrada pelo dever cumprido como educadora. Seu vel\u00f3rio acontece no Vel\u00f3rio Mazer, sala 07, Rua Epit\u00e1cio Pessoa, 1117 em Sert\u00e3ozinho e sair\u00e1 \u00e0s 14hs. O SITSESP, Servidores, terceiros e amigos deixam os mais sinceros votos de pesar.\" \/>\n<meta name=\"robots\" content=\"index, follow, max-snippet:-1, max-image-preview:large, max-video-preview:-1\" \/>\n<link rel=\"canonical\" href=\"https:\/\/www.sitsesp.org.br\/novo\/nota-de-pesar-marcia-guizardi-presente\/\" \/>\n<meta property=\"og:locale\" content=\"pt_BR\" \/>\n<meta property=\"og:type\" content=\"article\" \/>\n<meta property=\"og:title\" content=\"NOTA DE PESAR | M\u00e1rcia Guizardi, presente! - SITSESP\" \/>\n<meta property=\"og:description\" content=\"\u00c9 com grande pesar que anunciamos o falecimento da nossa querida professora M\u00e1rcia Guizardi. \u00cdcone no ensino Socioeducativo no Centro CASA Sert\u00e3ozinho desde o in\u00edcio das atividades da ent\u00e3o unidade. Deixar\u00e1 muitas saudades mas ser\u00e1 sempre lembrada pelo dever cumprido como educadora. Seu vel\u00f3rio acontece no Vel\u00f3rio Mazer, sala 07, Rua Epit\u00e1cio Pessoa, 1117 em Sert\u00e3ozinho e sair\u00e1 \u00e0s 14hs. O SITSESP, Servidores, terceiros e amigos deixam os mais sinceros votos de pesar.\" \/>\n<meta property=\"og:url\" content=\"https:\/\/www.sitsesp.org.br\/novo\/nota-de-pesar-marcia-guizardi-presente\/\" \/>\n<meta property=\"og:site_name\" content=\"SITSESP\" \/>\n<meta property=\"article:published_time\" content=\"2021-06-06T14:14:19+00:00\" \/>\n<meta property=\"og:image\" content=\"https:\/\/www.sitsesp.org.br\/novo\/wp-content\/uploads\/2021\/06\/notadpesar0606.jpg\" \/>\n\t<meta property=\"og:image:width\" content=\"800\" \/>\n\t<meta property=\"og:image:height\" content=\"800\" \/>\n\t<meta property=\"og:image:type\" content=\"image\/jpeg\" \/>\n<meta name=\"author\" content=\"imprensa\" \/>\n<meta name=\"twitter:card\" content=\"summary_large_image\" \/>\n<meta name=\"twitter:label1\" content=\"Escrito por\" \/>\n\t<meta name=\"twitter:data1\" content=\"imprensa\" \/>\n\t<meta name=\"twitter:label2\" content=\"Est. tempo de leitura\" \/>\n\t<meta name=\"twitter:data2\" content=\"1 minuto\" \/>\n<script type=\"application\/ld+json\" class=\"yoast-schema-graph\">{\"@context\":\"https:\/\/schema.org\",\"@graph\":[{\"@type\":\"Article\",\"@id\":\"https:\/\/www.sitsesp.org.br\/novo\/nota-de-pesar-marcia-guizardi-presente\/#article\",\"isPartOf\":{\"@id\":\"https:\/\/www.sitsesp.org.br\/novo\/nota-de-pesar-marcia-guizardi-presente\/\"},\"author\":{\"name\":\"imprensa\",\"@id\":\"https:\/\/www.sitsesp.org.br\/novo\/#\/schema\/person\/28e42eec160f373e81d0183b3643edbf\"},\"headline\":\"NOTA DE PESAR | M\u00e1rcia Guizardi, presente!\",\"datePublished\":\"2021-06-06T14:14:19+00:00\",\"dateModified\":\"2021-06-06T14:14:19+00:00\",\"mainEntityOfPage\":{\"@id\":\"https:\/\/www.sitsesp.org.br\/novo\/nota-de-pesar-marcia-guizardi-presente\/\"},\"wordCount\":85,\"commentCount\":0,\"publisher\":{\"@id\":\"https:\/\/www.sitsesp.org.br\/novo\/#organization\"},\"image\":{\"@id\":\"https:\/\/www.sitsesp.org.br\/novo\/nota-de-pesar-marcia-guizardi-presente\/#primaryimage\"},\"thumbnailUrl\":\"https:\/\/www.sitsesp.org.br\/novo\/wp-content\/uploads\/2021\/06\/notadpesar0606.jpg\",\"articleSection\":[\"Noticias\"],\"inLanguage\":\"pt-BR\",\"potentialAction\":[{\"@type\":\"CommentAction\",\"name\":\"Comment\",\"target\":[\"https:\/\/www.sitsesp.org.br\/novo\/nota-de-pesar-marcia-guizardi-presente\/#respond\"]}]},{\"@type\":\"WebPage\",\"@id\":\"https:\/\/www.sitsesp.org.br\/novo\/nota-de-pesar-marcia-guizardi-presente\/\",\"url\":\"https:\/\/www.sitsesp.org.br\/novo\/nota-de-pesar-marcia-guizardi-presente\/\",\"name\":\"NOTA DE PESAR | M\u00e1rcia Guizardi, presente! - SITSESP\",\"isPartOf\":{\"@id\":\"https:\/\/www.sitsesp.org.br\/novo\/#website\"},\"primaryImageOfPage\":{\"@id\":\"https:\/\/www.sitsesp.org.br\/novo\/nota-de-pesar-marcia-guizardi-presente\/#primaryimage\"},\"image\":{\"@id\":\"https:\/\/www.sitsesp.org.br\/novo\/nota-de-pesar-marcia-guizardi-presente\/#primaryimage\"},\"thumbnailUrl\":\"https:\/\/www.sitsesp.org.br\/novo\/wp-content\/uploads\/2021\/06\/notadpesar0606.jpg\",\"datePublished\":\"2021-06-06T14:14:19+00:00\",\"dateModified\":\"2021-06-06T14:14:19+00:00\",\"description\":\"\u00c9 com grande pesar que anunciamos o falecimento da nossa querida professora M\u00e1rcia Guizardi. \u00cdcone no ensino Socioeducativo no Centro CASA Sert\u00e3ozinho desde o in\u00edcio das atividades da ent\u00e3o unidade. Deixar\u00e1 muitas saudades mas ser\u00e1 sempre lembrada pelo dever cumprido como educadora. Seu vel\u00f3rio acontece no Vel\u00f3rio Mazer, sala 07, Rua Epit\u00e1cio Pessoa, 1117 em Sert\u00e3ozinho e sair\u00e1 \u00e0s 14hs. O SITSESP, Servidores, terceiros e amigos deixam os mais sinceros votos de pesar.\",\"breadcrumb\":{\"@id\":\"https:\/\/www.sitsesp.org.br\/novo\/nota-de-pesar-marcia-guizardi-presente\/#breadcrumb\"},\"inLanguage\":\"pt-BR\",\"potentialAction\":[{\"@type\":\"ReadAction\",\"target\":[\"https:\/\/www.sitsesp.org.br\/novo\/nota-de-pesar-marcia-guizardi-presente\/\"]}]},{\"@type\":\"ImageObject\",\"inLanguage\":\"pt-BR\",\"@id\":\"https:\/\/www.sitsesp.org.br\/novo\/nota-de-pesar-marcia-guizardi-presente\/#primaryimage\",\"url\":\"https:\/\/www.sitsesp.org.br\/novo\/wp-content\/uploads\/2021\/06\/notadpesar0606.jpg\",\"contentUrl\":\"https:\/\/www.sitsesp.org.br\/novo\/wp-content\/uploads\/2021\/06\/notadpesar0606.jpg\",\"width\":800,\"height\":800},{\"@type\":\"BreadcrumbList\",\"@id\":\"https:\/\/www.sitsesp.org.br\/novo\/nota-de-pesar-marcia-guizardi-presente\/#breadcrumb\",\"itemListElement\":[{\"@type\":\"ListItem\",\"position\":1,\"name\":\"In\u00edcio\",\"item\":\"https:\/\/www.sitsesp.org.br\/novo\/\"},{\"@type\":\"ListItem\",\"position\":2,\"name\":\"NOTA DE PESAR | M\u00e1rcia Guizardi, presente!\"}]},{\"@type\":\"WebSite\",\"@id\":\"https:\/\/www.sitsesp.org.br\/novo\/#website\",\"url\":\"https:\/\/www.sitsesp.org.br\/novo\/\",\"name\":\"Sitsesp\",\"description\":\"SIndicato da Socioeduca\u00e7\u00e3o do Estado de S\u00e3o Paulo\",\"publisher\":{\"@id\":\"https:\/\/www.sitsesp.org.br\/novo\/#organization\"},\"potentialAction\":[{\"@type\":\"SearchAction\",\"target\":{\"@type\":\"EntryPoint\",\"urlTemplate\":\"https:\/\/www.sitsesp.org.br\/novo\/?s={search_term_string}\"},\"query-input\":\"required name=search_term_string\"}],\"inLanguage\":\"pt-BR\"},{\"@type\":\"Organization\",\"@id\":\"https:\/\/www.sitsesp.org.br\/novo\/#organization\",\"name\":\"Sitsesp\",\"url\":\"https:\/\/www.sitsesp.org.br\/novo\/\",\"logo\":{\"@type\":\"ImageObject\",\"inLanguage\":\"pt-BR\",\"@id\":\"https:\/\/www.sitsesp.org.br\/novo\/#\/schema\/logo\/image\/\",\"url\":\"https:\/\/www.sitsesp.org.br\/novo\/wp-content\/uploads\/2020\/09\/Design-sem-nome-1.jpg\",\"contentUrl\":\"https:\/\/www.sitsesp.org.br\/novo\/wp-content\/uploads\/2020\/09\/Design-sem-nome-1.jpg\",\"width\":300,\"height\":300,\"caption\":\"Sitsesp\"},\"image\":{\"@id\":\"https:\/\/www.sitsesp.org.br\/novo\/#\/schema\/logo\/image\/\"}},{\"@type\":\"Person\",\"@id\":\"https:\/\/www.sitsesp.org.br\/novo\/#\/schema\/person\/28e42eec160f373e81d0183b3643edbf\",\"name\":\"imprensa\",\"image\":{\"@type\":\"ImageObject\",\"inLanguage\":\"pt-BR\",\"@id\":\"https:\/\/www.sitsesp.org.br\/novo\/#\/schema\/person\/image\/\",\"url\":\"https:\/\/secure.gravatar.com\/avatar\/8d6ccd8d7d52b8959f34154e87d3fa29?s=96&d=mm&r=g\",\"contentUrl\":\"https:\/\/secure.gravatar.com\/avatar\/8d6ccd8d7d52b8959f34154e87d3fa29?s=96&d=mm&r=g\",\"caption\":\"imprensa\"}}]}<\/script>\n<!-- \/ Yoast SEO plugin. -->","yoast_head_json":{"title":"NOTA DE PESAR | M\u00e1rcia Guizardi, presente! - SITSESP","description":"\u00c9 com grande pesar que anunciamos o falecimento da nossa querida professora M\u00e1rcia Guizardi. \u00cdcone no ensino Socioeducativo no Centro CASA Sert\u00e3ozinho desde o in\u00edcio das atividades da ent\u00e3o unidade. Deixar\u00e1 muitas saudades mas ser\u00e1 sempre lembrada pelo dever cumprido como educadora. Seu vel\u00f3rio acontece no Vel\u00f3rio Mazer, sala 07, Rua Epit\u00e1cio Pessoa, 1117 em Sert\u00e3ozinho e sair\u00e1 \u00e0s 14hs. O SITSESP, Servidores, terceiros e amigos deixam os mais sinceros votos de pesar.","robots":{"index":"index","follow":"follow","max-snippet":"max-snippet:-1","max-image-preview":"max-image-preview:large","max-video-preview":"max-video-preview:-1"},"canonical":"https:\/\/www.sitsesp.org.br\/novo\/nota-de-pesar-marcia-guizardi-presente\/","og_locale":"pt_BR","og_type":"article","og_title":"NOTA DE PESAR | M\u00e1rcia Guizardi, presente! - SITSESP","og_description":"\u00c9 com grande pesar que anunciamos o falecimento da nossa querida professora M\u00e1rcia Guizardi. \u00cdcone no ensino Socioeducativo no Centro CASA Sert\u00e3ozinho desde o in\u00edcio das atividades da ent\u00e3o unidade. Deixar\u00e1 muitas saudades mas ser\u00e1 sempre lembrada pelo dever cumprido como educadora. Seu vel\u00f3rio acontece no Vel\u00f3rio Mazer, sala 07, Rua Epit\u00e1cio Pessoa, 1117 em Sert\u00e3ozinho e sair\u00e1 \u00e0s 14hs. O SITSESP, Servidores, terceiros e amigos deixam os mais sinceros votos de pesar.","og_url":"https:\/\/www.sitsesp.org.br\/novo\/nota-de-pesar-marcia-guizardi-presente\/","og_site_name":"SITSESP","article_published_time":"2021-06-06T14:14:19+00:00","og_image":[{"width":800,"height":800,"url":"https:\/\/www.sitsesp.org.br\/novo\/wp-content\/uploads\/2021\/06\/notadpesar0606.jpg","type":"image\/jpeg"}],"author":"imprensa","twitter_card":"summary_large_image","twitter_misc":{"Escrito por":"imprensa","Est. tempo de leitura":"1 minuto"},"schema":{"@context":"https:\/\/schema.org","@graph":[{"@type":"Article","@id":"https:\/\/www.sitsesp.org.br\/novo\/nota-de-pesar-marcia-guizardi-presente\/#article","isPartOf":{"@id":"https:\/\/www.sitsesp.org.br\/novo\/nota-de-pesar-marcia-guizardi-presente\/"},"author":{"name":"imprensa","@id":"https:\/\/www.sitsesp.org.br\/novo\/#\/schema\/person\/28e42eec160f373e81d0183b3643edbf"},"headline":"NOTA DE PESAR | M\u00e1rcia Guizardi, presente!","datePublished":"2021-06-06T14:14:19+00:00","dateModified":"2021-06-06T14:14:19+00:00","mainEntityOfPage":{"@id":"https:\/\/www.sitsesp.org.br\/novo\/nota-de-pesar-marcia-guizardi-presente\/"},"wordCount":85,"commentCount":0,"publisher":{"@id":"https:\/\/www.sitsesp.org.br\/novo\/#organization"},"image":{"@id":"https:\/\/www.sitsesp.org.br\/novo\/nota-de-pesar-marcia-guizardi-presente\/#primaryimage"},"thumbnailUrl":"https:\/\/www.sitsesp.org.br\/novo\/wp-content\/uploads\/2021\/06\/notadpesar0606.jpg","articleSection":["Noticias"],"inLanguage":"pt-BR","potentialAction":[{"@type":"CommentAction","name":"Comment","target":["https:\/\/www.sitsesp.org.br\/novo\/nota-de-pesar-marcia-guizardi-presente\/#respond"]}]},{"@type":"WebPage","@id":"https:\/\/www.sitsesp.org.br\/novo\/nota-de-pesar-marcia-guizardi-presente\/","url":"https:\/\/www.sitsesp.org.br\/novo\/nota-de-pesar-marcia-guizardi-presente\/","name":"NOTA DE PESAR | M\u00e1rcia Guizardi, presente! - SITSESP","isPartOf":{"@id":"https:\/\/www.sitsesp.org.br\/novo\/#website"},"primaryImageOfPage":{"@id":"https:\/\/www.sitsesp.org.br\/novo\/nota-de-pesar-marcia-guizardi-presente\/#primaryimage"},"image":{"@id":"https:\/\/www.sitsesp.org.br\/novo\/nota-de-pesar-marcia-guizardi-presente\/#primaryimage"},"thumbnailUrl":"https:\/\/www.sitsesp.org.br\/novo\/wp-content\/uploads\/2021\/06\/notadpesar0606.jpg","datePublished":"2021-06-06T14:14:19+00:00","dateModified":"2021-06-06T14:14:19+00:00","description":"\u00c9 com grande pesar que anunciamos o falecimento da nossa querida professora M\u00e1rcia Guizardi. \u00cdcone no ensino Socioeducativo no Centro CASA Sert\u00e3ozinho desde o in\u00edcio das atividades da ent\u00e3o unidade. Deixar\u00e1 muitas saudades mas ser\u00e1 sempre lembrada pelo dever cumprido como educadora. Seu vel\u00f3rio acontece no Vel\u00f3rio Mazer, sala 07, Rua Epit\u00e1cio Pessoa, 1117 em Sert\u00e3ozinho e sair\u00e1 \u00e0s 14hs. O SITSESP, Servidores, terceiros e amigos deixam os mais sinceros votos de pesar.","breadcrumb":{"@id":"https:\/\/www.sitsesp.org.br\/novo\/nota-de-pesar-marcia-guizardi-presente\/#breadcrumb"},"inLanguage":"pt-BR","potentialAction":[{"@type":"ReadAction","target":["https:\/\/www.sitsesp.org.br\/novo\/nota-de-pesar-marcia-guizardi-presente\/"]}]},{"@type":"ImageObject","inLanguage":"pt-BR","@id":"https:\/\/www.sitsesp.org.br\/novo\/nota-de-pesar-marcia-guizardi-presente\/#primaryimage","url":"https:\/\/www.sitsesp.org.br\/novo\/wp-content\/uploads\/2021\/06\/notadpesar0606.jpg","contentUrl":"https:\/\/www.sitsesp.org.br\/novo\/wp-content\/uploads\/2021\/06\/notadpesar0606.jpg","width":800,"height":800},{"@type":"BreadcrumbList","@id":"https:\/\/www.sitsesp.org.br\/novo\/nota-de-pesar-marcia-guizardi-presente\/#breadcrumb","itemListElement":[{"@type":"ListItem","position":1,"name":"In\u00edcio","item":"https:\/\/www.sitsesp.org.br\/novo\/"},{"@type":"ListItem","position":2,"name":"NOTA DE PESAR | M\u00e1rcia Guizardi, presente!"}]},{"@type":"WebSite","@id":"https:\/\/www.sitsesp.org.br\/novo\/#website","url":"https:\/\/www.sitsesp.org.br\/novo\/","name":"Sitsesp","description":"SIndicato da Socioeduca\u00e7\u00e3o do Estado de S\u00e3o Paulo","publisher":{"@id":"https:\/\/www.sitsesp.org.br\/novo\/#organization"},"potentialAction":[{"@type":"SearchAction","target":{"@type":"EntryPoint","urlTemplate":"https:\/\/www.sitsesp.org.br\/novo\/?s={search_term_string}"},"query-input":"required name=search_term_string"}],"inLanguage":"pt-BR"},{"@type":"Organization","@id":"https:\/\/www.sitsesp.org.br\/novo\/#organization","name":"Sitsesp","url":"https:\/\/www.sitsesp.org.br\/novo\/","logo":{"@type":"ImageObject","inLanguage":"pt-BR","@id":"https:\/\/www.sitsesp.org.br\/novo\/#\/schema\/logo\/image\/","url":"https:\/\/www.sitsesp.org.br\/novo\/wp-content\/uploads\/2020\/09\/Design-sem-nome-1.jpg","contentUrl":"https:\/\/www.sitsesp.org.br\/novo\/wp-content\/uploads\/2020\/09\/Design-sem-nome-1.jpg","width":300,"height":300,"caption":"Sitsesp"},"image":{"@id":"https:\/\/www.sitsesp.org.br\/novo\/#\/schema\/logo\/image\/"}},{"@type":"Person","@id":"https:\/\/www.sitsesp.org.br\/novo\/#\/schema\/person\/28e42eec160f373e81d0183b3643edbf","name":"imprensa","image":{"@type":"ImageObject","inLanguage":"pt-BR","@id":"https:\/\/www.sitsesp.org.br\/novo\/#\/schema\/person\/image\/","url":"https:\/\/secure.gravatar.com\/avatar\/8d6ccd8d7d52b8959f34154e87d3fa29?s=96&d=mm&r=g","contentUrl":"https:\/\/secure.gravatar.com\/avatar\/8d6ccd8d7d52b8959f34154e87d3fa29?s=96&d=mm&r=g","caption":"imprensa"}}]}},"_links":{"self":[{"href":"https:\/\/www.sitsesp.org.br\/novo\/wp-json\/wp\/v2\/posts\/6446"}],"collection":[{"href":"https:\/\/www.sitsesp.org.br\/novo\/wp-json\/wp\/v2\/posts"}],"about":[{"href":"https:\/\/www.sitsesp.org.br\/novo\/wp-json\/wp\/v2\/types\/post"}],"author":[{"embeddable":true,"href":"https:\/\/www.sitsesp.org.br\/novo\/wp-json\/wp\/v2\/users\/5"}],"replies":[{"embeddable":true,"href":"https:\/\/www.sitsesp.org.br\/novo\/wp-json\/wp\/v2\/comments?post=6446"}],"version-history":[{"count":1,"href":"https:\/\/www.sitsesp.org.br\/novo\/wp-json\/wp\/v2\/posts\/6446\/revisions"}],"predecessor-version":[{"id":6448,"href":"https:\/\/www.sitsesp.org.br\/novo\/wp-json\/wp\/v2\/posts\/6446\/revisions\/6448"}],"wp:featuredmedia":[{"embeddable":true,"href":"https:\/\/www.sitsesp.org.br\/novo\/wp-json\/wp\/v2\/media\/6447"}],"wp:attachment":[{"href":"https:\/\/www.sitsesp.org.br\/novo\/wp-json\/wp\/v2\/media?parent=6446"}],"wp:term":[{"taxonomy":"category","embeddable":true,"href":"https:\/\/www.sitsesp.org.br\/novo\/wp-json\/wp\/v2\/categories?post=6446"},{"taxonomy":"post_tag","embeddable":true,"href":"https:\/\/www.sitsesp.org.br\/novo\/wp-json\/wp\/v2\/tags?post=6446"}],"curies":[{"name":"wp","href":"https:\/\/api.w.org\/{rel}","templated":true}]}}