{"id":6456,"date":"2021-06-08T09:57:10","date_gmt":"2021-06-08T12:57:10","guid":{"rendered":"https:\/\/sitsesp.org.br\/novo\/?p=6456"},"modified":"2021-06-08T09:57:10","modified_gmt":"2021-06-08T12:57:10","slug":"parceria-semana-de-negocios-e-mba","status":"publish","type":"post","link":"https:\/\/www.sitsesp.org.br\/novo\/parceria-semana-de-negocios-e-mba\/","title":{"rendered":"PARCERIA | SEMANA DE NEG\u00d3CIOS E MBA"},"content":{"rendered":"<p><!-- VideographyWP Plugin Message: Automatic video embedding prevented by plugin options. --><br \/>\n\ud83d\udca5 SEMANA DE NEG\u00d3CIOS E MBA<\/p>\n<p>\ud83d\udde3\ufe0f De 07 a 14\/06 &#8211; Cursos *_Boi de Piranha, contemplando todo o portf\u00f3lio da \u00e1rea de conhecimento de Neg\u00f3cios e MBA<\/p>\n<p>\ud83d\udd25 Regular em 10 meses: 18 X de R$99.40<\/p>\n<p>\ud83d\udd25 Intensiva em 6 meses: 18 x de R$ 109.90<\/p>\n<p>\ud83d\udd16 Utilize o Voucher: POLOS99<\/p>\n<p>\ud83c\udf93 S\u00e3o 64 cursos em promo\u00e7\u00e3o do nosso portfolio, confira:<\/p>\n<p>\ud83d\udccdAn\u00e1lise, Projeto e Ger\u00eancia de Sistemas<br \/>\n\ud83d\udccdArte Educa\u00e7\u00e3o<br \/>\n\ud83d\udccdContabilidade Com \u00canfase Em Tributos<br \/>\n\ud83d\udccdDesenvolvimento Humano em Gest\u00e3o de Projetos<br \/>\n\ud83d\udccdEconomia Criativa<br \/>\n\ud83d\udccdFinan\u00e7as corporativas: Equity, Growth e Mergers and Acquisitions<br \/>\n\ud83d\udccdGest\u00e3o de Consult\u00f3rios e Cl\u00ednicas<br \/>\n\ud83d\udccdGest\u00e3o de Custos e Planejamento Estrat\u00e9gico<br \/>\n\ud83d\udccdGest\u00e3o De Opera\u00e7\u00f5es<br \/>\n\ud83d\udccdGest\u00e3o De Projetos Sociais<br \/>\n\ud83d\udccdLideran\u00e7a e gest\u00e3o de equipes de alta performance<br \/>\n\ud83d\udccdMBA Em Administra\u00e7\u00e3o Hospitalar<br \/>\n\ud83d\udccdMBA em analytics para gest\u00e3o da qualidade e produtividade<br \/>\n\ud83d\udccdMBA Em Auditoria Em Sa\u00fade<br \/>\n\ud83d\udccdMBA Em Auditoria Hospitalar<br \/>\n\ud83d\udccdMBA Em Com\u00e9rcio Exterior<br \/>\n\ud83d\udccdMBA em Consultoria Empresarial<br \/>\n\ud83d\udccdMBA em Economia Financeira<br \/>\n\ud83d\udccdMBA em Empreendedorismo Cont\u00e1bil<br \/>\n\ud83d\udccdMBA em Finan\u00e7as e An\u00e1lise de Risco<br \/>\n\ud83d\udccdMBA Em Finan\u00e7as E Controladoria<br \/>\n\ud83d\udccdMBA em Finan\u00e7as, Auditoria e Controladoria<br \/>\n\ud83d\udccdMBA em Gest\u00e3o \u00c1gil<br \/>\n\ud83d\udccdMBA Em Gest\u00e3o Comercial<br \/>\n\ud83d\udccdMBA Em Gest\u00e3o Da Inova\u00e7\u00e3o<br \/>\n\ud83d\udccdMBA em Gest\u00e3o da Seguran\u00e7a P\u00fablica e Sistema Penitenci\u00e1rio<br \/>\n\ud83d\udccdMBA Em Gest\u00e3o De Pessoas<br \/>\n\ud83d\udccdMBA Em Gest\u00e3o De Pessoas E A Educa\u00e7\u00e3o Corporativa<br \/>\n\ud83d\udccdMBA Em Gest\u00e3o De Projetos<br \/>\n\ud83d\udccdMBA em Gest\u00e3o do Desenvolvimento Humano nas Organiza\u00e7\u00f5es<br \/>\n\ud83d\udccdMBA em Gest\u00e3o Empresarial<br \/>\n\ud83d\udccdMBA Em Gest\u00e3o Estrat\u00e9gica Da Inova\u00e7\u00e3o E Propriedade Intelectual<br \/>\n\ud83d\udccdMBA em Gest\u00e3o Estrat\u00e9gica de Marketing e Intelig\u00eancia Competitiva<br \/>\n\ud83d\udccdMBA Em Gest\u00e3o Estrat\u00e9gica De Neg\u00f3cios<br \/>\n\ud83d\udccdMBA em Gest\u00e3o Estrat\u00e9gica de Pessoas no Setor P\u00fablico<br \/>\n\ud83d\udccdMBA Em Gest\u00e3o Estrat\u00e9gica De Vendas<br \/>\n\ud83d\udccdMBA Em Gest\u00e3o Estrat\u00e9gica Em Compras<br \/>\n\ud83d\udccdMBA em gest\u00e3o financeira empresarial estrat\u00e9gica<br \/>\n\ud83d\udccdMBA em gest\u00e3o operacional e log\u00edstica empresarial<br \/>\n\ud83d\udccdMBA em Gest\u00e3o Operacional e Log\u00edstica Empresarial<br \/>\n\ud83d\udccdMBA em gest\u00e3o p\u00fablica<br \/>\n\ud83d\udccdMBA em gest\u00e3o p\u00fablica com \u00eanfase em cidades inteligentes<br \/>\n\ud83d\udccdMBA em gest\u00e3o tech-driven de neg\u00f3cios<br \/>\n\ud83d\udccdMBA em Gest\u00e3o Tribut\u00e1ria Cont\u00e1bil<br \/>\n\ud83d\udccdMBA em gest\u00e3o\u00a0tech-driven\u00a0de neg\u00f3cios<br \/>\n\ud83d\udccdMBA em inova\u00e7\u00e3o e empreendedorismo<br \/>\n\ud83d\udccdMBA Em Lideran\u00e7a E Coaching Na Gest\u00e3o De Pessoas<br \/>\n\ud83d\udccdMBA em log\u00edstica e supply chain management<br \/>\n\ud83d\udccdMBA em marketing de servi\u00e7os e relacionamento<br \/>\n\ud83d\udccdMBA em marketing digital<br \/>\n\ud83d\udccdMBA em Marketing Digital &amp; Analytics<br \/>\n\ud83d\udccdMBA em marketing digital e analytics<br \/>\n\ud83d\udccdMBA em marketing e vendas<br \/>\n\ud83d\udccdMBA em marketing internacional<br \/>\n\ud83d\udccdMBA Em Neg\u00f3cios Internacionais<br \/>\n\ud83d\udccdMBA Em Planejamento Tribut\u00e1rio<br \/>\n\ud83d\udccdMBA em Projetos de Aplica\u00e7\u00f5es Digitais<br \/>\n\ud83d\udccdMBA executivo em neg\u00f3cios e compet\u00eancias digitais<br \/>\n\ud83d\udccdMercado financeiro e banking<br \/>\n\ud83d\udccdPropriedade intelectual<br \/>\n\ud83d\udccdPsicologia Organizacional<br \/>\n\ud83d\udccdRecursos Humanos: Rotinas E C\u00e1lculos Trabalhistas<br \/>\n\ud83d\udccdSeguran\u00e7a P\u00fablica e Sistema Penitenci\u00e1rio<br \/>\n\ud83d\udccdTecnologias para aplica\u00e7\u00f5es web<\/p>\n<p>\ud83e\udd14 Em caso de d\u00favidas sobre o conte\u00fado dos cursos:<\/p>\n<p>\ud83d\udc49 ACESSE AQUI &#8211; PPC dos cursos http:\/\/twixar.me\/NJ5m<\/p>\n<p>\ud83d\udc49 APRESENTA\u00c7\u00c3O DOS CURSOS DE P\u00d3S GRADUA\u00c7\u00c3O EAD http:\/\/twixar.me\/XmBm<\/p>\n","protected":false},"excerpt":{"rendered":"<p>\ud83d\udca5 SEMANA DE NEG\u00d3CIOS E MBA \ud83d\udde3\ufe0f De 07 a 14\/06 &#8211; Cursos *_Boi de Piranha, contemplando todo o portf\u00f3lio da&hellip;<\/p>\n","protected":false},"author":5,"featured_media":6457,"comment_status":"open","ping_status":"open","sticky":false,"template":"","format":"standard","meta":{"cybocfi_hide_featured_image":"","footnotes":""},"categories":[22],"tags":[],"yoast_head":"<!-- This site is optimized with the Yoast SEO plugin v22.8 - https:\/\/yoast.com\/wordpress\/plugins\/seo\/ -->\n<title>PARCERIA | SEMANA DE NEG\u00d3CIOS E MBA - SITSESP<\/title>\n<meta name=\"description\" content=\"SEMANA DE NEG\u00d3CIOS E MBA\" \/>\n<meta name=\"robots\" content=\"index, follow, max-snippet:-1, max-image-preview:large, max-video-preview:-1\" \/>\n<link rel=\"canonical\" href=\"https:\/\/www.sitsesp.org.br\/novo\/parceria-semana-de-negocios-e-mba\/\" \/>\n<meta property=\"og:locale\" content=\"pt_BR\" \/>\n<meta property=\"og:type\" content=\"article\" \/>\n<meta property=\"og:title\" content=\"PARCERIA | SEMANA DE NEG\u00d3CIOS E MBA - SITSESP\" \/>\n<meta property=\"og:description\" content=\"SEMANA DE NEG\u00d3CIOS E MBA\" \/>\n<meta property=\"og:url\" content=\"https:\/\/www.sitsesp.org.br\/novo\/parceria-semana-de-negocios-e-mba\/\" \/>\n<meta property=\"og:site_name\" content=\"SITSESP\" \/>\n<meta property=\"article:published_time\" content=\"2021-06-08T12:57:10+00:00\" \/>\n<meta property=\"og:image\" content=\"https:\/\/www.sitsesp.org.br\/novo\/wp-content\/uploads\/2021\/06\/0806.jpg\" \/>\n\t<meta property=\"og:image:width\" content=\"800\" \/>\n\t<meta property=\"og:image:height\" content=\"800\" \/>\n\t<meta property=\"og:image:type\" content=\"image\/jpeg\" \/>\n<meta name=\"author\" content=\"imprensa\" \/>\n<meta name=\"twitter:card\" content=\"summary_large_image\" \/>\n<meta name=\"twitter:label1\" content=\"Escrito por\" \/>\n\t<meta name=\"twitter:data1\" content=\"imprensa\" \/>\n\t<meta name=\"twitter:label2\" content=\"Est. tempo de leitura\" \/>\n\t<meta name=\"twitter:data2\" content=\"2 minutos\" \/>\n<script type=\"application\/ld+json\" class=\"yoast-schema-graph\">{\"@context\":\"https:\/\/schema.org\",\"@graph\":[{\"@type\":\"Article\",\"@id\":\"https:\/\/www.sitsesp.org.br\/novo\/parceria-semana-de-negocios-e-mba\/#article\",\"isPartOf\":{\"@id\":\"https:\/\/www.sitsesp.org.br\/novo\/parceria-semana-de-negocios-e-mba\/\"},\"author\":{\"name\":\"imprensa\",\"@id\":\"https:\/\/www.sitsesp.org.br\/novo\/#\/schema\/person\/28e42eec160f373e81d0183b3643edbf\"},\"headline\":\"PARCERIA | SEMANA DE NEG\u00d3CIOS E MBA\",\"datePublished\":\"2021-06-08T12:57:10+00:00\",\"dateModified\":\"2021-06-08T12:57:10+00:00\",\"mainEntityOfPage\":{\"@id\":\"https:\/\/www.sitsesp.org.br\/novo\/parceria-semana-de-negocios-e-mba\/\"},\"wordCount\":539,\"commentCount\":0,\"publisher\":{\"@id\":\"https:\/\/www.sitsesp.org.br\/novo\/#organization\"},\"image\":{\"@id\":\"https:\/\/www.sitsesp.org.br\/novo\/parceria-semana-de-negocios-e-mba\/#primaryimage\"},\"thumbnailUrl\":\"https:\/\/www.sitsesp.org.br\/novo\/wp-content\/uploads\/2021\/06\/0806.jpg\",\"articleSection\":[\"Noticias\"],\"inLanguage\":\"pt-BR\",\"potentialAction\":[{\"@type\":\"CommentAction\",\"name\":\"Comment\",\"target\":[\"https:\/\/www.sitsesp.org.br\/novo\/parceria-semana-de-negocios-e-mba\/#respond\"]}]},{\"@type\":\"WebPage\",\"@id\":\"https:\/\/www.sitsesp.org.br\/novo\/parceria-semana-de-negocios-e-mba\/\",\"url\":\"https:\/\/www.sitsesp.org.br\/novo\/parceria-semana-de-negocios-e-mba\/\",\"name\":\"PARCERIA | SEMANA DE NEG\u00d3CIOS E MBA - SITSESP\",\"isPartOf\":{\"@id\":\"https:\/\/www.sitsesp.org.br\/novo\/#website\"},\"primaryImageOfPage\":{\"@id\":\"https:\/\/www.sitsesp.org.br\/novo\/parceria-semana-de-negocios-e-mba\/#primaryimage\"},\"image\":{\"@id\":\"https:\/\/www.sitsesp.org.br\/novo\/parceria-semana-de-negocios-e-mba\/#primaryimage\"},\"thumbnailUrl\":\"https:\/\/www.sitsesp.org.br\/novo\/wp-content\/uploads\/2021\/06\/0806.jpg\",\"datePublished\":\"2021-06-08T12:57:10+00:00\",\"dateModified\":\"2021-06-08T12:57:10+00:00\",\"description\":\"SEMANA DE NEG\u00d3CIOS E MBA\",\"breadcrumb\":{\"@id\":\"https:\/\/www.sitsesp.org.br\/novo\/parceria-semana-de-negocios-e-mba\/#breadcrumb\"},\"inLanguage\":\"pt-BR\",\"potentialAction\":[{\"@type\":\"ReadAction\",\"target\":[\"https:\/\/www.sitsesp.org.br\/novo\/parceria-semana-de-negocios-e-mba\/\"]}]},{\"@type\":\"ImageObject\",\"inLanguage\":\"pt-BR\",\"@id\":\"https:\/\/www.sitsesp.org.br\/novo\/parceria-semana-de-negocios-e-mba\/#primaryimage\",\"url\":\"https:\/\/www.sitsesp.org.br\/novo\/wp-content\/uploads\/2021\/06\/0806.jpg\",\"contentUrl\":\"https:\/\/www.sitsesp.org.br\/novo\/wp-content\/uploads\/2021\/06\/0806.jpg\",\"width\":800,\"height\":800},{\"@type\":\"BreadcrumbList\",\"@id\":\"https:\/\/www.sitsesp.org.br\/novo\/parceria-semana-de-negocios-e-mba\/#breadcrumb\",\"itemListElement\":[{\"@type\":\"ListItem\",\"position\":1,\"name\":\"In\u00edcio\",\"item\":\"https:\/\/www.sitsesp.org.br\/novo\/\"},{\"@type\":\"ListItem\",\"position\":2,\"name\":\"PARCERIA | SEMANA DE NEG\u00d3CIOS E MBA\"}]},{\"@type\":\"WebSite\",\"@id\":\"https:\/\/www.sitsesp.org.br\/novo\/#website\",\"url\":\"https:\/\/www.sitsesp.org.br\/novo\/\",\"name\":\"Sitsesp\",\"description\":\"SIndicato da Socioeduca\u00e7\u00e3o do Estado de S\u00e3o Paulo\",\"publisher\":{\"@id\":\"https:\/\/www.sitsesp.org.br\/novo\/#organization\"},\"potentialAction\":[{\"@type\":\"SearchAction\",\"target\":{\"@type\":\"EntryPoint\",\"urlTemplate\":\"https:\/\/www.sitsesp.org.br\/novo\/?s={search_term_string}\"},\"query-input\":\"required name=search_term_string\"}],\"inLanguage\":\"pt-BR\"},{\"@type\":\"Organization\",\"@id\":\"https:\/\/www.sitsesp.org.br\/novo\/#organization\",\"name\":\"Sitsesp\",\"url\":\"https:\/\/www.sitsesp.org.br\/novo\/\",\"logo\":{\"@type\":\"ImageObject\",\"inLanguage\":\"pt-BR\",\"@id\":\"https:\/\/www.sitsesp.org.br\/novo\/#\/schema\/logo\/image\/\",\"url\":\"https:\/\/www.sitsesp.org.br\/novo\/wp-content\/uploads\/2020\/09\/Design-sem-nome-1.jpg\",\"contentUrl\":\"https:\/\/www.sitsesp.org.br\/novo\/wp-content\/uploads\/2020\/09\/Design-sem-nome-1.jpg\",\"width\":300,\"height\":300,\"caption\":\"Sitsesp\"},\"image\":{\"@id\":\"https:\/\/www.sitsesp.org.br\/novo\/#\/schema\/logo\/image\/\"}},{\"@type\":\"Person\",\"@id\":\"https:\/\/www.sitsesp.org.br\/novo\/#\/schema\/person\/28e42eec160f373e81d0183b3643edbf\",\"name\":\"imprensa\",\"image\":{\"@type\":\"ImageObject\",\"inLanguage\":\"pt-BR\",\"@id\":\"https:\/\/www.sitsesp.org.br\/novo\/#\/schema\/person\/image\/\",\"url\":\"https:\/\/secure.gravatar.com\/avatar\/8d6ccd8d7d52b8959f34154e87d3fa29?s=96&d=mm&r=g\",\"contentUrl\":\"https:\/\/secure.gravatar.com\/avatar\/8d6ccd8d7d52b8959f34154e87d3fa29?s=96&d=mm&r=g\",\"caption\":\"imprensa\"}}]}<\/script>\n<!-- \/ Yoast SEO plugin. -->","yoast_head_json":{"title":"PARCERIA | SEMANA DE NEG\u00d3CIOS E MBA - SITSESP","description":"SEMANA DE NEG\u00d3CIOS E MBA","robots":{"index":"index","follow":"follow","max-snippet":"max-snippet:-1","max-image-preview":"max-image-preview:large","max-video-preview":"max-video-preview:-1"},"canonical":"https:\/\/www.sitsesp.org.br\/novo\/parceria-semana-de-negocios-e-mba\/","og_locale":"pt_BR","og_type":"article","og_title":"PARCERIA | SEMANA DE NEG\u00d3CIOS E MBA - SITSESP","og_description":"SEMANA DE NEG\u00d3CIOS E MBA","og_url":"https:\/\/www.sitsesp.org.br\/novo\/parceria-semana-de-negocios-e-mba\/","og_site_name":"SITSESP","article_published_time":"2021-06-08T12:57:10+00:00","og_image":[{"width":800,"height":800,"url":"https:\/\/www.sitsesp.org.br\/novo\/wp-content\/uploads\/2021\/06\/0806.jpg","type":"image\/jpeg"}],"author":"imprensa","twitter_card":"summary_large_image","twitter_misc":{"Escrito por":"imprensa","Est. tempo de leitura":"2 minutos"},"schema":{"@context":"https:\/\/schema.org","@graph":[{"@type":"Article","@id":"https:\/\/www.sitsesp.org.br\/novo\/parceria-semana-de-negocios-e-mba\/#article","isPartOf":{"@id":"https:\/\/www.sitsesp.org.br\/novo\/parceria-semana-de-negocios-e-mba\/"},"author":{"name":"imprensa","@id":"https:\/\/www.sitsesp.org.br\/novo\/#\/schema\/person\/28e42eec160f373e81d0183b3643edbf"},"headline":"PARCERIA | SEMANA DE NEG\u00d3CIOS E MBA","datePublished":"2021-06-08T12:57:10+00:00","dateModified":"2021-06-08T12:57:10+00:00","mainEntityOfPage":{"@id":"https:\/\/www.sitsesp.org.br\/novo\/parceria-semana-de-negocios-e-mba\/"},"wordCount":539,"commentCount":0,"publisher":{"@id":"https:\/\/www.sitsesp.org.br\/novo\/#organization"},"image":{"@id":"https:\/\/www.sitsesp.org.br\/novo\/parceria-semana-de-negocios-e-mba\/#primaryimage"},"thumbnailUrl":"https:\/\/www.sitsesp.org.br\/novo\/wp-content\/uploads\/2021\/06\/0806.jpg","articleSection":["Noticias"],"inLanguage":"pt-BR","potentialAction":[{"@type":"CommentAction","name":"Comment","target":["https:\/\/www.sitsesp.org.br\/novo\/parceria-semana-de-negocios-e-mba\/#respond"]}]},{"@type":"WebPage","@id":"https:\/\/www.sitsesp.org.br\/novo\/parceria-semana-de-negocios-e-mba\/","url":"https:\/\/www.sitsesp.org.br\/novo\/parceria-semana-de-negocios-e-mba\/","name":"PARCERIA | SEMANA DE NEG\u00d3CIOS E MBA - SITSESP","isPartOf":{"@id":"https:\/\/www.sitsesp.org.br\/novo\/#website"},"primaryImageOfPage":{"@id":"https:\/\/www.sitsesp.org.br\/novo\/parceria-semana-de-negocios-e-mba\/#primaryimage"},"image":{"@id":"https:\/\/www.sitsesp.org.br\/novo\/parceria-semana-de-negocios-e-mba\/#primaryimage"},"thumbnailUrl":"https:\/\/www.sitsesp.org.br\/novo\/wp-content\/uploads\/2021\/06\/0806.jpg","datePublished":"2021-06-08T12:57:10+00:00","dateModified":"2021-06-08T12:57:10+00:00","description":"SEMANA DE NEG\u00d3CIOS E MBA","breadcrumb":{"@id":"https:\/\/www.sitsesp.org.br\/novo\/parceria-semana-de-negocios-e-mba\/#breadcrumb"},"inLanguage":"pt-BR","potentialAction":[{"@type":"ReadAction","target":["https:\/\/www.sitsesp.org.br\/novo\/parceria-semana-de-negocios-e-mba\/"]}]},{"@type":"ImageObject","inLanguage":"pt-BR","@id":"https:\/\/www.sitsesp.org.br\/novo\/parceria-semana-de-negocios-e-mba\/#primaryimage","url":"https:\/\/www.sitsesp.org.br\/novo\/wp-content\/uploads\/2021\/06\/0806.jpg","contentUrl":"https:\/\/www.sitsesp.org.br\/novo\/wp-content\/uploads\/2021\/06\/0806.jpg","width":800,"height":800},{"@type":"BreadcrumbList","@id":"https:\/\/www.sitsesp.org.br\/novo\/parceria-semana-de-negocios-e-mba\/#breadcrumb","itemListElement":[{"@type":"ListItem","position":1,"name":"In\u00edcio","item":"https:\/\/www.sitsesp.org.br\/novo\/"},{"@type":"ListItem","position":2,"name":"PARCERIA | SEMANA DE NEG\u00d3CIOS E MBA"}]},{"@type":"WebSite","@id":"https:\/\/www.sitsesp.org.br\/novo\/#website","url":"https:\/\/www.sitsesp.org.br\/novo\/","name":"Sitsesp","description":"SIndicato da Socioeduca\u00e7\u00e3o do Estado de S\u00e3o Paulo","publisher":{"@id":"https:\/\/www.sitsesp.org.br\/novo\/#organization"},"potentialAction":[{"@type":"SearchAction","target":{"@type":"EntryPoint","urlTemplate":"https:\/\/www.sitsesp.org.br\/novo\/?s={search_term_string}"},"query-input":"required name=search_term_string"}],"inLanguage":"pt-BR"},{"@type":"Organization","@id":"https:\/\/www.sitsesp.org.br\/novo\/#organization","name":"Sitsesp","url":"https:\/\/www.sitsesp.org.br\/novo\/","logo":{"@type":"ImageObject","inLanguage":"pt-BR","@id":"https:\/\/www.sitsesp.org.br\/novo\/#\/schema\/logo\/image\/","url":"https:\/\/www.sitsesp.org.br\/novo\/wp-content\/uploads\/2020\/09\/Design-sem-nome-1.jpg","contentUrl":"https:\/\/www.sitsesp.org.br\/novo\/wp-content\/uploads\/2020\/09\/Design-sem-nome-1.jpg","width":300,"height":300,"caption":"Sitsesp"},"image":{"@id":"https:\/\/www.sitsesp.org.br\/novo\/#\/schema\/logo\/image\/"}},{"@type":"Person","@id":"https:\/\/www.sitsesp.org.br\/novo\/#\/schema\/person\/28e42eec160f373e81d0183b3643edbf","name":"imprensa","image":{"@type":"ImageObject","inLanguage":"pt-BR","@id":"https:\/\/www.sitsesp.org.br\/novo\/#\/schema\/person\/image\/","url":"https:\/\/secure.gravatar.com\/avatar\/8d6ccd8d7d52b8959f34154e87d3fa29?s=96&d=mm&r=g","contentUrl":"https:\/\/secure.gravatar.com\/avatar\/8d6ccd8d7d52b8959f34154e87d3fa29?s=96&d=mm&r=g","caption":"imprensa"}}]}},"_links":{"self":[{"href":"https:\/\/www.sitsesp.org.br\/novo\/wp-json\/wp\/v2\/posts\/6456"}],"collection":[{"href":"https:\/\/www.sitsesp.org.br\/novo\/wp-json\/wp\/v2\/posts"}],"about":[{"href":"https:\/\/www.sitsesp.org.br\/novo\/wp-json\/wp\/v2\/types\/post"}],"author":[{"embeddable":true,"href":"https:\/\/www.sitsesp.org.br\/novo\/wp-json\/wp\/v2\/users\/5"}],"replies":[{"embeddable":true,"href":"https:\/\/www.sitsesp.org.br\/novo\/wp-json\/wp\/v2\/comments?post=6456"}],"version-history":[{"count":1,"href":"https:\/\/www.sitsesp.org.br\/novo\/wp-json\/wp\/v2\/posts\/6456\/revisions"}],"predecessor-version":[{"id":6458,"href":"https:\/\/www.sitsesp.org.br\/novo\/wp-json\/wp\/v2\/posts\/6456\/revisions\/6458"}],"wp:featuredmedia":[{"embeddable":true,"href":"https:\/\/www.sitsesp.org.br\/novo\/wp-json\/wp\/v2\/media\/6457"}],"wp:attachment":[{"href":"https:\/\/www.sitsesp.org.br\/novo\/wp-json\/wp\/v2\/media?parent=6456"}],"wp:term":[{"taxonomy":"category","embeddable":true,"href":"https:\/\/www.sitsesp.org.br\/novo\/wp-json\/wp\/v2\/categories?post=6456"},{"taxonomy":"post_tag","embeddable":true,"href":"https:\/\/www.sitsesp.org.br\/novo\/wp-json\/wp\/v2\/tags?post=6456"}],"curies":[{"name":"wp","href":"https:\/\/api.w.org\/{rel}","templated":true}]}}