{"id":6500,"date":"2021-06-16T10:24:20","date_gmt":"2021-06-16T13:24:20","guid":{"rendered":"https:\/\/sitsesp.org.br\/novo\/?p=6500"},"modified":"2021-06-16T10:24:20","modified_gmt":"2021-06-16T13:24:20","slug":"greve-dos-servidores-da-fundacao-casa-comecou-hoje-16-06-na-luta-por-nenhum-direito-a-menos","status":"publish","type":"post","link":"https:\/\/www.sitsesp.org.br\/novo\/greve-dos-servidores-da-fundacao-casa-comecou-hoje-16-06-na-luta-por-nenhum-direito-a-menos\/","title":{"rendered":"Greve dos servidores da Funda\u00e7\u00e3o CASA come\u00e7ou hoje (16.06) na luta  por nenhum direito a menos!"},"content":{"rendered":"<p><!-- VideographyWP Plugin Message: Automatic video embedding prevented by plugin options. --><br \/>\n\u00c0s 07h do dia 16 de junho come\u00e7ou a greve dos servidores e servidoras do sistema socioeducativo no estado de S\u00e3o Paulo. Os piquetes se espalham rapidamente pelas unidades da Funda\u00e7\u00e3o por todo o territ\u00f3rio do estado.<\/p>\n<p>Os trabalhadores deliberaram a greve em assembleia na noite do dia 15 de junho, ap\u00f3s tomar conhecimento da postura intransigente da Funda\u00e7\u00e3o CASA. A Funda\u00e7\u00e3o e o governo do estado de S\u00e3o Paulo est\u00e3o atacando a categoria, desvalorizando os profissionais, seja com as novas regras sobre o vale-refei\u00e7\u00e3o, seja pelo aumento do conv\u00eanio m\u00e9dico ou pela falta de reajuste e aplica\u00e7\u00e3o do Plano de Cargos e Sal\u00e1rios.<\/p>\n<p>A socioeduca\u00e7\u00e3o \u00e9 servi\u00e7o essencial, mais de 30 servidores faleceram v\u00edtimas da covid-19, a institui\u00e7\u00e3o n\u00e3o garantiu EPIs de qualidade, nem testagem peri\u00f3dica e em massa.<\/p>\n","protected":false},"excerpt":{"rendered":"<p>\u00c0s 07h do dia 16 de junho come\u00e7ou a greve dos servidores e servidoras do sistema socioeducativo no estado de S\u00e3o&hellip;<\/p>\n","protected":false},"author":5,"featured_media":6501,"comment_status":"open","ping_status":"open","sticky":false,"template":"","format":"standard","meta":{"cybocfi_hide_featured_image":"","footnotes":""},"categories":[27,22],"tags":[45,44,38,41,37],"yoast_head":"<!-- This site is optimized with the Yoast SEO plugin v22.8 - https:\/\/yoast.com\/wordpress\/plugins\/seo\/ -->\n<title>Greve dos servidores da Funda\u00e7\u00e3o CASA come\u00e7ou hoje (16.06) na luta por nenhum direito a menos! - SITSESP<\/title>\n<meta name=\"description\" content=\"Os trabalhadores deliberaram a greve em assembleia na noite do dia 15 de junho, ap\u00f3s tomar conhecimento da postura intransigente da Funda\u00e7\u00e3o CASA. A Funda\u00e7\u00e3o e o governo do estado de S\u00e3o Paulo est\u00e3o atacando a categoria, desvalorizando os profissionais, seja com as novas regras sobre o vale-refei\u00e7\u00e3o, seja pelo aumento do conv\u00eanio m\u00e9dico ou pela falta de reajuste e aplica\u00e7\u00e3o do Plano de Cargos e Sal\u00e1rios.\" \/>\n<meta name=\"robots\" content=\"index, follow, max-snippet:-1, max-image-preview:large, max-video-preview:-1\" \/>\n<link rel=\"canonical\" href=\"https:\/\/www.sitsesp.org.br\/novo\/greve-dos-servidores-da-fundacao-casa-comecou-hoje-16-06-na-luta-por-nenhum-direito-a-menos\/\" \/>\n<meta property=\"og:locale\" content=\"pt_BR\" \/>\n<meta property=\"og:type\" content=\"article\" \/>\n<meta property=\"og:title\" content=\"Greve dos servidores da Funda\u00e7\u00e3o CASA come\u00e7ou hoje (16.06) na luta por nenhum direito a menos! - SITSESP\" \/>\n<meta property=\"og:description\" content=\"Os trabalhadores deliberaram a greve em assembleia na noite do dia 15 de junho, ap\u00f3s tomar conhecimento da postura intransigente da Funda\u00e7\u00e3o CASA. A Funda\u00e7\u00e3o e o governo do estado de S\u00e3o Paulo est\u00e3o atacando a categoria, desvalorizando os profissionais, seja com as novas regras sobre o vale-refei\u00e7\u00e3o, seja pelo aumento do conv\u00eanio m\u00e9dico ou pela falta de reajuste e aplica\u00e7\u00e3o do Plano de Cargos e Sal\u00e1rios.\" \/>\n<meta property=\"og:url\" content=\"https:\/\/www.sitsesp.org.br\/novo\/greve-dos-servidores-da-fundacao-casa-comecou-hoje-16-06-na-luta-por-nenhum-direito-a-menos\/\" \/>\n<meta property=\"og:site_name\" content=\"SITSESP\" \/>\n<meta property=\"article:published_time\" content=\"2021-06-16T13:24:20+00:00\" \/>\n<meta property=\"og:image\" content=\"https:\/\/www.sitsesp.org.br\/novo\/wp-content\/uploads\/2021\/06\/1606.jpg\" \/>\n\t<meta property=\"og:image:width\" content=\"800\" \/>\n\t<meta property=\"og:image:height\" content=\"800\" \/>\n\t<meta property=\"og:image:type\" content=\"image\/jpeg\" \/>\n<meta name=\"author\" content=\"imprensa\" \/>\n<meta name=\"twitter:card\" content=\"summary_large_image\" \/>\n<meta name=\"twitter:label1\" content=\"Escrito por\" \/>\n\t<meta name=\"twitter:data1\" content=\"imprensa\" \/>\n\t<meta name=\"twitter:label2\" content=\"Est. tempo de leitura\" \/>\n\t<meta name=\"twitter:data2\" content=\"1 minuto\" \/>\n<script type=\"application\/ld+json\" class=\"yoast-schema-graph\">{\"@context\":\"https:\/\/schema.org\",\"@graph\":[{\"@type\":\"Article\",\"@id\":\"https:\/\/www.sitsesp.org.br\/novo\/greve-dos-servidores-da-fundacao-casa-comecou-hoje-16-06-na-luta-por-nenhum-direito-a-menos\/#article\",\"isPartOf\":{\"@id\":\"https:\/\/www.sitsesp.org.br\/novo\/greve-dos-servidores-da-fundacao-casa-comecou-hoje-16-06-na-luta-por-nenhum-direito-a-menos\/\"},\"author\":{\"name\":\"imprensa\",\"@id\":\"https:\/\/www.sitsesp.org.br\/novo\/#\/schema\/person\/28e42eec160f373e81d0183b3643edbf\"},\"headline\":\"Greve dos servidores da Funda\u00e7\u00e3o CASA come\u00e7ou hoje (16.06) na luta por nenhum direito a menos!\",\"datePublished\":\"2021-06-16T13:24:20+00:00\",\"dateModified\":\"2021-06-16T13:24:20+00:00\",\"mainEntityOfPage\":{\"@id\":\"https:\/\/www.sitsesp.org.br\/novo\/greve-dos-servidores-da-fundacao-casa-comecou-hoje-16-06-na-luta-por-nenhum-direito-a-menos\/\"},\"wordCount\":163,\"commentCount\":0,\"publisher\":{\"@id\":\"https:\/\/www.sitsesp.org.br\/novo\/#organization\"},\"image\":{\"@id\":\"https:\/\/www.sitsesp.org.br\/novo\/greve-dos-servidores-da-fundacao-casa-comecou-hoje-16-06-na-luta-por-nenhum-direito-a-menos\/#primaryimage\"},\"thumbnailUrl\":\"https:\/\/www.sitsesp.org.br\/novo\/wp-content\/uploads\/2021\/06\/1606.jpg\",\"keywords\":[\"2021\",\"campanha salarial\",\"Funda\u00e7\u00e3o CASA\",\"GREVE\",\"SITSESP\"],\"articleSection\":[\"Destaque\",\"Noticias\"],\"inLanguage\":\"pt-BR\",\"potentialAction\":[{\"@type\":\"CommentAction\",\"name\":\"Comment\",\"target\":[\"https:\/\/www.sitsesp.org.br\/novo\/greve-dos-servidores-da-fundacao-casa-comecou-hoje-16-06-na-luta-por-nenhum-direito-a-menos\/#respond\"]}]},{\"@type\":\"WebPage\",\"@id\":\"https:\/\/www.sitsesp.org.br\/novo\/greve-dos-servidores-da-fundacao-casa-comecou-hoje-16-06-na-luta-por-nenhum-direito-a-menos\/\",\"url\":\"https:\/\/www.sitsesp.org.br\/novo\/greve-dos-servidores-da-fundacao-casa-comecou-hoje-16-06-na-luta-por-nenhum-direito-a-menos\/\",\"name\":\"Greve dos servidores da Funda\u00e7\u00e3o CASA come\u00e7ou hoje (16.06) na luta por nenhum direito a menos! - SITSESP\",\"isPartOf\":{\"@id\":\"https:\/\/www.sitsesp.org.br\/novo\/#website\"},\"primaryImageOfPage\":{\"@id\":\"https:\/\/www.sitsesp.org.br\/novo\/greve-dos-servidores-da-fundacao-casa-comecou-hoje-16-06-na-luta-por-nenhum-direito-a-menos\/#primaryimage\"},\"image\":{\"@id\":\"https:\/\/www.sitsesp.org.br\/novo\/greve-dos-servidores-da-fundacao-casa-comecou-hoje-16-06-na-luta-por-nenhum-direito-a-menos\/#primaryimage\"},\"thumbnailUrl\":\"https:\/\/www.sitsesp.org.br\/novo\/wp-content\/uploads\/2021\/06\/1606.jpg\",\"datePublished\":\"2021-06-16T13:24:20+00:00\",\"dateModified\":\"2021-06-16T13:24:20+00:00\",\"description\":\"Os trabalhadores deliberaram a greve em assembleia na noite do dia 15 de junho, ap\u00f3s tomar conhecimento da postura intransigente da Funda\u00e7\u00e3o CASA. A Funda\u00e7\u00e3o e o governo do estado de S\u00e3o Paulo est\u00e3o atacando a categoria, desvalorizando os profissionais, seja com as novas regras sobre o vale-refei\u00e7\u00e3o, seja pelo aumento do conv\u00eanio m\u00e9dico ou pela falta de reajuste e aplica\u00e7\u00e3o do Plano de Cargos e Sal\u00e1rios.\",\"breadcrumb\":{\"@id\":\"https:\/\/www.sitsesp.org.br\/novo\/greve-dos-servidores-da-fundacao-casa-comecou-hoje-16-06-na-luta-por-nenhum-direito-a-menos\/#breadcrumb\"},\"inLanguage\":\"pt-BR\",\"potentialAction\":[{\"@type\":\"ReadAction\",\"target\":[\"https:\/\/www.sitsesp.org.br\/novo\/greve-dos-servidores-da-fundacao-casa-comecou-hoje-16-06-na-luta-por-nenhum-direito-a-menos\/\"]}]},{\"@type\":\"ImageObject\",\"inLanguage\":\"pt-BR\",\"@id\":\"https:\/\/www.sitsesp.org.br\/novo\/greve-dos-servidores-da-fundacao-casa-comecou-hoje-16-06-na-luta-por-nenhum-direito-a-menos\/#primaryimage\",\"url\":\"https:\/\/www.sitsesp.org.br\/novo\/wp-content\/uploads\/2021\/06\/1606.jpg\",\"contentUrl\":\"https:\/\/www.sitsesp.org.br\/novo\/wp-content\/uploads\/2021\/06\/1606.jpg\",\"width\":800,\"height\":800},{\"@type\":\"BreadcrumbList\",\"@id\":\"https:\/\/www.sitsesp.org.br\/novo\/greve-dos-servidores-da-fundacao-casa-comecou-hoje-16-06-na-luta-por-nenhum-direito-a-menos\/#breadcrumb\",\"itemListElement\":[{\"@type\":\"ListItem\",\"position\":1,\"name\":\"In\u00edcio\",\"item\":\"https:\/\/www.sitsesp.org.br\/novo\/\"},{\"@type\":\"ListItem\",\"position\":2,\"name\":\"Greve dos servidores da Funda\u00e7\u00e3o CASA come\u00e7ou hoje (16.06) na luta por nenhum direito a menos!\"}]},{\"@type\":\"WebSite\",\"@id\":\"https:\/\/www.sitsesp.org.br\/novo\/#website\",\"url\":\"https:\/\/www.sitsesp.org.br\/novo\/\",\"name\":\"Sitsesp\",\"description\":\"SIndicato da Socioeduca\u00e7\u00e3o do Estado de S\u00e3o Paulo\",\"publisher\":{\"@id\":\"https:\/\/www.sitsesp.org.br\/novo\/#organization\"},\"potentialAction\":[{\"@type\":\"SearchAction\",\"target\":{\"@type\":\"EntryPoint\",\"urlTemplate\":\"https:\/\/www.sitsesp.org.br\/novo\/?s={search_term_string}\"},\"query-input\":\"required name=search_term_string\"}],\"inLanguage\":\"pt-BR\"},{\"@type\":\"Organization\",\"@id\":\"https:\/\/www.sitsesp.org.br\/novo\/#organization\",\"name\":\"Sitsesp\",\"url\":\"https:\/\/www.sitsesp.org.br\/novo\/\",\"logo\":{\"@type\":\"ImageObject\",\"inLanguage\":\"pt-BR\",\"@id\":\"https:\/\/www.sitsesp.org.br\/novo\/#\/schema\/logo\/image\/\",\"url\":\"https:\/\/www.sitsesp.org.br\/novo\/wp-content\/uploads\/2020\/09\/Design-sem-nome-1.jpg\",\"contentUrl\":\"https:\/\/www.sitsesp.org.br\/novo\/wp-content\/uploads\/2020\/09\/Design-sem-nome-1.jpg\",\"width\":300,\"height\":300,\"caption\":\"Sitsesp\"},\"image\":{\"@id\":\"https:\/\/www.sitsesp.org.br\/novo\/#\/schema\/logo\/image\/\"}},{\"@type\":\"Person\",\"@id\":\"https:\/\/www.sitsesp.org.br\/novo\/#\/schema\/person\/28e42eec160f373e81d0183b3643edbf\",\"name\":\"imprensa\",\"image\":{\"@type\":\"ImageObject\",\"inLanguage\":\"pt-BR\",\"@id\":\"https:\/\/www.sitsesp.org.br\/novo\/#\/schema\/person\/image\/\",\"url\":\"https:\/\/secure.gravatar.com\/avatar\/8d6ccd8d7d52b8959f34154e87d3fa29?s=96&d=mm&r=g\",\"contentUrl\":\"https:\/\/secure.gravatar.com\/avatar\/8d6ccd8d7d52b8959f34154e87d3fa29?s=96&d=mm&r=g\",\"caption\":\"imprensa\"}}]}<\/script>\n<!-- \/ Yoast SEO plugin. -->","yoast_head_json":{"title":"Greve dos servidores da Funda\u00e7\u00e3o CASA come\u00e7ou hoje (16.06) na luta por nenhum direito a menos! - SITSESP","description":"Os trabalhadores deliberaram a greve em assembleia na noite do dia 15 de junho, ap\u00f3s tomar conhecimento da postura intransigente da Funda\u00e7\u00e3o CASA. A Funda\u00e7\u00e3o e o governo do estado de S\u00e3o Paulo est\u00e3o atacando a categoria, desvalorizando os profissionais, seja com as novas regras sobre o vale-refei\u00e7\u00e3o, seja pelo aumento do conv\u00eanio m\u00e9dico ou pela falta de reajuste e aplica\u00e7\u00e3o do Plano de Cargos e Sal\u00e1rios.","robots":{"index":"index","follow":"follow","max-snippet":"max-snippet:-1","max-image-preview":"max-image-preview:large","max-video-preview":"max-video-preview:-1"},"canonical":"https:\/\/www.sitsesp.org.br\/novo\/greve-dos-servidores-da-fundacao-casa-comecou-hoje-16-06-na-luta-por-nenhum-direito-a-menos\/","og_locale":"pt_BR","og_type":"article","og_title":"Greve dos servidores da Funda\u00e7\u00e3o CASA come\u00e7ou hoje (16.06) na luta por nenhum direito a menos! - SITSESP","og_description":"Os trabalhadores deliberaram a greve em assembleia na noite do dia 15 de junho, ap\u00f3s tomar conhecimento da postura intransigente da Funda\u00e7\u00e3o CASA. A Funda\u00e7\u00e3o e o governo do estado de S\u00e3o Paulo est\u00e3o atacando a categoria, desvalorizando os profissionais, seja com as novas regras sobre o vale-refei\u00e7\u00e3o, seja pelo aumento do conv\u00eanio m\u00e9dico ou pela falta de reajuste e aplica\u00e7\u00e3o do Plano de Cargos e Sal\u00e1rios.","og_url":"https:\/\/www.sitsesp.org.br\/novo\/greve-dos-servidores-da-fundacao-casa-comecou-hoje-16-06-na-luta-por-nenhum-direito-a-menos\/","og_site_name":"SITSESP","article_published_time":"2021-06-16T13:24:20+00:00","og_image":[{"width":800,"height":800,"url":"https:\/\/www.sitsesp.org.br\/novo\/wp-content\/uploads\/2021\/06\/1606.jpg","type":"image\/jpeg"}],"author":"imprensa","twitter_card":"summary_large_image","twitter_misc":{"Escrito por":"imprensa","Est. tempo de leitura":"1 minuto"},"schema":{"@context":"https:\/\/schema.org","@graph":[{"@type":"Article","@id":"https:\/\/www.sitsesp.org.br\/novo\/greve-dos-servidores-da-fundacao-casa-comecou-hoje-16-06-na-luta-por-nenhum-direito-a-menos\/#article","isPartOf":{"@id":"https:\/\/www.sitsesp.org.br\/novo\/greve-dos-servidores-da-fundacao-casa-comecou-hoje-16-06-na-luta-por-nenhum-direito-a-menos\/"},"author":{"name":"imprensa","@id":"https:\/\/www.sitsesp.org.br\/novo\/#\/schema\/person\/28e42eec160f373e81d0183b3643edbf"},"headline":"Greve dos servidores da Funda\u00e7\u00e3o CASA come\u00e7ou hoje (16.06) na luta por nenhum direito a menos!","datePublished":"2021-06-16T13:24:20+00:00","dateModified":"2021-06-16T13:24:20+00:00","mainEntityOfPage":{"@id":"https:\/\/www.sitsesp.org.br\/novo\/greve-dos-servidores-da-fundacao-casa-comecou-hoje-16-06-na-luta-por-nenhum-direito-a-menos\/"},"wordCount":163,"commentCount":0,"publisher":{"@id":"https:\/\/www.sitsesp.org.br\/novo\/#organization"},"image":{"@id":"https:\/\/www.sitsesp.org.br\/novo\/greve-dos-servidores-da-fundacao-casa-comecou-hoje-16-06-na-luta-por-nenhum-direito-a-menos\/#primaryimage"},"thumbnailUrl":"https:\/\/www.sitsesp.org.br\/novo\/wp-content\/uploads\/2021\/06\/1606.jpg","keywords":["2021","campanha salarial","Funda\u00e7\u00e3o CASA","GREVE","SITSESP"],"articleSection":["Destaque","Noticias"],"inLanguage":"pt-BR","potentialAction":[{"@type":"CommentAction","name":"Comment","target":["https:\/\/www.sitsesp.org.br\/novo\/greve-dos-servidores-da-fundacao-casa-comecou-hoje-16-06-na-luta-por-nenhum-direito-a-menos\/#respond"]}]},{"@type":"WebPage","@id":"https:\/\/www.sitsesp.org.br\/novo\/greve-dos-servidores-da-fundacao-casa-comecou-hoje-16-06-na-luta-por-nenhum-direito-a-menos\/","url":"https:\/\/www.sitsesp.org.br\/novo\/greve-dos-servidores-da-fundacao-casa-comecou-hoje-16-06-na-luta-por-nenhum-direito-a-menos\/","name":"Greve dos servidores da Funda\u00e7\u00e3o CASA come\u00e7ou hoje (16.06) na luta por nenhum direito a menos! - SITSESP","isPartOf":{"@id":"https:\/\/www.sitsesp.org.br\/novo\/#website"},"primaryImageOfPage":{"@id":"https:\/\/www.sitsesp.org.br\/novo\/greve-dos-servidores-da-fundacao-casa-comecou-hoje-16-06-na-luta-por-nenhum-direito-a-menos\/#primaryimage"},"image":{"@id":"https:\/\/www.sitsesp.org.br\/novo\/greve-dos-servidores-da-fundacao-casa-comecou-hoje-16-06-na-luta-por-nenhum-direito-a-menos\/#primaryimage"},"thumbnailUrl":"https:\/\/www.sitsesp.org.br\/novo\/wp-content\/uploads\/2021\/06\/1606.jpg","datePublished":"2021-06-16T13:24:20+00:00","dateModified":"2021-06-16T13:24:20+00:00","description":"Os trabalhadores deliberaram a greve em assembleia na noite do dia 15 de junho, ap\u00f3s tomar conhecimento da postura intransigente da Funda\u00e7\u00e3o CASA. A Funda\u00e7\u00e3o e o governo do estado de S\u00e3o Paulo est\u00e3o atacando a categoria, desvalorizando os profissionais, seja com as novas regras sobre o vale-refei\u00e7\u00e3o, seja pelo aumento do conv\u00eanio m\u00e9dico ou pela falta de reajuste e aplica\u00e7\u00e3o do Plano de Cargos e Sal\u00e1rios.","breadcrumb":{"@id":"https:\/\/www.sitsesp.org.br\/novo\/greve-dos-servidores-da-fundacao-casa-comecou-hoje-16-06-na-luta-por-nenhum-direito-a-menos\/#breadcrumb"},"inLanguage":"pt-BR","potentialAction":[{"@type":"ReadAction","target":["https:\/\/www.sitsesp.org.br\/novo\/greve-dos-servidores-da-fundacao-casa-comecou-hoje-16-06-na-luta-por-nenhum-direito-a-menos\/"]}]},{"@type":"ImageObject","inLanguage":"pt-BR","@id":"https:\/\/www.sitsesp.org.br\/novo\/greve-dos-servidores-da-fundacao-casa-comecou-hoje-16-06-na-luta-por-nenhum-direito-a-menos\/#primaryimage","url":"https:\/\/www.sitsesp.org.br\/novo\/wp-content\/uploads\/2021\/06\/1606.jpg","contentUrl":"https:\/\/www.sitsesp.org.br\/novo\/wp-content\/uploads\/2021\/06\/1606.jpg","width":800,"height":800},{"@type":"BreadcrumbList","@id":"https:\/\/www.sitsesp.org.br\/novo\/greve-dos-servidores-da-fundacao-casa-comecou-hoje-16-06-na-luta-por-nenhum-direito-a-menos\/#breadcrumb","itemListElement":[{"@type":"ListItem","position":1,"name":"In\u00edcio","item":"https:\/\/www.sitsesp.org.br\/novo\/"},{"@type":"ListItem","position":2,"name":"Greve dos servidores da Funda\u00e7\u00e3o CASA come\u00e7ou hoje (16.06) na luta por nenhum direito a menos!"}]},{"@type":"WebSite","@id":"https:\/\/www.sitsesp.org.br\/novo\/#website","url":"https:\/\/www.sitsesp.org.br\/novo\/","name":"Sitsesp","description":"SIndicato da Socioeduca\u00e7\u00e3o do Estado de S\u00e3o Paulo","publisher":{"@id":"https:\/\/www.sitsesp.org.br\/novo\/#organization"},"potentialAction":[{"@type":"SearchAction","target":{"@type":"EntryPoint","urlTemplate":"https:\/\/www.sitsesp.org.br\/novo\/?s={search_term_string}"},"query-input":"required name=search_term_string"}],"inLanguage":"pt-BR"},{"@type":"Organization","@id":"https:\/\/www.sitsesp.org.br\/novo\/#organization","name":"Sitsesp","url":"https:\/\/www.sitsesp.org.br\/novo\/","logo":{"@type":"ImageObject","inLanguage":"pt-BR","@id":"https:\/\/www.sitsesp.org.br\/novo\/#\/schema\/logo\/image\/","url":"https:\/\/www.sitsesp.org.br\/novo\/wp-content\/uploads\/2020\/09\/Design-sem-nome-1.jpg","contentUrl":"https:\/\/www.sitsesp.org.br\/novo\/wp-content\/uploads\/2020\/09\/Design-sem-nome-1.jpg","width":300,"height":300,"caption":"Sitsesp"},"image":{"@id":"https:\/\/www.sitsesp.org.br\/novo\/#\/schema\/logo\/image\/"}},{"@type":"Person","@id":"https:\/\/www.sitsesp.org.br\/novo\/#\/schema\/person\/28e42eec160f373e81d0183b3643edbf","name":"imprensa","image":{"@type":"ImageObject","inLanguage":"pt-BR","@id":"https:\/\/www.sitsesp.org.br\/novo\/#\/schema\/person\/image\/","url":"https:\/\/secure.gravatar.com\/avatar\/8d6ccd8d7d52b8959f34154e87d3fa29?s=96&d=mm&r=g","contentUrl":"https:\/\/secure.gravatar.com\/avatar\/8d6ccd8d7d52b8959f34154e87d3fa29?s=96&d=mm&r=g","caption":"imprensa"}}]}},"_links":{"self":[{"href":"https:\/\/www.sitsesp.org.br\/novo\/wp-json\/wp\/v2\/posts\/6500"}],"collection":[{"href":"https:\/\/www.sitsesp.org.br\/novo\/wp-json\/wp\/v2\/posts"}],"about":[{"href":"https:\/\/www.sitsesp.org.br\/novo\/wp-json\/wp\/v2\/types\/post"}],"author":[{"embeddable":true,"href":"https:\/\/www.sitsesp.org.br\/novo\/wp-json\/wp\/v2\/users\/5"}],"replies":[{"embeddable":true,"href":"https:\/\/www.sitsesp.org.br\/novo\/wp-json\/wp\/v2\/comments?post=6500"}],"version-history":[{"count":1,"href":"https:\/\/www.sitsesp.org.br\/novo\/wp-json\/wp\/v2\/posts\/6500\/revisions"}],"predecessor-version":[{"id":6502,"href":"https:\/\/www.sitsesp.org.br\/novo\/wp-json\/wp\/v2\/posts\/6500\/revisions\/6502"}],"wp:featuredmedia":[{"embeddable":true,"href":"https:\/\/www.sitsesp.org.br\/novo\/wp-json\/wp\/v2\/media\/6501"}],"wp:attachment":[{"href":"https:\/\/www.sitsesp.org.br\/novo\/wp-json\/wp\/v2\/media?parent=6500"}],"wp:term":[{"taxonomy":"category","embeddable":true,"href":"https:\/\/www.sitsesp.org.br\/novo\/wp-json\/wp\/v2\/categories?post=6500"},{"taxonomy":"post_tag","embeddable":true,"href":"https:\/\/www.sitsesp.org.br\/novo\/wp-json\/wp\/v2\/tags?post=6500"}],"curies":[{"name":"wp","href":"https:\/\/api.w.org\/{rel}","templated":true}]}}