{"id":6503,"date":"2021-06-16T12:33:21","date_gmt":"2021-06-16T15:33:21","guid":{"rendered":"https:\/\/sitsesp.org.br\/novo\/?p=6503"},"modified":"2021-06-16T12:33:21","modified_gmt":"2021-06-16T15:33:21","slug":"greve-dos-servidores-da-fundacao-casa-em-resposta-a-nota-da-fundacao-para-a-imprensa","status":"publish","type":"post","link":"https:\/\/www.sitsesp.org.br\/novo\/greve-dos-servidores-da-fundacao-casa-em-resposta-a-nota-da-fundacao-para-a-imprensa\/","title":{"rendered":"Greve dos Servidores da Funda\u00e7\u00e3o Casa | Em resposta \u00e0 Nota da Funda\u00e7\u00e3o para a Imprensa"},"content":{"rendered":"<p><!-- VideographyWP Plugin Message: Automatic video embedding prevented by plugin options. --><br \/>\nO SITSESP, em nome da categoria dos Servidores da Funda\u00e7\u00e3o Casa de S\u00e3o Paulo, vem a p\u00fablico esclarecer que a nota produzida pela Funda\u00e7\u00e3o \u00e9 um completo desrespeito e uma provoca\u00e7\u00e3o a categoria.<\/p>\n<p>A Administra\u00e7\u00e3o da Funda\u00e7\u00e3o Casa n\u00e3o teve respeito \u00e0 pandemia, colocando em risco a vida de funcion\u00e1rios e menores durante a pandemia, agora vem condenar a greve \u201cem plena pandemia\u201d.<\/p>\n<p>Fecharam diversas unidades e transferiram arbitrariamente v\u00e1rios funcion\u00e1rios. Se recusaram a dar reajuste no sal\u00e1rio com a infla\u00e7\u00e3o disparando e corroendo os sal\u00e1rios. Est\u00e3o querendo retirar direitos como o vale refei\u00e7\u00e3o \u201cem plena pandemia\u201d.<br \/>\nPor isso chamamos de hipocrisia a Administra\u00e7\u00e3o da Funda\u00e7\u00e3o Casa atacar os direitos dos servidores \u201cem plena pandemia\u201d e criticar que os servidores fa\u00e7am a greve para se defender.<\/p>\n<p>A greve \u00e9 um instrumento leg\u00edtimo, constitucional e um direito inalien\u00e1vel dos trabalhadores!<br \/>\nO Sitsesp tamb\u00e9m esclarece que houve boa-f\u00e9 do Sindicato e dos servidores que aguardam desde Mar\u00e7o, data base da categoria, uma solu\u00e7\u00e3o para o conflito.<\/p>\n<p>Al\u00e9m de negocia\u00e7\u00f5es houve concilia\u00e7\u00f5es no TRT, com a presen\u00e7a do Minist\u00e9rio P\u00fablico, na tentativa de resolver o conflito pacificamente. O Sindicato se colocou favor\u00e1vel \u00e0 proposta apresentada pelo TRT e MP, mas a Funda\u00e7\u00e3o Casa se mostrou intransigente e se recusou a aceitar o acordo proposto na concilia\u00e7\u00e3o.<\/p>\n<p>Frente a isso n\u00e3o houve outra sa\u00edda aos servidores a n\u00e3o ser exercer seu direito de greve.<\/p>\n<p>A intransig\u00eancia da Funda\u00e7\u00e3o Casa reflete a pol\u00edtica irrespons\u00e1vel do governador D\u00f3ria para com os servi\u00e7os p\u00fablicos, em plena pandemia!<\/p>\n<p>O Sindicato e os servidores se comprometem a encerrar a Greve t\u00e3o logo a Funda\u00e7\u00e3o Casa aceite a proposta de Concilia\u00e7\u00e3o do TRT.<\/p>\n","protected":false},"excerpt":{"rendered":"<p>O SITSESP, em nome da categoria dos Servidores da Funda\u00e7\u00e3o Casa de S\u00e3o Paulo, vem a p\u00fablico esclarecer que a nota&hellip;<\/p>\n","protected":false},"author":5,"featured_media":6505,"comment_status":"open","ping_status":"open","sticky":false,"template":"","format":"standard","meta":{"cybocfi_hide_featured_image":"","footnotes":""},"categories":[27,22],"tags":[45,44,38,41,40,37,39],"yoast_head":"<!-- This site is optimized with the Yoast SEO plugin v22.8 - https:\/\/yoast.com\/wordpress\/plugins\/seo\/ -->\n<title>Greve dos Servidores da Funda\u00e7\u00e3o Casa | Em resposta \u00e0 Nota da Funda\u00e7\u00e3o para a Imprensa - SITSESP<\/title>\n<meta name=\"description\" content=\"O SITSESP, em nome da categoria dos Servidores da Funda\u00e7\u00e3o Casa de S\u00e3o Paulo, vem a p\u00fablico esclarecer que a nota produzida pela Funda\u00e7\u00e3o \u00e9 um completo desrespeito e uma provoca\u00e7\u00e3o a categoria. A Administra\u00e7\u00e3o da Funda\u00e7\u00e3o Casa n\u00e3o teve respeito \u00e0 pandemia, colocando em risco a vida de funcion\u00e1rios e menores durante a pandemia, agora vem condenar a greve \u201cem plena pandemia\u201d. Fecharam diversas unidades e transferiram arbitrariamente v\u00e1rios funcion\u00e1rios. Se recusaram a dar reajuste no sal\u00e1rio com a infla\u00e7\u00e3o disparando e corroendo os sal\u00e1rios. Est\u00e3o querendo retirar direitos como o vale refei\u00e7\u00e3o \u201cem plena pandemia\u201d.Por isso chamamos de hipocrisia a Administra\u00e7\u00e3o da Funda\u00e7\u00e3o Casa atacar os direitos dos servidores \u201cem plena pandemia\u201d e criticar que os servidores fa\u00e7am a greve para se defender.\" \/>\n<meta name=\"robots\" content=\"index, follow, max-snippet:-1, max-image-preview:large, max-video-preview:-1\" \/>\n<link rel=\"canonical\" href=\"https:\/\/www.sitsesp.org.br\/novo\/greve-dos-servidores-da-fundacao-casa-em-resposta-a-nota-da-fundacao-para-a-imprensa\/\" \/>\n<meta property=\"og:locale\" content=\"pt_BR\" \/>\n<meta property=\"og:type\" content=\"article\" \/>\n<meta property=\"og:title\" content=\"Greve dos Servidores da Funda\u00e7\u00e3o Casa | Em resposta \u00e0 Nota da Funda\u00e7\u00e3o para a Imprensa - SITSESP\" \/>\n<meta property=\"og:description\" content=\"O SITSESP, em nome da categoria dos Servidores da Funda\u00e7\u00e3o Casa de S\u00e3o Paulo, vem a p\u00fablico esclarecer que a nota produzida pela Funda\u00e7\u00e3o \u00e9 um completo desrespeito e uma provoca\u00e7\u00e3o a categoria. A Administra\u00e7\u00e3o da Funda\u00e7\u00e3o Casa n\u00e3o teve respeito \u00e0 pandemia, colocando em risco a vida de funcion\u00e1rios e menores durante a pandemia, agora vem condenar a greve \u201cem plena pandemia\u201d. Fecharam diversas unidades e transferiram arbitrariamente v\u00e1rios funcion\u00e1rios. Se recusaram a dar reajuste no sal\u00e1rio com a infla\u00e7\u00e3o disparando e corroendo os sal\u00e1rios. Est\u00e3o querendo retirar direitos como o vale refei\u00e7\u00e3o \u201cem plena pandemia\u201d.Por isso chamamos de hipocrisia a Administra\u00e7\u00e3o da Funda\u00e7\u00e3o Casa atacar os direitos dos servidores \u201cem plena pandemia\u201d e criticar que os servidores fa\u00e7am a greve para se defender.\" \/>\n<meta property=\"og:url\" content=\"https:\/\/www.sitsesp.org.br\/novo\/greve-dos-servidores-da-fundacao-casa-em-resposta-a-nota-da-fundacao-para-a-imprensa\/\" \/>\n<meta property=\"og:site_name\" content=\"SITSESP\" \/>\n<meta property=\"article:published_time\" content=\"2021-06-16T15:33:21+00:00\" \/>\n<meta property=\"og:image\" content=\"https:\/\/www.sitsesp.org.br\/novo\/wp-content\/uploads\/2021\/06\/1606B.jpg\" \/>\n\t<meta property=\"og:image:width\" content=\"800\" \/>\n\t<meta property=\"og:image:height\" content=\"800\" \/>\n\t<meta property=\"og:image:type\" content=\"image\/jpeg\" \/>\n<meta name=\"author\" content=\"imprensa\" \/>\n<meta name=\"twitter:card\" content=\"summary_large_image\" \/>\n<meta name=\"twitter:label1\" content=\"Escrito por\" \/>\n\t<meta name=\"twitter:data1\" content=\"imprensa\" \/>\n\t<meta name=\"twitter:label2\" content=\"Est. tempo de leitura\" \/>\n\t<meta name=\"twitter:data2\" content=\"2 minutos\" \/>\n<script type=\"application\/ld+json\" class=\"yoast-schema-graph\">{\"@context\":\"https:\/\/schema.org\",\"@graph\":[{\"@type\":\"Article\",\"@id\":\"https:\/\/www.sitsesp.org.br\/novo\/greve-dos-servidores-da-fundacao-casa-em-resposta-a-nota-da-fundacao-para-a-imprensa\/#article\",\"isPartOf\":{\"@id\":\"https:\/\/www.sitsesp.org.br\/novo\/greve-dos-servidores-da-fundacao-casa-em-resposta-a-nota-da-fundacao-para-a-imprensa\/\"},\"author\":{\"name\":\"imprensa\",\"@id\":\"https:\/\/www.sitsesp.org.br\/novo\/#\/schema\/person\/28e42eec160f373e81d0183b3643edbf\"},\"headline\":\"Greve dos Servidores da Funda\u00e7\u00e3o Casa | Em resposta \u00e0 Nota da Funda\u00e7\u00e3o para a Imprensa\",\"datePublished\":\"2021-06-16T15:33:21+00:00\",\"dateModified\":\"2021-06-16T15:33:21+00:00\",\"mainEntityOfPage\":{\"@id\":\"https:\/\/www.sitsesp.org.br\/novo\/greve-dos-servidores-da-fundacao-casa-em-resposta-a-nota-da-fundacao-para-a-imprensa\/\"},\"wordCount\":331,\"commentCount\":0,\"publisher\":{\"@id\":\"https:\/\/www.sitsesp.org.br\/novo\/#organization\"},\"image\":{\"@id\":\"https:\/\/www.sitsesp.org.br\/novo\/greve-dos-servidores-da-fundacao-casa-em-resposta-a-nota-da-fundacao-para-a-imprensa\/#primaryimage\"},\"thumbnailUrl\":\"https:\/\/www.sitsesp.org.br\/novo\/wp-content\/uploads\/2021\/06\/1606B.jpg\",\"keywords\":[\"2021\",\"campanha salarial\",\"Funda\u00e7\u00e3o CASA\",\"GREVE\",\"SINDICATO\",\"SITSESP\",\"SOCIOEDUCA\u00c7\u00c3O\"],\"articleSection\":[\"Destaque\",\"Noticias\"],\"inLanguage\":\"pt-BR\",\"potentialAction\":[{\"@type\":\"CommentAction\",\"name\":\"Comment\",\"target\":[\"https:\/\/www.sitsesp.org.br\/novo\/greve-dos-servidores-da-fundacao-casa-em-resposta-a-nota-da-fundacao-para-a-imprensa\/#respond\"]}]},{\"@type\":\"WebPage\",\"@id\":\"https:\/\/www.sitsesp.org.br\/novo\/greve-dos-servidores-da-fundacao-casa-em-resposta-a-nota-da-fundacao-para-a-imprensa\/\",\"url\":\"https:\/\/www.sitsesp.org.br\/novo\/greve-dos-servidores-da-fundacao-casa-em-resposta-a-nota-da-fundacao-para-a-imprensa\/\",\"name\":\"Greve dos Servidores da Funda\u00e7\u00e3o Casa | Em resposta \u00e0 Nota da Funda\u00e7\u00e3o para a Imprensa - SITSESP\",\"isPartOf\":{\"@id\":\"https:\/\/www.sitsesp.org.br\/novo\/#website\"},\"primaryImageOfPage\":{\"@id\":\"https:\/\/www.sitsesp.org.br\/novo\/greve-dos-servidores-da-fundacao-casa-em-resposta-a-nota-da-fundacao-para-a-imprensa\/#primaryimage\"},\"image\":{\"@id\":\"https:\/\/www.sitsesp.org.br\/novo\/greve-dos-servidores-da-fundacao-casa-em-resposta-a-nota-da-fundacao-para-a-imprensa\/#primaryimage\"},\"thumbnailUrl\":\"https:\/\/www.sitsesp.org.br\/novo\/wp-content\/uploads\/2021\/06\/1606B.jpg\",\"datePublished\":\"2021-06-16T15:33:21+00:00\",\"dateModified\":\"2021-06-16T15:33:21+00:00\",\"description\":\"O SITSESP, em nome da categoria dos Servidores da Funda\u00e7\u00e3o Casa de S\u00e3o Paulo, vem a p\u00fablico esclarecer que a nota produzida pela Funda\u00e7\u00e3o \u00e9 um completo desrespeito e uma provoca\u00e7\u00e3o a categoria. A Administra\u00e7\u00e3o da Funda\u00e7\u00e3o Casa n\u00e3o teve respeito \u00e0 pandemia, colocando em risco a vida de funcion\u00e1rios e menores durante a pandemia, agora vem condenar a greve \u201cem plena pandemia\u201d. Fecharam diversas unidades e transferiram arbitrariamente v\u00e1rios funcion\u00e1rios. Se recusaram a dar reajuste no sal\u00e1rio com a infla\u00e7\u00e3o disparando e corroendo os sal\u00e1rios. Est\u00e3o querendo retirar direitos como o vale refei\u00e7\u00e3o \u201cem plena pandemia\u201d.Por isso chamamos de hipocrisia a Administra\u00e7\u00e3o da Funda\u00e7\u00e3o Casa atacar os direitos dos servidores \u201cem plena pandemia\u201d e criticar que os servidores fa\u00e7am a greve para se defender.\",\"breadcrumb\":{\"@id\":\"https:\/\/www.sitsesp.org.br\/novo\/greve-dos-servidores-da-fundacao-casa-em-resposta-a-nota-da-fundacao-para-a-imprensa\/#breadcrumb\"},\"inLanguage\":\"pt-BR\",\"potentialAction\":[{\"@type\":\"ReadAction\",\"target\":[\"https:\/\/www.sitsesp.org.br\/novo\/greve-dos-servidores-da-fundacao-casa-em-resposta-a-nota-da-fundacao-para-a-imprensa\/\"]}]},{\"@type\":\"ImageObject\",\"inLanguage\":\"pt-BR\",\"@id\":\"https:\/\/www.sitsesp.org.br\/novo\/greve-dos-servidores-da-fundacao-casa-em-resposta-a-nota-da-fundacao-para-a-imprensa\/#primaryimage\",\"url\":\"https:\/\/www.sitsesp.org.br\/novo\/wp-content\/uploads\/2021\/06\/1606B.jpg\",\"contentUrl\":\"https:\/\/www.sitsesp.org.br\/novo\/wp-content\/uploads\/2021\/06\/1606B.jpg\",\"width\":800,\"height\":800},{\"@type\":\"BreadcrumbList\",\"@id\":\"https:\/\/www.sitsesp.org.br\/novo\/greve-dos-servidores-da-fundacao-casa-em-resposta-a-nota-da-fundacao-para-a-imprensa\/#breadcrumb\",\"itemListElement\":[{\"@type\":\"ListItem\",\"position\":1,\"name\":\"In\u00edcio\",\"item\":\"https:\/\/www.sitsesp.org.br\/novo\/\"},{\"@type\":\"ListItem\",\"position\":2,\"name\":\"Greve dos Servidores da Funda\u00e7\u00e3o Casa | Em resposta \u00e0 Nota da Funda\u00e7\u00e3o para a Imprensa\"}]},{\"@type\":\"WebSite\",\"@id\":\"https:\/\/www.sitsesp.org.br\/novo\/#website\",\"url\":\"https:\/\/www.sitsesp.org.br\/novo\/\",\"name\":\"Sitsesp\",\"description\":\"SIndicato da Socioeduca\u00e7\u00e3o do Estado de S\u00e3o Paulo\",\"publisher\":{\"@id\":\"https:\/\/www.sitsesp.org.br\/novo\/#organization\"},\"potentialAction\":[{\"@type\":\"SearchAction\",\"target\":{\"@type\":\"EntryPoint\",\"urlTemplate\":\"https:\/\/www.sitsesp.org.br\/novo\/?s={search_term_string}\"},\"query-input\":\"required name=search_term_string\"}],\"inLanguage\":\"pt-BR\"},{\"@type\":\"Organization\",\"@id\":\"https:\/\/www.sitsesp.org.br\/novo\/#organization\",\"name\":\"Sitsesp\",\"url\":\"https:\/\/www.sitsesp.org.br\/novo\/\",\"logo\":{\"@type\":\"ImageObject\",\"inLanguage\":\"pt-BR\",\"@id\":\"https:\/\/www.sitsesp.org.br\/novo\/#\/schema\/logo\/image\/\",\"url\":\"https:\/\/www.sitsesp.org.br\/novo\/wp-content\/uploads\/2020\/09\/Design-sem-nome-1.jpg\",\"contentUrl\":\"https:\/\/www.sitsesp.org.br\/novo\/wp-content\/uploads\/2020\/09\/Design-sem-nome-1.jpg\",\"width\":300,\"height\":300,\"caption\":\"Sitsesp\"},\"image\":{\"@id\":\"https:\/\/www.sitsesp.org.br\/novo\/#\/schema\/logo\/image\/\"}},{\"@type\":\"Person\",\"@id\":\"https:\/\/www.sitsesp.org.br\/novo\/#\/schema\/person\/28e42eec160f373e81d0183b3643edbf\",\"name\":\"imprensa\",\"image\":{\"@type\":\"ImageObject\",\"inLanguage\":\"pt-BR\",\"@id\":\"https:\/\/www.sitsesp.org.br\/novo\/#\/schema\/person\/image\/\",\"url\":\"https:\/\/secure.gravatar.com\/avatar\/8d6ccd8d7d52b8959f34154e87d3fa29?s=96&d=mm&r=g\",\"contentUrl\":\"https:\/\/secure.gravatar.com\/avatar\/8d6ccd8d7d52b8959f34154e87d3fa29?s=96&d=mm&r=g\",\"caption\":\"imprensa\"}}]}<\/script>\n<!-- \/ Yoast SEO plugin. -->","yoast_head_json":{"title":"Greve dos Servidores da Funda\u00e7\u00e3o Casa | Em resposta \u00e0 Nota da Funda\u00e7\u00e3o para a Imprensa - SITSESP","description":"O SITSESP, em nome da categoria dos Servidores da Funda\u00e7\u00e3o Casa de S\u00e3o Paulo, vem a p\u00fablico esclarecer que a nota produzida pela Funda\u00e7\u00e3o \u00e9 um completo desrespeito e uma provoca\u00e7\u00e3o a categoria. A Administra\u00e7\u00e3o da Funda\u00e7\u00e3o Casa n\u00e3o teve respeito \u00e0 pandemia, colocando em risco a vida de funcion\u00e1rios e menores durante a pandemia, agora vem condenar a greve \u201cem plena pandemia\u201d. Fecharam diversas unidades e transferiram arbitrariamente v\u00e1rios funcion\u00e1rios. Se recusaram a dar reajuste no sal\u00e1rio com a infla\u00e7\u00e3o disparando e corroendo os sal\u00e1rios. Est\u00e3o querendo retirar direitos como o vale refei\u00e7\u00e3o \u201cem plena pandemia\u201d.Por isso chamamos de hipocrisia a Administra\u00e7\u00e3o da Funda\u00e7\u00e3o Casa atacar os direitos dos servidores \u201cem plena pandemia\u201d e criticar que os servidores fa\u00e7am a greve para se defender.","robots":{"index":"index","follow":"follow","max-snippet":"max-snippet:-1","max-image-preview":"max-image-preview:large","max-video-preview":"max-video-preview:-1"},"canonical":"https:\/\/www.sitsesp.org.br\/novo\/greve-dos-servidores-da-fundacao-casa-em-resposta-a-nota-da-fundacao-para-a-imprensa\/","og_locale":"pt_BR","og_type":"article","og_title":"Greve dos Servidores da Funda\u00e7\u00e3o Casa | Em resposta \u00e0 Nota da Funda\u00e7\u00e3o para a Imprensa - SITSESP","og_description":"O SITSESP, em nome da categoria dos Servidores da Funda\u00e7\u00e3o Casa de S\u00e3o Paulo, vem a p\u00fablico esclarecer que a nota produzida pela Funda\u00e7\u00e3o \u00e9 um completo desrespeito e uma provoca\u00e7\u00e3o a categoria. A Administra\u00e7\u00e3o da Funda\u00e7\u00e3o Casa n\u00e3o teve respeito \u00e0 pandemia, colocando em risco a vida de funcion\u00e1rios e menores durante a pandemia, agora vem condenar a greve \u201cem plena pandemia\u201d. Fecharam diversas unidades e transferiram arbitrariamente v\u00e1rios funcion\u00e1rios. Se recusaram a dar reajuste no sal\u00e1rio com a infla\u00e7\u00e3o disparando e corroendo os sal\u00e1rios. Est\u00e3o querendo retirar direitos como o vale refei\u00e7\u00e3o \u201cem plena pandemia\u201d.Por isso chamamos de hipocrisia a Administra\u00e7\u00e3o da Funda\u00e7\u00e3o Casa atacar os direitos dos servidores \u201cem plena pandemia\u201d e criticar que os servidores fa\u00e7am a greve para se defender.","og_url":"https:\/\/www.sitsesp.org.br\/novo\/greve-dos-servidores-da-fundacao-casa-em-resposta-a-nota-da-fundacao-para-a-imprensa\/","og_site_name":"SITSESP","article_published_time":"2021-06-16T15:33:21+00:00","og_image":[{"width":800,"height":800,"url":"https:\/\/www.sitsesp.org.br\/novo\/wp-content\/uploads\/2021\/06\/1606B.jpg","type":"image\/jpeg"}],"author":"imprensa","twitter_card":"summary_large_image","twitter_misc":{"Escrito por":"imprensa","Est. tempo de leitura":"2 minutos"},"schema":{"@context":"https:\/\/schema.org","@graph":[{"@type":"Article","@id":"https:\/\/www.sitsesp.org.br\/novo\/greve-dos-servidores-da-fundacao-casa-em-resposta-a-nota-da-fundacao-para-a-imprensa\/#article","isPartOf":{"@id":"https:\/\/www.sitsesp.org.br\/novo\/greve-dos-servidores-da-fundacao-casa-em-resposta-a-nota-da-fundacao-para-a-imprensa\/"},"author":{"name":"imprensa","@id":"https:\/\/www.sitsesp.org.br\/novo\/#\/schema\/person\/28e42eec160f373e81d0183b3643edbf"},"headline":"Greve dos Servidores da Funda\u00e7\u00e3o Casa | Em resposta \u00e0 Nota da Funda\u00e7\u00e3o para a Imprensa","datePublished":"2021-06-16T15:33:21+00:00","dateModified":"2021-06-16T15:33:21+00:00","mainEntityOfPage":{"@id":"https:\/\/www.sitsesp.org.br\/novo\/greve-dos-servidores-da-fundacao-casa-em-resposta-a-nota-da-fundacao-para-a-imprensa\/"},"wordCount":331,"commentCount":0,"publisher":{"@id":"https:\/\/www.sitsesp.org.br\/novo\/#organization"},"image":{"@id":"https:\/\/www.sitsesp.org.br\/novo\/greve-dos-servidores-da-fundacao-casa-em-resposta-a-nota-da-fundacao-para-a-imprensa\/#primaryimage"},"thumbnailUrl":"https:\/\/www.sitsesp.org.br\/novo\/wp-content\/uploads\/2021\/06\/1606B.jpg","keywords":["2021","campanha salarial","Funda\u00e7\u00e3o CASA","GREVE","SINDICATO","SITSESP","SOCIOEDUCA\u00c7\u00c3O"],"articleSection":["Destaque","Noticias"],"inLanguage":"pt-BR","potentialAction":[{"@type":"CommentAction","name":"Comment","target":["https:\/\/www.sitsesp.org.br\/novo\/greve-dos-servidores-da-fundacao-casa-em-resposta-a-nota-da-fundacao-para-a-imprensa\/#respond"]}]},{"@type":"WebPage","@id":"https:\/\/www.sitsesp.org.br\/novo\/greve-dos-servidores-da-fundacao-casa-em-resposta-a-nota-da-fundacao-para-a-imprensa\/","url":"https:\/\/www.sitsesp.org.br\/novo\/greve-dos-servidores-da-fundacao-casa-em-resposta-a-nota-da-fundacao-para-a-imprensa\/","name":"Greve dos Servidores da Funda\u00e7\u00e3o Casa | Em resposta \u00e0 Nota da Funda\u00e7\u00e3o para a Imprensa - SITSESP","isPartOf":{"@id":"https:\/\/www.sitsesp.org.br\/novo\/#website"},"primaryImageOfPage":{"@id":"https:\/\/www.sitsesp.org.br\/novo\/greve-dos-servidores-da-fundacao-casa-em-resposta-a-nota-da-fundacao-para-a-imprensa\/#primaryimage"},"image":{"@id":"https:\/\/www.sitsesp.org.br\/novo\/greve-dos-servidores-da-fundacao-casa-em-resposta-a-nota-da-fundacao-para-a-imprensa\/#primaryimage"},"thumbnailUrl":"https:\/\/www.sitsesp.org.br\/novo\/wp-content\/uploads\/2021\/06\/1606B.jpg","datePublished":"2021-06-16T15:33:21+00:00","dateModified":"2021-06-16T15:33:21+00:00","description":"O SITSESP, em nome da categoria dos Servidores da Funda\u00e7\u00e3o Casa de S\u00e3o Paulo, vem a p\u00fablico esclarecer que a nota produzida pela Funda\u00e7\u00e3o \u00e9 um completo desrespeito e uma provoca\u00e7\u00e3o a categoria. A Administra\u00e7\u00e3o da Funda\u00e7\u00e3o Casa n\u00e3o teve respeito \u00e0 pandemia, colocando em risco a vida de funcion\u00e1rios e menores durante a pandemia, agora vem condenar a greve \u201cem plena pandemia\u201d. Fecharam diversas unidades e transferiram arbitrariamente v\u00e1rios funcion\u00e1rios. Se recusaram a dar reajuste no sal\u00e1rio com a infla\u00e7\u00e3o disparando e corroendo os sal\u00e1rios. Est\u00e3o querendo retirar direitos como o vale refei\u00e7\u00e3o \u201cem plena pandemia\u201d.Por isso chamamos de hipocrisia a Administra\u00e7\u00e3o da Funda\u00e7\u00e3o Casa atacar os direitos dos servidores \u201cem plena pandemia\u201d e criticar que os servidores fa\u00e7am a greve para se defender.","breadcrumb":{"@id":"https:\/\/www.sitsesp.org.br\/novo\/greve-dos-servidores-da-fundacao-casa-em-resposta-a-nota-da-fundacao-para-a-imprensa\/#breadcrumb"},"inLanguage":"pt-BR","potentialAction":[{"@type":"ReadAction","target":["https:\/\/www.sitsesp.org.br\/novo\/greve-dos-servidores-da-fundacao-casa-em-resposta-a-nota-da-fundacao-para-a-imprensa\/"]}]},{"@type":"ImageObject","inLanguage":"pt-BR","@id":"https:\/\/www.sitsesp.org.br\/novo\/greve-dos-servidores-da-fundacao-casa-em-resposta-a-nota-da-fundacao-para-a-imprensa\/#primaryimage","url":"https:\/\/www.sitsesp.org.br\/novo\/wp-content\/uploads\/2021\/06\/1606B.jpg","contentUrl":"https:\/\/www.sitsesp.org.br\/novo\/wp-content\/uploads\/2021\/06\/1606B.jpg","width":800,"height":800},{"@type":"BreadcrumbList","@id":"https:\/\/www.sitsesp.org.br\/novo\/greve-dos-servidores-da-fundacao-casa-em-resposta-a-nota-da-fundacao-para-a-imprensa\/#breadcrumb","itemListElement":[{"@type":"ListItem","position":1,"name":"In\u00edcio","item":"https:\/\/www.sitsesp.org.br\/novo\/"},{"@type":"ListItem","position":2,"name":"Greve dos Servidores da Funda\u00e7\u00e3o Casa | Em resposta \u00e0 Nota da Funda\u00e7\u00e3o para a Imprensa"}]},{"@type":"WebSite","@id":"https:\/\/www.sitsesp.org.br\/novo\/#website","url":"https:\/\/www.sitsesp.org.br\/novo\/","name":"Sitsesp","description":"SIndicato da Socioeduca\u00e7\u00e3o do Estado de S\u00e3o Paulo","publisher":{"@id":"https:\/\/www.sitsesp.org.br\/novo\/#organization"},"potentialAction":[{"@type":"SearchAction","target":{"@type":"EntryPoint","urlTemplate":"https:\/\/www.sitsesp.org.br\/novo\/?s={search_term_string}"},"query-input":"required name=search_term_string"}],"inLanguage":"pt-BR"},{"@type":"Organization","@id":"https:\/\/www.sitsesp.org.br\/novo\/#organization","name":"Sitsesp","url":"https:\/\/www.sitsesp.org.br\/novo\/","logo":{"@type":"ImageObject","inLanguage":"pt-BR","@id":"https:\/\/www.sitsesp.org.br\/novo\/#\/schema\/logo\/image\/","url":"https:\/\/www.sitsesp.org.br\/novo\/wp-content\/uploads\/2020\/09\/Design-sem-nome-1.jpg","contentUrl":"https:\/\/www.sitsesp.org.br\/novo\/wp-content\/uploads\/2020\/09\/Design-sem-nome-1.jpg","width":300,"height":300,"caption":"Sitsesp"},"image":{"@id":"https:\/\/www.sitsesp.org.br\/novo\/#\/schema\/logo\/image\/"}},{"@type":"Person","@id":"https:\/\/www.sitsesp.org.br\/novo\/#\/schema\/person\/28e42eec160f373e81d0183b3643edbf","name":"imprensa","image":{"@type":"ImageObject","inLanguage":"pt-BR","@id":"https:\/\/www.sitsesp.org.br\/novo\/#\/schema\/person\/image\/","url":"https:\/\/secure.gravatar.com\/avatar\/8d6ccd8d7d52b8959f34154e87d3fa29?s=96&d=mm&r=g","contentUrl":"https:\/\/secure.gravatar.com\/avatar\/8d6ccd8d7d52b8959f34154e87d3fa29?s=96&d=mm&r=g","caption":"imprensa"}}]}},"_links":{"self":[{"href":"https:\/\/www.sitsesp.org.br\/novo\/wp-json\/wp\/v2\/posts\/6503"}],"collection":[{"href":"https:\/\/www.sitsesp.org.br\/novo\/wp-json\/wp\/v2\/posts"}],"about":[{"href":"https:\/\/www.sitsesp.org.br\/novo\/wp-json\/wp\/v2\/types\/post"}],"author":[{"embeddable":true,"href":"https:\/\/www.sitsesp.org.br\/novo\/wp-json\/wp\/v2\/users\/5"}],"replies":[{"embeddable":true,"href":"https:\/\/www.sitsesp.org.br\/novo\/wp-json\/wp\/v2\/comments?post=6503"}],"version-history":[{"count":1,"href":"https:\/\/www.sitsesp.org.br\/novo\/wp-json\/wp\/v2\/posts\/6503\/revisions"}],"predecessor-version":[{"id":6506,"href":"https:\/\/www.sitsesp.org.br\/novo\/wp-json\/wp\/v2\/posts\/6503\/revisions\/6506"}],"wp:featuredmedia":[{"embeddable":true,"href":"https:\/\/www.sitsesp.org.br\/novo\/wp-json\/wp\/v2\/media\/6505"}],"wp:attachment":[{"href":"https:\/\/www.sitsesp.org.br\/novo\/wp-json\/wp\/v2\/media?parent=6503"}],"wp:term":[{"taxonomy":"category","embeddable":true,"href":"https:\/\/www.sitsesp.org.br\/novo\/wp-json\/wp\/v2\/categories?post=6503"},{"taxonomy":"post_tag","embeddable":true,"href":"https:\/\/www.sitsesp.org.br\/novo\/wp-json\/wp\/v2\/tags?post=6503"}],"curies":[{"name":"wp","href":"https:\/\/api.w.org\/{rel}","templated":true}]}}