{"id":6510,"date":"2021-06-16T15:11:11","date_gmt":"2021-06-16T18:11:11","guid":{"rendered":"https:\/\/sitsesp.org.br\/novo\/?p=6510"},"modified":"2021-06-16T15:11:11","modified_gmt":"2021-06-16T18:11:11","slug":"comunicado-a-juiza-relatora-adequou-a-liminar-para-a-manutencao-de-70-do-quadro-funcional","status":"publish","type":"post","link":"https:\/\/www.sitsesp.org.br\/novo\/comunicado-a-juiza-relatora-adequou-a-liminar-para-a-manutencao-de-70-do-quadro-funcional\/","title":{"rendered":"COMUNICADO | A ju\u00edza relatora adequou a liminar para a manuten\u00e7\u00e3o de 70% do quadro funcional"},"content":{"rendered":"<p><!-- VideographyWP Plugin Message: Automatic video embedding prevented by plugin options. --><br \/>\nA Funda\u00e7\u00e3o CASA entrou como embargo declarat\u00f3rio sobre a decis\u00e3o liminar que delimitava o percentual de greve, a ju\u00edza relatora adequou a liminar para a manuten\u00e7\u00e3o de 70% do quadro funcional nos setores:<\/p>\n<p>a) agente de apoio socioeducativo, b) agente educacional, c) assistente social, d) enfermeiro, e) auxiliar de enfermagem, f) pedagogo, g) psic\u00f3logo, h) professor de educa\u00e7\u00e3o f\u00edsica e i) agente de apoio operacional.<\/p>\n<p>&nbsp;<\/p>\n<a href=\"https:\/\/sitsesp.org.br\/novo\/wp-content\/uploads\/2021\/06\/Decisa\u0303o-Embargos-Liminar.pdf\" class=\"pdfemb-viewer\" style=\"\" data-width=\"max\" data-height=\"max\" data-toolbar=\"bottom\" data-toolbar-fixed=\"off\">Decisa\u0303o Embargos Liminar<\/a>\n<p><a href=\"https:\/\/sitsesp.org.br\/novo\/wp-content\/uploads\/2021\/06\/Decisa\u0303o-Embargos-Liminar.pdf\">Baixe aqui<\/a><\/p>\n","protected":false},"excerpt":{"rendered":"<p>A Funda\u00e7\u00e3o CASA entrou como embargo declarat\u00f3rio sobre a decis\u00e3o liminar que delimitava o percentual de greve, a ju\u00edza relatora adequou&hellip;<\/p>\n","protected":false},"author":5,"featured_media":6508,"comment_status":"open","ping_status":"open","sticky":false,"template":"","format":"standard","meta":{"cybocfi_hide_featured_image":"","footnotes":""},"categories":[27,22],"tags":[],"yoast_head":"<!-- This site is optimized with the Yoast SEO plugin v22.8 - https:\/\/yoast.com\/wordpress\/plugins\/seo\/ -->\n<title>COMUNICADO | A ju\u00edza relatora adequou a liminar para a manuten\u00e7\u00e3o de 70% do quadro funcional - SITSESP<\/title>\n<meta name=\"description\" content=\"A Funda\u00e7\u00e3o CASA entrou como embargo declarat\u00f3rio sobre a decis\u00e3o liminar que delimitava o percentual de greve, a ju\u00edza relatora adequou a liminar para a manuten\u00e7\u00e3o de 70% do quadro funcional nos setores:a) agente de apoio socioeducativo, b) agente educacional, c) assistente social, d) enfermeiro, e) auxiliar de enfermagem, f) pedagogo, g) psic\u00f3logo, h) professor de educa\u00e7\u00e3o f\u00edsica e i) agente de apoio operacional.\" \/>\n<meta name=\"robots\" content=\"index, follow, max-snippet:-1, max-image-preview:large, max-video-preview:-1\" \/>\n<link rel=\"canonical\" href=\"https:\/\/www.sitsesp.org.br\/novo\/comunicado-a-juiza-relatora-adequou-a-liminar-para-a-manutencao-de-70-do-quadro-funcional\/\" \/>\n<meta property=\"og:locale\" content=\"pt_BR\" \/>\n<meta property=\"og:type\" content=\"article\" \/>\n<meta property=\"og:title\" content=\"COMUNICADO | A ju\u00edza relatora adequou a liminar para a manuten\u00e7\u00e3o de 70% do quadro funcional - SITSESP\" \/>\n<meta property=\"og:description\" content=\"A Funda\u00e7\u00e3o CASA entrou como embargo declarat\u00f3rio sobre a decis\u00e3o liminar que delimitava o percentual de greve, a ju\u00edza relatora adequou a liminar para a manuten\u00e7\u00e3o de 70% do quadro funcional nos setores:a) agente de apoio socioeducativo, b) agente educacional, c) assistente social, d) enfermeiro, e) auxiliar de enfermagem, f) pedagogo, g) psic\u00f3logo, h) professor de educa\u00e7\u00e3o f\u00edsica e i) agente de apoio operacional.\" \/>\n<meta property=\"og:url\" content=\"https:\/\/www.sitsesp.org.br\/novo\/comunicado-a-juiza-relatora-adequou-a-liminar-para-a-manutencao-de-70-do-quadro-funcional\/\" \/>\n<meta property=\"og:site_name\" content=\"SITSESP\" \/>\n<meta property=\"article:published_time\" content=\"2021-06-16T18:11:11+00:00\" \/>\n<meta property=\"og:image\" content=\"https:\/\/www.sitsesp.org.br\/novo\/wp-content\/uploads\/2021\/06\/1606c.jpg\" \/>\n\t<meta property=\"og:image:width\" content=\"800\" \/>\n\t<meta property=\"og:image:height\" content=\"800\" \/>\n\t<meta property=\"og:image:type\" content=\"image\/jpeg\" \/>\n<meta name=\"author\" content=\"imprensa\" \/>\n<meta name=\"twitter:card\" content=\"summary_large_image\" \/>\n<meta name=\"twitter:label1\" content=\"Escrito por\" \/>\n\t<meta name=\"twitter:data1\" content=\"imprensa\" \/>\n\t<meta name=\"twitter:label2\" content=\"Est. tempo de leitura\" \/>\n\t<meta name=\"twitter:data2\" content=\"1 minuto\" \/>\n<script type=\"application\/ld+json\" class=\"yoast-schema-graph\">{\"@context\":\"https:\/\/schema.org\",\"@graph\":[{\"@type\":\"Article\",\"@id\":\"https:\/\/www.sitsesp.org.br\/novo\/comunicado-a-juiza-relatora-adequou-a-liminar-para-a-manutencao-de-70-do-quadro-funcional\/#article\",\"isPartOf\":{\"@id\":\"https:\/\/www.sitsesp.org.br\/novo\/comunicado-a-juiza-relatora-adequou-a-liminar-para-a-manutencao-de-70-do-quadro-funcional\/\"},\"author\":{\"name\":\"imprensa\",\"@id\":\"https:\/\/www.sitsesp.org.br\/novo\/#\/schema\/person\/28e42eec160f373e81d0183b3643edbf\"},\"headline\":\"COMUNICADO | A ju\u00edza relatora adequou a liminar para a manuten\u00e7\u00e3o de 70% do quadro funcional\",\"datePublished\":\"2021-06-16T18:11:11+00:00\",\"dateModified\":\"2021-06-16T18:11:11+00:00\",\"mainEntityOfPage\":{\"@id\":\"https:\/\/www.sitsesp.org.br\/novo\/comunicado-a-juiza-relatora-adequou-a-liminar-para-a-manutencao-de-70-do-quadro-funcional\/\"},\"wordCount\":108,\"commentCount\":0,\"publisher\":{\"@id\":\"https:\/\/www.sitsesp.org.br\/novo\/#organization\"},\"image\":{\"@id\":\"https:\/\/www.sitsesp.org.br\/novo\/comunicado-a-juiza-relatora-adequou-a-liminar-para-a-manutencao-de-70-do-quadro-funcional\/#primaryimage\"},\"thumbnailUrl\":\"https:\/\/www.sitsesp.org.br\/novo\/wp-content\/uploads\/2021\/06\/1606c.jpg\",\"articleSection\":[\"Destaque\",\"Noticias\"],\"inLanguage\":\"pt-BR\",\"potentialAction\":[{\"@type\":\"CommentAction\",\"name\":\"Comment\",\"target\":[\"https:\/\/www.sitsesp.org.br\/novo\/comunicado-a-juiza-relatora-adequou-a-liminar-para-a-manutencao-de-70-do-quadro-funcional\/#respond\"]}]},{\"@type\":\"WebPage\",\"@id\":\"https:\/\/www.sitsesp.org.br\/novo\/comunicado-a-juiza-relatora-adequou-a-liminar-para-a-manutencao-de-70-do-quadro-funcional\/\",\"url\":\"https:\/\/www.sitsesp.org.br\/novo\/comunicado-a-juiza-relatora-adequou-a-liminar-para-a-manutencao-de-70-do-quadro-funcional\/\",\"name\":\"COMUNICADO | A ju\u00edza relatora adequou a liminar para a manuten\u00e7\u00e3o de 70% do quadro funcional - SITSESP\",\"isPartOf\":{\"@id\":\"https:\/\/www.sitsesp.org.br\/novo\/#website\"},\"primaryImageOfPage\":{\"@id\":\"https:\/\/www.sitsesp.org.br\/novo\/comunicado-a-juiza-relatora-adequou-a-liminar-para-a-manutencao-de-70-do-quadro-funcional\/#primaryimage\"},\"image\":{\"@id\":\"https:\/\/www.sitsesp.org.br\/novo\/comunicado-a-juiza-relatora-adequou-a-liminar-para-a-manutencao-de-70-do-quadro-funcional\/#primaryimage\"},\"thumbnailUrl\":\"https:\/\/www.sitsesp.org.br\/novo\/wp-content\/uploads\/2021\/06\/1606c.jpg\",\"datePublished\":\"2021-06-16T18:11:11+00:00\",\"dateModified\":\"2021-06-16T18:11:11+00:00\",\"description\":\"A Funda\u00e7\u00e3o CASA entrou como embargo declarat\u00f3rio sobre a decis\u00e3o liminar que delimitava o percentual de greve, a ju\u00edza relatora adequou a liminar para a manuten\u00e7\u00e3o de 70% do quadro funcional nos setores:a) agente de apoio socioeducativo, b) agente educacional, c) assistente social, d) enfermeiro, e) auxiliar de enfermagem, f) pedagogo, g) psic\u00f3logo, h) professor de educa\u00e7\u00e3o f\u00edsica e i) agente de apoio operacional.\",\"breadcrumb\":{\"@id\":\"https:\/\/www.sitsesp.org.br\/novo\/comunicado-a-juiza-relatora-adequou-a-liminar-para-a-manutencao-de-70-do-quadro-funcional\/#breadcrumb\"},\"inLanguage\":\"pt-BR\",\"potentialAction\":[{\"@type\":\"ReadAction\",\"target\":[\"https:\/\/www.sitsesp.org.br\/novo\/comunicado-a-juiza-relatora-adequou-a-liminar-para-a-manutencao-de-70-do-quadro-funcional\/\"]}]},{\"@type\":\"ImageObject\",\"inLanguage\":\"pt-BR\",\"@id\":\"https:\/\/www.sitsesp.org.br\/novo\/comunicado-a-juiza-relatora-adequou-a-liminar-para-a-manutencao-de-70-do-quadro-funcional\/#primaryimage\",\"url\":\"https:\/\/www.sitsesp.org.br\/novo\/wp-content\/uploads\/2021\/06\/1606c.jpg\",\"contentUrl\":\"https:\/\/www.sitsesp.org.br\/novo\/wp-content\/uploads\/2021\/06\/1606c.jpg\",\"width\":800,\"height\":800},{\"@type\":\"BreadcrumbList\",\"@id\":\"https:\/\/www.sitsesp.org.br\/novo\/comunicado-a-juiza-relatora-adequou-a-liminar-para-a-manutencao-de-70-do-quadro-funcional\/#breadcrumb\",\"itemListElement\":[{\"@type\":\"ListItem\",\"position\":1,\"name\":\"In\u00edcio\",\"item\":\"https:\/\/www.sitsesp.org.br\/novo\/\"},{\"@type\":\"ListItem\",\"position\":2,\"name\":\"COMUNICADO | A ju\u00edza relatora adequou a liminar para a manuten\u00e7\u00e3o de 70% do quadro funcional\"}]},{\"@type\":\"WebSite\",\"@id\":\"https:\/\/www.sitsesp.org.br\/novo\/#website\",\"url\":\"https:\/\/www.sitsesp.org.br\/novo\/\",\"name\":\"Sitsesp\",\"description\":\"SIndicato da Socioeduca\u00e7\u00e3o do Estado de S\u00e3o Paulo\",\"publisher\":{\"@id\":\"https:\/\/www.sitsesp.org.br\/novo\/#organization\"},\"potentialAction\":[{\"@type\":\"SearchAction\",\"target\":{\"@type\":\"EntryPoint\",\"urlTemplate\":\"https:\/\/www.sitsesp.org.br\/novo\/?s={search_term_string}\"},\"query-input\":\"required name=search_term_string\"}],\"inLanguage\":\"pt-BR\"},{\"@type\":\"Organization\",\"@id\":\"https:\/\/www.sitsesp.org.br\/novo\/#organization\",\"name\":\"Sitsesp\",\"url\":\"https:\/\/www.sitsesp.org.br\/novo\/\",\"logo\":{\"@type\":\"ImageObject\",\"inLanguage\":\"pt-BR\",\"@id\":\"https:\/\/www.sitsesp.org.br\/novo\/#\/schema\/logo\/image\/\",\"url\":\"https:\/\/www.sitsesp.org.br\/novo\/wp-content\/uploads\/2020\/09\/Design-sem-nome-1.jpg\",\"contentUrl\":\"https:\/\/www.sitsesp.org.br\/novo\/wp-content\/uploads\/2020\/09\/Design-sem-nome-1.jpg\",\"width\":300,\"height\":300,\"caption\":\"Sitsesp\"},\"image\":{\"@id\":\"https:\/\/www.sitsesp.org.br\/novo\/#\/schema\/logo\/image\/\"}},{\"@type\":\"Person\",\"@id\":\"https:\/\/www.sitsesp.org.br\/novo\/#\/schema\/person\/28e42eec160f373e81d0183b3643edbf\",\"name\":\"imprensa\",\"image\":{\"@type\":\"ImageObject\",\"inLanguage\":\"pt-BR\",\"@id\":\"https:\/\/www.sitsesp.org.br\/novo\/#\/schema\/person\/image\/\",\"url\":\"https:\/\/secure.gravatar.com\/avatar\/8d6ccd8d7d52b8959f34154e87d3fa29?s=96&d=mm&r=g\",\"contentUrl\":\"https:\/\/secure.gravatar.com\/avatar\/8d6ccd8d7d52b8959f34154e87d3fa29?s=96&d=mm&r=g\",\"caption\":\"imprensa\"}}]}<\/script>\n<!-- \/ Yoast SEO plugin. -->","yoast_head_json":{"title":"COMUNICADO | A ju\u00edza relatora adequou a liminar para a manuten\u00e7\u00e3o de 70% do quadro funcional - SITSESP","description":"A Funda\u00e7\u00e3o CASA entrou como embargo declarat\u00f3rio sobre a decis\u00e3o liminar que delimitava o percentual de greve, a ju\u00edza relatora adequou a liminar para a manuten\u00e7\u00e3o de 70% do quadro funcional nos setores:a) agente de apoio socioeducativo, b) agente educacional, c) assistente social, d) enfermeiro, e) auxiliar de enfermagem, f) pedagogo, g) psic\u00f3logo, h) professor de educa\u00e7\u00e3o f\u00edsica e i) agente de apoio operacional.","robots":{"index":"index","follow":"follow","max-snippet":"max-snippet:-1","max-image-preview":"max-image-preview:large","max-video-preview":"max-video-preview:-1"},"canonical":"https:\/\/www.sitsesp.org.br\/novo\/comunicado-a-juiza-relatora-adequou-a-liminar-para-a-manutencao-de-70-do-quadro-funcional\/","og_locale":"pt_BR","og_type":"article","og_title":"COMUNICADO | A ju\u00edza relatora adequou a liminar para a manuten\u00e7\u00e3o de 70% do quadro funcional - SITSESP","og_description":"A Funda\u00e7\u00e3o CASA entrou como embargo declarat\u00f3rio sobre a decis\u00e3o liminar que delimitava o percentual de greve, a ju\u00edza relatora adequou a liminar para a manuten\u00e7\u00e3o de 70% do quadro funcional nos setores:a) agente de apoio socioeducativo, b) agente educacional, c) assistente social, d) enfermeiro, e) auxiliar de enfermagem, f) pedagogo, g) psic\u00f3logo, h) professor de educa\u00e7\u00e3o f\u00edsica e i) agente de apoio operacional.","og_url":"https:\/\/www.sitsesp.org.br\/novo\/comunicado-a-juiza-relatora-adequou-a-liminar-para-a-manutencao-de-70-do-quadro-funcional\/","og_site_name":"SITSESP","article_published_time":"2021-06-16T18:11:11+00:00","og_image":[{"width":800,"height":800,"url":"https:\/\/www.sitsesp.org.br\/novo\/wp-content\/uploads\/2021\/06\/1606c.jpg","type":"image\/jpeg"}],"author":"imprensa","twitter_card":"summary_large_image","twitter_misc":{"Escrito por":"imprensa","Est. tempo de leitura":"1 minuto"},"schema":{"@context":"https:\/\/schema.org","@graph":[{"@type":"Article","@id":"https:\/\/www.sitsesp.org.br\/novo\/comunicado-a-juiza-relatora-adequou-a-liminar-para-a-manutencao-de-70-do-quadro-funcional\/#article","isPartOf":{"@id":"https:\/\/www.sitsesp.org.br\/novo\/comunicado-a-juiza-relatora-adequou-a-liminar-para-a-manutencao-de-70-do-quadro-funcional\/"},"author":{"name":"imprensa","@id":"https:\/\/www.sitsesp.org.br\/novo\/#\/schema\/person\/28e42eec160f373e81d0183b3643edbf"},"headline":"COMUNICADO | A ju\u00edza relatora adequou a liminar para a manuten\u00e7\u00e3o de 70% do quadro funcional","datePublished":"2021-06-16T18:11:11+00:00","dateModified":"2021-06-16T18:11:11+00:00","mainEntityOfPage":{"@id":"https:\/\/www.sitsesp.org.br\/novo\/comunicado-a-juiza-relatora-adequou-a-liminar-para-a-manutencao-de-70-do-quadro-funcional\/"},"wordCount":108,"commentCount":0,"publisher":{"@id":"https:\/\/www.sitsesp.org.br\/novo\/#organization"},"image":{"@id":"https:\/\/www.sitsesp.org.br\/novo\/comunicado-a-juiza-relatora-adequou-a-liminar-para-a-manutencao-de-70-do-quadro-funcional\/#primaryimage"},"thumbnailUrl":"https:\/\/www.sitsesp.org.br\/novo\/wp-content\/uploads\/2021\/06\/1606c.jpg","articleSection":["Destaque","Noticias"],"inLanguage":"pt-BR","potentialAction":[{"@type":"CommentAction","name":"Comment","target":["https:\/\/www.sitsesp.org.br\/novo\/comunicado-a-juiza-relatora-adequou-a-liminar-para-a-manutencao-de-70-do-quadro-funcional\/#respond"]}]},{"@type":"WebPage","@id":"https:\/\/www.sitsesp.org.br\/novo\/comunicado-a-juiza-relatora-adequou-a-liminar-para-a-manutencao-de-70-do-quadro-funcional\/","url":"https:\/\/www.sitsesp.org.br\/novo\/comunicado-a-juiza-relatora-adequou-a-liminar-para-a-manutencao-de-70-do-quadro-funcional\/","name":"COMUNICADO | A ju\u00edza relatora adequou a liminar para a manuten\u00e7\u00e3o de 70% do quadro funcional - SITSESP","isPartOf":{"@id":"https:\/\/www.sitsesp.org.br\/novo\/#website"},"primaryImageOfPage":{"@id":"https:\/\/www.sitsesp.org.br\/novo\/comunicado-a-juiza-relatora-adequou-a-liminar-para-a-manutencao-de-70-do-quadro-funcional\/#primaryimage"},"image":{"@id":"https:\/\/www.sitsesp.org.br\/novo\/comunicado-a-juiza-relatora-adequou-a-liminar-para-a-manutencao-de-70-do-quadro-funcional\/#primaryimage"},"thumbnailUrl":"https:\/\/www.sitsesp.org.br\/novo\/wp-content\/uploads\/2021\/06\/1606c.jpg","datePublished":"2021-06-16T18:11:11+00:00","dateModified":"2021-06-16T18:11:11+00:00","description":"A Funda\u00e7\u00e3o CASA entrou como embargo declarat\u00f3rio sobre a decis\u00e3o liminar que delimitava o percentual de greve, a ju\u00edza relatora adequou a liminar para a manuten\u00e7\u00e3o de 70% do quadro funcional nos setores:a) agente de apoio socioeducativo, b) agente educacional, c) assistente social, d) enfermeiro, e) auxiliar de enfermagem, f) pedagogo, g) psic\u00f3logo, h) professor de educa\u00e7\u00e3o f\u00edsica e i) agente de apoio operacional.","breadcrumb":{"@id":"https:\/\/www.sitsesp.org.br\/novo\/comunicado-a-juiza-relatora-adequou-a-liminar-para-a-manutencao-de-70-do-quadro-funcional\/#breadcrumb"},"inLanguage":"pt-BR","potentialAction":[{"@type":"ReadAction","target":["https:\/\/www.sitsesp.org.br\/novo\/comunicado-a-juiza-relatora-adequou-a-liminar-para-a-manutencao-de-70-do-quadro-funcional\/"]}]},{"@type":"ImageObject","inLanguage":"pt-BR","@id":"https:\/\/www.sitsesp.org.br\/novo\/comunicado-a-juiza-relatora-adequou-a-liminar-para-a-manutencao-de-70-do-quadro-funcional\/#primaryimage","url":"https:\/\/www.sitsesp.org.br\/novo\/wp-content\/uploads\/2021\/06\/1606c.jpg","contentUrl":"https:\/\/www.sitsesp.org.br\/novo\/wp-content\/uploads\/2021\/06\/1606c.jpg","width":800,"height":800},{"@type":"BreadcrumbList","@id":"https:\/\/www.sitsesp.org.br\/novo\/comunicado-a-juiza-relatora-adequou-a-liminar-para-a-manutencao-de-70-do-quadro-funcional\/#breadcrumb","itemListElement":[{"@type":"ListItem","position":1,"name":"In\u00edcio","item":"https:\/\/www.sitsesp.org.br\/novo\/"},{"@type":"ListItem","position":2,"name":"COMUNICADO | A ju\u00edza relatora adequou a liminar para a manuten\u00e7\u00e3o de 70% do quadro funcional"}]},{"@type":"WebSite","@id":"https:\/\/www.sitsesp.org.br\/novo\/#website","url":"https:\/\/www.sitsesp.org.br\/novo\/","name":"Sitsesp","description":"SIndicato da Socioeduca\u00e7\u00e3o do Estado de S\u00e3o Paulo","publisher":{"@id":"https:\/\/www.sitsesp.org.br\/novo\/#organization"},"potentialAction":[{"@type":"SearchAction","target":{"@type":"EntryPoint","urlTemplate":"https:\/\/www.sitsesp.org.br\/novo\/?s={search_term_string}"},"query-input":"required name=search_term_string"}],"inLanguage":"pt-BR"},{"@type":"Organization","@id":"https:\/\/www.sitsesp.org.br\/novo\/#organization","name":"Sitsesp","url":"https:\/\/www.sitsesp.org.br\/novo\/","logo":{"@type":"ImageObject","inLanguage":"pt-BR","@id":"https:\/\/www.sitsesp.org.br\/novo\/#\/schema\/logo\/image\/","url":"https:\/\/www.sitsesp.org.br\/novo\/wp-content\/uploads\/2020\/09\/Design-sem-nome-1.jpg","contentUrl":"https:\/\/www.sitsesp.org.br\/novo\/wp-content\/uploads\/2020\/09\/Design-sem-nome-1.jpg","width":300,"height":300,"caption":"Sitsesp"},"image":{"@id":"https:\/\/www.sitsesp.org.br\/novo\/#\/schema\/logo\/image\/"}},{"@type":"Person","@id":"https:\/\/www.sitsesp.org.br\/novo\/#\/schema\/person\/28e42eec160f373e81d0183b3643edbf","name":"imprensa","image":{"@type":"ImageObject","inLanguage":"pt-BR","@id":"https:\/\/www.sitsesp.org.br\/novo\/#\/schema\/person\/image\/","url":"https:\/\/secure.gravatar.com\/avatar\/8d6ccd8d7d52b8959f34154e87d3fa29?s=96&d=mm&r=g","contentUrl":"https:\/\/secure.gravatar.com\/avatar\/8d6ccd8d7d52b8959f34154e87d3fa29?s=96&d=mm&r=g","caption":"imprensa"}}]}},"_links":{"self":[{"href":"https:\/\/www.sitsesp.org.br\/novo\/wp-json\/wp\/v2\/posts\/6510"}],"collection":[{"href":"https:\/\/www.sitsesp.org.br\/novo\/wp-json\/wp\/v2\/posts"}],"about":[{"href":"https:\/\/www.sitsesp.org.br\/novo\/wp-json\/wp\/v2\/types\/post"}],"author":[{"embeddable":true,"href":"https:\/\/www.sitsesp.org.br\/novo\/wp-json\/wp\/v2\/users\/5"}],"replies":[{"embeddable":true,"href":"https:\/\/www.sitsesp.org.br\/novo\/wp-json\/wp\/v2\/comments?post=6510"}],"version-history":[{"count":1,"href":"https:\/\/www.sitsesp.org.br\/novo\/wp-json\/wp\/v2\/posts\/6510\/revisions"}],"predecessor-version":[{"id":6511,"href":"https:\/\/www.sitsesp.org.br\/novo\/wp-json\/wp\/v2\/posts\/6510\/revisions\/6511"}],"wp:featuredmedia":[{"embeddable":true,"href":"https:\/\/www.sitsesp.org.br\/novo\/wp-json\/wp\/v2\/media\/6508"}],"wp:attachment":[{"href":"https:\/\/www.sitsesp.org.br\/novo\/wp-json\/wp\/v2\/media?parent=6510"}],"wp:term":[{"taxonomy":"category","embeddable":true,"href":"https:\/\/www.sitsesp.org.br\/novo\/wp-json\/wp\/v2\/categories?post=6510"},{"taxonomy":"post_tag","embeddable":true,"href":"https:\/\/www.sitsesp.org.br\/novo\/wp-json\/wp\/v2\/tags?post=6510"}],"curies":[{"name":"wp","href":"https:\/\/api.w.org\/{rel}","templated":true}]}}