{"id":6527,"date":"2021-06-21T11:59:33","date_gmt":"2021-06-21T14:59:33","guid":{"rendered":"https:\/\/sitsesp.org.br\/novo\/?p=6527"},"modified":"2021-06-21T12:01:18","modified_gmt":"2021-06-21T15:01:18","slug":"comunicado-sobre-as-inscricoes-para-assembleia","status":"publish","type":"post","link":"https:\/\/www.sitsesp.org.br\/novo\/comunicado-sobre-as-inscricoes-para-assembleia\/","title":{"rendered":"COMUNICADO SOBRE AS INSCRI\u00c7\u00d5ES PARA ASSEMBLEIA"},"content":{"rendered":"<p><!-- VideographyWP Plugin Message: Automatic video embedding prevented by plugin options. --><br \/>\nMais uma vez muitas d\u00favidas de servidores que fizeram suas inscri\u00e7\u00f5es e ainda n\u00e3o receberam o link para entrar na assembleia hoje.<\/p>\n<p>1\u00b0- Se voc\u00ea fez a inscri\u00e7\u00e3o no prazo at\u00e9 \u00e0s 23:59hs de ontem dia 20\/06 e recebeu a mensagem para aguardar a confirma\u00e7\u00e3o, sua inscri\u00e7\u00e3o foi aceita para confer\u00eancia de listagem dos servidores.<\/p>\n<p>2\u00b0- N\u00e3o fa\u00e7a outra inscri\u00e7\u00e3o pois, se der duplicidade, sua inscri\u00e7\u00e3o foi ou ser\u00e1 cancelada. 3\u00b0- Est\u00e1 sendo feita a confer\u00eancia da lista de servidores para n\u00e3o ter ex-servidor participando e nem servidores com duas ou mais inscri\u00e7\u00f5es, ou servidores de outras \u00e1reas que n\u00e3o seja AAS, a inscri\u00e7\u00e3o \u00e9 exclusivamente para este setor.<\/p>\n<p>4\u00b0- Fique atento para o recebimento do link no seu e-mail informado, caixa de entrada ou spam. O preenchimento autom\u00e1tico na inscri\u00e7\u00e3o pode inserir e-mail que voc\u00ea n\u00e3o usa mais ou esqueceu a senha, isso levar\u00e1 o link direcionado para este e-mail.<\/p>\n<p>5\u00b0- Se voc\u00ea est\u00e1 dentro dessas diretrizes informadas aqui, at\u00e9 o final da tarde e antes da assembleia receber\u00e1 seu link para participar da assembleia. Caso tenha descumprido um desses passos, infelizmente sua inscri\u00e7\u00e3o n\u00e3o ser\u00e1 aceita. Este sistema \u00e9 universal e \u00e9 para a seguran\u00e7a de reuni\u00f5es e assembleias, n\u00e3o foi criado pelo sindicato e sim, pela plataforma Zoom.<\/p>\n<p>Finalizando, \u00e9 necess\u00e1rio baixar o APP da plataforma Zoom em seu celular, PC ou Notebook. Obrigado e boa assembleia.<\/p>\n<p>Israel Leal &#8211; Imprensa SITSESP<\/p>\n","protected":false},"excerpt":{"rendered":"<p>Mais uma vez muitas d\u00favidas de servidores que fizeram suas inscri\u00e7\u00f5es e ainda n\u00e3o receberam o link para entrar na assembleia&hellip;<\/p>\n","protected":false},"author":5,"featured_media":6528,"comment_status":"open","ping_status":"open","sticky":false,"template":"","format":"standard","meta":{"cybocfi_hide_featured_image":"","footnotes":""},"categories":[22],"tags":[],"yoast_head":"<!-- This site is optimized with the Yoast SEO plugin v22.8 - https:\/\/yoast.com\/wordpress\/plugins\/seo\/ -->\n<title>COMUNICADO SOBRE AS INSCRI\u00c7\u00d5ES PARA ASSEMBLEIA - SITSESP<\/title>\n<meta name=\"robots\" content=\"index, follow, max-snippet:-1, max-image-preview:large, max-video-preview:-1\" \/>\n<link rel=\"canonical\" href=\"https:\/\/www.sitsesp.org.br\/novo\/comunicado-sobre-as-inscricoes-para-assembleia\/\" \/>\n<meta property=\"og:locale\" content=\"pt_BR\" \/>\n<meta property=\"og:type\" content=\"article\" \/>\n<meta property=\"og:title\" content=\"COMUNICADO SOBRE AS INSCRI\u00c7\u00d5ES PARA ASSEMBLEIA - SITSESP\" \/>\n<meta property=\"og:description\" content=\"Mais uma vez muitas d\u00favidas de servidores que fizeram suas inscri\u00e7\u00f5es e ainda n\u00e3o receberam o link para entrar na assembleia&hellip;\" \/>\n<meta property=\"og:url\" content=\"https:\/\/www.sitsesp.org.br\/novo\/comunicado-sobre-as-inscricoes-para-assembleia\/\" \/>\n<meta property=\"og:site_name\" content=\"SITSESP\" \/>\n<meta property=\"article:published_time\" content=\"2021-06-21T14:59:33+00:00\" \/>\n<meta property=\"article:modified_time\" content=\"2021-06-21T15:01:18+00:00\" \/>\n<meta property=\"og:image\" content=\"https:\/\/www.sitsesp.org.br\/novo\/wp-content\/uploads\/2021\/06\/2106.png\" \/>\n\t<meta property=\"og:image:width\" content=\"800\" \/>\n\t<meta property=\"og:image:height\" content=\"800\" \/>\n\t<meta property=\"og:image:type\" content=\"image\/png\" \/>\n<meta name=\"author\" content=\"imprensa\" \/>\n<meta name=\"twitter:card\" content=\"summary_large_image\" \/>\n<meta name=\"twitter:label1\" content=\"Escrito por\" \/>\n\t<meta name=\"twitter:data1\" content=\"imprensa\" \/>\n\t<meta name=\"twitter:label2\" content=\"Est. tempo de leitura\" \/>\n\t<meta name=\"twitter:data2\" content=\"2 minutos\" \/>\n<script type=\"application\/ld+json\" class=\"yoast-schema-graph\">{\"@context\":\"https:\/\/schema.org\",\"@graph\":[{\"@type\":\"Article\",\"@id\":\"https:\/\/www.sitsesp.org.br\/novo\/comunicado-sobre-as-inscricoes-para-assembleia\/#article\",\"isPartOf\":{\"@id\":\"https:\/\/www.sitsesp.org.br\/novo\/comunicado-sobre-as-inscricoes-para-assembleia\/\"},\"author\":{\"name\":\"imprensa\",\"@id\":\"https:\/\/www.sitsesp.org.br\/novo\/#\/schema\/person\/28e42eec160f373e81d0183b3643edbf\"},\"headline\":\"COMUNICADO SOBRE AS INSCRI\u00c7\u00d5ES PARA ASSEMBLEIA\",\"datePublished\":\"2021-06-21T14:59:33+00:00\",\"dateModified\":\"2021-06-21T15:01:18+00:00\",\"mainEntityOfPage\":{\"@id\":\"https:\/\/www.sitsesp.org.br\/novo\/comunicado-sobre-as-inscricoes-para-assembleia\/\"},\"wordCount\":262,\"commentCount\":0,\"publisher\":{\"@id\":\"https:\/\/www.sitsesp.org.br\/novo\/#organization\"},\"image\":{\"@id\":\"https:\/\/www.sitsesp.org.br\/novo\/comunicado-sobre-as-inscricoes-para-assembleia\/#primaryimage\"},\"thumbnailUrl\":\"https:\/\/www.sitsesp.org.br\/novo\/wp-content\/uploads\/2021\/06\/2106.png\",\"articleSection\":[\"Noticias\"],\"inLanguage\":\"pt-BR\",\"potentialAction\":[{\"@type\":\"CommentAction\",\"name\":\"Comment\",\"target\":[\"https:\/\/www.sitsesp.org.br\/novo\/comunicado-sobre-as-inscricoes-para-assembleia\/#respond\"]}]},{\"@type\":\"WebPage\",\"@id\":\"https:\/\/www.sitsesp.org.br\/novo\/comunicado-sobre-as-inscricoes-para-assembleia\/\",\"url\":\"https:\/\/www.sitsesp.org.br\/novo\/comunicado-sobre-as-inscricoes-para-assembleia\/\",\"name\":\"COMUNICADO SOBRE AS INSCRI\u00c7\u00d5ES PARA ASSEMBLEIA - SITSESP\",\"isPartOf\":{\"@id\":\"https:\/\/www.sitsesp.org.br\/novo\/#website\"},\"primaryImageOfPage\":{\"@id\":\"https:\/\/www.sitsesp.org.br\/novo\/comunicado-sobre-as-inscricoes-para-assembleia\/#primaryimage\"},\"image\":{\"@id\":\"https:\/\/www.sitsesp.org.br\/novo\/comunicado-sobre-as-inscricoes-para-assembleia\/#primaryimage\"},\"thumbnailUrl\":\"https:\/\/www.sitsesp.org.br\/novo\/wp-content\/uploads\/2021\/06\/2106.png\",\"datePublished\":\"2021-06-21T14:59:33+00:00\",\"dateModified\":\"2021-06-21T15:01:18+00:00\",\"breadcrumb\":{\"@id\":\"https:\/\/www.sitsesp.org.br\/novo\/comunicado-sobre-as-inscricoes-para-assembleia\/#breadcrumb\"},\"inLanguage\":\"pt-BR\",\"potentialAction\":[{\"@type\":\"ReadAction\",\"target\":[\"https:\/\/www.sitsesp.org.br\/novo\/comunicado-sobre-as-inscricoes-para-assembleia\/\"]}]},{\"@type\":\"ImageObject\",\"inLanguage\":\"pt-BR\",\"@id\":\"https:\/\/www.sitsesp.org.br\/novo\/comunicado-sobre-as-inscricoes-para-assembleia\/#primaryimage\",\"url\":\"https:\/\/www.sitsesp.org.br\/novo\/wp-content\/uploads\/2021\/06\/2106.png\",\"contentUrl\":\"https:\/\/www.sitsesp.org.br\/novo\/wp-content\/uploads\/2021\/06\/2106.png\",\"width\":800,\"height\":800},{\"@type\":\"BreadcrumbList\",\"@id\":\"https:\/\/www.sitsesp.org.br\/novo\/comunicado-sobre-as-inscricoes-para-assembleia\/#breadcrumb\",\"itemListElement\":[{\"@type\":\"ListItem\",\"position\":1,\"name\":\"In\u00edcio\",\"item\":\"https:\/\/www.sitsesp.org.br\/novo\/\"},{\"@type\":\"ListItem\",\"position\":2,\"name\":\"COMUNICADO SOBRE AS INSCRI\u00c7\u00d5ES PARA ASSEMBLEIA\"}]},{\"@type\":\"WebSite\",\"@id\":\"https:\/\/www.sitsesp.org.br\/novo\/#website\",\"url\":\"https:\/\/www.sitsesp.org.br\/novo\/\",\"name\":\"Sitsesp\",\"description\":\"SIndicato da Socioeduca\u00e7\u00e3o do Estado de S\u00e3o Paulo\",\"publisher\":{\"@id\":\"https:\/\/www.sitsesp.org.br\/novo\/#organization\"},\"potentialAction\":[{\"@type\":\"SearchAction\",\"target\":{\"@type\":\"EntryPoint\",\"urlTemplate\":\"https:\/\/www.sitsesp.org.br\/novo\/?s={search_term_string}\"},\"query-input\":\"required name=search_term_string\"}],\"inLanguage\":\"pt-BR\"},{\"@type\":\"Organization\",\"@id\":\"https:\/\/www.sitsesp.org.br\/novo\/#organization\",\"name\":\"Sitsesp\",\"url\":\"https:\/\/www.sitsesp.org.br\/novo\/\",\"logo\":{\"@type\":\"ImageObject\",\"inLanguage\":\"pt-BR\",\"@id\":\"https:\/\/www.sitsesp.org.br\/novo\/#\/schema\/logo\/image\/\",\"url\":\"https:\/\/www.sitsesp.org.br\/novo\/wp-content\/uploads\/2020\/09\/Design-sem-nome-1.jpg\",\"contentUrl\":\"https:\/\/www.sitsesp.org.br\/novo\/wp-content\/uploads\/2020\/09\/Design-sem-nome-1.jpg\",\"width\":300,\"height\":300,\"caption\":\"Sitsesp\"},\"image\":{\"@id\":\"https:\/\/www.sitsesp.org.br\/novo\/#\/schema\/logo\/image\/\"}},{\"@type\":\"Person\",\"@id\":\"https:\/\/www.sitsesp.org.br\/novo\/#\/schema\/person\/28e42eec160f373e81d0183b3643edbf\",\"name\":\"imprensa\",\"image\":{\"@type\":\"ImageObject\",\"inLanguage\":\"pt-BR\",\"@id\":\"https:\/\/www.sitsesp.org.br\/novo\/#\/schema\/person\/image\/\",\"url\":\"https:\/\/secure.gravatar.com\/avatar\/8d6ccd8d7d52b8959f34154e87d3fa29?s=96&d=mm&r=g\",\"contentUrl\":\"https:\/\/secure.gravatar.com\/avatar\/8d6ccd8d7d52b8959f34154e87d3fa29?s=96&d=mm&r=g\",\"caption\":\"imprensa\"}}]}<\/script>\n<!-- \/ Yoast SEO plugin. -->","yoast_head_json":{"title":"COMUNICADO SOBRE AS INSCRI\u00c7\u00d5ES PARA ASSEMBLEIA - SITSESP","robots":{"index":"index","follow":"follow","max-snippet":"max-snippet:-1","max-image-preview":"max-image-preview:large","max-video-preview":"max-video-preview:-1"},"canonical":"https:\/\/www.sitsesp.org.br\/novo\/comunicado-sobre-as-inscricoes-para-assembleia\/","og_locale":"pt_BR","og_type":"article","og_title":"COMUNICADO SOBRE AS INSCRI\u00c7\u00d5ES PARA ASSEMBLEIA - SITSESP","og_description":"Mais uma vez muitas d\u00favidas de servidores que fizeram suas inscri\u00e7\u00f5es e ainda n\u00e3o receberam o link para entrar na assembleia&hellip;","og_url":"https:\/\/www.sitsesp.org.br\/novo\/comunicado-sobre-as-inscricoes-para-assembleia\/","og_site_name":"SITSESP","article_published_time":"2021-06-21T14:59:33+00:00","article_modified_time":"2021-06-21T15:01:18+00:00","og_image":[{"width":800,"height":800,"url":"https:\/\/www.sitsesp.org.br\/novo\/wp-content\/uploads\/2021\/06\/2106.png","type":"image\/png"}],"author":"imprensa","twitter_card":"summary_large_image","twitter_misc":{"Escrito por":"imprensa","Est. tempo de leitura":"2 minutos"},"schema":{"@context":"https:\/\/schema.org","@graph":[{"@type":"Article","@id":"https:\/\/www.sitsesp.org.br\/novo\/comunicado-sobre-as-inscricoes-para-assembleia\/#article","isPartOf":{"@id":"https:\/\/www.sitsesp.org.br\/novo\/comunicado-sobre-as-inscricoes-para-assembleia\/"},"author":{"name":"imprensa","@id":"https:\/\/www.sitsesp.org.br\/novo\/#\/schema\/person\/28e42eec160f373e81d0183b3643edbf"},"headline":"COMUNICADO SOBRE AS INSCRI\u00c7\u00d5ES PARA ASSEMBLEIA","datePublished":"2021-06-21T14:59:33+00:00","dateModified":"2021-06-21T15:01:18+00:00","mainEntityOfPage":{"@id":"https:\/\/www.sitsesp.org.br\/novo\/comunicado-sobre-as-inscricoes-para-assembleia\/"},"wordCount":262,"commentCount":0,"publisher":{"@id":"https:\/\/www.sitsesp.org.br\/novo\/#organization"},"image":{"@id":"https:\/\/www.sitsesp.org.br\/novo\/comunicado-sobre-as-inscricoes-para-assembleia\/#primaryimage"},"thumbnailUrl":"https:\/\/www.sitsesp.org.br\/novo\/wp-content\/uploads\/2021\/06\/2106.png","articleSection":["Noticias"],"inLanguage":"pt-BR","potentialAction":[{"@type":"CommentAction","name":"Comment","target":["https:\/\/www.sitsesp.org.br\/novo\/comunicado-sobre-as-inscricoes-para-assembleia\/#respond"]}]},{"@type":"WebPage","@id":"https:\/\/www.sitsesp.org.br\/novo\/comunicado-sobre-as-inscricoes-para-assembleia\/","url":"https:\/\/www.sitsesp.org.br\/novo\/comunicado-sobre-as-inscricoes-para-assembleia\/","name":"COMUNICADO SOBRE AS INSCRI\u00c7\u00d5ES PARA ASSEMBLEIA - SITSESP","isPartOf":{"@id":"https:\/\/www.sitsesp.org.br\/novo\/#website"},"primaryImageOfPage":{"@id":"https:\/\/www.sitsesp.org.br\/novo\/comunicado-sobre-as-inscricoes-para-assembleia\/#primaryimage"},"image":{"@id":"https:\/\/www.sitsesp.org.br\/novo\/comunicado-sobre-as-inscricoes-para-assembleia\/#primaryimage"},"thumbnailUrl":"https:\/\/www.sitsesp.org.br\/novo\/wp-content\/uploads\/2021\/06\/2106.png","datePublished":"2021-06-21T14:59:33+00:00","dateModified":"2021-06-21T15:01:18+00:00","breadcrumb":{"@id":"https:\/\/www.sitsesp.org.br\/novo\/comunicado-sobre-as-inscricoes-para-assembleia\/#breadcrumb"},"inLanguage":"pt-BR","potentialAction":[{"@type":"ReadAction","target":["https:\/\/www.sitsesp.org.br\/novo\/comunicado-sobre-as-inscricoes-para-assembleia\/"]}]},{"@type":"ImageObject","inLanguage":"pt-BR","@id":"https:\/\/www.sitsesp.org.br\/novo\/comunicado-sobre-as-inscricoes-para-assembleia\/#primaryimage","url":"https:\/\/www.sitsesp.org.br\/novo\/wp-content\/uploads\/2021\/06\/2106.png","contentUrl":"https:\/\/www.sitsesp.org.br\/novo\/wp-content\/uploads\/2021\/06\/2106.png","width":800,"height":800},{"@type":"BreadcrumbList","@id":"https:\/\/www.sitsesp.org.br\/novo\/comunicado-sobre-as-inscricoes-para-assembleia\/#breadcrumb","itemListElement":[{"@type":"ListItem","position":1,"name":"In\u00edcio","item":"https:\/\/www.sitsesp.org.br\/novo\/"},{"@type":"ListItem","position":2,"name":"COMUNICADO SOBRE AS INSCRI\u00c7\u00d5ES PARA ASSEMBLEIA"}]},{"@type":"WebSite","@id":"https:\/\/www.sitsesp.org.br\/novo\/#website","url":"https:\/\/www.sitsesp.org.br\/novo\/","name":"Sitsesp","description":"SIndicato da Socioeduca\u00e7\u00e3o do Estado de S\u00e3o Paulo","publisher":{"@id":"https:\/\/www.sitsesp.org.br\/novo\/#organization"},"potentialAction":[{"@type":"SearchAction","target":{"@type":"EntryPoint","urlTemplate":"https:\/\/www.sitsesp.org.br\/novo\/?s={search_term_string}"},"query-input":"required name=search_term_string"}],"inLanguage":"pt-BR"},{"@type":"Organization","@id":"https:\/\/www.sitsesp.org.br\/novo\/#organization","name":"Sitsesp","url":"https:\/\/www.sitsesp.org.br\/novo\/","logo":{"@type":"ImageObject","inLanguage":"pt-BR","@id":"https:\/\/www.sitsesp.org.br\/novo\/#\/schema\/logo\/image\/","url":"https:\/\/www.sitsesp.org.br\/novo\/wp-content\/uploads\/2020\/09\/Design-sem-nome-1.jpg","contentUrl":"https:\/\/www.sitsesp.org.br\/novo\/wp-content\/uploads\/2020\/09\/Design-sem-nome-1.jpg","width":300,"height":300,"caption":"Sitsesp"},"image":{"@id":"https:\/\/www.sitsesp.org.br\/novo\/#\/schema\/logo\/image\/"}},{"@type":"Person","@id":"https:\/\/www.sitsesp.org.br\/novo\/#\/schema\/person\/28e42eec160f373e81d0183b3643edbf","name":"imprensa","image":{"@type":"ImageObject","inLanguage":"pt-BR","@id":"https:\/\/www.sitsesp.org.br\/novo\/#\/schema\/person\/image\/","url":"https:\/\/secure.gravatar.com\/avatar\/8d6ccd8d7d52b8959f34154e87d3fa29?s=96&d=mm&r=g","contentUrl":"https:\/\/secure.gravatar.com\/avatar\/8d6ccd8d7d52b8959f34154e87d3fa29?s=96&d=mm&r=g","caption":"imprensa"}}]}},"_links":{"self":[{"href":"https:\/\/www.sitsesp.org.br\/novo\/wp-json\/wp\/v2\/posts\/6527"}],"collection":[{"href":"https:\/\/www.sitsesp.org.br\/novo\/wp-json\/wp\/v2\/posts"}],"about":[{"href":"https:\/\/www.sitsesp.org.br\/novo\/wp-json\/wp\/v2\/types\/post"}],"author":[{"embeddable":true,"href":"https:\/\/www.sitsesp.org.br\/novo\/wp-json\/wp\/v2\/users\/5"}],"replies":[{"embeddable":true,"href":"https:\/\/www.sitsesp.org.br\/novo\/wp-json\/wp\/v2\/comments?post=6527"}],"version-history":[{"count":1,"href":"https:\/\/www.sitsesp.org.br\/novo\/wp-json\/wp\/v2\/posts\/6527\/revisions"}],"predecessor-version":[{"id":6529,"href":"https:\/\/www.sitsesp.org.br\/novo\/wp-json\/wp\/v2\/posts\/6527\/revisions\/6529"}],"wp:featuredmedia":[{"embeddable":true,"href":"https:\/\/www.sitsesp.org.br\/novo\/wp-json\/wp\/v2\/media\/6528"}],"wp:attachment":[{"href":"https:\/\/www.sitsesp.org.br\/novo\/wp-json\/wp\/v2\/media?parent=6527"}],"wp:term":[{"taxonomy":"category","embeddable":true,"href":"https:\/\/www.sitsesp.org.br\/novo\/wp-json\/wp\/v2\/categories?post=6527"},{"taxonomy":"post_tag","embeddable":true,"href":"https:\/\/www.sitsesp.org.br\/novo\/wp-json\/wp\/v2\/tags?post=6527"}],"curies":[{"name":"wp","href":"https:\/\/api.w.org\/{rel}","templated":true}]}}