{"id":6560,"date":"2021-06-22T17:15:38","date_gmt":"2021-06-22T20:15:38","guid":{"rendered":"https:\/\/sitsesp.org.br\/novo\/?p=6560"},"modified":"2021-06-22T17:15:38","modified_gmt":"2021-06-22T20:15:38","slug":"nova-audiencia-e-marcada-para-amanha-23-as-09h-para-tratar-da-escala-dos-aas","status":"publish","type":"post","link":"https:\/\/www.sitsesp.org.br\/novo\/nova-audiencia-e-marcada-para-amanha-23-as-09h-para-tratar-da-escala-dos-aas\/","title":{"rendered":"Nova audi\u00eancia \u00e9 marcada para amanh\u00e3 23 \u00e0s 09h para tratar da escala dos AAS"},"content":{"rendered":"<p><!-- VideographyWP Plugin Message: Automatic video embedding prevented by plugin options. --><br \/>\nEm tentativa de concilia\u00e7\u00e3o convocada pelo TRT para tratar sobre a escala dos AAS a Funda\u00e7\u00e3o CASA informou que ainda aguarda a aprova\u00e7\u00e3o da folga anivers\u00e1rio pela Comiss\u00e3o de Pol\u00edtica Salarial &#8211; CPS. Nova tentativa de concilia\u00e7\u00e3o foi marcada para amanh\u00e3 \u00e0s 09h.<\/p>\n<p>Agora categoria vamos fortalecer nosso ato de amanh\u00e3 23 de junho com concentra\u00e7\u00e3o no MASP \u00e0s 09h, vamos protestar frente ao TRT e da Secretaria de Justi\u00e7a e Cidadania e aguardar o julgamento do diss\u00eddio. Nosso caminho \u00e9 a luta! Nossa assembleia em 23 de junho \u00e0s 20h definir\u00e3o nosso pr\u00f3ximo passo em defesa dos nossos direitos, por valoriza\u00e7\u00e3o, sa\u00fade e seguran\u00e7a nas frentes de trabalho. Vamos \u00e0 luta! Nenhum direito a menos!<\/p>\n","protected":false},"excerpt":{"rendered":"<p>Em tentativa de concilia\u00e7\u00e3o convocada pelo TRT para tratar sobre a escala dos AAS a Funda\u00e7\u00e3o CASA informou que ainda aguarda&hellip;<\/p>\n","protected":false},"author":5,"featured_media":6561,"comment_status":"open","ping_status":"open","sticky":false,"template":"","format":"standard","meta":{"cybocfi_hide_featured_image":"","footnotes":""},"categories":[27,22],"tags":[45,44,38,41,37,39],"yoast_head":"<!-- This site is optimized with the Yoast SEO plugin v22.8 - https:\/\/yoast.com\/wordpress\/plugins\/seo\/ -->\n<title>Nova audi\u00eancia \u00e9 marcada para amanh\u00e3 23 \u00e0s 09h para tratar da escala dos AAS - SITSESP<\/title>\n<meta name=\"description\" content=\"Em tentativa de concilia\u00e7\u00e3o convocada pelo TRT para tratar sobre a escala dos AAS a Funda\u00e7\u00e3o CASA informou que ainda aguarda a aprova\u00e7\u00e3o da folga anivers\u00e1rio pela Comiss\u00e3o de Pol\u00edtica Salarial - CPS. Nova tentativa de concilia\u00e7\u00e3o foi marcada para amanh\u00e3 \u00e0s 09h. Agora categoria vamos fortalecer nosso ato de amanh\u00e3 23 de junho com concentra\u00e7\u00e3o no MASP \u00e0s 09h, vamos protestar frente ao TRT e da Secretaria de Justi\u00e7a e Cidadania e aguardar o julgamento do diss\u00eddio. Nosso caminho \u00e9 a luta! Nossa assembleia em 23 de junho \u00e0s 20h definir\u00e3o nosso pr\u00f3ximo passo em defesa dos nossos direitos, por valoriza\u00e7\u00e3o, sa\u00fade e seguran\u00e7a nas frentes de trabalho. Vamos \u00e0 luta! Nenhum direito a menos!\" \/>\n<meta name=\"robots\" content=\"index, follow, max-snippet:-1, max-image-preview:large, max-video-preview:-1\" \/>\n<link rel=\"canonical\" href=\"https:\/\/www.sitsesp.org.br\/novo\/nova-audiencia-e-marcada-para-amanha-23-as-09h-para-tratar-da-escala-dos-aas\/\" \/>\n<meta property=\"og:locale\" content=\"pt_BR\" \/>\n<meta property=\"og:type\" content=\"article\" \/>\n<meta property=\"og:title\" content=\"Nova audi\u00eancia \u00e9 marcada para amanh\u00e3 23 \u00e0s 09h para tratar da escala dos AAS - SITSESP\" \/>\n<meta property=\"og:description\" content=\"Em tentativa de concilia\u00e7\u00e3o convocada pelo TRT para tratar sobre a escala dos AAS a Funda\u00e7\u00e3o CASA informou que ainda aguarda a aprova\u00e7\u00e3o da folga anivers\u00e1rio pela Comiss\u00e3o de Pol\u00edtica Salarial - CPS. Nova tentativa de concilia\u00e7\u00e3o foi marcada para amanh\u00e3 \u00e0s 09h. Agora categoria vamos fortalecer nosso ato de amanh\u00e3 23 de junho com concentra\u00e7\u00e3o no MASP \u00e0s 09h, vamos protestar frente ao TRT e da Secretaria de Justi\u00e7a e Cidadania e aguardar o julgamento do diss\u00eddio. Nosso caminho \u00e9 a luta! Nossa assembleia em 23 de junho \u00e0s 20h definir\u00e3o nosso pr\u00f3ximo passo em defesa dos nossos direitos, por valoriza\u00e7\u00e3o, sa\u00fade e seguran\u00e7a nas frentes de trabalho. Vamos \u00e0 luta! Nenhum direito a menos!\" \/>\n<meta property=\"og:url\" content=\"https:\/\/www.sitsesp.org.br\/novo\/nova-audiencia-e-marcada-para-amanha-23-as-09h-para-tratar-da-escala-dos-aas\/\" \/>\n<meta property=\"og:site_name\" content=\"SITSESP\" \/>\n<meta property=\"article:published_time\" content=\"2021-06-22T20:15:38+00:00\" \/>\n<meta property=\"og:image\" content=\"https:\/\/www.sitsesp.org.br\/novo\/wp-content\/uploads\/2021\/06\/2206ce.jpg\" \/>\n\t<meta property=\"og:image:width\" content=\"800\" \/>\n\t<meta property=\"og:image:height\" content=\"800\" \/>\n\t<meta property=\"og:image:type\" content=\"image\/jpeg\" \/>\n<meta name=\"author\" content=\"imprensa\" \/>\n<meta name=\"twitter:card\" content=\"summary_large_image\" \/>\n<meta name=\"twitter:label1\" content=\"Escrito por\" \/>\n\t<meta name=\"twitter:data1\" content=\"imprensa\" \/>\n\t<meta name=\"twitter:label2\" content=\"Est. tempo de leitura\" \/>\n\t<meta name=\"twitter:data2\" content=\"1 minuto\" \/>\n<script type=\"application\/ld+json\" class=\"yoast-schema-graph\">{\"@context\":\"https:\/\/schema.org\",\"@graph\":[{\"@type\":\"Article\",\"@id\":\"https:\/\/www.sitsesp.org.br\/novo\/nova-audiencia-e-marcada-para-amanha-23-as-09h-para-tratar-da-escala-dos-aas\/#article\",\"isPartOf\":{\"@id\":\"https:\/\/www.sitsesp.org.br\/novo\/nova-audiencia-e-marcada-para-amanha-23-as-09h-para-tratar-da-escala-dos-aas\/\"},\"author\":{\"name\":\"imprensa\",\"@id\":\"https:\/\/www.sitsesp.org.br\/novo\/#\/schema\/person\/28e42eec160f373e81d0183b3643edbf\"},\"headline\":\"Nova audi\u00eancia \u00e9 marcada para amanh\u00e3 23 \u00e0s 09h para tratar da escala dos AAS\",\"datePublished\":\"2021-06-22T20:15:38+00:00\",\"dateModified\":\"2021-06-22T20:15:38+00:00\",\"mainEntityOfPage\":{\"@id\":\"https:\/\/www.sitsesp.org.br\/novo\/nova-audiencia-e-marcada-para-amanha-23-as-09h-para-tratar-da-escala-dos-aas\/\"},\"wordCount\":141,\"commentCount\":0,\"publisher\":{\"@id\":\"https:\/\/www.sitsesp.org.br\/novo\/#organization\"},\"image\":{\"@id\":\"https:\/\/www.sitsesp.org.br\/novo\/nova-audiencia-e-marcada-para-amanha-23-as-09h-para-tratar-da-escala-dos-aas\/#primaryimage\"},\"thumbnailUrl\":\"https:\/\/www.sitsesp.org.br\/novo\/wp-content\/uploads\/2021\/06\/2206ce.jpg\",\"keywords\":[\"2021\",\"campanha salarial\",\"Funda\u00e7\u00e3o CASA\",\"GREVE\",\"SITSESP\",\"SOCIOEDUCA\u00c7\u00c3O\"],\"articleSection\":[\"Destaque\",\"Noticias\"],\"inLanguage\":\"pt-BR\",\"potentialAction\":[{\"@type\":\"CommentAction\",\"name\":\"Comment\",\"target\":[\"https:\/\/www.sitsesp.org.br\/novo\/nova-audiencia-e-marcada-para-amanha-23-as-09h-para-tratar-da-escala-dos-aas\/#respond\"]}]},{\"@type\":\"WebPage\",\"@id\":\"https:\/\/www.sitsesp.org.br\/novo\/nova-audiencia-e-marcada-para-amanha-23-as-09h-para-tratar-da-escala-dos-aas\/\",\"url\":\"https:\/\/www.sitsesp.org.br\/novo\/nova-audiencia-e-marcada-para-amanha-23-as-09h-para-tratar-da-escala-dos-aas\/\",\"name\":\"Nova audi\u00eancia \u00e9 marcada para amanh\u00e3 23 \u00e0s 09h para tratar da escala dos AAS - SITSESP\",\"isPartOf\":{\"@id\":\"https:\/\/www.sitsesp.org.br\/novo\/#website\"},\"primaryImageOfPage\":{\"@id\":\"https:\/\/www.sitsesp.org.br\/novo\/nova-audiencia-e-marcada-para-amanha-23-as-09h-para-tratar-da-escala-dos-aas\/#primaryimage\"},\"image\":{\"@id\":\"https:\/\/www.sitsesp.org.br\/novo\/nova-audiencia-e-marcada-para-amanha-23-as-09h-para-tratar-da-escala-dos-aas\/#primaryimage\"},\"thumbnailUrl\":\"https:\/\/www.sitsesp.org.br\/novo\/wp-content\/uploads\/2021\/06\/2206ce.jpg\",\"datePublished\":\"2021-06-22T20:15:38+00:00\",\"dateModified\":\"2021-06-22T20:15:38+00:00\",\"description\":\"Em tentativa de concilia\u00e7\u00e3o convocada pelo TRT para tratar sobre a escala dos AAS a Funda\u00e7\u00e3o CASA informou que ainda aguarda a aprova\u00e7\u00e3o da folga anivers\u00e1rio pela Comiss\u00e3o de Pol\u00edtica Salarial - CPS. Nova tentativa de concilia\u00e7\u00e3o foi marcada para amanh\u00e3 \u00e0s 09h. Agora categoria vamos fortalecer nosso ato de amanh\u00e3 23 de junho com concentra\u00e7\u00e3o no MASP \u00e0s 09h, vamos protestar frente ao TRT e da Secretaria de Justi\u00e7a e Cidadania e aguardar o julgamento do diss\u00eddio. Nosso caminho \u00e9 a luta! Nossa assembleia em 23 de junho \u00e0s 20h definir\u00e3o nosso pr\u00f3ximo passo em defesa dos nossos direitos, por valoriza\u00e7\u00e3o, sa\u00fade e seguran\u00e7a nas frentes de trabalho. Vamos \u00e0 luta! Nenhum direito a menos!\",\"breadcrumb\":{\"@id\":\"https:\/\/www.sitsesp.org.br\/novo\/nova-audiencia-e-marcada-para-amanha-23-as-09h-para-tratar-da-escala-dos-aas\/#breadcrumb\"},\"inLanguage\":\"pt-BR\",\"potentialAction\":[{\"@type\":\"ReadAction\",\"target\":[\"https:\/\/www.sitsesp.org.br\/novo\/nova-audiencia-e-marcada-para-amanha-23-as-09h-para-tratar-da-escala-dos-aas\/\"]}]},{\"@type\":\"ImageObject\",\"inLanguage\":\"pt-BR\",\"@id\":\"https:\/\/www.sitsesp.org.br\/novo\/nova-audiencia-e-marcada-para-amanha-23-as-09h-para-tratar-da-escala-dos-aas\/#primaryimage\",\"url\":\"https:\/\/www.sitsesp.org.br\/novo\/wp-content\/uploads\/2021\/06\/2206ce.jpg\",\"contentUrl\":\"https:\/\/www.sitsesp.org.br\/novo\/wp-content\/uploads\/2021\/06\/2206ce.jpg\",\"width\":800,\"height\":800},{\"@type\":\"BreadcrumbList\",\"@id\":\"https:\/\/www.sitsesp.org.br\/novo\/nova-audiencia-e-marcada-para-amanha-23-as-09h-para-tratar-da-escala-dos-aas\/#breadcrumb\",\"itemListElement\":[{\"@type\":\"ListItem\",\"position\":1,\"name\":\"In\u00edcio\",\"item\":\"https:\/\/www.sitsesp.org.br\/novo\/\"},{\"@type\":\"ListItem\",\"position\":2,\"name\":\"Nova audi\u00eancia \u00e9 marcada para amanh\u00e3 23 \u00e0s 09h para tratar da escala dos AAS\"}]},{\"@type\":\"WebSite\",\"@id\":\"https:\/\/www.sitsesp.org.br\/novo\/#website\",\"url\":\"https:\/\/www.sitsesp.org.br\/novo\/\",\"name\":\"Sitsesp\",\"description\":\"SIndicato da Socioeduca\u00e7\u00e3o do Estado de S\u00e3o Paulo\",\"publisher\":{\"@id\":\"https:\/\/www.sitsesp.org.br\/novo\/#organization\"},\"potentialAction\":[{\"@type\":\"SearchAction\",\"target\":{\"@type\":\"EntryPoint\",\"urlTemplate\":\"https:\/\/www.sitsesp.org.br\/novo\/?s={search_term_string}\"},\"query-input\":\"required name=search_term_string\"}],\"inLanguage\":\"pt-BR\"},{\"@type\":\"Organization\",\"@id\":\"https:\/\/www.sitsesp.org.br\/novo\/#organization\",\"name\":\"Sitsesp\",\"url\":\"https:\/\/www.sitsesp.org.br\/novo\/\",\"logo\":{\"@type\":\"ImageObject\",\"inLanguage\":\"pt-BR\",\"@id\":\"https:\/\/www.sitsesp.org.br\/novo\/#\/schema\/logo\/image\/\",\"url\":\"https:\/\/www.sitsesp.org.br\/novo\/wp-content\/uploads\/2020\/09\/Design-sem-nome-1.jpg\",\"contentUrl\":\"https:\/\/www.sitsesp.org.br\/novo\/wp-content\/uploads\/2020\/09\/Design-sem-nome-1.jpg\",\"width\":300,\"height\":300,\"caption\":\"Sitsesp\"},\"image\":{\"@id\":\"https:\/\/www.sitsesp.org.br\/novo\/#\/schema\/logo\/image\/\"}},{\"@type\":\"Person\",\"@id\":\"https:\/\/www.sitsesp.org.br\/novo\/#\/schema\/person\/28e42eec160f373e81d0183b3643edbf\",\"name\":\"imprensa\",\"image\":{\"@type\":\"ImageObject\",\"inLanguage\":\"pt-BR\",\"@id\":\"https:\/\/www.sitsesp.org.br\/novo\/#\/schema\/person\/image\/\",\"url\":\"https:\/\/secure.gravatar.com\/avatar\/8d6ccd8d7d52b8959f34154e87d3fa29?s=96&d=mm&r=g\",\"contentUrl\":\"https:\/\/secure.gravatar.com\/avatar\/8d6ccd8d7d52b8959f34154e87d3fa29?s=96&d=mm&r=g\",\"caption\":\"imprensa\"}}]}<\/script>\n<!-- \/ Yoast SEO plugin. -->","yoast_head_json":{"title":"Nova audi\u00eancia \u00e9 marcada para amanh\u00e3 23 \u00e0s 09h para tratar da escala dos AAS - SITSESP","description":"Em tentativa de concilia\u00e7\u00e3o convocada pelo TRT para tratar sobre a escala dos AAS a Funda\u00e7\u00e3o CASA informou que ainda aguarda a aprova\u00e7\u00e3o da folga anivers\u00e1rio pela Comiss\u00e3o de Pol\u00edtica Salarial - CPS. Nova tentativa de concilia\u00e7\u00e3o foi marcada para amanh\u00e3 \u00e0s 09h. Agora categoria vamos fortalecer nosso ato de amanh\u00e3 23 de junho com concentra\u00e7\u00e3o no MASP \u00e0s 09h, vamos protestar frente ao TRT e da Secretaria de Justi\u00e7a e Cidadania e aguardar o julgamento do diss\u00eddio. Nosso caminho \u00e9 a luta! Nossa assembleia em 23 de junho \u00e0s 20h definir\u00e3o nosso pr\u00f3ximo passo em defesa dos nossos direitos, por valoriza\u00e7\u00e3o, sa\u00fade e seguran\u00e7a nas frentes de trabalho. Vamos \u00e0 luta! Nenhum direito a menos!","robots":{"index":"index","follow":"follow","max-snippet":"max-snippet:-1","max-image-preview":"max-image-preview:large","max-video-preview":"max-video-preview:-1"},"canonical":"https:\/\/www.sitsesp.org.br\/novo\/nova-audiencia-e-marcada-para-amanha-23-as-09h-para-tratar-da-escala-dos-aas\/","og_locale":"pt_BR","og_type":"article","og_title":"Nova audi\u00eancia \u00e9 marcada para amanh\u00e3 23 \u00e0s 09h para tratar da escala dos AAS - SITSESP","og_description":"Em tentativa de concilia\u00e7\u00e3o convocada pelo TRT para tratar sobre a escala dos AAS a Funda\u00e7\u00e3o CASA informou que ainda aguarda a aprova\u00e7\u00e3o da folga anivers\u00e1rio pela Comiss\u00e3o de Pol\u00edtica Salarial - CPS. Nova tentativa de concilia\u00e7\u00e3o foi marcada para amanh\u00e3 \u00e0s 09h. Agora categoria vamos fortalecer nosso ato de amanh\u00e3 23 de junho com concentra\u00e7\u00e3o no MASP \u00e0s 09h, vamos protestar frente ao TRT e da Secretaria de Justi\u00e7a e Cidadania e aguardar o julgamento do diss\u00eddio. Nosso caminho \u00e9 a luta! Nossa assembleia em 23 de junho \u00e0s 20h definir\u00e3o nosso pr\u00f3ximo passo em defesa dos nossos direitos, por valoriza\u00e7\u00e3o, sa\u00fade e seguran\u00e7a nas frentes de trabalho. Vamos \u00e0 luta! Nenhum direito a menos!","og_url":"https:\/\/www.sitsesp.org.br\/novo\/nova-audiencia-e-marcada-para-amanha-23-as-09h-para-tratar-da-escala-dos-aas\/","og_site_name":"SITSESP","article_published_time":"2021-06-22T20:15:38+00:00","og_image":[{"width":800,"height":800,"url":"https:\/\/www.sitsesp.org.br\/novo\/wp-content\/uploads\/2021\/06\/2206ce.jpg","type":"image\/jpeg"}],"author":"imprensa","twitter_card":"summary_large_image","twitter_misc":{"Escrito por":"imprensa","Est. tempo de leitura":"1 minuto"},"schema":{"@context":"https:\/\/schema.org","@graph":[{"@type":"Article","@id":"https:\/\/www.sitsesp.org.br\/novo\/nova-audiencia-e-marcada-para-amanha-23-as-09h-para-tratar-da-escala-dos-aas\/#article","isPartOf":{"@id":"https:\/\/www.sitsesp.org.br\/novo\/nova-audiencia-e-marcada-para-amanha-23-as-09h-para-tratar-da-escala-dos-aas\/"},"author":{"name":"imprensa","@id":"https:\/\/www.sitsesp.org.br\/novo\/#\/schema\/person\/28e42eec160f373e81d0183b3643edbf"},"headline":"Nova audi\u00eancia \u00e9 marcada para amanh\u00e3 23 \u00e0s 09h para tratar da escala dos AAS","datePublished":"2021-06-22T20:15:38+00:00","dateModified":"2021-06-22T20:15:38+00:00","mainEntityOfPage":{"@id":"https:\/\/www.sitsesp.org.br\/novo\/nova-audiencia-e-marcada-para-amanha-23-as-09h-para-tratar-da-escala-dos-aas\/"},"wordCount":141,"commentCount":0,"publisher":{"@id":"https:\/\/www.sitsesp.org.br\/novo\/#organization"},"image":{"@id":"https:\/\/www.sitsesp.org.br\/novo\/nova-audiencia-e-marcada-para-amanha-23-as-09h-para-tratar-da-escala-dos-aas\/#primaryimage"},"thumbnailUrl":"https:\/\/www.sitsesp.org.br\/novo\/wp-content\/uploads\/2021\/06\/2206ce.jpg","keywords":["2021","campanha salarial","Funda\u00e7\u00e3o CASA","GREVE","SITSESP","SOCIOEDUCA\u00c7\u00c3O"],"articleSection":["Destaque","Noticias"],"inLanguage":"pt-BR","potentialAction":[{"@type":"CommentAction","name":"Comment","target":["https:\/\/www.sitsesp.org.br\/novo\/nova-audiencia-e-marcada-para-amanha-23-as-09h-para-tratar-da-escala-dos-aas\/#respond"]}]},{"@type":"WebPage","@id":"https:\/\/www.sitsesp.org.br\/novo\/nova-audiencia-e-marcada-para-amanha-23-as-09h-para-tratar-da-escala-dos-aas\/","url":"https:\/\/www.sitsesp.org.br\/novo\/nova-audiencia-e-marcada-para-amanha-23-as-09h-para-tratar-da-escala-dos-aas\/","name":"Nova audi\u00eancia \u00e9 marcada para amanh\u00e3 23 \u00e0s 09h para tratar da escala dos AAS - SITSESP","isPartOf":{"@id":"https:\/\/www.sitsesp.org.br\/novo\/#website"},"primaryImageOfPage":{"@id":"https:\/\/www.sitsesp.org.br\/novo\/nova-audiencia-e-marcada-para-amanha-23-as-09h-para-tratar-da-escala-dos-aas\/#primaryimage"},"image":{"@id":"https:\/\/www.sitsesp.org.br\/novo\/nova-audiencia-e-marcada-para-amanha-23-as-09h-para-tratar-da-escala-dos-aas\/#primaryimage"},"thumbnailUrl":"https:\/\/www.sitsesp.org.br\/novo\/wp-content\/uploads\/2021\/06\/2206ce.jpg","datePublished":"2021-06-22T20:15:38+00:00","dateModified":"2021-06-22T20:15:38+00:00","description":"Em tentativa de concilia\u00e7\u00e3o convocada pelo TRT para tratar sobre a escala dos AAS a Funda\u00e7\u00e3o CASA informou que ainda aguarda a aprova\u00e7\u00e3o da folga anivers\u00e1rio pela Comiss\u00e3o de Pol\u00edtica Salarial - CPS. Nova tentativa de concilia\u00e7\u00e3o foi marcada para amanh\u00e3 \u00e0s 09h. Agora categoria vamos fortalecer nosso ato de amanh\u00e3 23 de junho com concentra\u00e7\u00e3o no MASP \u00e0s 09h, vamos protestar frente ao TRT e da Secretaria de Justi\u00e7a e Cidadania e aguardar o julgamento do diss\u00eddio. Nosso caminho \u00e9 a luta! Nossa assembleia em 23 de junho \u00e0s 20h definir\u00e3o nosso pr\u00f3ximo passo em defesa dos nossos direitos, por valoriza\u00e7\u00e3o, sa\u00fade e seguran\u00e7a nas frentes de trabalho. Vamos \u00e0 luta! Nenhum direito a menos!","breadcrumb":{"@id":"https:\/\/www.sitsesp.org.br\/novo\/nova-audiencia-e-marcada-para-amanha-23-as-09h-para-tratar-da-escala-dos-aas\/#breadcrumb"},"inLanguage":"pt-BR","potentialAction":[{"@type":"ReadAction","target":["https:\/\/www.sitsesp.org.br\/novo\/nova-audiencia-e-marcada-para-amanha-23-as-09h-para-tratar-da-escala-dos-aas\/"]}]},{"@type":"ImageObject","inLanguage":"pt-BR","@id":"https:\/\/www.sitsesp.org.br\/novo\/nova-audiencia-e-marcada-para-amanha-23-as-09h-para-tratar-da-escala-dos-aas\/#primaryimage","url":"https:\/\/www.sitsesp.org.br\/novo\/wp-content\/uploads\/2021\/06\/2206ce.jpg","contentUrl":"https:\/\/www.sitsesp.org.br\/novo\/wp-content\/uploads\/2021\/06\/2206ce.jpg","width":800,"height":800},{"@type":"BreadcrumbList","@id":"https:\/\/www.sitsesp.org.br\/novo\/nova-audiencia-e-marcada-para-amanha-23-as-09h-para-tratar-da-escala-dos-aas\/#breadcrumb","itemListElement":[{"@type":"ListItem","position":1,"name":"In\u00edcio","item":"https:\/\/www.sitsesp.org.br\/novo\/"},{"@type":"ListItem","position":2,"name":"Nova audi\u00eancia \u00e9 marcada para amanh\u00e3 23 \u00e0s 09h para tratar da escala dos AAS"}]},{"@type":"WebSite","@id":"https:\/\/www.sitsesp.org.br\/novo\/#website","url":"https:\/\/www.sitsesp.org.br\/novo\/","name":"Sitsesp","description":"SIndicato da Socioeduca\u00e7\u00e3o do Estado de S\u00e3o Paulo","publisher":{"@id":"https:\/\/www.sitsesp.org.br\/novo\/#organization"},"potentialAction":[{"@type":"SearchAction","target":{"@type":"EntryPoint","urlTemplate":"https:\/\/www.sitsesp.org.br\/novo\/?s={search_term_string}"},"query-input":"required name=search_term_string"}],"inLanguage":"pt-BR"},{"@type":"Organization","@id":"https:\/\/www.sitsesp.org.br\/novo\/#organization","name":"Sitsesp","url":"https:\/\/www.sitsesp.org.br\/novo\/","logo":{"@type":"ImageObject","inLanguage":"pt-BR","@id":"https:\/\/www.sitsesp.org.br\/novo\/#\/schema\/logo\/image\/","url":"https:\/\/www.sitsesp.org.br\/novo\/wp-content\/uploads\/2020\/09\/Design-sem-nome-1.jpg","contentUrl":"https:\/\/www.sitsesp.org.br\/novo\/wp-content\/uploads\/2020\/09\/Design-sem-nome-1.jpg","width":300,"height":300,"caption":"Sitsesp"},"image":{"@id":"https:\/\/www.sitsesp.org.br\/novo\/#\/schema\/logo\/image\/"}},{"@type":"Person","@id":"https:\/\/www.sitsesp.org.br\/novo\/#\/schema\/person\/28e42eec160f373e81d0183b3643edbf","name":"imprensa","image":{"@type":"ImageObject","inLanguage":"pt-BR","@id":"https:\/\/www.sitsesp.org.br\/novo\/#\/schema\/person\/image\/","url":"https:\/\/secure.gravatar.com\/avatar\/8d6ccd8d7d52b8959f34154e87d3fa29?s=96&d=mm&r=g","contentUrl":"https:\/\/secure.gravatar.com\/avatar\/8d6ccd8d7d52b8959f34154e87d3fa29?s=96&d=mm&r=g","caption":"imprensa"}}]}},"_links":{"self":[{"href":"https:\/\/www.sitsesp.org.br\/novo\/wp-json\/wp\/v2\/posts\/6560"}],"collection":[{"href":"https:\/\/www.sitsesp.org.br\/novo\/wp-json\/wp\/v2\/posts"}],"about":[{"href":"https:\/\/www.sitsesp.org.br\/novo\/wp-json\/wp\/v2\/types\/post"}],"author":[{"embeddable":true,"href":"https:\/\/www.sitsesp.org.br\/novo\/wp-json\/wp\/v2\/users\/5"}],"replies":[{"embeddable":true,"href":"https:\/\/www.sitsesp.org.br\/novo\/wp-json\/wp\/v2\/comments?post=6560"}],"version-history":[{"count":1,"href":"https:\/\/www.sitsesp.org.br\/novo\/wp-json\/wp\/v2\/posts\/6560\/revisions"}],"predecessor-version":[{"id":6562,"href":"https:\/\/www.sitsesp.org.br\/novo\/wp-json\/wp\/v2\/posts\/6560\/revisions\/6562"}],"wp:featuredmedia":[{"embeddable":true,"href":"https:\/\/www.sitsesp.org.br\/novo\/wp-json\/wp\/v2\/media\/6561"}],"wp:attachment":[{"href":"https:\/\/www.sitsesp.org.br\/novo\/wp-json\/wp\/v2\/media?parent=6560"}],"wp:term":[{"taxonomy":"category","embeddable":true,"href":"https:\/\/www.sitsesp.org.br\/novo\/wp-json\/wp\/v2\/categories?post=6560"},{"taxonomy":"post_tag","embeddable":true,"href":"https:\/\/www.sitsesp.org.br\/novo\/wp-json\/wp\/v2\/tags?post=6560"}],"curies":[{"name":"wp","href":"https:\/\/api.w.org\/{rel}","templated":true}]}}