{"id":6563,"date":"2021-06-23T20:51:41","date_gmt":"2021-06-23T23:51:41","guid":{"rendered":"https:\/\/sitsesp.org.br\/novo\/?p=6563"},"modified":"2021-06-23T21:06:28","modified_gmt":"2021-06-24T00:06:28","slug":"comunicado-escala-de-trabalho-dos-agentes-de-apoio-socioeducativo","status":"publish","type":"post","link":"https:\/\/www.sitsesp.org.br\/novo\/comunicado-escala-de-trabalho-dos-agentes-de-apoio-socioeducativo\/","title":{"rendered":"COMUNICADO | ESCALA DE TRABALHO DOS AGENTES DE APOIO SOCIOEDUCATIVO"},"content":{"rendered":"<p><!-- VideographyWP Plugin Message: Automatic video embedding prevented by plugin options. --><br \/>\nA Funda\u00e7\u00e3o CASA publicou no dia de hoje o Of\u00edcio n\u00ba 356\/2021, propondo a escala de trabalho 2&#215;2 seca. O SITSESP respondeu atrav\u00e9s do Of\u00edcio Sindical n\u00ba 182\/2021, deixando claro que ser\u00e1 necess\u00e1rio convocar uma assembleia espec\u00edfica dos Agentes de Apoio Socioeducativo. A entidade sindical prop\u00f5e que de comum acordo seja encaminhado para o setor de media\u00e7\u00e3o coletiva do TRT para que se tenha uma media\u00e7\u00e3o sobre o tema, j\u00e1 que houve a exclus\u00e3o da cl\u00e1usula 33\u00aa do julgamento do diss\u00eddio.<\/p>\n<p>Confira no site os of\u00edcios.<\/p>\n<a href=\"https:\/\/sitsesp.org.br\/novo\/wp-content\/uploads\/2021\/06\/OfA\u0303_cio-Sindical-182-2021-Escala-de-Trabalho-AAS.pdf\" class=\"pdfemb-viewer\" style=\"\" data-width=\"max\" data-height=\"max\" data-toolbar=\"bottom\" data-toolbar-fixed=\"off\">OfA\u0303_cio Sindical 182 2021 Escala de Trabalho AAS<\/a>\n<p><a href=\"https:\/\/sitsesp.org.br\/novo\/wp-content\/uploads\/2021\/06\/OfA\u0303_cio-Sindical-182-2021-Escala-de-Trabalho-AAS.pdf\"><strong>BAIXE AQUI<\/strong><\/a><\/p>\n<a href=\"https:\/\/sitsesp.org.br\/novo\/wp-content\/uploads\/2021\/06\/Oficio-GP-356-21-SITSESP-Escala-de-Trabalho-Agentes-de-Apoio-Socioeducativo.pdf\" class=\"pdfemb-viewer\" style=\"\" data-width=\"max\" data-height=\"max\" data-toolbar=\"bottom\" data-toolbar-fixed=\"off\">Of\u00edcio GP 356 21 SITSESP Escala de Trabalho Agentes de Apoio Socioeducativo<\/a>\n<p><strong>BAIXE AQUI<\/strong><\/p>\n","protected":false},"excerpt":{"rendered":"<p>A Funda\u00e7\u00e3o CASA publicou no dia de hoje o Of\u00edcio n\u00ba 356\/2021, propondo a escala de trabalho 2&#215;2 seca. O SITSESP&hellip;<\/p>\n","protected":false},"author":5,"featured_media":6566,"comment_status":"open","ping_status":"open","sticky":false,"template":"","format":"standard","meta":{"cybocfi_hide_featured_image":"","footnotes":""},"categories":[27,22],"tags":[],"yoast_head":"<!-- This site is optimized with the Yoast SEO plugin v22.8 - https:\/\/yoast.com\/wordpress\/plugins\/seo\/ -->\n<title>COMUNICADO | ESCALA DE TRABALHO DOS AGENTES DE APOIO SOCIOEDUCATIVO - SITSESP<\/title>\n<meta name=\"description\" content=\"A Funda\u00e7\u00e3o CASA publicou no dia de hoje o Of\u00edcio n\u00ba 356\/2021, propondo a escala de trabalho 2x2 seca. O SITSESP respondeu atrav\u00e9s do Of\u00edcio Sindical n\u00ba 182\/2021, deixando claro que ser\u00e1 necess\u00e1rio convocar uma assembleia especifica dos Agentes de Apoio Socioeducativo. A entidade sindical prop\u00f5e que de comum acordo seja encaminhado para o setor de media\u00e7\u00e3o coletiva do TRT para que se tenha uma media\u00e7\u00e3o sobre o tema, j\u00e1 que houve a exclus\u00e3o da cl\u00e1usula 33\u00aa do julgamento do diss\u00eddio.\" \/>\n<meta name=\"robots\" content=\"index, follow, max-snippet:-1, max-image-preview:large, max-video-preview:-1\" \/>\n<link rel=\"canonical\" href=\"https:\/\/www.sitsesp.org.br\/novo\/comunicado-escala-de-trabalho-dos-agentes-de-apoio-socioeducativo\/\" \/>\n<meta property=\"og:locale\" content=\"pt_BR\" \/>\n<meta property=\"og:type\" content=\"article\" \/>\n<meta property=\"og:title\" content=\"COMUNICADO | ESCALA DE TRABALHO DOS AGENTES DE APOIO SOCIOEDUCATIVO - SITSESP\" \/>\n<meta property=\"og:description\" content=\"A Funda\u00e7\u00e3o CASA publicou no dia de hoje o Of\u00edcio n\u00ba 356\/2021, propondo a escala de trabalho 2x2 seca. O SITSESP respondeu atrav\u00e9s do Of\u00edcio Sindical n\u00ba 182\/2021, deixando claro que ser\u00e1 necess\u00e1rio convocar uma assembleia especifica dos Agentes de Apoio Socioeducativo. A entidade sindical prop\u00f5e que de comum acordo seja encaminhado para o setor de media\u00e7\u00e3o coletiva do TRT para que se tenha uma media\u00e7\u00e3o sobre o tema, j\u00e1 que houve a exclus\u00e3o da cl\u00e1usula 33\u00aa do julgamento do diss\u00eddio.\" \/>\n<meta property=\"og:url\" content=\"https:\/\/www.sitsesp.org.br\/novo\/comunicado-escala-de-trabalho-dos-agentes-de-apoio-socioeducativo\/\" \/>\n<meta property=\"og:site_name\" content=\"SITSESP\" \/>\n<meta property=\"article:published_time\" content=\"2021-06-23T23:51:41+00:00\" \/>\n<meta property=\"article:modified_time\" content=\"2021-06-24T00:06:28+00:00\" \/>\n<meta property=\"og:image\" content=\"https:\/\/www.sitsesp.org.br\/novo\/wp-content\/uploads\/2021\/06\/230607.jpg\" \/>\n\t<meta property=\"og:image:width\" content=\"800\" \/>\n\t<meta property=\"og:image:height\" content=\"800\" \/>\n\t<meta property=\"og:image:type\" content=\"image\/jpeg\" \/>\n<meta name=\"author\" content=\"imprensa\" \/>\n<meta name=\"twitter:card\" content=\"summary_large_image\" \/>\n<meta name=\"twitter:label1\" content=\"Escrito por\" \/>\n\t<meta name=\"twitter:data1\" content=\"imprensa\" \/>\n\t<meta name=\"twitter:label2\" content=\"Est. tempo de leitura\" \/>\n\t<meta name=\"twitter:data2\" content=\"1 minuto\" \/>\n<script type=\"application\/ld+json\" class=\"yoast-schema-graph\">{\"@context\":\"https:\/\/schema.org\",\"@graph\":[{\"@type\":\"Article\",\"@id\":\"https:\/\/www.sitsesp.org.br\/novo\/comunicado-escala-de-trabalho-dos-agentes-de-apoio-socioeducativo\/#article\",\"isPartOf\":{\"@id\":\"https:\/\/www.sitsesp.org.br\/novo\/comunicado-escala-de-trabalho-dos-agentes-de-apoio-socioeducativo\/\"},\"author\":{\"name\":\"imprensa\",\"@id\":\"https:\/\/www.sitsesp.org.br\/novo\/#\/schema\/person\/28e42eec160f373e81d0183b3643edbf\"},\"headline\":\"COMUNICADO | ESCALA DE TRABALHO DOS AGENTES DE APOIO SOCIOEDUCATIVO\",\"datePublished\":\"2021-06-23T23:51:41+00:00\",\"dateModified\":\"2021-06-24T00:06:28+00:00\",\"mainEntityOfPage\":{\"@id\":\"https:\/\/www.sitsesp.org.br\/novo\/comunicado-escala-de-trabalho-dos-agentes-de-apoio-socioeducativo\/\"},\"wordCount\":156,\"commentCount\":0,\"publisher\":{\"@id\":\"https:\/\/www.sitsesp.org.br\/novo\/#organization\"},\"image\":{\"@id\":\"https:\/\/www.sitsesp.org.br\/novo\/comunicado-escala-de-trabalho-dos-agentes-de-apoio-socioeducativo\/#primaryimage\"},\"thumbnailUrl\":\"https:\/\/www.sitsesp.org.br\/novo\/wp-content\/uploads\/2021\/06\/230607.jpg\",\"articleSection\":[\"Destaque\",\"Noticias\"],\"inLanguage\":\"pt-BR\",\"potentialAction\":[{\"@type\":\"CommentAction\",\"name\":\"Comment\",\"target\":[\"https:\/\/www.sitsesp.org.br\/novo\/comunicado-escala-de-trabalho-dos-agentes-de-apoio-socioeducativo\/#respond\"]}]},{\"@type\":\"WebPage\",\"@id\":\"https:\/\/www.sitsesp.org.br\/novo\/comunicado-escala-de-trabalho-dos-agentes-de-apoio-socioeducativo\/\",\"url\":\"https:\/\/www.sitsesp.org.br\/novo\/comunicado-escala-de-trabalho-dos-agentes-de-apoio-socioeducativo\/\",\"name\":\"COMUNICADO | ESCALA DE TRABALHO DOS AGENTES DE APOIO SOCIOEDUCATIVO - SITSESP\",\"isPartOf\":{\"@id\":\"https:\/\/www.sitsesp.org.br\/novo\/#website\"},\"primaryImageOfPage\":{\"@id\":\"https:\/\/www.sitsesp.org.br\/novo\/comunicado-escala-de-trabalho-dos-agentes-de-apoio-socioeducativo\/#primaryimage\"},\"image\":{\"@id\":\"https:\/\/www.sitsesp.org.br\/novo\/comunicado-escala-de-trabalho-dos-agentes-de-apoio-socioeducativo\/#primaryimage\"},\"thumbnailUrl\":\"https:\/\/www.sitsesp.org.br\/novo\/wp-content\/uploads\/2021\/06\/230607.jpg\",\"datePublished\":\"2021-06-23T23:51:41+00:00\",\"dateModified\":\"2021-06-24T00:06:28+00:00\",\"description\":\"A Funda\u00e7\u00e3o CASA publicou no dia de hoje o Of\u00edcio n\u00ba 356\/2021, propondo a escala de trabalho 2x2 seca. O SITSESP respondeu atrav\u00e9s do Of\u00edcio Sindical n\u00ba 182\/2021, deixando claro que ser\u00e1 necess\u00e1rio convocar uma assembleia especifica dos Agentes de Apoio Socioeducativo. A entidade sindical prop\u00f5e que de comum acordo seja encaminhado para o setor de media\u00e7\u00e3o coletiva do TRT para que se tenha uma media\u00e7\u00e3o sobre o tema, j\u00e1 que houve a exclus\u00e3o da cl\u00e1usula 33\u00aa do julgamento do diss\u00eddio.\",\"breadcrumb\":{\"@id\":\"https:\/\/www.sitsesp.org.br\/novo\/comunicado-escala-de-trabalho-dos-agentes-de-apoio-socioeducativo\/#breadcrumb\"},\"inLanguage\":\"pt-BR\",\"potentialAction\":[{\"@type\":\"ReadAction\",\"target\":[\"https:\/\/www.sitsesp.org.br\/novo\/comunicado-escala-de-trabalho-dos-agentes-de-apoio-socioeducativo\/\"]}]},{\"@type\":\"ImageObject\",\"inLanguage\":\"pt-BR\",\"@id\":\"https:\/\/www.sitsesp.org.br\/novo\/comunicado-escala-de-trabalho-dos-agentes-de-apoio-socioeducativo\/#primaryimage\",\"url\":\"https:\/\/www.sitsesp.org.br\/novo\/wp-content\/uploads\/2021\/06\/230607.jpg\",\"contentUrl\":\"https:\/\/www.sitsesp.org.br\/novo\/wp-content\/uploads\/2021\/06\/230607.jpg\",\"width\":800,\"height\":800},{\"@type\":\"BreadcrumbList\",\"@id\":\"https:\/\/www.sitsesp.org.br\/novo\/comunicado-escala-de-trabalho-dos-agentes-de-apoio-socioeducativo\/#breadcrumb\",\"itemListElement\":[{\"@type\":\"ListItem\",\"position\":1,\"name\":\"In\u00edcio\",\"item\":\"https:\/\/www.sitsesp.org.br\/novo\/\"},{\"@type\":\"ListItem\",\"position\":2,\"name\":\"COMUNICADO | ESCALA DE TRABALHO DOS AGENTES DE APOIO SOCIOEDUCATIVO\"}]},{\"@type\":\"WebSite\",\"@id\":\"https:\/\/www.sitsesp.org.br\/novo\/#website\",\"url\":\"https:\/\/www.sitsesp.org.br\/novo\/\",\"name\":\"Sitsesp\",\"description\":\"SIndicato da Socioeduca\u00e7\u00e3o do Estado de S\u00e3o Paulo\",\"publisher\":{\"@id\":\"https:\/\/www.sitsesp.org.br\/novo\/#organization\"},\"potentialAction\":[{\"@type\":\"SearchAction\",\"target\":{\"@type\":\"EntryPoint\",\"urlTemplate\":\"https:\/\/www.sitsesp.org.br\/novo\/?s={search_term_string}\"},\"query-input\":\"required name=search_term_string\"}],\"inLanguage\":\"pt-BR\"},{\"@type\":\"Organization\",\"@id\":\"https:\/\/www.sitsesp.org.br\/novo\/#organization\",\"name\":\"Sitsesp\",\"url\":\"https:\/\/www.sitsesp.org.br\/novo\/\",\"logo\":{\"@type\":\"ImageObject\",\"inLanguage\":\"pt-BR\",\"@id\":\"https:\/\/www.sitsesp.org.br\/novo\/#\/schema\/logo\/image\/\",\"url\":\"https:\/\/www.sitsesp.org.br\/novo\/wp-content\/uploads\/2020\/09\/Design-sem-nome-1.jpg\",\"contentUrl\":\"https:\/\/www.sitsesp.org.br\/novo\/wp-content\/uploads\/2020\/09\/Design-sem-nome-1.jpg\",\"width\":300,\"height\":300,\"caption\":\"Sitsesp\"},\"image\":{\"@id\":\"https:\/\/www.sitsesp.org.br\/novo\/#\/schema\/logo\/image\/\"}},{\"@type\":\"Person\",\"@id\":\"https:\/\/www.sitsesp.org.br\/novo\/#\/schema\/person\/28e42eec160f373e81d0183b3643edbf\",\"name\":\"imprensa\",\"image\":{\"@type\":\"ImageObject\",\"inLanguage\":\"pt-BR\",\"@id\":\"https:\/\/www.sitsesp.org.br\/novo\/#\/schema\/person\/image\/\",\"url\":\"https:\/\/secure.gravatar.com\/avatar\/8d6ccd8d7d52b8959f34154e87d3fa29?s=96&d=mm&r=g\",\"contentUrl\":\"https:\/\/secure.gravatar.com\/avatar\/8d6ccd8d7d52b8959f34154e87d3fa29?s=96&d=mm&r=g\",\"caption\":\"imprensa\"}}]}<\/script>\n<!-- \/ Yoast SEO plugin. -->","yoast_head_json":{"title":"COMUNICADO | ESCALA DE TRABALHO DOS AGENTES DE APOIO SOCIOEDUCATIVO - SITSESP","description":"A Funda\u00e7\u00e3o CASA publicou no dia de hoje o Of\u00edcio n\u00ba 356\/2021, propondo a escala de trabalho 2x2 seca. O SITSESP respondeu atrav\u00e9s do Of\u00edcio Sindical n\u00ba 182\/2021, deixando claro que ser\u00e1 necess\u00e1rio convocar uma assembleia especifica dos Agentes de Apoio Socioeducativo. A entidade sindical prop\u00f5e que de comum acordo seja encaminhado para o setor de media\u00e7\u00e3o coletiva do TRT para que se tenha uma media\u00e7\u00e3o sobre o tema, j\u00e1 que houve a exclus\u00e3o da cl\u00e1usula 33\u00aa do julgamento do diss\u00eddio.","robots":{"index":"index","follow":"follow","max-snippet":"max-snippet:-1","max-image-preview":"max-image-preview:large","max-video-preview":"max-video-preview:-1"},"canonical":"https:\/\/www.sitsesp.org.br\/novo\/comunicado-escala-de-trabalho-dos-agentes-de-apoio-socioeducativo\/","og_locale":"pt_BR","og_type":"article","og_title":"COMUNICADO | ESCALA DE TRABALHO DOS AGENTES DE APOIO SOCIOEDUCATIVO - SITSESP","og_description":"A Funda\u00e7\u00e3o CASA publicou no dia de hoje o Of\u00edcio n\u00ba 356\/2021, propondo a escala de trabalho 2x2 seca. O SITSESP respondeu atrav\u00e9s do Of\u00edcio Sindical n\u00ba 182\/2021, deixando claro que ser\u00e1 necess\u00e1rio convocar uma assembleia especifica dos Agentes de Apoio Socioeducativo. A entidade sindical prop\u00f5e que de comum acordo seja encaminhado para o setor de media\u00e7\u00e3o coletiva do TRT para que se tenha uma media\u00e7\u00e3o sobre o tema, j\u00e1 que houve a exclus\u00e3o da cl\u00e1usula 33\u00aa do julgamento do diss\u00eddio.","og_url":"https:\/\/www.sitsesp.org.br\/novo\/comunicado-escala-de-trabalho-dos-agentes-de-apoio-socioeducativo\/","og_site_name":"SITSESP","article_published_time":"2021-06-23T23:51:41+00:00","article_modified_time":"2021-06-24T00:06:28+00:00","og_image":[{"width":800,"height":800,"url":"https:\/\/www.sitsesp.org.br\/novo\/wp-content\/uploads\/2021\/06\/230607.jpg","type":"image\/jpeg"}],"author":"imprensa","twitter_card":"summary_large_image","twitter_misc":{"Escrito por":"imprensa","Est. tempo de leitura":"1 minuto"},"schema":{"@context":"https:\/\/schema.org","@graph":[{"@type":"Article","@id":"https:\/\/www.sitsesp.org.br\/novo\/comunicado-escala-de-trabalho-dos-agentes-de-apoio-socioeducativo\/#article","isPartOf":{"@id":"https:\/\/www.sitsesp.org.br\/novo\/comunicado-escala-de-trabalho-dos-agentes-de-apoio-socioeducativo\/"},"author":{"name":"imprensa","@id":"https:\/\/www.sitsesp.org.br\/novo\/#\/schema\/person\/28e42eec160f373e81d0183b3643edbf"},"headline":"COMUNICADO | ESCALA DE TRABALHO DOS AGENTES DE APOIO SOCIOEDUCATIVO","datePublished":"2021-06-23T23:51:41+00:00","dateModified":"2021-06-24T00:06:28+00:00","mainEntityOfPage":{"@id":"https:\/\/www.sitsesp.org.br\/novo\/comunicado-escala-de-trabalho-dos-agentes-de-apoio-socioeducativo\/"},"wordCount":156,"commentCount":0,"publisher":{"@id":"https:\/\/www.sitsesp.org.br\/novo\/#organization"},"image":{"@id":"https:\/\/www.sitsesp.org.br\/novo\/comunicado-escala-de-trabalho-dos-agentes-de-apoio-socioeducativo\/#primaryimage"},"thumbnailUrl":"https:\/\/www.sitsesp.org.br\/novo\/wp-content\/uploads\/2021\/06\/230607.jpg","articleSection":["Destaque","Noticias"],"inLanguage":"pt-BR","potentialAction":[{"@type":"CommentAction","name":"Comment","target":["https:\/\/www.sitsesp.org.br\/novo\/comunicado-escala-de-trabalho-dos-agentes-de-apoio-socioeducativo\/#respond"]}]},{"@type":"WebPage","@id":"https:\/\/www.sitsesp.org.br\/novo\/comunicado-escala-de-trabalho-dos-agentes-de-apoio-socioeducativo\/","url":"https:\/\/www.sitsesp.org.br\/novo\/comunicado-escala-de-trabalho-dos-agentes-de-apoio-socioeducativo\/","name":"COMUNICADO | ESCALA DE TRABALHO DOS AGENTES DE APOIO SOCIOEDUCATIVO - SITSESP","isPartOf":{"@id":"https:\/\/www.sitsesp.org.br\/novo\/#website"},"primaryImageOfPage":{"@id":"https:\/\/www.sitsesp.org.br\/novo\/comunicado-escala-de-trabalho-dos-agentes-de-apoio-socioeducativo\/#primaryimage"},"image":{"@id":"https:\/\/www.sitsesp.org.br\/novo\/comunicado-escala-de-trabalho-dos-agentes-de-apoio-socioeducativo\/#primaryimage"},"thumbnailUrl":"https:\/\/www.sitsesp.org.br\/novo\/wp-content\/uploads\/2021\/06\/230607.jpg","datePublished":"2021-06-23T23:51:41+00:00","dateModified":"2021-06-24T00:06:28+00:00","description":"A Funda\u00e7\u00e3o CASA publicou no dia de hoje o Of\u00edcio n\u00ba 356\/2021, propondo a escala de trabalho 2x2 seca. O SITSESP respondeu atrav\u00e9s do Of\u00edcio Sindical n\u00ba 182\/2021, deixando claro que ser\u00e1 necess\u00e1rio convocar uma assembleia especifica dos Agentes de Apoio Socioeducativo. A entidade sindical prop\u00f5e que de comum acordo seja encaminhado para o setor de media\u00e7\u00e3o coletiva do TRT para que se tenha uma media\u00e7\u00e3o sobre o tema, j\u00e1 que houve a exclus\u00e3o da cl\u00e1usula 33\u00aa do julgamento do diss\u00eddio.","breadcrumb":{"@id":"https:\/\/www.sitsesp.org.br\/novo\/comunicado-escala-de-trabalho-dos-agentes-de-apoio-socioeducativo\/#breadcrumb"},"inLanguage":"pt-BR","potentialAction":[{"@type":"ReadAction","target":["https:\/\/www.sitsesp.org.br\/novo\/comunicado-escala-de-trabalho-dos-agentes-de-apoio-socioeducativo\/"]}]},{"@type":"ImageObject","inLanguage":"pt-BR","@id":"https:\/\/www.sitsesp.org.br\/novo\/comunicado-escala-de-trabalho-dos-agentes-de-apoio-socioeducativo\/#primaryimage","url":"https:\/\/www.sitsesp.org.br\/novo\/wp-content\/uploads\/2021\/06\/230607.jpg","contentUrl":"https:\/\/www.sitsesp.org.br\/novo\/wp-content\/uploads\/2021\/06\/230607.jpg","width":800,"height":800},{"@type":"BreadcrumbList","@id":"https:\/\/www.sitsesp.org.br\/novo\/comunicado-escala-de-trabalho-dos-agentes-de-apoio-socioeducativo\/#breadcrumb","itemListElement":[{"@type":"ListItem","position":1,"name":"In\u00edcio","item":"https:\/\/www.sitsesp.org.br\/novo\/"},{"@type":"ListItem","position":2,"name":"COMUNICADO | ESCALA DE TRABALHO DOS AGENTES DE APOIO SOCIOEDUCATIVO"}]},{"@type":"WebSite","@id":"https:\/\/www.sitsesp.org.br\/novo\/#website","url":"https:\/\/www.sitsesp.org.br\/novo\/","name":"Sitsesp","description":"SIndicato da Socioeduca\u00e7\u00e3o do Estado de S\u00e3o Paulo","publisher":{"@id":"https:\/\/www.sitsesp.org.br\/novo\/#organization"},"potentialAction":[{"@type":"SearchAction","target":{"@type":"EntryPoint","urlTemplate":"https:\/\/www.sitsesp.org.br\/novo\/?s={search_term_string}"},"query-input":"required name=search_term_string"}],"inLanguage":"pt-BR"},{"@type":"Organization","@id":"https:\/\/www.sitsesp.org.br\/novo\/#organization","name":"Sitsesp","url":"https:\/\/www.sitsesp.org.br\/novo\/","logo":{"@type":"ImageObject","inLanguage":"pt-BR","@id":"https:\/\/www.sitsesp.org.br\/novo\/#\/schema\/logo\/image\/","url":"https:\/\/www.sitsesp.org.br\/novo\/wp-content\/uploads\/2020\/09\/Design-sem-nome-1.jpg","contentUrl":"https:\/\/www.sitsesp.org.br\/novo\/wp-content\/uploads\/2020\/09\/Design-sem-nome-1.jpg","width":300,"height":300,"caption":"Sitsesp"},"image":{"@id":"https:\/\/www.sitsesp.org.br\/novo\/#\/schema\/logo\/image\/"}},{"@type":"Person","@id":"https:\/\/www.sitsesp.org.br\/novo\/#\/schema\/person\/28e42eec160f373e81d0183b3643edbf","name":"imprensa","image":{"@type":"ImageObject","inLanguage":"pt-BR","@id":"https:\/\/www.sitsesp.org.br\/novo\/#\/schema\/person\/image\/","url":"https:\/\/secure.gravatar.com\/avatar\/8d6ccd8d7d52b8959f34154e87d3fa29?s=96&d=mm&r=g","contentUrl":"https:\/\/secure.gravatar.com\/avatar\/8d6ccd8d7d52b8959f34154e87d3fa29?s=96&d=mm&r=g","caption":"imprensa"}}]}},"_links":{"self":[{"href":"https:\/\/www.sitsesp.org.br\/novo\/wp-json\/wp\/v2\/posts\/6563"}],"collection":[{"href":"https:\/\/www.sitsesp.org.br\/novo\/wp-json\/wp\/v2\/posts"}],"about":[{"href":"https:\/\/www.sitsesp.org.br\/novo\/wp-json\/wp\/v2\/types\/post"}],"author":[{"embeddable":true,"href":"https:\/\/www.sitsesp.org.br\/novo\/wp-json\/wp\/v2\/users\/5"}],"replies":[{"embeddable":true,"href":"https:\/\/www.sitsesp.org.br\/novo\/wp-json\/wp\/v2\/comments?post=6563"}],"version-history":[{"count":3,"href":"https:\/\/www.sitsesp.org.br\/novo\/wp-json\/wp\/v2\/posts\/6563\/revisions"}],"predecessor-version":[{"id":6569,"href":"https:\/\/www.sitsesp.org.br\/novo\/wp-json\/wp\/v2\/posts\/6563\/revisions\/6569"}],"wp:featuredmedia":[{"embeddable":true,"href":"https:\/\/www.sitsesp.org.br\/novo\/wp-json\/wp\/v2\/media\/6566"}],"wp:attachment":[{"href":"https:\/\/www.sitsesp.org.br\/novo\/wp-json\/wp\/v2\/media?parent=6563"}],"wp:term":[{"taxonomy":"category","embeddable":true,"href":"https:\/\/www.sitsesp.org.br\/novo\/wp-json\/wp\/v2\/categories?post=6563"},{"taxonomy":"post_tag","embeddable":true,"href":"https:\/\/www.sitsesp.org.br\/novo\/wp-json\/wp\/v2\/tags?post=6563"}],"curies":[{"name":"wp","href":"https:\/\/api.w.org\/{rel}","templated":true}]}}