{"id":6575,"date":"2021-06-24T12:13:08","date_gmt":"2021-06-24T15:13:08","guid":{"rendered":"https:\/\/sitsesp.org.br\/novo\/?p=6575"},"modified":"2021-06-24T12:13:08","modified_gmt":"2021-06-24T15:13:08","slug":"assembleia-dos-aas-dia-26-de-junho-as-09h","status":"publish","type":"post","link":"https:\/\/www.sitsesp.org.br\/novo\/assembleia-dos-aas-dia-26-de-junho-as-09h\/","title":{"rendered":"ASSEMBLEIA DOS AAS DIA 26 DE JUNHO \u00c0S 09H"},"content":{"rendered":"<p><!-- VideographyWP Plugin Message: Automatic video embedding prevented by plugin options. --><br \/>\n<strong>Assembleia dos AAS<\/strong><br \/>\nPAUTA: ESCALA DE TRABALHO<\/p>\n<p><strong>Quando<\/strong>: 26.06<br \/>\n<strong>Hor\u00e1rio<\/strong>: 09h<\/p>\n<p>Fa\u00e7a sua inscri\u00e7\u00e3o at\u00e9 o 25 de junho \u00e0s 17h.<br \/>\n<strong>Link inscri\u00e7\u00e3o<\/strong>: <a href=\"https:\/\/us02web.zoom.us\/meeting\/register\/tZApf--orzwpGNAtvPmE7mDL82aJufJCPyIs\">https:\/\/us02web.zoom.us\/meeting\/register\/tZApf&#8211;orzwpGNAtvPmE7mDL82aJufJCPyIs<\/a><\/p>\n","protected":false},"excerpt":{"rendered":"<p>Assembleia dos AAS PAUTA: ESCALA DE TRABALHO Quando: 26.06 Hor\u00e1rio: 09h Fa\u00e7a sua inscri\u00e7\u00e3o at\u00e9 o 25 de junho \u00e0s 17h.&hellip;<\/p>\n","protected":false},"author":5,"featured_media":6576,"comment_status":"open","ping_status":"open","sticky":false,"template":"","format":"standard","meta":{"cybocfi_hide_featured_image":"","footnotes":""},"categories":[27,22],"tags":[45,44,40,37,39],"yoast_head":"<!-- This site is optimized with the Yoast SEO plugin v22.8 - https:\/\/yoast.com\/wordpress\/plugins\/seo\/ -->\n<title>ASSEMBLEIA DOS AAS DIA 26 DE JUNHO \u00c0S 09H - SITSESP<\/title>\n<meta name=\"description\" content=\"Assembleia dos AASPAUTA: ESCALA DE TRABALHO Quando: 26.06Hor\u00e1rio: 09h Fa\u00e7a sua inscri\u00e7\u00e3o at\u00e9 o 25 de junho \u00e0s 17h.\" \/>\n<meta name=\"robots\" content=\"index, follow, max-snippet:-1, max-image-preview:large, max-video-preview:-1\" \/>\n<link rel=\"canonical\" href=\"https:\/\/www.sitsesp.org.br\/novo\/assembleia-dos-aas-dia-26-de-junho-as-09h\/\" \/>\n<meta property=\"og:locale\" content=\"pt_BR\" \/>\n<meta property=\"og:type\" content=\"article\" \/>\n<meta property=\"og:title\" content=\"ASSEMBLEIA DOS AAS DIA 26 DE JUNHO \u00c0S 09H - SITSESP\" \/>\n<meta property=\"og:description\" content=\"Assembleia dos AASPAUTA: ESCALA DE TRABALHO Quando: 26.06Hor\u00e1rio: 09h Fa\u00e7a sua inscri\u00e7\u00e3o at\u00e9 o 25 de junho \u00e0s 17h.\" \/>\n<meta property=\"og:url\" content=\"https:\/\/www.sitsesp.org.br\/novo\/assembleia-dos-aas-dia-26-de-junho-as-09h\/\" \/>\n<meta property=\"og:site_name\" content=\"SITSESP\" \/>\n<meta property=\"article:published_time\" content=\"2021-06-24T15:13:08+00:00\" \/>\n<meta property=\"og:image\" content=\"https:\/\/www.sitsesp.org.br\/novo\/wp-content\/uploads\/2021\/06\/assembleia26.png\" \/>\n\t<meta property=\"og:image:width\" content=\"800\" \/>\n\t<meta property=\"og:image:height\" content=\"800\" \/>\n\t<meta property=\"og:image:type\" content=\"image\/png\" \/>\n<meta name=\"author\" content=\"imprensa\" \/>\n<meta name=\"twitter:card\" content=\"summary_large_image\" \/>\n<meta name=\"twitter:label1\" content=\"Escrito por\" \/>\n\t<meta name=\"twitter:data1\" content=\"imprensa\" \/>\n\t<meta name=\"twitter:label2\" content=\"Est. tempo de leitura\" \/>\n\t<meta name=\"twitter:data2\" content=\"1 minuto\" \/>\n<script type=\"application\/ld+json\" class=\"yoast-schema-graph\">{\"@context\":\"https:\/\/schema.org\",\"@graph\":[{\"@type\":\"Article\",\"@id\":\"https:\/\/www.sitsesp.org.br\/novo\/assembleia-dos-aas-dia-26-de-junho-as-09h\/#article\",\"isPartOf\":{\"@id\":\"https:\/\/www.sitsesp.org.br\/novo\/assembleia-dos-aas-dia-26-de-junho-as-09h\/\"},\"author\":{\"name\":\"imprensa\",\"@id\":\"https:\/\/www.sitsesp.org.br\/novo\/#\/schema\/person\/28e42eec160f373e81d0183b3643edbf\"},\"headline\":\"ASSEMBLEIA DOS AAS DIA 26 DE JUNHO \u00c0S 09H\",\"datePublished\":\"2021-06-24T15:13:08+00:00\",\"dateModified\":\"2021-06-24T15:13:08+00:00\",\"mainEntityOfPage\":{\"@id\":\"https:\/\/www.sitsesp.org.br\/novo\/assembleia-dos-aas-dia-26-de-junho-as-09h\/\"},\"wordCount\":43,\"commentCount\":0,\"publisher\":{\"@id\":\"https:\/\/www.sitsesp.org.br\/novo\/#organization\"},\"image\":{\"@id\":\"https:\/\/www.sitsesp.org.br\/novo\/assembleia-dos-aas-dia-26-de-junho-as-09h\/#primaryimage\"},\"thumbnailUrl\":\"https:\/\/www.sitsesp.org.br\/novo\/wp-content\/uploads\/2021\/06\/assembleia26.png\",\"keywords\":[\"2021\",\"campanha salarial\",\"SINDICATO\",\"SITSESP\",\"SOCIOEDUCA\u00c7\u00c3O\"],\"articleSection\":[\"Destaque\",\"Noticias\"],\"inLanguage\":\"pt-BR\",\"potentialAction\":[{\"@type\":\"CommentAction\",\"name\":\"Comment\",\"target\":[\"https:\/\/www.sitsesp.org.br\/novo\/assembleia-dos-aas-dia-26-de-junho-as-09h\/#respond\"]}]},{\"@type\":\"WebPage\",\"@id\":\"https:\/\/www.sitsesp.org.br\/novo\/assembleia-dos-aas-dia-26-de-junho-as-09h\/\",\"url\":\"https:\/\/www.sitsesp.org.br\/novo\/assembleia-dos-aas-dia-26-de-junho-as-09h\/\",\"name\":\"ASSEMBLEIA DOS AAS DIA 26 DE JUNHO \u00c0S 09H - SITSESP\",\"isPartOf\":{\"@id\":\"https:\/\/www.sitsesp.org.br\/novo\/#website\"},\"primaryImageOfPage\":{\"@id\":\"https:\/\/www.sitsesp.org.br\/novo\/assembleia-dos-aas-dia-26-de-junho-as-09h\/#primaryimage\"},\"image\":{\"@id\":\"https:\/\/www.sitsesp.org.br\/novo\/assembleia-dos-aas-dia-26-de-junho-as-09h\/#primaryimage\"},\"thumbnailUrl\":\"https:\/\/www.sitsesp.org.br\/novo\/wp-content\/uploads\/2021\/06\/assembleia26.png\",\"datePublished\":\"2021-06-24T15:13:08+00:00\",\"dateModified\":\"2021-06-24T15:13:08+00:00\",\"description\":\"Assembleia dos AASPAUTA: ESCALA DE TRABALHO Quando: 26.06Hor\u00e1rio: 09h Fa\u00e7a sua inscri\u00e7\u00e3o at\u00e9 o 25 de junho \u00e0s 17h.\",\"breadcrumb\":{\"@id\":\"https:\/\/www.sitsesp.org.br\/novo\/assembleia-dos-aas-dia-26-de-junho-as-09h\/#breadcrumb\"},\"inLanguage\":\"pt-BR\",\"potentialAction\":[{\"@type\":\"ReadAction\",\"target\":[\"https:\/\/www.sitsesp.org.br\/novo\/assembleia-dos-aas-dia-26-de-junho-as-09h\/\"]}]},{\"@type\":\"ImageObject\",\"inLanguage\":\"pt-BR\",\"@id\":\"https:\/\/www.sitsesp.org.br\/novo\/assembleia-dos-aas-dia-26-de-junho-as-09h\/#primaryimage\",\"url\":\"https:\/\/www.sitsesp.org.br\/novo\/wp-content\/uploads\/2021\/06\/assembleia26.png\",\"contentUrl\":\"https:\/\/www.sitsesp.org.br\/novo\/wp-content\/uploads\/2021\/06\/assembleia26.png\",\"width\":800,\"height\":800},{\"@type\":\"BreadcrumbList\",\"@id\":\"https:\/\/www.sitsesp.org.br\/novo\/assembleia-dos-aas-dia-26-de-junho-as-09h\/#breadcrumb\",\"itemListElement\":[{\"@type\":\"ListItem\",\"position\":1,\"name\":\"In\u00edcio\",\"item\":\"https:\/\/www.sitsesp.org.br\/novo\/\"},{\"@type\":\"ListItem\",\"position\":2,\"name\":\"ASSEMBLEIA DOS AAS DIA 26 DE JUNHO \u00c0S 09H\"}]},{\"@type\":\"WebSite\",\"@id\":\"https:\/\/www.sitsesp.org.br\/novo\/#website\",\"url\":\"https:\/\/www.sitsesp.org.br\/novo\/\",\"name\":\"Sitsesp\",\"description\":\"SIndicato da Socioeduca\u00e7\u00e3o do Estado de S\u00e3o Paulo\",\"publisher\":{\"@id\":\"https:\/\/www.sitsesp.org.br\/novo\/#organization\"},\"potentialAction\":[{\"@type\":\"SearchAction\",\"target\":{\"@type\":\"EntryPoint\",\"urlTemplate\":\"https:\/\/www.sitsesp.org.br\/novo\/?s={search_term_string}\"},\"query-input\":\"required name=search_term_string\"}],\"inLanguage\":\"pt-BR\"},{\"@type\":\"Organization\",\"@id\":\"https:\/\/www.sitsesp.org.br\/novo\/#organization\",\"name\":\"Sitsesp\",\"url\":\"https:\/\/www.sitsesp.org.br\/novo\/\",\"logo\":{\"@type\":\"ImageObject\",\"inLanguage\":\"pt-BR\",\"@id\":\"https:\/\/www.sitsesp.org.br\/novo\/#\/schema\/logo\/image\/\",\"url\":\"https:\/\/www.sitsesp.org.br\/novo\/wp-content\/uploads\/2020\/09\/Design-sem-nome-1.jpg\",\"contentUrl\":\"https:\/\/www.sitsesp.org.br\/novo\/wp-content\/uploads\/2020\/09\/Design-sem-nome-1.jpg\",\"width\":300,\"height\":300,\"caption\":\"Sitsesp\"},\"image\":{\"@id\":\"https:\/\/www.sitsesp.org.br\/novo\/#\/schema\/logo\/image\/\"}},{\"@type\":\"Person\",\"@id\":\"https:\/\/www.sitsesp.org.br\/novo\/#\/schema\/person\/28e42eec160f373e81d0183b3643edbf\",\"name\":\"imprensa\",\"image\":{\"@type\":\"ImageObject\",\"inLanguage\":\"pt-BR\",\"@id\":\"https:\/\/www.sitsesp.org.br\/novo\/#\/schema\/person\/image\/\",\"url\":\"https:\/\/secure.gravatar.com\/avatar\/8d6ccd8d7d52b8959f34154e87d3fa29?s=96&d=mm&r=g\",\"contentUrl\":\"https:\/\/secure.gravatar.com\/avatar\/8d6ccd8d7d52b8959f34154e87d3fa29?s=96&d=mm&r=g\",\"caption\":\"imprensa\"}}]}<\/script>\n<!-- \/ Yoast SEO plugin. -->","yoast_head_json":{"title":"ASSEMBLEIA DOS AAS DIA 26 DE JUNHO \u00c0S 09H - SITSESP","description":"Assembleia dos AASPAUTA: ESCALA DE TRABALHO Quando: 26.06Hor\u00e1rio: 09h Fa\u00e7a sua inscri\u00e7\u00e3o at\u00e9 o 25 de junho \u00e0s 17h.","robots":{"index":"index","follow":"follow","max-snippet":"max-snippet:-1","max-image-preview":"max-image-preview:large","max-video-preview":"max-video-preview:-1"},"canonical":"https:\/\/www.sitsesp.org.br\/novo\/assembleia-dos-aas-dia-26-de-junho-as-09h\/","og_locale":"pt_BR","og_type":"article","og_title":"ASSEMBLEIA DOS AAS DIA 26 DE JUNHO \u00c0S 09H - SITSESP","og_description":"Assembleia dos AASPAUTA: ESCALA DE TRABALHO Quando: 26.06Hor\u00e1rio: 09h Fa\u00e7a sua inscri\u00e7\u00e3o at\u00e9 o 25 de junho \u00e0s 17h.","og_url":"https:\/\/www.sitsesp.org.br\/novo\/assembleia-dos-aas-dia-26-de-junho-as-09h\/","og_site_name":"SITSESP","article_published_time":"2021-06-24T15:13:08+00:00","og_image":[{"width":800,"height":800,"url":"https:\/\/www.sitsesp.org.br\/novo\/wp-content\/uploads\/2021\/06\/assembleia26.png","type":"image\/png"}],"author":"imprensa","twitter_card":"summary_large_image","twitter_misc":{"Escrito por":"imprensa","Est. tempo de leitura":"1 minuto"},"schema":{"@context":"https:\/\/schema.org","@graph":[{"@type":"Article","@id":"https:\/\/www.sitsesp.org.br\/novo\/assembleia-dos-aas-dia-26-de-junho-as-09h\/#article","isPartOf":{"@id":"https:\/\/www.sitsesp.org.br\/novo\/assembleia-dos-aas-dia-26-de-junho-as-09h\/"},"author":{"name":"imprensa","@id":"https:\/\/www.sitsesp.org.br\/novo\/#\/schema\/person\/28e42eec160f373e81d0183b3643edbf"},"headline":"ASSEMBLEIA DOS AAS DIA 26 DE JUNHO \u00c0S 09H","datePublished":"2021-06-24T15:13:08+00:00","dateModified":"2021-06-24T15:13:08+00:00","mainEntityOfPage":{"@id":"https:\/\/www.sitsesp.org.br\/novo\/assembleia-dos-aas-dia-26-de-junho-as-09h\/"},"wordCount":43,"commentCount":0,"publisher":{"@id":"https:\/\/www.sitsesp.org.br\/novo\/#organization"},"image":{"@id":"https:\/\/www.sitsesp.org.br\/novo\/assembleia-dos-aas-dia-26-de-junho-as-09h\/#primaryimage"},"thumbnailUrl":"https:\/\/www.sitsesp.org.br\/novo\/wp-content\/uploads\/2021\/06\/assembleia26.png","keywords":["2021","campanha salarial","SINDICATO","SITSESP","SOCIOEDUCA\u00c7\u00c3O"],"articleSection":["Destaque","Noticias"],"inLanguage":"pt-BR","potentialAction":[{"@type":"CommentAction","name":"Comment","target":["https:\/\/www.sitsesp.org.br\/novo\/assembleia-dos-aas-dia-26-de-junho-as-09h\/#respond"]}]},{"@type":"WebPage","@id":"https:\/\/www.sitsesp.org.br\/novo\/assembleia-dos-aas-dia-26-de-junho-as-09h\/","url":"https:\/\/www.sitsesp.org.br\/novo\/assembleia-dos-aas-dia-26-de-junho-as-09h\/","name":"ASSEMBLEIA DOS AAS DIA 26 DE JUNHO \u00c0S 09H - SITSESP","isPartOf":{"@id":"https:\/\/www.sitsesp.org.br\/novo\/#website"},"primaryImageOfPage":{"@id":"https:\/\/www.sitsesp.org.br\/novo\/assembleia-dos-aas-dia-26-de-junho-as-09h\/#primaryimage"},"image":{"@id":"https:\/\/www.sitsesp.org.br\/novo\/assembleia-dos-aas-dia-26-de-junho-as-09h\/#primaryimage"},"thumbnailUrl":"https:\/\/www.sitsesp.org.br\/novo\/wp-content\/uploads\/2021\/06\/assembleia26.png","datePublished":"2021-06-24T15:13:08+00:00","dateModified":"2021-06-24T15:13:08+00:00","description":"Assembleia dos AASPAUTA: ESCALA DE TRABALHO Quando: 26.06Hor\u00e1rio: 09h Fa\u00e7a sua inscri\u00e7\u00e3o at\u00e9 o 25 de junho \u00e0s 17h.","breadcrumb":{"@id":"https:\/\/www.sitsesp.org.br\/novo\/assembleia-dos-aas-dia-26-de-junho-as-09h\/#breadcrumb"},"inLanguage":"pt-BR","potentialAction":[{"@type":"ReadAction","target":["https:\/\/www.sitsesp.org.br\/novo\/assembleia-dos-aas-dia-26-de-junho-as-09h\/"]}]},{"@type":"ImageObject","inLanguage":"pt-BR","@id":"https:\/\/www.sitsesp.org.br\/novo\/assembleia-dos-aas-dia-26-de-junho-as-09h\/#primaryimage","url":"https:\/\/www.sitsesp.org.br\/novo\/wp-content\/uploads\/2021\/06\/assembleia26.png","contentUrl":"https:\/\/www.sitsesp.org.br\/novo\/wp-content\/uploads\/2021\/06\/assembleia26.png","width":800,"height":800},{"@type":"BreadcrumbList","@id":"https:\/\/www.sitsesp.org.br\/novo\/assembleia-dos-aas-dia-26-de-junho-as-09h\/#breadcrumb","itemListElement":[{"@type":"ListItem","position":1,"name":"In\u00edcio","item":"https:\/\/www.sitsesp.org.br\/novo\/"},{"@type":"ListItem","position":2,"name":"ASSEMBLEIA DOS AAS DIA 26 DE JUNHO \u00c0S 09H"}]},{"@type":"WebSite","@id":"https:\/\/www.sitsesp.org.br\/novo\/#website","url":"https:\/\/www.sitsesp.org.br\/novo\/","name":"Sitsesp","description":"SIndicato da Socioeduca\u00e7\u00e3o do Estado de S\u00e3o Paulo","publisher":{"@id":"https:\/\/www.sitsesp.org.br\/novo\/#organization"},"potentialAction":[{"@type":"SearchAction","target":{"@type":"EntryPoint","urlTemplate":"https:\/\/www.sitsesp.org.br\/novo\/?s={search_term_string}"},"query-input":"required name=search_term_string"}],"inLanguage":"pt-BR"},{"@type":"Organization","@id":"https:\/\/www.sitsesp.org.br\/novo\/#organization","name":"Sitsesp","url":"https:\/\/www.sitsesp.org.br\/novo\/","logo":{"@type":"ImageObject","inLanguage":"pt-BR","@id":"https:\/\/www.sitsesp.org.br\/novo\/#\/schema\/logo\/image\/","url":"https:\/\/www.sitsesp.org.br\/novo\/wp-content\/uploads\/2020\/09\/Design-sem-nome-1.jpg","contentUrl":"https:\/\/www.sitsesp.org.br\/novo\/wp-content\/uploads\/2020\/09\/Design-sem-nome-1.jpg","width":300,"height":300,"caption":"Sitsesp"},"image":{"@id":"https:\/\/www.sitsesp.org.br\/novo\/#\/schema\/logo\/image\/"}},{"@type":"Person","@id":"https:\/\/www.sitsesp.org.br\/novo\/#\/schema\/person\/28e42eec160f373e81d0183b3643edbf","name":"imprensa","image":{"@type":"ImageObject","inLanguage":"pt-BR","@id":"https:\/\/www.sitsesp.org.br\/novo\/#\/schema\/person\/image\/","url":"https:\/\/secure.gravatar.com\/avatar\/8d6ccd8d7d52b8959f34154e87d3fa29?s=96&d=mm&r=g","contentUrl":"https:\/\/secure.gravatar.com\/avatar\/8d6ccd8d7d52b8959f34154e87d3fa29?s=96&d=mm&r=g","caption":"imprensa"}}]}},"_links":{"self":[{"href":"https:\/\/www.sitsesp.org.br\/novo\/wp-json\/wp\/v2\/posts\/6575"}],"collection":[{"href":"https:\/\/www.sitsesp.org.br\/novo\/wp-json\/wp\/v2\/posts"}],"about":[{"href":"https:\/\/www.sitsesp.org.br\/novo\/wp-json\/wp\/v2\/types\/post"}],"author":[{"embeddable":true,"href":"https:\/\/www.sitsesp.org.br\/novo\/wp-json\/wp\/v2\/users\/5"}],"replies":[{"embeddable":true,"href":"https:\/\/www.sitsesp.org.br\/novo\/wp-json\/wp\/v2\/comments?post=6575"}],"version-history":[{"count":1,"href":"https:\/\/www.sitsesp.org.br\/novo\/wp-json\/wp\/v2\/posts\/6575\/revisions"}],"predecessor-version":[{"id":6577,"href":"https:\/\/www.sitsesp.org.br\/novo\/wp-json\/wp\/v2\/posts\/6575\/revisions\/6577"}],"wp:featuredmedia":[{"embeddable":true,"href":"https:\/\/www.sitsesp.org.br\/novo\/wp-json\/wp\/v2\/media\/6576"}],"wp:attachment":[{"href":"https:\/\/www.sitsesp.org.br\/novo\/wp-json\/wp\/v2\/media?parent=6575"}],"wp:term":[{"taxonomy":"category","embeddable":true,"href":"https:\/\/www.sitsesp.org.br\/novo\/wp-json\/wp\/v2\/categories?post=6575"},{"taxonomy":"post_tag","embeddable":true,"href":"https:\/\/www.sitsesp.org.br\/novo\/wp-json\/wp\/v2\/tags?post=6575"}],"curies":[{"name":"wp","href":"https:\/\/api.w.org\/{rel}","templated":true}]}}